{"id":1212,"date":"2023-08-04T19:34:49","date_gmt":"2023-08-04T19:34:49","guid":{"rendered":"https:\/\/patriaparatodos.com.ve\/?p=1212"},"modified":"2023-08-06T02:44:42","modified_gmt":"2023-08-06T02:44:42","slug":"juan-carlos-valdez-prosperidad-nacional-solo-es-posible-mediante-paz-y-concordia","status":"publish","type":"post","link":"https:\/\/patriaparatodos.com.ve\/?p=1212","title":{"rendered":"Juan Carlos Valdez: Prosperidad nacional s\u00f3lo es posible mediante Paz y Concordia."},"content":{"rendered":"<p><strong>Ofreci\u00f3 un profundo an\u00e1lisis multifactorial y complejo sobre la econom\u00eda venezolana. Destac\u00f3 importancia de D\u00eda Internacional contra la Trata de Personas. Reconoci\u00f3 la dignidad de Gustavo Petro al favorecer que la justicia colombiana cumpla todas las investigaciones necesarias. Oposici\u00f3n insiste en la bajeza de promover la violencia.<\/strong><\/p>\n<p>(Prensa PPT-Caracas, 31 de julio de 2023) En su condici\u00f3n de integrante del Secretariado Pol\u00edtico Nacional de Patria Para Todos, Juan Carlos Valdez se dirigi\u00f3 a los medios de comunicaci\u00f3n con ocasi\u00f3n de la rueda de prensa semanal del partido. El tambi\u00e9n Secretario de Organizaci\u00f3n en el estado Miranda, comenz\u00f3 su alocuci\u00f3n recordando el D\u00eda Internacional contra la Trata de Personas, \u201cun delito que afecta a much\u00edsimos pa\u00edses y ahora Venezuela se est\u00e1 viendo actualmente afectado porque en una oportunidad nosotros fuimos solamente tr\u00e1nsito de quienes cometen ese delito, pero en la actualidad a causa de la migraci\u00f3n muchos venezolanos son v\u00edctimas, una migraci\u00f3n estimulada por el bloqueo y el asedio que ha sufrido la sociedad venezolana.\u201d<\/p>\n<p><strong>Gustavo Petro ejemplo de Dignidad.-<\/strong> En materia internacional, destac\u00f3 la postura del presidente colombiano sobre la detenci\u00f3n de su hijo, \u201cuna postura sin lugar a dudas digna, \u00a0muy \u00e9tica, propia de un estadista que no va a interferir en que la justicia haga su trabajo y se determine la posible responsabilidad de su hijo; sin embargo es v\u00e1lido hacer aqu\u00ed una reflexi\u00f3n, que si bien estamos absolutamente de acuerdo con la conducta del Presidente\u00a0 Petro, quien con profundo respeto por las instituciones favorece que ejerzan su autoridad, no es menos cierto que puede convertirse y seguramente se va a convertir en un elemento para el ataque contra su gobierno. Esperemos que no sea as\u00ed, pero dif\u00edcilmente creemos que la oposici\u00f3n colombiana no va a tomar ese ese elemento para atacar. Ser\u00eda una bajeza, pero muchas oposiciones parecieran tener una conducta.\u201d<\/p>\n<p><strong>Las bajezas de la oposici\u00f3n venezolana.-<\/strong> Con relaci\u00f3n a las primarias de la oposici\u00f3n venezolana, \u201cdesde nuestra perspectiva, no son otra cosa que un escenario teatral que en realidad persigue reavivar la violencia en Venezuela: f\u00edjense que se va a convertir insoslayablemente en una frustraci\u00f3n para quienes de buena fe crean que ese m\u00e9todo puede servir para unificar la fuerza de la oposici\u00f3n ante una elecci\u00f3n presidencial, pero vemos en la posici\u00f3n que quienes se ven favorecidos por los estudios de opini\u00f3n, son quienes han llamado a la violencia y al desconocimiento de las normas, el ordenamiento jur\u00eddico venezolano. Los venezolanos estamos cansados de eso, entendemos que la violencia jam\u00e1s da buenos resultados. Nunca da buenos resultados.\u201d<\/p>\n<p>Venezuela debe recordar que cuando le dieron el Golpe de Estado a Ch\u00e1vez en 2002, luego de su entrada triunfante en menos de 48 horas a Miraflores, lejos de utilizar la venganza ese ese momento que la efervescencia lo favorec\u00eda, ante aquellos medios de comunicaci\u00f3n que se ufanaron de haber tenido rol protag\u00f3nico en su ca\u00edda, Ch\u00e1vez con una cruz en la mano llam\u00f3 a la paz. \u201cAh\u00ed nos ense\u00f1\u00f3 Ch\u00e1vez que eran insoslayablemente un pacifista y debemos\u00a0 entender los venezolanos que s\u00f3lo la Paz es el mejor ambiente para el progreso de cualquier pa\u00eds, especialmente cuando estamos siendo asediados, atacados permanentemente desde afuera y desde adentro tambi\u00e9n,\u00a0 entonces queremos dejar claro que esas primarias no son otra cosa que un teatro para que algunas personas utilicen eso como plataforma de desconocimiento de las leyes nacionales\u201d, enfatiz\u00f3 Valdez.<\/p>\n<p><strong>Monitoreo de para proteger el bolsillo del venezolano.-<\/strong> En materia econ\u00f3mico inform\u00f3 que el Ministerio del Comercio a trav\u00e9s de la \u00a0Superintendencia Nacional para la Defensa de los Derechos Socioecon\u00f3micos (SUNDDE), puso a la disposici\u00f3n del pueblo dos aplicaciones para celulares, para que en ejercicio de la corresponsabilidad, se informe a esta instancia sobre los precios de los bienes y servicios, mecanismo que seguramente servir\u00e1 para llevar un registro de c\u00f3mo se mueven los precios y de la posibilidad que los distintos rubros donde pudiera haber un elemento especulativo, puedan aplicarse las correcciones.<\/p>\n<p>Al respecto de la especulaci\u00f3n, el experto en econom\u00eda, explic\u00f3 que \u201cbuena parte de la variaci\u00f3n de los precios en Venezuela son especulativas, por ejemplo, al dinero se le atribuye la facultad (que no tiene) de subir los precios. Cuando usted revisa el mecanismo de c\u00f3mo suben los precios, c\u00f3mo funciona la inflaci\u00f3n, detr\u00e1s est\u00e1 la especulaci\u00f3n. No es el dinero en s\u00ed el que produce inflaci\u00f3n, aunque dicen que cuando hay mucho dinero en la en la sociedad, cuando hay una emisi\u00f3n importante de dinero, la gente por tener m\u00e1s, gasta m\u00e1s; eso supone una elevaci\u00f3n de la demanda que supera la oferta, \u00a1y nos dicen que los precios se elevan porque son m\u00e1gicos, es como si tuvieran vida propia! Que cuando la demanda supera la oferta se produce escasez, y como ante la escasez el consumidor est\u00e1 dispuesto a pagar m\u00e1s para no quedarse sin el producto,\u00a0 podr\u00edamos quedarnos sin satisfacerla la necesidad de ese momento. \u00a1Y como los que venden lo saben, suben los precios!\u201d<\/p>\n<p><strong>Especulaci\u00f3n es avaricia.-<\/strong> Cuando la demanda supera la oferta, el vendedor est\u00e1 materializando su sue\u00f1o de vender toda su mercanc\u00eda en el menor tiempo posible, \u00a1no est\u00e1 perdiendo nada! \u201cDe manera que nosotros creemos que en el caso venezolano la especulaci\u00f3n es una manifestaci\u00f3n de la avaricia, del af\u00e1n de lucro desmesurado, siendo \u00e9ste el elemento determinante de la subida de los precios y hay algo que no podemos pasar por alto, y es que lo que m\u00e1s influye en la en los precios es la variaci\u00f3n del tipo de\u00a0 cambio, la variaci\u00f3n del d\u00f3lar, del precio del d\u00f3lar: eso influye sustancialmente en los precios de todo en Venezuela porque somos un pa\u00eds b\u00e1sicamente importador y al modificar el d\u00f3lar, que sigue siendo la moneda que se utiliza en casi un 70% en el mercado internacional, el precio del d\u00f3lar influye en los precios de todo lo que consumimos y eso es peligros\u00edsimo.\u201d<\/p>\n<p>Hay unas predicciones actualmente que si el precio del d\u00f3lar contin\u00faa el ritmo en la curva que desde enero ha mantenido, \u00a0en la actualidad en una curva ascendente, s\u00f3lo que a menor velocidad que es \u00e9pocas; pero si se mantiene en la misma proporci\u00f3n y velocidad, vamos a llegar a diciembre con un d\u00f3lar que superar\u00eda los 60 bol\u00edvares: eso es grave para para la econom\u00eda venezolana y es grave porque afecta toda la estructura de costos, sobre todo los peque\u00f1os y medianos comerciantes, y eso agravar\u00eda insondablemente el clima pol\u00edtico social. Nosotros queremos y estamos convencidos que de la variaci\u00f3n del tipo de cambio que no tiene la culpa el Banco Central de Venezuela, \u201cque solamente toma una foto de lo que se transa en el mercado, pero la referencia del mercado que siguen siendo las p\u00e1ginas del paralelo, y quienes est\u00e1n detr\u00e1s de la p\u00e1gina del paralelo saben que esos valores no guardan ninguna relaci\u00f3n con la oferta y la demanda. Son valores arbitrarios y con tendencias al desestabilizar a la sociedad venezolana, no al gobierno, sino a toda la sociedad.\u201d<\/p>\n<p>Lo que ha venido ocurriendo, como lo han confesado voceros autorizados del Departamento de Estado y varios Presidentes de los Estados Unidos, es que estamos asediados. La variaci\u00f3n del precio del d\u00f3lar es precisamente uno de los ataques m\u00e1s viejos, constantes y feroces. Y lamentablemente hay que dise\u00f1ar pol\u00edticas que al menos puedan neutralizar el efecto de ese ataque. Nosotros asomamos la posibilidad de la indexaci\u00f3n de la econom\u00eda, y consideramos que se debe valorar, por lo menos estudiar esa posibilidad.<\/p>\n<p><strong>Fedec\u00e1maras debe derogar las sanciones contra el pueblo.-<\/strong> Otra de las cosas que nosotros consideramos, no s\u00e9 si novedosa, pero s\u00ed significativa y sobre todo para este momento: el nuevo presidente de Fedec\u00e1maras\u00a0 pidi\u00f3 p\u00fablicamente al gobierno de Estados Unidos que les quite lo que ellos llaman sanciones, que son las Medidas Coercitivas Unilaterales, \u201clo que en lo particular yo llamo agresiones contra todo el pueblo venezolano, con las que ellos tambi\u00e9n se ven afectados. Al afectar el poder adquisitivo, los venezolanos los venezolanos perdemos la posibilidad de adquirir m\u00e1s bienes y tanto productores como comerciantes pierden el mercado, pierden ventas. O sea la producci\u00f3n se ve afectada en Venezuela.\u201d<\/p>\n<p>La demanda del mercado interno venezolano tiene una importante ca\u00edda, y casi todos los voceros de los gerentes de Venezuela tienen al menos cuarto a\u00f1os alertando que ellos tambi\u00e9n se ven afectados y eso afecta al pa\u00eds en general. En este sentido, \u201cle tomamos la palabra al nuevo Presidente de Fedec\u00e1maras, vemos con benepl\u00e1cito su declaraci\u00f3n y queremos reunirnos para de alguna manera apoyar esa propuesta, esa inquietud que tambi\u00e9n es nuestra. Necesitamos que quiten esas medidas en contra de todos los venezolanos, de manera que si nos unimos todo el efecto ser\u00e1 incuestionablemente mucho m\u00e1s poderoso. \u00a1Porque si no hay Patria Para Todos no habr\u00e1 Patria para nadie!<\/p>\n","protected":false},"excerpt":{"rendered":"<p>Ofreci\u00f3 un profundo an\u00e1lisis multifactorial y complejo sobre la econom\u00eda venezolana. Destac\u00f3 importancia de D\u00eda Internacional contra la Trata de Personas. Reconoci\u00f3 la dignidad de Gustavo Petro al favorecer que la justicia colombiana cumpla todas las investigaciones necesarias. Oposici\u00f3n insiste en la bajeza de promover la violencia. (Prensa PPT-Caracas, 31 de julio de 2023) En [&hellip;]<\/p>\n","protected":false},"author":2,"featured_media":1213,"comment_status":"closed","ping_status":"open","sticky":false,"template":"","format":"standard","meta":{"footnotes":""},"categories":[7],"tags":[],"class_list":["post-1212","post","type-post","status-publish","format-standard","has-post-thumbnail","hentry","category-notas-de-prensa"],"yoast_head":"<!-- This site is optimized with the Yoast SEO plugin v23.3 - https:\/\/yoast.com\/wordpress\/plugins\/seo\/ -->\n<title>Juan Carlos Valdez: Prosperidad nacional s\u00f3lo es posible mediante Paz y Concordia. - La Mecha Azul<\/title>\n<meta name=\"description\" content=\"Venezuela debe recordar que cuando le dieron el Golpe de Estado a Ch\u00e1vez en 2002, luego de su entrada triunfante en menos de 48 horas a Miraflores, lejos de utilizar la venganza ese ese momento que la efervescencia lo favorec\u00eda, ante aquellos medios de comunicaci\u00f3n que se ufanaron de haber tenido rol protag\u00f3nico en su ca\u00edda, Ch\u00e1vez con una cruz en la mano llam\u00f3 a la paz.\" \/>\n<meta name=\"robots\" content=\"index, follow, max-snippet:-1, max-image-preview:large, max-video-preview:-1\" \/>\n<link rel=\"canonical\" href=\"https:\/\/patriaparatodos.com.ve\/?p=1212\" \/>\n<meta property=\"og:locale\" content=\"es_ES\" \/>\n<meta property=\"og:type\" content=\"article\" \/>\n<meta property=\"og:title\" content=\"Juan Carlos Valdez: Prosperidad nacional s\u00f3lo es posible mediante Paz y Concordia. - La Mecha Azul\" \/>\n<meta property=\"og:description\" content=\"Venezuela debe recordar que cuando le dieron el Golpe de Estado a Ch\u00e1vez en 2002, luego de su entrada triunfante en menos de 48 horas a Miraflores, lejos de utilizar la venganza ese ese momento que la efervescencia lo favorec\u00eda, ante aquellos medios de comunicaci\u00f3n que se ufanaron de haber tenido rol protag\u00f3nico en su ca\u00edda, Ch\u00e1vez con una cruz en la mano llam\u00f3 a la paz.\" \/>\n<meta property=\"og:url\" content=\"https:\/\/patriaparatodos.com.ve\/?p=1212\" \/>\n<meta property=\"og:site_name\" content=\"La Mecha Azul\" \/>\n<meta property=\"article:published_time\" content=\"2023-08-04T19:34:49+00:00\" \/>\n<meta property=\"article:modified_time\" content=\"2023-08-06T02:44:42+00:00\" \/>\n<meta property=\"og:image\" content=\"https:\/\/patriaparatodos.com.ve\/wp-content\/uploads\/2023\/08\/IMG-20230801-WA0002.jpg\" \/>\n\t<meta property=\"og:image:width\" content=\"1020\" \/>\n\t<meta property=\"og:image:height\" content=\"768\" \/>\n\t<meta property=\"og:image:type\" content=\"image\/jpeg\" \/>\n<meta name=\"author\" content=\"Yorvin Ariza\" \/>\n<meta name=\"twitter:card\" content=\"summary_large_image\" \/>\n<meta name=\"twitter:label1\" content=\"Escrito por\" \/>\n\t<meta name=\"twitter:data1\" content=\"Yorvin Ariza\" \/>\n\t<meta name=\"twitter:label2\" content=\"Tiempo de lectura\" \/>\n\t<meta name=\"twitter:data2\" content=\"7 minutos\" \/>\n<script type=\"application\/ld+json\" class=\"yoast-schema-graph\">{\"@context\":\"https:\/\/schema.org\",\"@graph\":[{\"@type\":\"Article\",\"@id\":\"https:\/\/patriaparatodos.com.ve\/?p=1212#article\",\"isPartOf\":{\"@id\":\"https:\/\/patriaparatodos.com.ve\/?p=1212\"},\"author\":{\"name\":\"Yorvin Ariza\",\"@id\":\"https:\/\/patriaparatodos.com.ve\/#\/schema\/person\/4459ef0633543696ac882f8aa86c4993\"},\"headline\":\"Juan Carlos Valdez: Prosperidad nacional s\u00f3lo es posible mediante Paz y Concordia.\",\"datePublished\":\"2023-08-04T19:34:49+00:00\",\"dateModified\":\"2023-08-06T02:44:42+00:00\",\"mainEntityOfPage\":{\"@id\":\"https:\/\/patriaparatodos.com.ve\/?p=1212\"},\"wordCount\":1590,\"publisher\":{\"@id\":\"https:\/\/patriaparatodos.com.ve\/#organization\"},\"image\":{\"@id\":\"https:\/\/patriaparatodos.com.ve\/?p=1212#primaryimage\"},\"thumbnailUrl\":\"https:\/\/patriaparatodos.com.ve\/wp-content\/uploads\/2023\/08\/IMG-20230801-WA0002.jpg\",\"articleSection\":[\"Notas de Prensa\"],\"inLanguage\":\"es\"},{\"@type\":\"WebPage\",\"@id\":\"https:\/\/patriaparatodos.com.ve\/?p=1212\",\"url\":\"https:\/\/patriaparatodos.com.ve\/?p=1212\",\"name\":\"Juan Carlos Valdez: Prosperidad nacional s\u00f3lo es posible mediante Paz y Concordia. - La Mecha Azul\",\"isPartOf\":{\"@id\":\"https:\/\/patriaparatodos.com.ve\/#website\"},\"primaryImageOfPage\":{\"@id\":\"https:\/\/patriaparatodos.com.ve\/?p=1212#primaryimage\"},\"image\":{\"@id\":\"https:\/\/patriaparatodos.com.ve\/?p=1212#primaryimage\"},\"thumbnailUrl\":\"https:\/\/patriaparatodos.com.ve\/wp-content\/uploads\/2023\/08\/IMG-20230801-WA0002.jpg\",\"datePublished\":\"2023-08-04T19:34:49+00:00\",\"dateModified\":\"2023-08-06T02:44:42+00:00\",\"description\":\"Venezuela debe recordar que cuando le dieron el Golpe de Estado a Ch\u00e1vez en 2002, luego de su entrada triunfante en menos de 48 horas a Miraflores, lejos de utilizar la venganza ese ese momento que la efervescencia lo favorec\u00eda, ante aquellos medios de comunicaci\u00f3n que se ufanaron de haber tenido rol protag\u00f3nico en su ca\u00edda, Ch\u00e1vez con una cruz en la mano llam\u00f3 a la paz.\",\"breadcrumb\":{\"@id\":\"https:\/\/patriaparatodos.com.ve\/?p=1212#breadcrumb\"},\"inLanguage\":\"es\",\"potentialAction\":[{\"@type\":\"ReadAction\",\"target\":[\"https:\/\/patriaparatodos.com.ve\/?p=1212\"]}]},{\"@type\":\"ImageObject\",\"inLanguage\":\"es\",\"@id\":\"https:\/\/patriaparatodos.com.ve\/?p=1212#primaryimage\",\"url\":\"https:\/\/patriaparatodos.com.ve\/wp-content\/uploads\/2023\/08\/IMG-20230801-WA0002.jpg\",\"contentUrl\":\"https:\/\/patriaparatodos.com.ve\/wp-content\/uploads\/2023\/08\/IMG-20230801-WA0002.jpg\",\"width\":1020,\"height\":768},{\"@type\":\"BreadcrumbList\",\"@id\":\"https:\/\/patriaparatodos.com.ve\/?p=1212#breadcrumb\",\"itemListElement\":[{\"@type\":\"ListItem\",\"position\":1,\"name\":\"Portada\",\"item\":\"https:\/\/patriaparatodos.com.ve\/\"},{\"@type\":\"ListItem\",\"position\":2,\"name\":\"Juan Carlos Valdez: Prosperidad nacional s\u00f3lo es posible mediante Paz y Concordia.\"}]},{\"@type\":\"WebSite\",\"@id\":\"https:\/\/patriaparatodos.com.ve\/#website\",\"url\":\"https:\/\/patriaparatodos.com.ve\/\",\"name\":\"La Mecha Azul\",\"description\":\"Por la \u00c9tica, Valor de la Palabra\",\"publisher\":{\"@id\":\"https:\/\/patriaparatodos.com.ve\/#organization\"},\"potentialAction\":[{\"@type\":\"SearchAction\",\"target\":{\"@type\":\"EntryPoint\",\"urlTemplate\":\"https:\/\/patriaparatodos.com.ve\/?s={search_term_string}\"},\"query-input\":\"required name=search_term_string\"}],\"inLanguage\":\"es\"},{\"@type\":\"Organization\",\"@id\":\"https:\/\/patriaparatodos.com.ve\/#organization\",\"name\":\"La Mecha Azul\",\"url\":\"https:\/\/patriaparatodos.com.ve\/\",\"logo\":{\"@type\":\"ImageObject\",\"inLanguage\":\"es\",\"@id\":\"https:\/\/patriaparatodos.com.ve\/#\/schema\/logo\/image\/\",\"url\":\"https:\/\/patriaparatodos.com.ve\/wp-content\/uploads\/2023\/02\/cropped-logo-La-mecha-Azul-n.png\",\"contentUrl\":\"https:\/\/patriaparatodos.com.ve\/wp-content\/uploads\/2023\/02\/cropped-logo-La-mecha-Azul-n.png\",\"width\":5884,\"height\":3318,\"caption\":\"La Mecha Azul\"},\"image\":{\"@id\":\"https:\/\/patriaparatodos.com.ve\/#\/schema\/logo\/image\/\"}},{\"@type\":\"Person\",\"@id\":\"https:\/\/patriaparatodos.com.ve\/#\/schema\/person\/4459ef0633543696ac882f8aa86c4993\",\"name\":\"Yorvin Ariza\",\"image\":{\"@type\":\"ImageObject\",\"inLanguage\":\"es\",\"@id\":\"https:\/\/patriaparatodos.com.ve\/#\/schema\/person\/image\/\",\"url\":\"https:\/\/secure.gravatar.com\/avatar\/8d6e3972af4ad0899b4541dee950398d9ebb48588b9db3dff184db257460b6cf?s=96&d=mm&r=g\",\"contentUrl\":\"https:\/\/secure.gravatar.com\/avatar\/8d6e3972af4ad0899b4541dee950398d9ebb48588b9db3dff184db257460b6cf?s=96&d=mm&r=g\",\"caption\":\"Yorvin Ariza\"},\"url\":\"https:\/\/patriaparatodos.com.ve\/?author=2\"}]}<\/script>\n<!-- \/ Yoast SEO plugin. -->","yoast_head_json":{"title":"Juan Carlos Valdez: Prosperidad nacional s\u00f3lo es posible mediante Paz y Concordia. - La Mecha Azul","description":"Venezuela debe recordar que cuando le dieron el Golpe de Estado a Ch\u00e1vez en 2002, luego de su entrada triunfante en menos de 48 horas a Miraflores, lejos de utilizar la venganza ese ese momento que la efervescencia lo favorec\u00eda, ante aquellos medios de comunicaci\u00f3n que se ufanaron de haber tenido rol protag\u00f3nico en su ca\u00edda, Ch\u00e1vez con una cruz en la mano llam\u00f3 a la paz.","robots":{"index":"index","follow":"follow","max-snippet":"max-snippet:-1","max-image-preview":"max-image-preview:large","max-video-preview":"max-video-preview:-1"},"canonical":"https:\/\/patriaparatodos.com.ve\/?p=1212","og_locale":"es_ES","og_type":"article","og_title":"Juan Carlos Valdez: Prosperidad nacional s\u00f3lo es posible mediante Paz y Concordia. - La Mecha Azul","og_description":"Venezuela debe recordar que cuando le dieron el Golpe de Estado a Ch\u00e1vez en 2002, luego de su entrada triunfante en menos de 48 horas a Miraflores, lejos de utilizar la venganza ese ese momento que la efervescencia lo favorec\u00eda, ante aquellos medios de comunicaci\u00f3n que se ufanaron de haber tenido rol protag\u00f3nico en su ca\u00edda, Ch\u00e1vez con una cruz en la mano llam\u00f3 a la paz.","og_url":"https:\/\/patriaparatodos.com.ve\/?p=1212","og_site_name":"La Mecha Azul","article_published_time":"2023-08-04T19:34:49+00:00","article_modified_time":"2023-08-06T02:44:42+00:00","og_image":[{"width":1020,"height":768,"url":"https:\/\/patriaparatodos.com.ve\/wp-content\/uploads\/2023\/08\/IMG-20230801-WA0002.jpg","type":"image\/jpeg"}],"author":"Yorvin Ariza","twitter_card":"summary_large_image","twitter_misc":{"Escrito por":"Yorvin Ariza","Tiempo de lectura":"7 minutos"},"schema":{"@context":"https:\/\/schema.org","@graph":[{"@type":"Article","@id":"https:\/\/patriaparatodos.com.ve\/?p=1212#article","isPartOf":{"@id":"https:\/\/patriaparatodos.com.ve\/?p=1212"},"author":{"name":"Yorvin Ariza","@id":"https:\/\/patriaparatodos.com.ve\/#\/schema\/person\/4459ef0633543696ac882f8aa86c4993"},"headline":"Juan Carlos Valdez: Prosperidad nacional s\u00f3lo es posible mediante Paz y Concordia.","datePublished":"2023-08-04T19:34:49+00:00","dateModified":"2023-08-06T02:44:42+00:00","mainEntityOfPage":{"@id":"https:\/\/patriaparatodos.com.ve\/?p=1212"},"wordCount":1590,"publisher":{"@id":"https:\/\/patriaparatodos.com.ve\/#organization"},"image":{"@id":"https:\/\/patriaparatodos.com.ve\/?p=1212#primaryimage"},"thumbnailUrl":"https:\/\/patriaparatodos.com.ve\/wp-content\/uploads\/2023\/08\/IMG-20230801-WA0002.jpg","articleSection":["Notas de Prensa"],"inLanguage":"es"},{"@type":"WebPage","@id":"https:\/\/patriaparatodos.com.ve\/?p=1212","url":"https:\/\/patriaparatodos.com.ve\/?p=1212","name":"Juan Carlos Valdez: Prosperidad nacional s\u00f3lo es posible mediante Paz y Concordia. - La Mecha Azul","isPartOf":{"@id":"https:\/\/patriaparatodos.com.ve\/#website"},"primaryImageOfPage":{"@id":"https:\/\/patriaparatodos.com.ve\/?p=1212#primaryimage"},"image":{"@id":"https:\/\/patriaparatodos.com.ve\/?p=1212#primaryimage"},"thumbnailUrl":"https:\/\/patriaparatodos.com.ve\/wp-content\/uploads\/2023\/08\/IMG-20230801-WA0002.jpg","datePublished":"2023-08-04T19:34:49+00:00","dateModified":"2023-08-06T02:44:42+00:00","description":"Venezuela debe recordar que cuando le dieron el Golpe de Estado a Ch\u00e1vez en 2002, luego de su entrada triunfante en menos de 48 horas a Miraflores, lejos de utilizar la venganza ese ese momento que la efervescencia lo favorec\u00eda, ante aquellos medios de comunicaci\u00f3n que se ufanaron de haber tenido rol protag\u00f3nico en su ca\u00edda, Ch\u00e1vez con una cruz en la mano llam\u00f3 a la paz.","breadcrumb":{"@id":"https:\/\/patriaparatodos.com.ve\/?p=1212#breadcrumb"},"inLanguage":"es","potentialAction":[{"@type":"ReadAction","target":["https:\/\/patriaparatodos.com.ve\/?p=1212"]}]},{"@type":"ImageObject","inLanguage":"es","@id":"https:\/\/patriaparatodos.com.ve\/?p=1212#primaryimage","url":"https:\/\/patriaparatodos.com.ve\/wp-content\/uploads\/2023\/08\/IMG-20230801-WA0002.jpg","contentUrl":"https:\/\/patriaparatodos.com.ve\/wp-content\/uploads\/2023\/08\/IMG-20230801-WA0002.jpg","width":1020,"height":768},{"@type":"BreadcrumbList","@id":"https:\/\/patriaparatodos.com.ve\/?p=1212#breadcrumb","itemListElement":[{"@type":"ListItem","position":1,"name":"Portada","item":"https:\/\/patriaparatodos.com.ve\/"},{"@type":"ListItem","position":2,"name":"Juan Carlos Valdez: Prosperidad nacional s\u00f3lo es posible mediante Paz y Concordia."}]},{"@type":"WebSite","@id":"https:\/\/patriaparatodos.com.ve\/#website","url":"https:\/\/patriaparatodos.com.ve\/","name":"La Mecha Azul","description":"Por la \u00c9tica, Valor de la Palabra","publisher":{"@id":"https:\/\/patriaparatodos.com.ve\/#organization"},"potentialAction":[{"@type":"SearchAction","target":{"@type":"EntryPoint","urlTemplate":"https:\/\/patriaparatodos.com.ve\/?s={search_term_string}"},"query-input":"required name=search_term_string"}],"inLanguage":"es"},{"@type":"Organization","@id":"https:\/\/patriaparatodos.com.ve\/#organization","name":"La Mecha Azul","url":"https:\/\/patriaparatodos.com.ve\/","logo":{"@type":"ImageObject","inLanguage":"es","@id":"https:\/\/patriaparatodos.com.ve\/#\/schema\/logo\/image\/","url":"https:\/\/patriaparatodos.com.ve\/wp-content\/uploads\/2023\/02\/cropped-logo-La-mecha-Azul-n.png","contentUrl":"https:\/\/patriaparatodos.com.ve\/wp-content\/uploads\/2023\/02\/cropped-logo-La-mecha-Azul-n.png","width":5884,"height":3318,"caption":"La Mecha Azul"},"image":{"@id":"https:\/\/patriaparatodos.com.ve\/#\/schema\/logo\/image\/"}},{"@type":"Person","@id":"https:\/\/patriaparatodos.com.ve\/#\/schema\/person\/4459ef0633543696ac882f8aa86c4993","name":"Yorvin Ariza","image":{"@type":"ImageObject","inLanguage":"es","@id":"https:\/\/patriaparatodos.com.ve\/#\/schema\/person\/image\/","url":"https:\/\/secure.gravatar.com\/avatar\/8d6e3972af4ad0899b4541dee950398d9ebb48588b9db3dff184db257460b6cf?s=96&d=mm&r=g","contentUrl":"https:\/\/secure.gravatar.com\/avatar\/8d6e3972af4ad0899b4541dee950398d9ebb48588b9db3dff184db257460b6cf?s=96&d=mm&r=g","caption":"Yorvin Ariza"},"url":"https:\/\/patriaparatodos.com.ve\/?author=2"}]}},"_links":{"self":[{"href":"https:\/\/patriaparatodos.com.ve\/index.php?rest_route=\/wp\/v2\/posts\/1212","targetHints":{"allow":["GET"]}}],"collection":[{"href":"https:\/\/patriaparatodos.com.ve\/index.php?rest_route=\/wp\/v2\/posts"}],"about":[{"href":"https:\/\/patriaparatodos.com.ve\/index.php?rest_route=\/wp\/v2\/types\/post"}],"author":[{"embeddable":true,"href":"https:\/\/patriaparatodos.com.ve\/index.php?rest_route=\/wp\/v2\/users\/2"}],"replies":[{"embeddable":true,"href":"https:\/\/patriaparatodos.com.ve\/index.php?rest_route=%2Fwp%2Fv2%2Fcomments&post=1212"}],"version-history":[{"count":1,"href":"https:\/\/patriaparatodos.com.ve\/index.php?rest_route=\/wp\/v2\/posts\/1212\/revisions"}],"predecessor-version":[{"id":1214,"href":"https:\/\/patriaparatodos.com.ve\/index.php?rest_route=\/wp\/v2\/posts\/1212\/revisions\/1214"}],"wp:featuredmedia":[{"embeddable":true,"href":"https:\/\/patriaparatodos.com.ve\/index.php?rest_route=\/wp\/v2\/media\/1213"}],"wp:attachment":[{"href":"https:\/\/patriaparatodos.com.ve\/index.php?rest_route=%2Fwp%2Fv2%2Fmedia&parent=1212"}],"wp:term":[{"taxonomy":"category","embeddable":true,"href":"https:\/\/patriaparatodos.com.ve\/index.php?rest_route=%2Fwp%2Fv2%2Fcategories&post=1212"},{"taxonomy":"post_tag","embeddable":true,"href":"https:\/\/patriaparatodos.com.ve\/index.php?rest_route=%2Fwp%2Fv2%2Ftags&post=1212"}],"curies":[{"name":"wp","href":"https:\/\/api.w.org\/{rel}","templated":true}]}}