{"id":1282,"date":"2023-08-09T02:02:54","date_gmt":"2023-08-09T02:02:54","guid":{"rendered":"https:\/\/patriaparatodos.com.ve\/?p=1282"},"modified":"2023-08-09T02:02:54","modified_gmt":"2023-08-09T02:02:54","slug":"ilenia-medina-economia-venezolana-debe-resetearse","status":"publish","type":"post","link":"https:\/\/patriaparatodos.com.ve\/?p=1282","title":{"rendered":"Ilenia Medina: Econom\u00eda venezolana debe resetearse."},"content":{"rendered":"<p><strong>Tras el ingreso de Venezuela como Estado miembro de los BRICS, PPT considera se debe retomar el consejo nacional de econom\u00eda con todas las instituciones y agentes econ\u00f3micos, la defensa del bol\u00edvar, la indexaci\u00f3n y la lucha contra la especulaci\u00f3n<\/strong><\/p>\n<p><strong>\u00a0<\/strong><\/p>\n<p>(Prensa PPT-Caracas, 7 de agosto de 2023) Acompa\u00f1ada del Movimiento de Mujeres por la Patria Latinoamericana, la Diputada Ilenia Medina, Secretaria General de PPT, expres\u00f3 su profundo dolor tras el hecho terrible que enluta a los habitantes del municipio P\u00e1ez del estado Miranda, espec\u00edficamente a los del sector La Arboleda de R\u00edo Chico, donde se produjo el femicidio de Josefina Verdu Milano, acto cometido por su pareja, ante lo cual expres\u00f3 su repudio y ratific\u00f3 el compromiso de lucha que lleva a cabo el Movimiento de Mujeres, as\u00ed como el de trata de personas.<\/p>\n<p>De igual forma la dirigente se\u00f1al\u00f3 que PPT junto a la comunidad y autoridades policiales del estado Lara, lograron dar con el paradero de una menor que hab\u00eda sido secuestrada; por esta raz\u00f3n su organizaci\u00f3n pol\u00edtica considera necesario incluir en la agenda de trabajo parlamentaria el tema de Trata de Personas para agilizar los Proyectos de Ley que all\u00ed se encuentran, incorporando para ello todo el trabajo desarrollado por el Movimiento de Mujeres por la Patria Latinoamericana que lideriza la tambi\u00e9n Diputada de PPT Gisela Tovar.<\/p>\n<p><strong>Hechos significativos de nuestra historia.-<\/strong> Por otro lado, la visi\u00f3n amorosa y humanista llevada a cabo en la discusi\u00f3n previa a la Rueda de Prensa, recogi\u00f3 hechos de significaci\u00f3n hist\u00f3rica para la trascendencia de nuestro pueblo, entre ellos el Bicentenario de la Campa\u00f1a Admirable, dirigida por Sim\u00f3n Bol\u00edvar, Padre de la Patria y Libertador, que marc\u00f3 un antes y un despu\u00e9s en la lucha por la independencia de nuestros pueblos; y los 198 a\u00f1os de la Independencia de Bolivia, hija predilecta del Libertador.<\/p>\n<p>Ilenia Medina, en contraste, tambi\u00e9n record\u00f3 los 78 a\u00f1os del lanzamiento de la bomba at\u00f3mica sobre Hiroshima, siendo el primer ataque nuclear recibido por un pueblo, en este caso Jap\u00f3n, orquestado por Estados Unidos durante la Segunda Guerra Mundial. Consider\u00f3 como grave que el gobierno japon\u00e9s siga siendo aliado de Estados Unidos, pa\u00eds que marc\u00f3 y destruy\u00f3 la gen\u00e9tica del pueblo japon\u00e9s con el lanzamiento de dos bombas nucleares, la primera en Hiroshima y la segunda en Nagasaki, sin haber recibido indemnizaci\u00f3n ni solicitud de perd\u00f3n.<\/p>\n<p>La Diputada Ilenia Medina se\u00f1al\u00f3 el peligro latente del uso de armas nucleares por las ansias del mundo occidental: Europa, Canad\u00e1 y Estados Unidos, para atacar y controlar a Rusia. Por esta raz\u00f3n se debe evitar cualquier confrontaci\u00f3n de esta\u00a0 naturaleza que producir\u00eda da\u00f1os lamentables para toda la humanidad; recordar lo ocurrido en Jap\u00f3n con las bombas nucleares y los hechos presentes en la actualidad, permite generar las alertas y estar atentos para denunciar cualquier hecho que atente contra la vida de los pueblos en el mundo.<\/p>\n<p><strong>Despertar de nuestra Madre \u00c1frica.-<\/strong> El despertar de \u00c1frica fue otro de los temas tratados durante las declaraciones. Para PPT la Uni\u00f3n Africana debe impedir a toda costa que en ese continente se desate una guerra o cualquier conflicto que implique intervenci\u00f3n e invasi\u00f3n a uno de sus pa\u00edses, como por ejemplo N\u00edger y Burkina Faso, que producto de las contradicciones entre poseer territorios muy ricos con poblaciones muy pobres, empiezan a generar acciones para revertir en sus pa\u00edses esa situaci\u00f3n. Medina indic\u00f3 que PPT har\u00e1 llegar al organismo regional africano una carta para pedirle se desarrolle el di\u00e1logo en esta situaci\u00f3n.<\/p>\n<p><strong>Reestructuraci\u00f3n de la Cruz Roja en Venezuela.-<\/strong> En cuanto a la sentencia dictada por la Sala Constitucional del TSJ para abogar por los derechos difusos de los trabajadores de la Cruz Roja venezolana y el nombramiento de una Junta Ad Hoc, integrada por Ricardo Cusanno (expresidente de Fedec\u00e1maras), Mar\u00eda F\u00e1tima Garc\u00e9s (Vicerrectora Acad\u00e9mica de la UCV), el empresario Alberto Vollmer, el m\u00e9dico Juan Sim\u00f3n Mu\u00f1oz, el atleta Rub\u00e9n Limardo, Jhoanna Pantoja (presidenta del Centro de Estudiantes de la Escuela de Enfermer\u00eda UCV) y el m\u00e9dico Griswill Fonseca, para atender la situaci\u00f3n de los trabajadores y voluntarios de esta ONG.<\/p>\n<p>Esta entidad no gubernamental es parte de la Federaci\u00f3n Internacional de Sociedades de la Cruz Roja y de la Media Luna Roja, as\u00ed como de un Comit\u00e9 Internacional, que tiene como fin al auxilio a los pueblos en situaciones de violencia y vulnerabilidad en materia de salud. La Cruz Roja cuenta con siete principios a nivel internacional, uno de ellos es el respeto al ordenamiento jur\u00eddico en los territorios donde se encuentra, que en este caso ha sido violentado a trav\u00e9s de maltrato, abuso de poder, mal uso de los recursos y falta de transparencia; por otro lado, el no haber llamado a elecciones para elegir sus autoridades como lo establece la Federaci\u00f3n, violentando as\u00ed los derechos colectivos y difusos de sus miembros.<\/p>\n<p>Ilenia Medina sostuvo que no s\u00f3lo est\u00e1n afectados los trabajadores y voluntarios de la Cruz Roja, sino todo el pueblo venezolano que atiende esta organizaci\u00f3n, por esa raz\u00f3n PPT saluda que se haya tomado la decisi\u00f3n de nombrar una Junta Ad Hoc integrada por miembros de la sociedad civil, para su reestructuraci\u00f3n, que garantice su bien funcionamiento y que ya se encuentre haciendo reuniones de trabajo con el Secretario General de la Cruz Roja venezolana para cumplir con el mandato dado por el TSJ.<\/p>\n<p>Por otro lado, Medina expres\u00f3 que el manejo indebido de organizaciones como la Cruz Roja ya tiene antecedentes en distintos territorios, como por ejemplo en 2006 la Cruz Roja de Per\u00fa fue suspendida por la Federaci\u00f3n Internacional tras no haber ejecutado su reestructuraci\u00f3n, de igual manera en Uruguay en el a\u00f1o 2016 se present\u00f3 un hecho similar donde intervino el gobierno uruguayo para su reestructuraci\u00f3n, m\u00e1s recientemente en Nicaragua el Congreso nicarag\u00fcense decidi\u00f3 que la Cruz Roja se convirtiera en un ente descentralizado tras los hechos irregulares del manejo de esta organizaci\u00f3n en territorio nicarag\u00fcense.<\/p>\n<p><strong>BRICS: juntos somos invencibles.-<\/strong> La entrada de Venezuela a los BRICS, anunciada por la Vicepresidenta Ejecutiva desde La India hace que nuestro pa\u00eds sea miembro de pleno derecho de esta organizaci\u00f3n econ\u00f3mica que contiene un nuevo sistema en el marco del comercio internacional, as\u00ed como el financiamiento, el uso de divisas libres sin persecuci\u00f3n ni bloqueo, permitir\u00eda avanzar en un reseteo de la econom\u00eda venezolana, ya que los mecanismos de acci\u00f3n favorecer\u00e1n a nuestro pa\u00eds.<\/p>\n<p>PPT ha establecido discusiones para generar propuestas de c\u00f3mo avanzar en indexar la econom\u00eda, c\u00f3mo sincronizarla, c\u00f3mo resetearla, contando ahora con los BRICS para avanzar en esta materia. La defensa del bol\u00edvar, la lucha contra la especulaci\u00f3n, c\u00f3mo evitarla; son acciones concretas para llevar el debate y organizar las pol\u00edticas p\u00fablicas en el \u00e1mbito econ\u00f3mico, que hagan m\u00e1s robustos los mecanismos internos y el hecho econ\u00f3mico en s\u00ed.<\/p>\n<p>Ilenia Medina mostr\u00f3 satisfacci\u00f3n tras las declaraciones ofrecidas por el nuevo Presidente de Fedec\u00e1maras, quien cuestion\u00f3 las Medidas Coercitivas Unilaterales y el bloqueo econ\u00f3mico contra Venezuela, quien por esta raz\u00f3n considera necesaria una reuni\u00f3n con esta organizaci\u00f3n para analizar, discutir y proponer c\u00f3mo hacer que Fedec\u00e1maras sea corresponsable con la econom\u00eda venezolana e incidir en que la especulaci\u00f3n no est\u00e9 latente, colocando al sector empresarial privado a la altura del gran desaf\u00edo que tenemos por delante.<\/p>\n<p>Resetear la econom\u00eda es el planteamiento que propone PPT, sincroniz\u00e1ndola, que todo el mundo sepa lo que corresponde a cada aspecto econ\u00f3mico, por esta raz\u00f3n Ilenia Medina considera que el gobierno nacional debe retomar el consejo nacional de econom\u00eda propuesto por la organizaci\u00f3n que dirige hace una d\u00e9cada, con la visi\u00f3n del reseteo e indexaci\u00f3n de toda la econom\u00eda, incluyendo la capacidad adquisitiva y productiva de los trabajadores.<\/p>\n<p>En ese reseteo PPT propone la Constituyente de los Trabajadores y Trabajadoras, que se pongan al frente del hecho productivo, siendo un momento estelar para la clase trabajadora y para los agentes econ\u00f3micos para destacar la discusi\u00f3n en lo que haya que ordenar, sin temores, con el trabajo sostenido de todos, porque juntos somos invencibles.<\/p>\n<p><strong>Las elecciones primarias son un fraude.-<\/strong> PPT considera que las elecciones primarias de la oposici\u00f3n no son elecciones, son un fraude. Para entender el tama\u00f1o de fraude, Ilenia Medina habl\u00f3 de las recientes declaraciones de Francisco Ameliach, quien explic\u00f3 con datos electorales en qu\u00e9 consiste el enga\u00f1o que est\u00e1n cocinando los inhabilitados para perpetrar su fraude electoral.<\/p>\n<p>Es importante se\u00f1alar que en Venezuela existen m\u00e1s de 21 millones de electores, con 62.313 mesas para los sufragios y 30.101 centros electorales que est\u00e1n debidamente registrados ante el Consejo Nacional Electoral, \u00f3rgano facultado por Ley para los procesos electorales del pa\u00eds; sin embargo, la oposici\u00f3n ha destacado que contar\u00e1 con cinco mil mesas con un promedio de cuatro mil personas para sufragar en ellas. Si consideramos que el acto de votaci\u00f3n dura 2 minutos, significar\u00edan 600 minutos por cada mesa y un aproximado de un mill\u00f3n quinientos mil votantes en el proceso.<\/p>\n<p>Ahora bien, si el CNE con toda la log\u00edstica que cuenta para una elecci\u00f3n que dura todo el d\u00eda, en cada mesa tiene m\u00e1ximo 500 electores, \u00bfc\u00f3mo la oposici\u00f3n va a garantizarle a sus seguidores un proceso transparente? Realmente lo que buscan es hacer un fraude. Consideremos tambi\u00e9n que ellos han hecho p\u00fablico la participaci\u00f3n de siete millones de electores. De acuerdo al an\u00e1lisis hecho, los n\u00fameros no cuadran para el acto de votaci\u00f3n, adem\u00e1s que involucran a los venezolanos en el exterior cuando nuestra legislaci\u00f3n en materia electoral no contempla procesos de esta naturaleza fuera del territorio nacional. Lo que realmente est\u00e1n buscando es reeditar un gobierno interino, invent\u00e1ndose cualquier historia. Por esta raz\u00f3n en las fuerzas revolucionarias no se lo vamos a permitir, \u00a1que lo sepan los inhabilitados!<\/p>\n<p><strong>Debate sobre la defensa de la Patria, su soberan\u00eda y la paz.-<\/strong> PPT propone un debate nacional sobre los derechos y deberes de cada uno de los venezolanos, considerando que la Constituci\u00f3n cuenta con 85 art\u00edculos que definen los derechos de los ciudadanos en Venezuela y 6 art\u00edculos sobre los deberes que tiene cada uno con nuestra Patria, con sus recursos. Uno de los art\u00edculos que contempla el deber, establece honrar y defender la Patria. El debate debe estar centrado all\u00ed y adem\u00e1s en proteger la soberan\u00eda, de all\u00ed que debamos discutir el significado de la soberan\u00eda, de la paz, que debe ser un deber de todos los venezolanos para desmarcarnos de fascismo y la oposici\u00f3n traidora, para defender nuestra integridad territorial, nuestra nacionalidad y lo que significa para los nacidos en esta tierra.<\/p>\n","protected":false},"excerpt":{"rendered":"<p>Tras el ingreso de Venezuela como Estado miembro de los BRICS, PPT considera se debe retomar el consejo nacional de econom\u00eda con todas las instituciones y agentes econ\u00f3micos, la defensa del bol\u00edvar, la indexaci\u00f3n y la lucha contra la especulaci\u00f3n \u00a0 (Prensa PPT-Caracas, 7 de agosto de 2023) Acompa\u00f1ada del Movimiento de Mujeres por la [&hellip;]<\/p>\n","protected":false},"author":2,"featured_media":1284,"comment_status":"closed","ping_status":"open","sticky":false,"template":"","format":"standard","meta":{"footnotes":""},"categories":[1],"tags":[],"class_list":["post-1282","post","type-post","status-publish","format-standard","has-post-thumbnail","hentry","category-uncategorized"],"yoast_head":"<!-- This site is optimized with the Yoast SEO plugin v23.3 - https:\/\/yoast.com\/wordpress\/plugins\/seo\/ -->\n<title>Ilenia Medina: Econom\u00eda venezolana debe resetearse. - La Mecha Azul<\/title>\n<meta name=\"description\" content=\"Tras el ingreso de Venezuela como Estado miembro de los BRICS, PPT considera se debe retomar el consejo nacional de econom\u00eda con todas las instituciones y agentes econ\u00f3micos\" \/>\n<meta name=\"robots\" content=\"index, follow, max-snippet:-1, max-image-preview:large, max-video-preview:-1\" \/>\n<link rel=\"canonical\" href=\"https:\/\/patriaparatodos.com.ve\/?p=1282\" \/>\n<meta property=\"og:locale\" content=\"es_ES\" \/>\n<meta property=\"og:type\" content=\"article\" \/>\n<meta property=\"og:title\" content=\"Ilenia Medina: Econom\u00eda venezolana debe resetearse. - La Mecha Azul\" \/>\n<meta property=\"og:description\" content=\"Tras el ingreso de Venezuela como Estado miembro de los BRICS, PPT considera se debe retomar el consejo nacional de econom\u00eda con todas las instituciones y agentes econ\u00f3micos\" \/>\n<meta property=\"og:url\" content=\"https:\/\/patriaparatodos.com.ve\/?p=1282\" \/>\n<meta property=\"og:site_name\" content=\"La Mecha Azul\" \/>\n<meta property=\"article:published_time\" content=\"2023-08-09T02:02:54+00:00\" \/>\n<meta property=\"og:image\" content=\"https:\/\/patriaparatodos.com.ve\/wp-content\/uploads\/2023\/08\/IMG-20230808-WA0001.jpg\" \/>\n\t<meta property=\"og:image:width\" content=\"1020\" \/>\n\t<meta property=\"og:image:height\" content=\"768\" \/>\n\t<meta property=\"og:image:type\" content=\"image\/jpeg\" \/>\n<meta name=\"author\" content=\"Yorvin Ariza\" \/>\n<meta name=\"twitter:card\" content=\"summary_large_image\" \/>\n<meta name=\"twitter:label1\" content=\"Escrito por\" \/>\n\t<meta name=\"twitter:data1\" content=\"Yorvin Ariza\" \/>\n\t<meta name=\"twitter:label2\" content=\"Tiempo de lectura\" \/>\n\t<meta name=\"twitter:data2\" content=\"8 minutos\" \/>\n<script type=\"application\/ld+json\" class=\"yoast-schema-graph\">{\"@context\":\"https:\/\/schema.org\",\"@graph\":[{\"@type\":\"Article\",\"@id\":\"https:\/\/patriaparatodos.com.ve\/?p=1282#article\",\"isPartOf\":{\"@id\":\"https:\/\/patriaparatodos.com.ve\/?p=1282\"},\"author\":{\"name\":\"Yorvin Ariza\",\"@id\":\"https:\/\/patriaparatodos.com.ve\/#\/schema\/person\/4459ef0633543696ac882f8aa86c4993\"},\"headline\":\"Ilenia Medina: Econom\u00eda venezolana debe resetearse.\",\"datePublished\":\"2023-08-09T02:02:54+00:00\",\"dateModified\":\"2023-08-09T02:02:54+00:00\",\"mainEntityOfPage\":{\"@id\":\"https:\/\/patriaparatodos.com.ve\/?p=1282\"},\"wordCount\":1896,\"publisher\":{\"@id\":\"https:\/\/patriaparatodos.com.ve\/#organization\"},\"image\":{\"@id\":\"https:\/\/patriaparatodos.com.ve\/?p=1282#primaryimage\"},\"thumbnailUrl\":\"https:\/\/patriaparatodos.com.ve\/wp-content\/uploads\/2023\/08\/IMG-20230808-WA0001.jpg\",\"articleSection\":[\"Uncategorized\"],\"inLanguage\":\"es\"},{\"@type\":\"WebPage\",\"@id\":\"https:\/\/patriaparatodos.com.ve\/?p=1282\",\"url\":\"https:\/\/patriaparatodos.com.ve\/?p=1282\",\"name\":\"Ilenia Medina: Econom\u00eda venezolana debe resetearse. - La Mecha Azul\",\"isPartOf\":{\"@id\":\"https:\/\/patriaparatodos.com.ve\/#website\"},\"primaryImageOfPage\":{\"@id\":\"https:\/\/patriaparatodos.com.ve\/?p=1282#primaryimage\"},\"image\":{\"@id\":\"https:\/\/patriaparatodos.com.ve\/?p=1282#primaryimage\"},\"thumbnailUrl\":\"https:\/\/patriaparatodos.com.ve\/wp-content\/uploads\/2023\/08\/IMG-20230808-WA0001.jpg\",\"datePublished\":\"2023-08-09T02:02:54+00:00\",\"dateModified\":\"2023-08-09T02:02:54+00:00\",\"description\":\"Tras el ingreso de Venezuela como Estado miembro de los BRICS, PPT considera se debe retomar el consejo nacional de econom\u00eda con todas las instituciones y agentes econ\u00f3micos\",\"breadcrumb\":{\"@id\":\"https:\/\/patriaparatodos.com.ve\/?p=1282#breadcrumb\"},\"inLanguage\":\"es\",\"potentialAction\":[{\"@type\":\"ReadAction\",\"target\":[\"https:\/\/patriaparatodos.com.ve\/?p=1282\"]}]},{\"@type\":\"ImageObject\",\"inLanguage\":\"es\",\"@id\":\"https:\/\/patriaparatodos.com.ve\/?p=1282#primaryimage\",\"url\":\"https:\/\/patriaparatodos.com.ve\/wp-content\/uploads\/2023\/08\/IMG-20230808-WA0001.jpg\",\"contentUrl\":\"https:\/\/patriaparatodos.com.ve\/wp-content\/uploads\/2023\/08\/IMG-20230808-WA0001.jpg\",\"width\":1020,\"height\":768},{\"@type\":\"BreadcrumbList\",\"@id\":\"https:\/\/patriaparatodos.com.ve\/?p=1282#breadcrumb\",\"itemListElement\":[{\"@type\":\"ListItem\",\"position\":1,\"name\":\"Portada\",\"item\":\"https:\/\/patriaparatodos.com.ve\/\"},{\"@type\":\"ListItem\",\"position\":2,\"name\":\"Ilenia Medina: Econom\u00eda venezolana debe resetearse.\"}]},{\"@type\":\"WebSite\",\"@id\":\"https:\/\/patriaparatodos.com.ve\/#website\",\"url\":\"https:\/\/patriaparatodos.com.ve\/\",\"name\":\"La Mecha Azul\",\"description\":\"Por la \u00c9tica, Valor de la Palabra\",\"publisher\":{\"@id\":\"https:\/\/patriaparatodos.com.ve\/#organization\"},\"potentialAction\":[{\"@type\":\"SearchAction\",\"target\":{\"@type\":\"EntryPoint\",\"urlTemplate\":\"https:\/\/patriaparatodos.com.ve\/?s={search_term_string}\"},\"query-input\":\"required name=search_term_string\"}],\"inLanguage\":\"es\"},{\"@type\":\"Organization\",\"@id\":\"https:\/\/patriaparatodos.com.ve\/#organization\",\"name\":\"La Mecha Azul\",\"url\":\"https:\/\/patriaparatodos.com.ve\/\",\"logo\":{\"@type\":\"ImageObject\",\"inLanguage\":\"es\",\"@id\":\"https:\/\/patriaparatodos.com.ve\/#\/schema\/logo\/image\/\",\"url\":\"https:\/\/patriaparatodos.com.ve\/wp-content\/uploads\/2023\/02\/cropped-logo-La-mecha-Azul-n.png\",\"contentUrl\":\"https:\/\/patriaparatodos.com.ve\/wp-content\/uploads\/2023\/02\/cropped-logo-La-mecha-Azul-n.png\",\"width\":5884,\"height\":3318,\"caption\":\"La Mecha Azul\"},\"image\":{\"@id\":\"https:\/\/patriaparatodos.com.ve\/#\/schema\/logo\/image\/\"}},{\"@type\":\"Person\",\"@id\":\"https:\/\/patriaparatodos.com.ve\/#\/schema\/person\/4459ef0633543696ac882f8aa86c4993\",\"name\":\"Yorvin Ariza\",\"image\":{\"@type\":\"ImageObject\",\"inLanguage\":\"es\",\"@id\":\"https:\/\/patriaparatodos.com.ve\/#\/schema\/person\/image\/\",\"url\":\"https:\/\/secure.gravatar.com\/avatar\/8d6e3972af4ad0899b4541dee950398d9ebb48588b9db3dff184db257460b6cf?s=96&d=mm&r=g\",\"contentUrl\":\"https:\/\/secure.gravatar.com\/avatar\/8d6e3972af4ad0899b4541dee950398d9ebb48588b9db3dff184db257460b6cf?s=96&d=mm&r=g\",\"caption\":\"Yorvin Ariza\"},\"url\":\"https:\/\/patriaparatodos.com.ve\/?author=2\"}]}<\/script>\n<!-- \/ Yoast SEO plugin. -->","yoast_head_json":{"title":"Ilenia Medina: Econom\u00eda venezolana debe resetearse. - La Mecha Azul","description":"Tras el ingreso de Venezuela como Estado miembro de los BRICS, PPT considera se debe retomar el consejo nacional de econom\u00eda con todas las instituciones y agentes econ\u00f3micos","robots":{"index":"index","follow":"follow","max-snippet":"max-snippet:-1","max-image-preview":"max-image-preview:large","max-video-preview":"max-video-preview:-1"},"canonical":"https:\/\/patriaparatodos.com.ve\/?p=1282","og_locale":"es_ES","og_type":"article","og_title":"Ilenia Medina: Econom\u00eda venezolana debe resetearse. - La Mecha Azul","og_description":"Tras el ingreso de Venezuela como Estado miembro de los BRICS, PPT considera se debe retomar el consejo nacional de econom\u00eda con todas las instituciones y agentes econ\u00f3micos","og_url":"https:\/\/patriaparatodos.com.ve\/?p=1282","og_site_name":"La Mecha Azul","article_published_time":"2023-08-09T02:02:54+00:00","og_image":[{"width":1020,"height":768,"url":"https:\/\/patriaparatodos.com.ve\/wp-content\/uploads\/2023\/08\/IMG-20230808-WA0001.jpg","type":"image\/jpeg"}],"author":"Yorvin Ariza","twitter_card":"summary_large_image","twitter_misc":{"Escrito por":"Yorvin Ariza","Tiempo de lectura":"8 minutos"},"schema":{"@context":"https:\/\/schema.org","@graph":[{"@type":"Article","@id":"https:\/\/patriaparatodos.com.ve\/?p=1282#article","isPartOf":{"@id":"https:\/\/patriaparatodos.com.ve\/?p=1282"},"author":{"name":"Yorvin Ariza","@id":"https:\/\/patriaparatodos.com.ve\/#\/schema\/person\/4459ef0633543696ac882f8aa86c4993"},"headline":"Ilenia Medina: Econom\u00eda venezolana debe resetearse.","datePublished":"2023-08-09T02:02:54+00:00","dateModified":"2023-08-09T02:02:54+00:00","mainEntityOfPage":{"@id":"https:\/\/patriaparatodos.com.ve\/?p=1282"},"wordCount":1896,"publisher":{"@id":"https:\/\/patriaparatodos.com.ve\/#organization"},"image":{"@id":"https:\/\/patriaparatodos.com.ve\/?p=1282#primaryimage"},"thumbnailUrl":"https:\/\/patriaparatodos.com.ve\/wp-content\/uploads\/2023\/08\/IMG-20230808-WA0001.jpg","articleSection":["Uncategorized"],"inLanguage":"es"},{"@type":"WebPage","@id":"https:\/\/patriaparatodos.com.ve\/?p=1282","url":"https:\/\/patriaparatodos.com.ve\/?p=1282","name":"Ilenia Medina: Econom\u00eda venezolana debe resetearse. - La Mecha Azul","isPartOf":{"@id":"https:\/\/patriaparatodos.com.ve\/#website"},"primaryImageOfPage":{"@id":"https:\/\/patriaparatodos.com.ve\/?p=1282#primaryimage"},"image":{"@id":"https:\/\/patriaparatodos.com.ve\/?p=1282#primaryimage"},"thumbnailUrl":"https:\/\/patriaparatodos.com.ve\/wp-content\/uploads\/2023\/08\/IMG-20230808-WA0001.jpg","datePublished":"2023-08-09T02:02:54+00:00","dateModified":"2023-08-09T02:02:54+00:00","description":"Tras el ingreso de Venezuela como Estado miembro de los BRICS, PPT considera se debe retomar el consejo nacional de econom\u00eda con todas las instituciones y agentes econ\u00f3micos","breadcrumb":{"@id":"https:\/\/patriaparatodos.com.ve\/?p=1282#breadcrumb"},"inLanguage":"es","potentialAction":[{"@type":"ReadAction","target":["https:\/\/patriaparatodos.com.ve\/?p=1282"]}]},{"@type":"ImageObject","inLanguage":"es","@id":"https:\/\/patriaparatodos.com.ve\/?p=1282#primaryimage","url":"https:\/\/patriaparatodos.com.ve\/wp-content\/uploads\/2023\/08\/IMG-20230808-WA0001.jpg","contentUrl":"https:\/\/patriaparatodos.com.ve\/wp-content\/uploads\/2023\/08\/IMG-20230808-WA0001.jpg","width":1020,"height":768},{"@type":"BreadcrumbList","@id":"https:\/\/patriaparatodos.com.ve\/?p=1282#breadcrumb","itemListElement":[{"@type":"ListItem","position":1,"name":"Portada","item":"https:\/\/patriaparatodos.com.ve\/"},{"@type":"ListItem","position":2,"name":"Ilenia Medina: Econom\u00eda venezolana debe resetearse."}]},{"@type":"WebSite","@id":"https:\/\/patriaparatodos.com.ve\/#website","url":"https:\/\/patriaparatodos.com.ve\/","name":"La Mecha Azul","description":"Por la \u00c9tica, Valor de la Palabra","publisher":{"@id":"https:\/\/patriaparatodos.com.ve\/#organization"},"potentialAction":[{"@type":"SearchAction","target":{"@type":"EntryPoint","urlTemplate":"https:\/\/patriaparatodos.com.ve\/?s={search_term_string}"},"query-input":"required name=search_term_string"}],"inLanguage":"es"},{"@type":"Organization","@id":"https:\/\/patriaparatodos.com.ve\/#organization","name":"La Mecha Azul","url":"https:\/\/patriaparatodos.com.ve\/","logo":{"@type":"ImageObject","inLanguage":"es","@id":"https:\/\/patriaparatodos.com.ve\/#\/schema\/logo\/image\/","url":"https:\/\/patriaparatodos.com.ve\/wp-content\/uploads\/2023\/02\/cropped-logo-La-mecha-Azul-n.png","contentUrl":"https:\/\/patriaparatodos.com.ve\/wp-content\/uploads\/2023\/02\/cropped-logo-La-mecha-Azul-n.png","width":5884,"height":3318,"caption":"La Mecha Azul"},"image":{"@id":"https:\/\/patriaparatodos.com.ve\/#\/schema\/logo\/image\/"}},{"@type":"Person","@id":"https:\/\/patriaparatodos.com.ve\/#\/schema\/person\/4459ef0633543696ac882f8aa86c4993","name":"Yorvin Ariza","image":{"@type":"ImageObject","inLanguage":"es","@id":"https:\/\/patriaparatodos.com.ve\/#\/schema\/person\/image\/","url":"https:\/\/secure.gravatar.com\/avatar\/8d6e3972af4ad0899b4541dee950398d9ebb48588b9db3dff184db257460b6cf?s=96&d=mm&r=g","contentUrl":"https:\/\/secure.gravatar.com\/avatar\/8d6e3972af4ad0899b4541dee950398d9ebb48588b9db3dff184db257460b6cf?s=96&d=mm&r=g","caption":"Yorvin Ariza"},"url":"https:\/\/patriaparatodos.com.ve\/?author=2"}]}},"_links":{"self":[{"href":"https:\/\/patriaparatodos.com.ve\/index.php?rest_route=\/wp\/v2\/posts\/1282","targetHints":{"allow":["GET"]}}],"collection":[{"href":"https:\/\/patriaparatodos.com.ve\/index.php?rest_route=\/wp\/v2\/posts"}],"about":[{"href":"https:\/\/patriaparatodos.com.ve\/index.php?rest_route=\/wp\/v2\/types\/post"}],"author":[{"embeddable":true,"href":"https:\/\/patriaparatodos.com.ve\/index.php?rest_route=\/wp\/v2\/users\/2"}],"replies":[{"embeddable":true,"href":"https:\/\/patriaparatodos.com.ve\/index.php?rest_route=%2Fwp%2Fv2%2Fcomments&post=1282"}],"version-history":[{"count":1,"href":"https:\/\/patriaparatodos.com.ve\/index.php?rest_route=\/wp\/v2\/posts\/1282\/revisions"}],"predecessor-version":[{"id":1285,"href":"https:\/\/patriaparatodos.com.ve\/index.php?rest_route=\/wp\/v2\/posts\/1282\/revisions\/1285"}],"wp:featuredmedia":[{"embeddable":true,"href":"https:\/\/patriaparatodos.com.ve\/index.php?rest_route=\/wp\/v2\/media\/1284"}],"wp:attachment":[{"href":"https:\/\/patriaparatodos.com.ve\/index.php?rest_route=%2Fwp%2Fv2%2Fmedia&parent=1282"}],"wp:term":[{"taxonomy":"category","embeddable":true,"href":"https:\/\/patriaparatodos.com.ve\/index.php?rest_route=%2Fwp%2Fv2%2Fcategories&post=1282"},{"taxonomy":"post_tag","embeddable":true,"href":"https:\/\/patriaparatodos.com.ve\/index.php?rest_route=%2Fwp%2Fv2%2Ftags&post=1282"}],"curies":[{"name":"wp","href":"https:\/\/api.w.org\/{rel}","templated":true}]}}