{"id":1301,"date":"2023-08-24T20:09:54","date_gmt":"2023-08-24T20:09:54","guid":{"rendered":"https:\/\/patriaparatodos.com.ve\/?p=1301"},"modified":"2023-08-24T20:09:54","modified_gmt":"2023-08-24T20:09:54","slug":"rueda-de-prensa","status":"publish","type":"post","link":"https:\/\/patriaparatodos.com.ve\/?p=1301","title":{"rendered":"Ilenia Medina: Venezuela est\u00e1 en Paz y PPT no permitir\u00e1 que se la arrebaten"},"content":{"rendered":"<p><strong>Patria Para Todos se prepara para el camino electoral para garantizar la victoria de la Revoluci\u00f3n Bolivariana una vez sean designados los nuevos Rectores del Poder Electoral.<\/strong><\/p>\n<p>(Prensa PPT-Caracas, 21 de agosto de 2023) La Secretaria General de PPT, Diputada Ilenia Media en declaraciones a medios de comunicaci\u00f3n, destac\u00f3 este lunes la importancia del momento que vive Venezuela, resaltando que a pesar de las continuas Medidas Coercitivas Unilaterales y el bloqueo, la Patria se estabiliza con la \u00e9tica revolucionaria que levanta la conducta del chavismo, superando las incongruencias, robustecida con un gobierno que se parece a su pueblo y trabaja por \u00e9l, oponi\u00e9ndose a la dominaci\u00f3n.<\/p>\n<p>Medina se\u00f1al\u00f3 que desde 2015 el pueblo ha hecho un esfuerzo extraordinario para garantizar la productividad del pa\u00eds. Eso lo celebramos, adem\u00e1s de reconocer el esfuerzo institucional que hace el gobierno nacional y las fuerzas pol\u00edtica del Gran Polo Patri\u00f3tico, as\u00ed mismo, el sector opositor que se deslind\u00f3 de la violencia y retom\u00f3 el camino de la democracia para el bienestar y soberan\u00eda nacional. Venezuela est\u00e1 en paz y eso es muy importante.<\/p>\n<p>La Diputada Ilenia Medina enfatiz\u00f3 que en Venezuela comienzan a desfilar Embajadores de pa\u00edses que antes estaban en el Grupo de Lima y hoy reconocen la soberan\u00eda de nuestro pa\u00eds y nuestro pueblo, entre ellos destacan los Embajadores de Chile y Colombia, que han presentado sus credenciales ante el Gobierno leg\u00edtimo de la Rep\u00fablica Bolivariana de Venezuela presidido por Nicol\u00e1s Maduro Moros.<\/p>\n<p><strong>PPT no permitir\u00e1 que afecten la paz del pa\u00eds.- <\/strong>La tolda azul se prepara para el venidero proceso electoral, una vez se definan los nuevos Rectores del CNE, iniciar\u00e1 el proceso de cara a las elecciones presidenciales de 2024 o cuando este organismo lo disponga. Nuestra tarea es garantizar el triunfo de la Revoluci\u00f3n Bolivariana, evitar que el punto de profunda negatividad que est\u00e1 dentro de la oposici\u00f3n no vulnere la paz de la Rep\u00fablica.<\/p>\n<p>Las primarias, caracterizadas como un ejercicio de la oposici\u00f3n, se convierten en una amenaza y el fascismo la levanta como banderas para socavar la paz, la fuerza productiva, la disposici\u00f3n, creatividad y ganas que tiene nuestro pueblo de continuar en paz. PPT considera que Mar\u00eda Corina Machado y sus c\u00f3mplices no podr\u00e1n generar violencia, destacando lo anunciado por Antonio Ledezma, al amenazar con un Golpe de Estado.<\/p>\n<p>En relaci\u00f3n a Ledezma, Medina puntualiz\u00f3 la eficiencia del Fiscal General de la Rep\u00fablica al pronunciarse sobre los hechos y delitos que este se\u00f1or vuelve a cometer contra la paz de la Patria de Bol\u00edvar, designando Fiscales para investigar esta nueva arremetida y adem\u00e1s, emitir una nueva orden de captura contra este pr\u00f3fugo de la justicia venezolana.<\/p>\n<p>Por otro lado, destac\u00f3 que PPT dar\u00e1 un gran debate nacional para discutir sobre la paz de la Rep\u00fablica, su autodeterminaci\u00f3n y sobremanera todos los aspectos relacionados con quienes generan violencia contra el pa\u00eds y su soberan\u00eda, enfatizando que tienen 24 a\u00f1os intentando hacer lo mismo y son muchas las v\u00edctimas. Por eso, \u201cno pueden ser venezolanos aquellos que pretenden unirnos en el caos, no lo van a lograr, no lo lograron antes y no lo lograr\u00e1n ahora\u201d.<\/p>\n<p>El debate planteado por PPT tiene como propuesta discutir los deberes que tienen todos los venezolanos, en correspondencia con la Constituci\u00f3n, la Traici\u00f3n a la Patria, que a su juicio consiste en los principios violados que establece la Constituci\u00f3n; por ello hay que escuchar al pueblo en los debates y conocer si vamos a una Reforma Constitucional o no, ya que hay actores que consideran que las leyes no pueden ser retroactivas ante la existencia de delitos permanentes, en este sentido, PPT tiene como emblema la defensa de la Patria y lo haremos en el marco del debido proceso.<\/p>\n<p><strong>Se avanza en la defensa del Esequibo.- <\/strong>Con satisfacci\u00f3n, Ilenia Medina habl\u00f3 de dos noticias relacionadas con el Esequibo, la primera de ellas el faro puesto en funcionamiento en la\u00a0 Isla de Corocoro, Fachada Atl\u00e1ntica venezolana, instalado por el Instituto Nacional de Espacios Acu\u00e1ticos (INEA), dirigido por el Almirante Jim\u00e9nez Ratia. La parlamentaria acot\u00f3 que en el Siglo XIX ya exist\u00eda un faro en ese espacio, que se perdi\u00f3 con el tiempo y hoy en una acci\u00f3n soberana en estas inmediaciones del estado Delta Amacuro, con proyecci\u00f3n hacia el territorio Esequibo, se cuenta con nuevo faro.<\/p>\n<p>El segundo tema referido al Esequibo, son los t\u00edtulos recabados por la Comisi\u00f3n Especial para la Defensa del Territorio de la Guayana Esequiba y la Soberan\u00eda Territorial, consignados a la Presidencia de la Asamblea Nacional, que demuestran la soberan\u00eda de Venezuela sobre el territorio Esequibo; Medina dijo que Guyana s\u00f3lo tiene un documento, que no es t\u00edtulo, y en el caso de los t\u00edtulos presentados, fueron recabados por un equipo de especialistas que demuestran la usurpaci\u00f3n de nuestro territorio. El Esequibo es inexorablemente venezolano y ahora con estos t\u00edtulos vamos a poder recuperarlo. Esperamos que Guyana entienda que no tiene nada que demostrar y se siente nuevamente con nuestro gobierno a negociar lo establecido en el Acuerdo de Ginebra de 1966.<\/p>\n<p><strong>Las lluvias y su impacto en Venezuela.- <\/strong>La parlamentaria, explic\u00f3 que el invierno que se desarrolla en territorio venezolano est\u00e1 condicionado por fen\u00f3menos ambientales que tienen que ver con el cambio clim\u00e1tico, que genera un impacto clim\u00e1tico junto al modelo productivo mundial y gracias a las acciones que adelantan los gobierno regionales y municipales en distintos territorios del pa\u00eds,\u00a0 se est\u00e1 actuando r\u00e1pidamente para atender las distintas situaciones es que vulneren a la poblaci\u00f3n. Es un trabajo de la mano con el Poder Popular, las instituciones del Estado y las pol\u00edticas p\u00fablicas dise\u00f1adas por el Presidente Nicol\u00e1s Maduro para atender cualquier necesidad de nuestro pueblo.<\/p>\n<p>En recorrido efectuado el fin de semana en la Parroquia Valles del municipio Girardot en el estado Aragua, la dirigencia de PPT en la entidad junto a los integrantes del Movimiento Ecoambientalista, mostraron preocupaci\u00f3n por la realidad latente en esta comunidad muy cercana al Lago de Tacarigua, ante la cota que presenta el Lago, pr\u00f3xima a alcanzar el muro de contenci\u00f3n que la separa de la zona residencial. En el recorrido se activ\u00f3 las mesas de trabajo con la comunidad organizada para identificar d\u00f3nde se puede iniciar un proceso de drenar para disminuir el caudal de agua.<\/p>\n<p>Por otro lado, la Diputada explic\u00f3 que el Legislador Fredy Silva y el Concejal de Maracay Pablo Alvarado, elevar\u00e1n propuesta para atender la situaci\u00f3n en lo inmediato ante el Consejo Local de Planificaci\u00f3n P\u00fablica, Concejo Municipal, Alcald\u00eda, Consejo Legislativo y Gobernaci\u00f3n. Ven App es una herramienta que tiene como fortaleza identificar los problemas y servicios p\u00fablicos que requieren atenci\u00f3n inmediata, esta herramienta tambi\u00e9n se ha utilizado, sin embargo, PPT se pone al frente para coadyuvar en la atenci\u00f3n del pueblo.<\/p>\n<p>Ilenia Medina puso como ejemplo lo ocurrido en Haw\u00e1i, donde hay m\u00e1s de 20.000 personas fallecidas y el gobierno norteamericano no ha atendido con prontitud esta situaci\u00f3n, a pesar de todo el bloqueo y las medidas que nos afectan, explic\u00f3 que el Presidente Norteamericano Joe Biden al ser interrogado por los medios sobre lo que suced\u00eda en Haw\u00e1i, s\u00f3lo respondi\u00f3 \u201csin comentarios.\u201d<\/p>\n<p><strong>Recuperaci\u00f3n de Subestaci\u00f3n El\u00e9ctrica de Caucag\u00fcita.- <\/strong>El trabajo de articulaci\u00f3n que viene haciendo el equipo pol\u00edtico de PPT en el municipio Sucre del estado Miranda, junto al pueblo organizado y las instituciones, ha permitido atender uno de los servicios p\u00fablicos de mayor relevancia para la actividad humana, que condujo a rescatar la Subestaci\u00f3n El\u00e9ctrica de Caucag\u00fcita, con el apoyo del Ministerio de Energ\u00eda El\u00e9ctrica y Corpoelec.<\/p>\n<p><strong>Solidaridad con los jubilados de SIDOR.-<\/strong> Ilenia Medina lament\u00f3 que por falta de continuidad en el procesamiento de las jubilaciones de los trabajadores de la Sider\u00fargica del Orinoco, se inici\u00f3 una huelga de hambre de jubilados y personas de la tercera edad, luchadores hist\u00f3ricos en Guayana; por esta raz\u00f3n la dirigente solicit\u00f3 la atenci\u00f3n inmediata de esta situaci\u00f3n, considerando la lucha justa del pueblo trabajador por sus reivindicaciones sociales luego de muchos a\u00f1os de trabajo.<\/p>\n<p><strong>Nueva cumbre de BRICS en Sud\u00e1frica.-<\/strong> Del 22 al 24 de agosto, la reuni\u00f3n en Sud\u00e1frica de los BRICS evaluar\u00e1 la activaci\u00f3n de membres\u00edas de m\u00e1s de 20 pa\u00edses, entre ellos Venezuela. PPT espera que en esa reuni\u00f3n donde est\u00e1n invitados un conjunto de organismos, se discuta lo que ocurre en \u00c1frica Occidental para que pueda resolverse mediante el di\u00e1logo.<\/p>\n<p><strong>Celebramos las elecciones en Guatemala y el Ecuador.- <\/strong>Ante el triunfo de Bernardo Ar\u00e9valo como nuevo Presidente de Guatemala, la dirigente pepetista sostiene que es una nueva oportunidad de Guatemala para volver a la paz, la prosperidad y el respeto a los Derechos Humano, por ello felicita el ejercicio soberano del pueblo guatemalteco. En cuanto a la primera vuelta de las elecciones presidenciales del Ecuador, mostr\u00f3 satisfacci\u00f3n por el alcance y apoyo obtenido por candidata de la Revoluci\u00f3n Ciudadana Luisa Gonz\u00e1lez, quien adem\u00e1s de la favorita, cuenta con alta probabilidad de ser la nueva Presidenta del Ecuador. Esperamos de todo coraz\u00f3n que logre el triunfo para que vuelva la calma y el crecimiento espiritual y material del hermano pueblo ecuatoriano.<\/p>\n<p>Medina, en el \u00e1mbito electoral de la regi\u00f3n, espera que Argentina, donde hay una situaci\u00f3n un tanto extra\u00f1a; el pueblo, se empine sobre sus diferencias y vuelva a asumir el apoyo para el gobierno de los peronistas.<\/p>\n<p><strong>CPI pretende detener a Putin.-<\/strong> A juicio de Ilenia Medina, el Presidente de Rusia Vladimir Putin no ir\u00e1 a Sud\u00e1frica por presi\u00f3n que tuvo el gobierno de ese pa\u00eds desde la Corte Penal Internacional (CPI). En su condici\u00f3n de experta en Derechos Internacional, ni Rusia ni Estados Unidos son parte del Estatuto de Roma de la CPI, por tanto el Fiscal Karim Khan mal podr\u00eda demandar o buscar a detener al Presidente Putin por no ser un Estado parte y por esa raz\u00f3n Sud\u00e1frica no puede detenerlo.<\/p>\n<p>Al cierre, la Diputada Ilenia Medina se\u00f1al\u00f3 que la soberan\u00eda de los Estados emana de su pueblo y el Derecho Internacional P\u00fablico establece la inmunidad de jurisdicci\u00f3n de los Estados, es decir, que ning\u00fan Estado puede enjuiciar a otro exterior, por esta raz\u00f3n Estados Unidos debe devolver a nuestra Patria CITGO y dar las \u00f3rdenes a sus aliados, entre ellos Espa\u00f1a. Francia, Portugal, Reino Unido, a devolver lo que nos han saqueado, de lo contrario, estar\u00edan creando jurisprudencia que luego podr\u00e1 ser utilizada contra ellos.<\/p>\n<p>&nbsp;<\/p>\n","protected":false},"excerpt":{"rendered":"<p>Patria Para Todos se prepara para el camino electoral para garantizar la victoria de la Revoluci\u00f3n Bolivariana una vez sean designados los nuevos Rectores del Poder Electoral. (Prensa PPT-Caracas, 21 de agosto de 2023) La Secretaria General de PPT, Diputada Ilenia Media en declaraciones a medios de comunicaci\u00f3n, destac\u00f3 este lunes la importancia del momento [&hellip;]<\/p>\n","protected":false},"author":3,"featured_media":1302,"comment_status":"closed","ping_status":"open","sticky":false,"template":"","format":"standard","meta":{"footnotes":""},"categories":[7],"tags":[],"class_list":["post-1301","post","type-post","status-publish","format-standard","has-post-thumbnail","hentry","category-notas-de-prensa"],"yoast_head":"<!-- This site is optimized with the Yoast SEO plugin v23.3 - https:\/\/yoast.com\/wordpress\/plugins\/seo\/ -->\n<title>Ilenia Medina: Venezuela est\u00e1 en Paz y PPT no permitir\u00e1 que se la arrebaten - La Mecha Azul<\/title>\n<meta name=\"description\" content=\"Patria Para Todos se prepara para el camino electoral para garantizar la victoria de la Revoluci\u00f3n Bolivariana una vez sean designados los nuevos Rectores del Poder Electoral\" \/>\n<meta name=\"robots\" content=\"index, follow, max-snippet:-1, max-image-preview:large, max-video-preview:-1\" \/>\n<link rel=\"canonical\" href=\"https:\/\/patriaparatodos.com.ve\/?p=1301\" \/>\n<meta property=\"og:locale\" content=\"es_ES\" \/>\n<meta property=\"og:type\" content=\"article\" \/>\n<meta property=\"og:title\" content=\"Ilenia Medina: Venezuela est\u00e1 en Paz y PPT no permitir\u00e1 que se la arrebaten - La Mecha Azul\" \/>\n<meta property=\"og:description\" content=\"Patria Para Todos se prepara para el camino electoral para garantizar la victoria de la Revoluci\u00f3n Bolivariana una vez sean designados los nuevos Rectores del Poder Electoral\" \/>\n<meta property=\"og:url\" content=\"https:\/\/patriaparatodos.com.ve\/?p=1301\" \/>\n<meta property=\"og:site_name\" content=\"La Mecha Azul\" \/>\n<meta property=\"article:published_time\" content=\"2023-08-24T20:09:54+00:00\" \/>\n<meta property=\"og:image\" content=\"https:\/\/patriaparatodos.com.ve\/wp-content\/uploads\/2023\/08\/IMG-20230822-WA0003-e1692907643435.jpg\" \/>\n\t<meta property=\"og:image:width\" content=\"1260\" \/>\n\t<meta property=\"og:image:height\" content=\"1162\" \/>\n\t<meta property=\"og:image:type\" content=\"image\/jpeg\" \/>\n<meta name=\"author\" content=\"Ana Gonzalez\" \/>\n<meta name=\"twitter:card\" content=\"summary_large_image\" \/>\n<meta name=\"twitter:label1\" content=\"Escrito por\" \/>\n\t<meta name=\"twitter:data1\" content=\"Ana Gonzalez\" \/>\n\t<meta name=\"twitter:label2\" content=\"Tiempo de lectura\" \/>\n\t<meta name=\"twitter:data2\" content=\"8 minutos\" \/>\n<script type=\"application\/ld+json\" class=\"yoast-schema-graph\">{\"@context\":\"https:\/\/schema.org\",\"@graph\":[{\"@type\":\"Article\",\"@id\":\"https:\/\/patriaparatodos.com.ve\/?p=1301#article\",\"isPartOf\":{\"@id\":\"https:\/\/patriaparatodos.com.ve\/?p=1301\"},\"author\":{\"name\":\"Ana Gonzalez\",\"@id\":\"https:\/\/patriaparatodos.com.ve\/#\/schema\/person\/fa39a49638b83519fd822cacb44f5844\"},\"headline\":\"Ilenia Medina: Venezuela est\u00e1 en Paz y PPT no permitir\u00e1 que se la arrebaten\",\"datePublished\":\"2023-08-24T20:09:54+00:00\",\"dateModified\":\"2023-08-24T20:09:54+00:00\",\"mainEntityOfPage\":{\"@id\":\"https:\/\/patriaparatodos.com.ve\/?p=1301\"},\"wordCount\":1860,\"publisher\":{\"@id\":\"https:\/\/patriaparatodos.com.ve\/#organization\"},\"image\":{\"@id\":\"https:\/\/patriaparatodos.com.ve\/?p=1301#primaryimage\"},\"thumbnailUrl\":\"https:\/\/patriaparatodos.com.ve\/wp-content\/uploads\/2023\/08\/IMG-20230822-WA0003-e1692907912577.jpg\",\"articleSection\":[\"Notas de Prensa\"],\"inLanguage\":\"es\"},{\"@type\":\"WebPage\",\"@id\":\"https:\/\/patriaparatodos.com.ve\/?p=1301\",\"url\":\"https:\/\/patriaparatodos.com.ve\/?p=1301\",\"name\":\"Ilenia Medina: Venezuela est\u00e1 en Paz y PPT no permitir\u00e1 que se la arrebaten - La Mecha Azul\",\"isPartOf\":{\"@id\":\"https:\/\/patriaparatodos.com.ve\/#website\"},\"primaryImageOfPage\":{\"@id\":\"https:\/\/patriaparatodos.com.ve\/?p=1301#primaryimage\"},\"image\":{\"@id\":\"https:\/\/patriaparatodos.com.ve\/?p=1301#primaryimage\"},\"thumbnailUrl\":\"https:\/\/patriaparatodos.com.ve\/wp-content\/uploads\/2023\/08\/IMG-20230822-WA0003-e1692907912577.jpg\",\"datePublished\":\"2023-08-24T20:09:54+00:00\",\"dateModified\":\"2023-08-24T20:09:54+00:00\",\"description\":\"Patria Para Todos se prepara para el camino electoral para garantizar la victoria de la Revoluci\u00f3n Bolivariana una vez sean designados los nuevos Rectores del Poder Electoral\",\"breadcrumb\":{\"@id\":\"https:\/\/patriaparatodos.com.ve\/?p=1301#breadcrumb\"},\"inLanguage\":\"es\",\"potentialAction\":[{\"@type\":\"ReadAction\",\"target\":[\"https:\/\/patriaparatodos.com.ve\/?p=1301\"]}]},{\"@type\":\"ImageObject\",\"inLanguage\":\"es\",\"@id\":\"https:\/\/patriaparatodos.com.ve\/?p=1301#primaryimage\",\"url\":\"https:\/\/patriaparatodos.com.ve\/wp-content\/uploads\/2023\/08\/IMG-20230822-WA0003-e1692907912577.jpg\",\"contentUrl\":\"https:\/\/patriaparatodos.com.ve\/wp-content\/uploads\/2023\/08\/IMG-20230822-WA0003-e1692907912577.jpg\",\"width\":1260,\"height\":835},{\"@type\":\"BreadcrumbList\",\"@id\":\"https:\/\/patriaparatodos.com.ve\/?p=1301#breadcrumb\",\"itemListElement\":[{\"@type\":\"ListItem\",\"position\":1,\"name\":\"Portada\",\"item\":\"https:\/\/patriaparatodos.com.ve\/\"},{\"@type\":\"ListItem\",\"position\":2,\"name\":\"Ilenia Medina: Venezuela est\u00e1 en Paz y PPT no permitir\u00e1 que se la arrebaten\"}]},{\"@type\":\"WebSite\",\"@id\":\"https:\/\/patriaparatodos.com.ve\/#website\",\"url\":\"https:\/\/patriaparatodos.com.ve\/\",\"name\":\"La Mecha Azul\",\"description\":\"Por la \u00c9tica, Valor de la Palabra\",\"publisher\":{\"@id\":\"https:\/\/patriaparatodos.com.ve\/#organization\"},\"potentialAction\":[{\"@type\":\"SearchAction\",\"target\":{\"@type\":\"EntryPoint\",\"urlTemplate\":\"https:\/\/patriaparatodos.com.ve\/?s={search_term_string}\"},\"query-input\":\"required name=search_term_string\"}],\"inLanguage\":\"es\"},{\"@type\":\"Organization\",\"@id\":\"https:\/\/patriaparatodos.com.ve\/#organization\",\"name\":\"La Mecha Azul\",\"url\":\"https:\/\/patriaparatodos.com.ve\/\",\"logo\":{\"@type\":\"ImageObject\",\"inLanguage\":\"es\",\"@id\":\"https:\/\/patriaparatodos.com.ve\/#\/schema\/logo\/image\/\",\"url\":\"https:\/\/patriaparatodos.com.ve\/wp-content\/uploads\/2023\/02\/cropped-logo-La-mecha-Azul-n.png\",\"contentUrl\":\"https:\/\/patriaparatodos.com.ve\/wp-content\/uploads\/2023\/02\/cropped-logo-La-mecha-Azul-n.png\",\"width\":5884,\"height\":3318,\"caption\":\"La Mecha Azul\"},\"image\":{\"@id\":\"https:\/\/patriaparatodos.com.ve\/#\/schema\/logo\/image\/\"}},{\"@type\":\"Person\",\"@id\":\"https:\/\/patriaparatodos.com.ve\/#\/schema\/person\/fa39a49638b83519fd822cacb44f5844\",\"name\":\"Ana Gonzalez\",\"image\":{\"@type\":\"ImageObject\",\"inLanguage\":\"es\",\"@id\":\"https:\/\/patriaparatodos.com.ve\/#\/schema\/person\/image\/\",\"url\":\"https:\/\/secure.gravatar.com\/avatar\/ef0a71a129594a408c20318531deb64b0ee4a6d35f0864a2e33aea8b4d3481be?s=96&d=mm&r=g\",\"contentUrl\":\"https:\/\/secure.gravatar.com\/avatar\/ef0a71a129594a408c20318531deb64b0ee4a6d35f0864a2e33aea8b4d3481be?s=96&d=mm&r=g\",\"caption\":\"Ana Gonzalez\"},\"url\":\"https:\/\/patriaparatodos.com.ve\/?author=3\"}]}<\/script>\n<!-- \/ Yoast SEO plugin. -->","yoast_head_json":{"title":"Ilenia Medina: Venezuela est\u00e1 en Paz y PPT no permitir\u00e1 que se la arrebaten - La Mecha Azul","description":"Patria Para Todos se prepara para el camino electoral para garantizar la victoria de la Revoluci\u00f3n Bolivariana una vez sean designados los nuevos Rectores del Poder Electoral","robots":{"index":"index","follow":"follow","max-snippet":"max-snippet:-1","max-image-preview":"max-image-preview:large","max-video-preview":"max-video-preview:-1"},"canonical":"https:\/\/patriaparatodos.com.ve\/?p=1301","og_locale":"es_ES","og_type":"article","og_title":"Ilenia Medina: Venezuela est\u00e1 en Paz y PPT no permitir\u00e1 que se la arrebaten - La Mecha Azul","og_description":"Patria Para Todos se prepara para el camino electoral para garantizar la victoria de la Revoluci\u00f3n Bolivariana una vez sean designados los nuevos Rectores del Poder Electoral","og_url":"https:\/\/patriaparatodos.com.ve\/?p=1301","og_site_name":"La Mecha Azul","article_published_time":"2023-08-24T20:09:54+00:00","og_image":[{"width":1260,"height":1162,"url":"https:\/\/patriaparatodos.com.ve\/wp-content\/uploads\/2023\/08\/IMG-20230822-WA0003-e1692907643435.jpg","type":"image\/jpeg"}],"author":"Ana Gonzalez","twitter_card":"summary_large_image","twitter_misc":{"Escrito por":"Ana Gonzalez","Tiempo de lectura":"8 minutos"},"schema":{"@context":"https:\/\/schema.org","@graph":[{"@type":"Article","@id":"https:\/\/patriaparatodos.com.ve\/?p=1301#article","isPartOf":{"@id":"https:\/\/patriaparatodos.com.ve\/?p=1301"},"author":{"name":"Ana Gonzalez","@id":"https:\/\/patriaparatodos.com.ve\/#\/schema\/person\/fa39a49638b83519fd822cacb44f5844"},"headline":"Ilenia Medina: Venezuela est\u00e1 en Paz y PPT no permitir\u00e1 que se la arrebaten","datePublished":"2023-08-24T20:09:54+00:00","dateModified":"2023-08-24T20:09:54+00:00","mainEntityOfPage":{"@id":"https:\/\/patriaparatodos.com.ve\/?p=1301"},"wordCount":1860,"publisher":{"@id":"https:\/\/patriaparatodos.com.ve\/#organization"},"image":{"@id":"https:\/\/patriaparatodos.com.ve\/?p=1301#primaryimage"},"thumbnailUrl":"https:\/\/patriaparatodos.com.ve\/wp-content\/uploads\/2023\/08\/IMG-20230822-WA0003-e1692907912577.jpg","articleSection":["Notas de Prensa"],"inLanguage":"es"},{"@type":"WebPage","@id":"https:\/\/patriaparatodos.com.ve\/?p=1301","url":"https:\/\/patriaparatodos.com.ve\/?p=1301","name":"Ilenia Medina: Venezuela est\u00e1 en Paz y PPT no permitir\u00e1 que se la arrebaten - La Mecha Azul","isPartOf":{"@id":"https:\/\/patriaparatodos.com.ve\/#website"},"primaryImageOfPage":{"@id":"https:\/\/patriaparatodos.com.ve\/?p=1301#primaryimage"},"image":{"@id":"https:\/\/patriaparatodos.com.ve\/?p=1301#primaryimage"},"thumbnailUrl":"https:\/\/patriaparatodos.com.ve\/wp-content\/uploads\/2023\/08\/IMG-20230822-WA0003-e1692907912577.jpg","datePublished":"2023-08-24T20:09:54+00:00","dateModified":"2023-08-24T20:09:54+00:00","description":"Patria Para Todos se prepara para el camino electoral para garantizar la victoria de la Revoluci\u00f3n Bolivariana una vez sean designados los nuevos Rectores del Poder Electoral","breadcrumb":{"@id":"https:\/\/patriaparatodos.com.ve\/?p=1301#breadcrumb"},"inLanguage":"es","potentialAction":[{"@type":"ReadAction","target":["https:\/\/patriaparatodos.com.ve\/?p=1301"]}]},{"@type":"ImageObject","inLanguage":"es","@id":"https:\/\/patriaparatodos.com.ve\/?p=1301#primaryimage","url":"https:\/\/patriaparatodos.com.ve\/wp-content\/uploads\/2023\/08\/IMG-20230822-WA0003-e1692907912577.jpg","contentUrl":"https:\/\/patriaparatodos.com.ve\/wp-content\/uploads\/2023\/08\/IMG-20230822-WA0003-e1692907912577.jpg","width":1260,"height":835},{"@type":"BreadcrumbList","@id":"https:\/\/patriaparatodos.com.ve\/?p=1301#breadcrumb","itemListElement":[{"@type":"ListItem","position":1,"name":"Portada","item":"https:\/\/patriaparatodos.com.ve\/"},{"@type":"ListItem","position":2,"name":"Ilenia Medina: Venezuela est\u00e1 en Paz y PPT no permitir\u00e1 que se la arrebaten"}]},{"@type":"WebSite","@id":"https:\/\/patriaparatodos.com.ve\/#website","url":"https:\/\/patriaparatodos.com.ve\/","name":"La Mecha Azul","description":"Por la \u00c9tica, Valor de la Palabra","publisher":{"@id":"https:\/\/patriaparatodos.com.ve\/#organization"},"potentialAction":[{"@type":"SearchAction","target":{"@type":"EntryPoint","urlTemplate":"https:\/\/patriaparatodos.com.ve\/?s={search_term_string}"},"query-input":"required name=search_term_string"}],"inLanguage":"es"},{"@type":"Organization","@id":"https:\/\/patriaparatodos.com.ve\/#organization","name":"La Mecha Azul","url":"https:\/\/patriaparatodos.com.ve\/","logo":{"@type":"ImageObject","inLanguage":"es","@id":"https:\/\/patriaparatodos.com.ve\/#\/schema\/logo\/image\/","url":"https:\/\/patriaparatodos.com.ve\/wp-content\/uploads\/2023\/02\/cropped-logo-La-mecha-Azul-n.png","contentUrl":"https:\/\/patriaparatodos.com.ve\/wp-content\/uploads\/2023\/02\/cropped-logo-La-mecha-Azul-n.png","width":5884,"height":3318,"caption":"La Mecha Azul"},"image":{"@id":"https:\/\/patriaparatodos.com.ve\/#\/schema\/logo\/image\/"}},{"@type":"Person","@id":"https:\/\/patriaparatodos.com.ve\/#\/schema\/person\/fa39a49638b83519fd822cacb44f5844","name":"Ana Gonzalez","image":{"@type":"ImageObject","inLanguage":"es","@id":"https:\/\/patriaparatodos.com.ve\/#\/schema\/person\/image\/","url":"https:\/\/secure.gravatar.com\/avatar\/ef0a71a129594a408c20318531deb64b0ee4a6d35f0864a2e33aea8b4d3481be?s=96&d=mm&r=g","contentUrl":"https:\/\/secure.gravatar.com\/avatar\/ef0a71a129594a408c20318531deb64b0ee4a6d35f0864a2e33aea8b4d3481be?s=96&d=mm&r=g","caption":"Ana Gonzalez"},"url":"https:\/\/patriaparatodos.com.ve\/?author=3"}]}},"_links":{"self":[{"href":"https:\/\/patriaparatodos.com.ve\/index.php?rest_route=\/wp\/v2\/posts\/1301","targetHints":{"allow":["GET"]}}],"collection":[{"href":"https:\/\/patriaparatodos.com.ve\/index.php?rest_route=\/wp\/v2\/posts"}],"about":[{"href":"https:\/\/patriaparatodos.com.ve\/index.php?rest_route=\/wp\/v2\/types\/post"}],"author":[{"embeddable":true,"href":"https:\/\/patriaparatodos.com.ve\/index.php?rest_route=\/wp\/v2\/users\/3"}],"replies":[{"embeddable":true,"href":"https:\/\/patriaparatodos.com.ve\/index.php?rest_route=%2Fwp%2Fv2%2Fcomments&post=1301"}],"version-history":[{"count":1,"href":"https:\/\/patriaparatodos.com.ve\/index.php?rest_route=\/wp\/v2\/posts\/1301\/revisions"}],"predecessor-version":[{"id":1303,"href":"https:\/\/patriaparatodos.com.ve\/index.php?rest_route=\/wp\/v2\/posts\/1301\/revisions\/1303"}],"wp:featuredmedia":[{"embeddable":true,"href":"https:\/\/patriaparatodos.com.ve\/index.php?rest_route=\/wp\/v2\/media\/1302"}],"wp:attachment":[{"href":"https:\/\/patriaparatodos.com.ve\/index.php?rest_route=%2Fwp%2Fv2%2Fmedia&parent=1301"}],"wp:term":[{"taxonomy":"category","embeddable":true,"href":"https:\/\/patriaparatodos.com.ve\/index.php?rest_route=%2Fwp%2Fv2%2Fcategories&post=1301"},{"taxonomy":"post_tag","embeddable":true,"href":"https:\/\/patriaparatodos.com.ve\/index.php?rest_route=%2Fwp%2Fv2%2Ftags&post=1301"}],"curies":[{"name":"wp","href":"https:\/\/api.w.org\/{rel}","templated":true}]}}