{"id":1306,"date":"2023-08-30T20:24:20","date_gmt":"2023-08-30T20:24:20","guid":{"rendered":"https:\/\/patriaparatodos.com.ve\/?p=1306"},"modified":"2024-04-10T23:37:22","modified_gmt":"2024-04-10T23:37:22","slug":"ilenia-medina-para-ingresar-a-los-brics-la-economia-venezolana-debe-resincronizarse","status":"publish","type":"post","link":"https:\/\/patriaparatodos.com.ve\/?p=1306","title":{"rendered":"Ilenia Medina: Para ingresar a los BRICS la econom\u00eda venezolana debe resincronizarse"},"content":{"rendered":"<p><strong>PPT afina estrategia y m\u00e9todos de organizaci\u00f3n en las regiones para defender la Revoluci\u00f3n Bolivariana, organizar el voto y acompa\u00f1ar marchas en defensa de la paz<\/strong><\/p>\n<p>&nbsp;<\/p>\n<p>(Prensa PPT-Caracas, 28 de agosto de 2023) Desde la Oficina Parlamentaria de Patria Para Todos, la Diputada Ilenia Medina, Secretaria General de PPT, expres\u00f3 que su organizaci\u00f3n es una Escuela de Cuadros permanente, raz\u00f3n por la cual en colectivo se construye la agenda de temas para la Rueda de Prensa que se da cada lunes desde hace 25 a\u00f1os.<\/p>\n<p>Antes de abordar los temas de inter\u00e9s nacional, la dirigente rindi\u00f3 tributo al profesor Lu\u00eds Acu\u00f1a, dirigente revolucionario, quien falleciera este fin de semana; expres\u00f3 sus condolencias a familiares, amigos y camaradas de lucha, quienes hicieron junto a Acu\u00f1a diversas acciones para el beneficio de los distintos espacios donde hizo vida p\u00fablica, entre ellos la Universidad de Oriente, el Ministerio de Educaci\u00f3n Universitaria y la Gobernaci\u00f3n del estado Sucre.<\/p>\n<p><strong>PPT visit\u00f3 Embajada de M\u00e9xico en Caracas.- <\/strong>La tolda azul, una vez m\u00e1s marca pauta al acudir en visita oficial a la Embajada de M\u00e9xico y ser atendidos por su Embajador Leopoldo De Gyv\u00e9s de La Cruz y cuerpo diplom\u00e1tico. Ilenia Medina destac\u00f3 que esta visita ten\u00eda como prop\u00f3sito la verdad y la \u00e9tica sobre la situaci\u00f3n generada en la Embajada de Venezuela en ciudad de M\u00e9xico, al ser violentada por un grupo de dirigentes del Partido Comunista Mexicano sin autorizaci\u00f3n para ingresar a nuestra sede diplom\u00e1tica.<\/p>\n<p>La irrupci\u00f3n en la Embajada venezolana se caracteriz\u00f3 por un acto fascista que pretend\u00eda descalificar al Estado venezolano y a los partidos pol\u00edticos y particularmente a Patria Para Todos. En la visita que realizamos hicimos un intercambio de hermandad y explicamos la garant\u00eda de nuestra Constituci\u00f3n al ofrecer a la militancia de cualquier organizaci\u00f3n de recurrir ante un mecanismo de justicia por violaci\u00f3n de sus derechos pol\u00edticos dentro de su partido.<\/p>\n<p>As\u00ed mismo, le hizo saber al Embajador\u00a0 De Gyv\u00e9s de La Cruz, las razones por las cuales PPT acudi\u00f3 en dos oportunidades ante las instancias jurisdiccionales y de igual manera otras organizaciones de izquierda y de derecha lo han hecho en nuestro pa\u00eds. Lo del PCV es un acto interno de su militancia. Medina signific\u00f3 lo importante del agradecimiento del Embajador ante la visita efectuada por la dirigencia pepetista y la preocupaci\u00f3n que manifestamos sobre la situaci\u00f3n que violent\u00f3 la inmunidad de nuestra Embajada en su pa\u00eds.<\/p>\n<p><strong>Jubilados sider\u00fargicos fueron atendidos.-<\/strong> PPT reconoce la atenci\u00f3n inmediata que se dio a los adultos mayores en condici\u00f3n de jubilados de la Sider\u00fargica del Orinoco, quienes se manten\u00edan en huelga de hambre para exigir el pago de sus prestaciones sociales; nuestro partido se hizo eco de este justo reclamo y abog\u00f3 por ellos ante la institucionalidad para que diera respuesta, pol\u00edtica de nuestra organizaci\u00f3n que acompa\u00f1a a la clase trabajadora\u00a0 y la indexaci\u00f3n de sus prestaciones sociales.<\/p>\n<p><strong>Nuevo CNE.-<\/strong> Los parlamentarios de PPT en la Asamblea Nacional son actores de primer orden para la designaci\u00f3n de los nuevos Rectores principales y suplentes del Consejo Nacional Electoral, luego de la renuncia presentada por los anteriores rectores, raz\u00f3n que activ\u00f3 al Poder Legislativo para elegir a los nuevos miembros del Poder Electoral venezolano que tendr\u00e1 dentro de sus responsabilidades organizar los pr\u00f3ximos comicios, para los cuales nuestra organizaci\u00f3n est\u00e1 preparada.<\/p>\n<p><strong>Se reactiva gira nacional de PPT.-<\/strong> Con recorridos en los estados Carabobo y Aragua, se iniciaron las visitas del Secretariado Nacional de PPT a las distintas regiones del pa\u00eds. El prop\u00f3sito es la revisi\u00f3n del Plan de Acci\u00f3n de PPT junto a los equipos regionales, que tiene como prop\u00f3sito el crecimiento de la organizaci\u00f3n, la presencia en cada municipio del pa\u00eds, el acompa\u00f1amiento a los movimientos sociales, la articulaci\u00f3n con los miembros del Gran Polo Patri\u00f3tico Sim\u00f3n Bol\u00edvar (GPPSB) y la organizaci\u00f3n del voto.<\/p>\n<p>Ilenia Medina indic\u00f3 que hay muchos avances palpables. Estamos creciendo, aun cuando las complejidades propias del pa\u00eds no escapan a PPT, por esta raz\u00f3n la tolda azul garantizar\u00e1 como m\u00ednimo a la Revoluci\u00f3n Bolivariana 1000 votos por municipio, exceptuando de ello al Municipio Libertador (Caracas) y el Municipio Vargas (La Guaira), que aportar\u00e1n 500 votos por cada parroquia, considerando que la capital cuenta con 22 parroquias y La Guaira posee 11.<\/p>\n<p><strong>Saneamiento del Lago de Maracaibo.-<\/strong> La militancia regional de PPT en el Zulia est\u00e1 activa en el trabajo con las Mesas T\u00e9cnicas, las instituciones p\u00fablicas, el Movimiento de Pescadores y el Poder Popular organizado. Hacen control de las pol\u00edticas p\u00fablicas destinadas a la atenci\u00f3n integral de la cuenca, la sustituci\u00f3n de tuber\u00edas de instalaciones petroleras que derraman hidrocarburos al lago.<\/p>\n<p>Medina se\u00f1al\u00f3 que hay un trabajo muy activo en la capital zuliana y eso es significativo, sin embargo, en otras localidades no se ve el mismo impulso, entre ellos el Municipio San Francisco, donde los pescadores y el Poder Popular exigen una pol\u00edtica de saneamiento m\u00e1s contundente para la limpieza del lago y las ca\u00f1adas que vierten sus aguas en \u00e9l, consider\u00f3 que debe incorporarse a la Comisi\u00f3n Permanente de Ecosocialismo del parlamento nacional.<\/p>\n<p>La acci\u00f3n de PPT, adem\u00e1s de acompa\u00f1amiento, es conocer en cada una de las ciudades y centros poblados ubicados a los lados del Lago, para presentar un informe exhaustivo con el levantamiento de las particularidades presentes en cada espacio, con los elementos que son clave para la atenci\u00f3n. La idea de esta estrategia es presentar el problema y sus soluciones.<\/p>\n<p><strong>Medidas preventivas ante lluvias.-<\/strong> PPT ve con buenos ojos la iniciativa de la Alcaldesa de Caracas, Carmen Teresa Mel\u00e9ndez, quien este fin de semana difundi\u00f3 un audio para sensibilizar a la comunidad ante cualquier situaci\u00f3n que pusiese en riesgo su integridad personal, ya que las lluvias podr\u00edan generar alteraciones en las zonas vulnerables, afectando viviendas en riesgo y poniendo en peligro a quienes las habitan. Esta alerta debe estar acompa\u00f1ada por un grupo de voluntarios, parte de la comunidad organizada y asistida por todas las instituciones para la atenci\u00f3n integral de los riesgos.<\/p>\n<p><strong>Venezuela de cara al ingreso en los BRICS.-<\/strong> Para nuestro ingreso formal debemos ir a una Constituyente Socioproductiva para reordenar y repensar el proyecto bolivariano. PPT semanas antes hab\u00eda previsto que Venezuela necesita resincronizar la econom\u00eda para adecuar el sistema monetario y administrativo; incorporar una Constituyente de los Trabajadores; redefinir la inversi\u00f3n extranjera que se requiere en las Zonas Econ\u00f3micas Especiales, turismo y sector agroalimentario que plantea el Presidente Maduro para lo cual ha invitado a los miembros del BRICS en su incorporaci\u00f3n.<\/p>\n<p>Para finalizar, Patria Para Todos presentar\u00e1 al Presidente Nicol\u00e1s Maduro una propuesta como aporte ante el ingreso de Venezuela en los BRICS, para cumplir con las condiciones que permitan nuestro ingreso pleno, ya que por ser un pa\u00eds bloqueado nuestra econom\u00eda ha sido afectada. Por esta raz\u00f3n se debe plantear un nuevo m\u00e9todo que permita presentarnos como una propuesta s\u00f3lida ante esta nueva alianza multipolar.<\/p>\n<p>&nbsp;<\/p>\n","protected":false},"excerpt":{"rendered":"<p>PPT afina estrategia y m\u00e9todos de organizaci\u00f3n en las regiones para defender la Revoluci\u00f3n Bolivariana, organizar el voto y acompa\u00f1ar marchas en defensa de la paz &nbsp; (Prensa PPT-Caracas, 28 de agosto de 2023) Desde la Oficina Parlamentaria de Patria Para Todos, la Diputada Ilenia Medina, Secretaria General de PPT, expres\u00f3 que su organizaci\u00f3n es [&hellip;]<\/p>\n","protected":false},"author":3,"featured_media":1310,"comment_status":"closed","ping_status":"open","sticky":false,"template":"","format":"standard","meta":{"footnotes":""},"categories":[7],"tags":[],"class_list":["post-1306","post","type-post","status-publish","format-standard","has-post-thumbnail","hentry","category-notas-de-prensa"],"yoast_head":"<!-- This site is optimized with the Yoast SEO plugin v23.3 - https:\/\/yoast.com\/wordpress\/plugins\/seo\/ -->\n<title>Ilenia Medina: Para ingresar a los BRICS la econom\u00eda venezolana debe resincronizarse - La Mecha Azul<\/title>\n<meta name=\"description\" content=\"PPT afina estrategia y m\u00e9todos de organizaci\u00f3n en las regiones para defender la Revoluci\u00f3n Bolivariana, organizar el voto y acompa\u00f1ar marchas en defensa de la paz\" \/>\n<meta name=\"robots\" content=\"index, follow, max-snippet:-1, max-image-preview:large, max-video-preview:-1\" \/>\n<link rel=\"canonical\" href=\"https:\/\/patriaparatodos.com.ve\/?p=1306\" \/>\n<meta property=\"og:locale\" content=\"es_ES\" \/>\n<meta property=\"og:type\" content=\"article\" \/>\n<meta property=\"og:title\" content=\"Ilenia Medina: Para ingresar a los BRICS la econom\u00eda venezolana debe resincronizarse - La Mecha Azul\" \/>\n<meta property=\"og:description\" content=\"PPT afina estrategia y m\u00e9todos de organizaci\u00f3n en las regiones para defender la Revoluci\u00f3n Bolivariana, organizar el voto y acompa\u00f1ar marchas en defensa de la paz\" \/>\n<meta property=\"og:url\" content=\"https:\/\/patriaparatodos.com.ve\/?p=1306\" \/>\n<meta property=\"og:site_name\" content=\"La Mecha Azul\" \/>\n<meta property=\"article:published_time\" content=\"2023-08-30T20:24:20+00:00\" \/>\n<meta property=\"article:modified_time\" content=\"2024-04-10T23:37:22+00:00\" \/>\n<meta property=\"og:image\" content=\"https:\/\/patriaparatodos.com.ve\/wp-content\/uploads\/2023\/08\/IMG-20230829-WA0000-1-e1693427371410.jpg\" \/>\n\t<meta property=\"og:image:width\" content=\"1020\" \/>\n\t<meta property=\"og:image:height\" content=\"397\" \/>\n\t<meta property=\"og:image:type\" content=\"image\/jpeg\" \/>\n<meta name=\"author\" content=\"Ana Gonzalez\" \/>\n<meta name=\"twitter:card\" content=\"summary_large_image\" \/>\n<meta name=\"twitter:label1\" content=\"Escrito por\" \/>\n\t<meta name=\"twitter:data1\" content=\"Ana Gonzalez\" \/>\n\t<meta name=\"twitter:label2\" content=\"Tiempo de lectura\" \/>\n\t<meta name=\"twitter:data2\" content=\"6 minutos\" \/>\n<script type=\"application\/ld+json\" class=\"yoast-schema-graph\">{\"@context\":\"https:\/\/schema.org\",\"@graph\":[{\"@type\":\"Article\",\"@id\":\"https:\/\/patriaparatodos.com.ve\/?p=1306#article\",\"isPartOf\":{\"@id\":\"https:\/\/patriaparatodos.com.ve\/?p=1306\"},\"author\":{\"name\":\"Ana Gonzalez\",\"@id\":\"https:\/\/patriaparatodos.com.ve\/#\/schema\/person\/fa39a49638b83519fd822cacb44f5844\"},\"headline\":\"Ilenia Medina: Para ingresar a los BRICS la econom\u00eda venezolana debe resincronizarse\",\"datePublished\":\"2023-08-30T20:24:20+00:00\",\"dateModified\":\"2024-04-10T23:37:22+00:00\",\"mainEntityOfPage\":{\"@id\":\"https:\/\/patriaparatodos.com.ve\/?p=1306\"},\"wordCount\":1253,\"publisher\":{\"@id\":\"https:\/\/patriaparatodos.com.ve\/#organization\"},\"image\":{\"@id\":\"https:\/\/patriaparatodos.com.ve\/?p=1306#primaryimage\"},\"thumbnailUrl\":\"https:\/\/patriaparatodos.com.ve\/wp-content\/uploads\/2023\/08\/IMG-20230829-WA0000-1-e1693427371410.jpg\",\"articleSection\":[\"Notas de Prensa\"],\"inLanguage\":\"es\"},{\"@type\":\"WebPage\",\"@id\":\"https:\/\/patriaparatodos.com.ve\/?p=1306\",\"url\":\"https:\/\/patriaparatodos.com.ve\/?p=1306\",\"name\":\"Ilenia Medina: Para ingresar a los BRICS la econom\u00eda venezolana debe resincronizarse - La Mecha Azul\",\"isPartOf\":{\"@id\":\"https:\/\/patriaparatodos.com.ve\/#website\"},\"primaryImageOfPage\":{\"@id\":\"https:\/\/patriaparatodos.com.ve\/?p=1306#primaryimage\"},\"image\":{\"@id\":\"https:\/\/patriaparatodos.com.ve\/?p=1306#primaryimage\"},\"thumbnailUrl\":\"https:\/\/patriaparatodos.com.ve\/wp-content\/uploads\/2023\/08\/IMG-20230829-WA0000-1-e1693427371410.jpg\",\"datePublished\":\"2023-08-30T20:24:20+00:00\",\"dateModified\":\"2024-04-10T23:37:22+00:00\",\"description\":\"PPT afina estrategia y m\u00e9todos de organizaci\u00f3n en las regiones para defender la Revoluci\u00f3n Bolivariana, organizar el voto y acompa\u00f1ar marchas en defensa de la paz\",\"breadcrumb\":{\"@id\":\"https:\/\/patriaparatodos.com.ve\/?p=1306#breadcrumb\"},\"inLanguage\":\"es\",\"potentialAction\":[{\"@type\":\"ReadAction\",\"target\":[\"https:\/\/patriaparatodos.com.ve\/?p=1306\"]}]},{\"@type\":\"ImageObject\",\"inLanguage\":\"es\",\"@id\":\"https:\/\/patriaparatodos.com.ve\/?p=1306#primaryimage\",\"url\":\"https:\/\/patriaparatodos.com.ve\/wp-content\/uploads\/2023\/08\/IMG-20230829-WA0000-1-e1693427371410.jpg\",\"contentUrl\":\"https:\/\/patriaparatodos.com.ve\/wp-content\/uploads\/2023\/08\/IMG-20230829-WA0000-1-e1693427371410.jpg\",\"width\":1020,\"height\":397},{\"@type\":\"BreadcrumbList\",\"@id\":\"https:\/\/patriaparatodos.com.ve\/?p=1306#breadcrumb\",\"itemListElement\":[{\"@type\":\"ListItem\",\"position\":1,\"name\":\"Portada\",\"item\":\"https:\/\/patriaparatodos.com.ve\/\"},{\"@type\":\"ListItem\",\"position\":2,\"name\":\"Ilenia Medina: Para ingresar a los BRICS la econom\u00eda venezolana debe resincronizarse\"}]},{\"@type\":\"WebSite\",\"@id\":\"https:\/\/patriaparatodos.com.ve\/#website\",\"url\":\"https:\/\/patriaparatodos.com.ve\/\",\"name\":\"La Mecha Azul\",\"description\":\"Por la \u00c9tica, Valor de la Palabra\",\"publisher\":{\"@id\":\"https:\/\/patriaparatodos.com.ve\/#organization\"},\"potentialAction\":[{\"@type\":\"SearchAction\",\"target\":{\"@type\":\"EntryPoint\",\"urlTemplate\":\"https:\/\/patriaparatodos.com.ve\/?s={search_term_string}\"},\"query-input\":\"required name=search_term_string\"}],\"inLanguage\":\"es\"},{\"@type\":\"Organization\",\"@id\":\"https:\/\/patriaparatodos.com.ve\/#organization\",\"name\":\"La Mecha Azul\",\"url\":\"https:\/\/patriaparatodos.com.ve\/\",\"logo\":{\"@type\":\"ImageObject\",\"inLanguage\":\"es\",\"@id\":\"https:\/\/patriaparatodos.com.ve\/#\/schema\/logo\/image\/\",\"url\":\"https:\/\/patriaparatodos.com.ve\/wp-content\/uploads\/2023\/02\/cropped-logo-La-mecha-Azul-n.png\",\"contentUrl\":\"https:\/\/patriaparatodos.com.ve\/wp-content\/uploads\/2023\/02\/cropped-logo-La-mecha-Azul-n.png\",\"width\":5884,\"height\":3318,\"caption\":\"La Mecha Azul\"},\"image\":{\"@id\":\"https:\/\/patriaparatodos.com.ve\/#\/schema\/logo\/image\/\"}},{\"@type\":\"Person\",\"@id\":\"https:\/\/patriaparatodos.com.ve\/#\/schema\/person\/fa39a49638b83519fd822cacb44f5844\",\"name\":\"Ana Gonzalez\",\"image\":{\"@type\":\"ImageObject\",\"inLanguage\":\"es\",\"@id\":\"https:\/\/patriaparatodos.com.ve\/#\/schema\/person\/image\/\",\"url\":\"https:\/\/secure.gravatar.com\/avatar\/ef0a71a129594a408c20318531deb64b0ee4a6d35f0864a2e33aea8b4d3481be?s=96&d=mm&r=g\",\"contentUrl\":\"https:\/\/secure.gravatar.com\/avatar\/ef0a71a129594a408c20318531deb64b0ee4a6d35f0864a2e33aea8b4d3481be?s=96&d=mm&r=g\",\"caption\":\"Ana Gonzalez\"},\"url\":\"https:\/\/patriaparatodos.com.ve\/?author=3\"}]}<\/script>\n<!-- \/ Yoast SEO plugin. -->","yoast_head_json":{"title":"Ilenia Medina: Para ingresar a los BRICS la econom\u00eda venezolana debe resincronizarse - La Mecha Azul","description":"PPT afina estrategia y m\u00e9todos de organizaci\u00f3n en las regiones para defender la Revoluci\u00f3n Bolivariana, organizar el voto y acompa\u00f1ar marchas en defensa de la paz","robots":{"index":"index","follow":"follow","max-snippet":"max-snippet:-1","max-image-preview":"max-image-preview:large","max-video-preview":"max-video-preview:-1"},"canonical":"https:\/\/patriaparatodos.com.ve\/?p=1306","og_locale":"es_ES","og_type":"article","og_title":"Ilenia Medina: Para ingresar a los BRICS la econom\u00eda venezolana debe resincronizarse - La Mecha Azul","og_description":"PPT afina estrategia y m\u00e9todos de organizaci\u00f3n en las regiones para defender la Revoluci\u00f3n Bolivariana, organizar el voto y acompa\u00f1ar marchas en defensa de la paz","og_url":"https:\/\/patriaparatodos.com.ve\/?p=1306","og_site_name":"La Mecha Azul","article_published_time":"2023-08-30T20:24:20+00:00","article_modified_time":"2024-04-10T23:37:22+00:00","og_image":[{"width":1020,"height":397,"url":"https:\/\/patriaparatodos.com.ve\/wp-content\/uploads\/2023\/08\/IMG-20230829-WA0000-1-e1693427371410.jpg","type":"image\/jpeg"}],"author":"Ana Gonzalez","twitter_card":"summary_large_image","twitter_misc":{"Escrito por":"Ana Gonzalez","Tiempo de lectura":"6 minutos"},"schema":{"@context":"https:\/\/schema.org","@graph":[{"@type":"Article","@id":"https:\/\/patriaparatodos.com.ve\/?p=1306#article","isPartOf":{"@id":"https:\/\/patriaparatodos.com.ve\/?p=1306"},"author":{"name":"Ana Gonzalez","@id":"https:\/\/patriaparatodos.com.ve\/#\/schema\/person\/fa39a49638b83519fd822cacb44f5844"},"headline":"Ilenia Medina: Para ingresar a los BRICS la econom\u00eda venezolana debe resincronizarse","datePublished":"2023-08-30T20:24:20+00:00","dateModified":"2024-04-10T23:37:22+00:00","mainEntityOfPage":{"@id":"https:\/\/patriaparatodos.com.ve\/?p=1306"},"wordCount":1253,"publisher":{"@id":"https:\/\/patriaparatodos.com.ve\/#organization"},"image":{"@id":"https:\/\/patriaparatodos.com.ve\/?p=1306#primaryimage"},"thumbnailUrl":"https:\/\/patriaparatodos.com.ve\/wp-content\/uploads\/2023\/08\/IMG-20230829-WA0000-1-e1693427371410.jpg","articleSection":["Notas de Prensa"],"inLanguage":"es"},{"@type":"WebPage","@id":"https:\/\/patriaparatodos.com.ve\/?p=1306","url":"https:\/\/patriaparatodos.com.ve\/?p=1306","name":"Ilenia Medina: Para ingresar a los BRICS la econom\u00eda venezolana debe resincronizarse - La Mecha Azul","isPartOf":{"@id":"https:\/\/patriaparatodos.com.ve\/#website"},"primaryImageOfPage":{"@id":"https:\/\/patriaparatodos.com.ve\/?p=1306#primaryimage"},"image":{"@id":"https:\/\/patriaparatodos.com.ve\/?p=1306#primaryimage"},"thumbnailUrl":"https:\/\/patriaparatodos.com.ve\/wp-content\/uploads\/2023\/08\/IMG-20230829-WA0000-1-e1693427371410.jpg","datePublished":"2023-08-30T20:24:20+00:00","dateModified":"2024-04-10T23:37:22+00:00","description":"PPT afina estrategia y m\u00e9todos de organizaci\u00f3n en las regiones para defender la Revoluci\u00f3n Bolivariana, organizar el voto y acompa\u00f1ar marchas en defensa de la paz","breadcrumb":{"@id":"https:\/\/patriaparatodos.com.ve\/?p=1306#breadcrumb"},"inLanguage":"es","potentialAction":[{"@type":"ReadAction","target":["https:\/\/patriaparatodos.com.ve\/?p=1306"]}]},{"@type":"ImageObject","inLanguage":"es","@id":"https:\/\/patriaparatodos.com.ve\/?p=1306#primaryimage","url":"https:\/\/patriaparatodos.com.ve\/wp-content\/uploads\/2023\/08\/IMG-20230829-WA0000-1-e1693427371410.jpg","contentUrl":"https:\/\/patriaparatodos.com.ve\/wp-content\/uploads\/2023\/08\/IMG-20230829-WA0000-1-e1693427371410.jpg","width":1020,"height":397},{"@type":"BreadcrumbList","@id":"https:\/\/patriaparatodos.com.ve\/?p=1306#breadcrumb","itemListElement":[{"@type":"ListItem","position":1,"name":"Portada","item":"https:\/\/patriaparatodos.com.ve\/"},{"@type":"ListItem","position":2,"name":"Ilenia Medina: Para ingresar a los BRICS la econom\u00eda venezolana debe resincronizarse"}]},{"@type":"WebSite","@id":"https:\/\/patriaparatodos.com.ve\/#website","url":"https:\/\/patriaparatodos.com.ve\/","name":"La Mecha Azul","description":"Por la \u00c9tica, Valor de la Palabra","publisher":{"@id":"https:\/\/patriaparatodos.com.ve\/#organization"},"potentialAction":[{"@type":"SearchAction","target":{"@type":"EntryPoint","urlTemplate":"https:\/\/patriaparatodos.com.ve\/?s={search_term_string}"},"query-input":"required name=search_term_string"}],"inLanguage":"es"},{"@type":"Organization","@id":"https:\/\/patriaparatodos.com.ve\/#organization","name":"La Mecha Azul","url":"https:\/\/patriaparatodos.com.ve\/","logo":{"@type":"ImageObject","inLanguage":"es","@id":"https:\/\/patriaparatodos.com.ve\/#\/schema\/logo\/image\/","url":"https:\/\/patriaparatodos.com.ve\/wp-content\/uploads\/2023\/02\/cropped-logo-La-mecha-Azul-n.png","contentUrl":"https:\/\/patriaparatodos.com.ve\/wp-content\/uploads\/2023\/02\/cropped-logo-La-mecha-Azul-n.png","width":5884,"height":3318,"caption":"La Mecha Azul"},"image":{"@id":"https:\/\/patriaparatodos.com.ve\/#\/schema\/logo\/image\/"}},{"@type":"Person","@id":"https:\/\/patriaparatodos.com.ve\/#\/schema\/person\/fa39a49638b83519fd822cacb44f5844","name":"Ana Gonzalez","image":{"@type":"ImageObject","inLanguage":"es","@id":"https:\/\/patriaparatodos.com.ve\/#\/schema\/person\/image\/","url":"https:\/\/secure.gravatar.com\/avatar\/ef0a71a129594a408c20318531deb64b0ee4a6d35f0864a2e33aea8b4d3481be?s=96&d=mm&r=g","contentUrl":"https:\/\/secure.gravatar.com\/avatar\/ef0a71a129594a408c20318531deb64b0ee4a6d35f0864a2e33aea8b4d3481be?s=96&d=mm&r=g","caption":"Ana Gonzalez"},"url":"https:\/\/patriaparatodos.com.ve\/?author=3"}]}},"_links":{"self":[{"href":"https:\/\/patriaparatodos.com.ve\/index.php?rest_route=\/wp\/v2\/posts\/1306","targetHints":{"allow":["GET"]}}],"collection":[{"href":"https:\/\/patriaparatodos.com.ve\/index.php?rest_route=\/wp\/v2\/posts"}],"about":[{"href":"https:\/\/patriaparatodos.com.ve\/index.php?rest_route=\/wp\/v2\/types\/post"}],"author":[{"embeddable":true,"href":"https:\/\/patriaparatodos.com.ve\/index.php?rest_route=\/wp\/v2\/users\/3"}],"replies":[{"embeddable":true,"href":"https:\/\/patriaparatodos.com.ve\/index.php?rest_route=%2Fwp%2Fv2%2Fcomments&post=1306"}],"version-history":[{"count":2,"href":"https:\/\/patriaparatodos.com.ve\/index.php?rest_route=\/wp\/v2\/posts\/1306\/revisions"}],"predecessor-version":[{"id":1311,"href":"https:\/\/patriaparatodos.com.ve\/index.php?rest_route=\/wp\/v2\/posts\/1306\/revisions\/1311"}],"wp:featuredmedia":[{"embeddable":true,"href":"https:\/\/patriaparatodos.com.ve\/index.php?rest_route=\/wp\/v2\/media\/1310"}],"wp:attachment":[{"href":"https:\/\/patriaparatodos.com.ve\/index.php?rest_route=%2Fwp%2Fv2%2Fmedia&parent=1306"}],"wp:term":[{"taxonomy":"category","embeddable":true,"href":"https:\/\/patriaparatodos.com.ve\/index.php?rest_route=%2Fwp%2Fv2%2Fcategories&post=1306"},{"taxonomy":"post_tag","embeddable":true,"href":"https:\/\/patriaparatodos.com.ve\/index.php?rest_route=%2Fwp%2Fv2%2Ftags&post=1306"}],"curies":[{"name":"wp","href":"https:\/\/api.w.org\/{rel}","templated":true}]}}