{"id":1321,"date":"2023-09-12T18:55:14","date_gmt":"2023-09-12T18:55:14","guid":{"rendered":"https:\/\/patriaparatodos.com.ve\/?p=1321"},"modified":"2023-09-12T18:55:14","modified_gmt":"2023-09-12T18:55:14","slug":"ilenia-medina-mucho-cuidado-con-el-fraude-de-las-primarias","status":"publish","type":"post","link":"https:\/\/patriaparatodos.com.ve\/?p=1321","title":{"rendered":"Ilenia Medina: Mucho cuidado con el fraude de las primarias"},"content":{"rendered":"<p><strong>Venezuela est\u00e1 defendiendo su democracia donde todos los sectores puedan participar electoralmente y ganar por la v\u00eda pac\u00edfica y democr\u00e1tica que permiten las elecciones para acceder al poder y no por la violencia y por el terrorismo <\/strong><\/p>\n<p>(Prensa PPT-Caracas, 11 de septiembre de 2023) Con la vocer\u00eda a cargo de la Secretaria General de Patria Para Todos, Diputada Ilenia Medina, se realiz\u00f3 Rueda de Prensa en la Oficina Parlamentaria de PPT, se\u00f1alando que cada 11 de septiembre para los venezolanos cat\u00f3licos se celebra la advocaci\u00f3n mariana en la patrona del pa\u00eds, la Virgen de Coromoto, madre espiritual de la Patria de Bol\u00edvar.<\/p>\n<p><strong>Acci\u00f3n de EEUU para debilitar a la izquierda en Am\u00e9rica Latina.-<\/strong> Existen tres fechas que por su importancia ideol\u00f3gica y pol\u00edtica abord\u00f3 Ilenia Medina para explicar el papel del imperialismo norteamericano con su visi\u00f3n y concepto de la dominaci\u00f3n continental que calific\u00f3 de lamentable. En 11 de septiembre de 1973 con la consumaci\u00f3n del asesinato del Presidente M\u00e1rtir Salvador Allende hace 50 a\u00f1os e inicio de la dictadura de Pinochet en Chile y la promoci\u00f3n de asesinatos masivos en ese pa\u00eds; este hecho ten\u00eda como fin, no s\u00f3lo el Golpe de Estado, sino evitar que el Socialismo lograra otros espacios de poder por la v\u00eda democr\u00e1tica.<\/p>\n<p>Los otros dos hechos tambi\u00e9n ocurridos un 11 de septiembre, simult\u00e1neamente en el a\u00f1o 2001, fueron la aprobaci\u00f3n de la Carta Democr\u00e1tica Interamericana (Lima, Per\u00fa) y el desplome de las Torres Gemelas de Wall Street (Nueva York, Estados Unidos), ataque terrorista que estremec\u00eda al mundo transmitido pr\u00e1cticamente en vivo por los medios de comunicaci\u00f3n mundial.<\/p>\n<p>Destac\u00f3 Ilenia Medina que la Carta Democr\u00e1tica fue una hechura de Estados Unidos en la Cumbre de las Am\u00e9ricas, tras la propuesta de Ch\u00e1vez de limitar la aplicaci\u00f3n del ALCA, por ser un proyecto de dominaci\u00f3n econ\u00f3mica; tambi\u00e9n el Comandante hab\u00eda cuestionado la imposici\u00f3n de la democracia representativa, ya que Venezuela constitucionalmente defin\u00eda su democracia como participativa y protag\u00f3nica, superando la democracia burguesa que decid\u00eda de acuerdo a sus intereses y no al de las grandes\u00a0 mayor\u00edas, es decir, el pueblo. En ese momento Estados Unidos amenaz\u00f3 la Revoluci\u00f3n Bolivariana por afectar estas propuestas que requer\u00edan de su consenso para su aprobaci\u00f3n en el continente.<\/p>\n<p>Ilenia Medina, como testigo de excepci\u00f3n, expres\u00f3 que la representaci\u00f3n norteamericana le daba un a\u00f1o a Hugo Ch\u00e1vez y su Revoluci\u00f3n Bolivariana, es decir, que amenazaban al l\u00edder venezolano mediante el \u201cdi\u00e1logo interamericano\u201d, calificado por Medina como \u201cmon\u00f3logo norteamericano\u201d, materializado en un foro dado por Carlos Andr\u00e9s P\u00e9rez en marzo del a\u00f1o 2000, que marcar\u00eda la amenaza y la presi\u00f3n diplom\u00e1tica de Estados Unidos sobre Ch\u00e1vez en la Cumbre de las Am\u00e9ricas hecha en Canad\u00e1.<\/p>\n<p>Medina record\u00f3 que la Carta Interamericana no fue aprobada en la Cumbre de Costa Rica por exigencia de varios pa\u00edses, entre ellos, Venezuela; este hecho hizo que Estados Unidos propusiera una Asamblea Extraordinaria en Lima, Per\u00fa, para consumar su aprobaci\u00f3n sin debates ante la conmoci\u00f3n por la ca\u00edda de las emblem\u00e1ticas torres.<\/p>\n<p>Los tres acontecimientos relacionados con el 11 de septiembre, representan fechas ic\u00f3nicas para los latinoamericanos, sentenci\u00f3 Medina. El poder imperial siempre se ha inventado otra cosa que impida y mancille las conquistas de la izquierda, estos tres hechos as\u00ed lo demuestran. Son la materializaci\u00f3n de imponer por la fuerza, utilizando distintos ardides; tan es as\u00ed, que el Senador Lyndon LaRouche (Dem\u00f3crata), dos semanas despu\u00e9s, denunci\u00f3 el Golpe contra la constituci\u00f3n norteamericana.<\/p>\n<p>Por otro lado, desde su an\u00e1lisis como Internacionalista, Medina se\u00f1al\u00f3 que con el ataque a las torres gemelas, el gobierno norteamericano busc\u00f3 la forma de implicar a Estados considerados enemigos, como Ir\u00e1n, sin\u00a0 lograrlo, y luego al m\u00e1s vil ejemplo asesin\u00f3 a ni\u00f1os, mujeres y ancianos en Afganist\u00e1n, a lo cual Ch\u00e1vez, con una foto emblem\u00e1tica sentenci\u00f3 \u201c\u00a1As\u00ed no! \u00a1No se puede atacar el terrorismo con m\u00e1s terrorismo!\u201d, para oponerse al asesinato masivo de seres humanos, alzando la voz de quienes no se atrev\u00edan a denunciar este hecho atroz de nuestra historia contempor\u00e1nea.<\/p>\n<p><strong>Gira de Maduro a China.-<\/strong> Patria Para Todos felicita al Presidente Nicol\u00e1s Maduro Moros tras la excelente jornada de visita de Estado realizada en China, acotando que con esta visita se desaf\u00edan las amenazas imperialistas en procura de establecer lazos de hermandad en el orden econ\u00f3mico, comercial y financiero con la potencia asi\u00e1tica. En su recorrido por China, Maduro realiz\u00f3 distintas reuniones de trabajo para lograr fortalecer la econom\u00eda venezolana, que PPT considera debe resincornizarse y con esta jornada junto al ingreso de Venezuela a los BRICS se crean las condiciones necesarias para ello, indexando la econom\u00eda y los beneficios socioecon\u00f3micos de toda la poblaci\u00f3n.<\/p>\n<p><strong>Las primarias de la oposici\u00f3n.-<\/strong> Para PPT son un proyecto de fraude que busca destruir el pa\u00eds y genera una alerta las declaraciones de Mar\u00eda Carolina Uzc\u00e1tegui, ex miembro principal de la llamada \u201cComisi\u00f3n Nacional de Primarias\u201d, quien se\u00f1ala que no tendr\u00e1 ninguna credibilidad por falta de transparencia. A esto se suma la posici\u00f3n de Mar\u00eda Corina Machado ante su, seg\u00fan ella \u201cvictoria contundente\u201d del fraude, ya que seg\u00fan dice ganar\u00e1 porque s\u00ed y por la fuerza, llegando a la desfachatez de decir que estar\u00e1 hasta el final, a lo que Medina calific\u00f3 de extra\u00f1o y preocupante.<\/p>\n<p>Por otro lado, la dirigente de la tolda azul denunci\u00f3 que la data del Registro Electoral Permanente no puede ser usada por un factor pol\u00edtico para un proceso interno, que si bien es p\u00fablica en el sentido que todos los ciudadanos podemos auditarlo y es administrada por el Consejo Nacional Electoral, considerando una violaci\u00f3n el uso de esta data sin la autorizaci\u00f3n y consentimiento de quienes est\u00e1n registrados.<\/p>\n<p><strong>PPT en marcha.-<\/strong> Partiendo de la premisa que las calles pertenecen al pueblo organizado, la Diputada Ilenia Medina explic\u00f3 que su organizaci\u00f3n pol\u00edtica est\u00e1 presente en todas las marchas que la Revoluci\u00f3n Bolivariana ha venido desarrollando y tiene planteado hacer hasta el mes de diciembre. Para ella, tomar las calles no s\u00f3lo enarbola la dignidad del pueblo venezolano, sino que contribuye con la estabilidad y la paz del pa\u00eds, raz\u00f3n por la cual el fin de semana las calles de Barbacoas (Aragua) contaron con una marcha que aglomer\u00f3 las fuerzas revolucionarias, marcha que organiz\u00f3 la tolda azul junto al alcalde de PPT Sotero Gonz\u00e1lez (Municipio Urdaneta), demostrando su liderazgo, simpat\u00eda y carisma, y la capacidad de Patria Para Todos para hacerse presente junto al pueblo en las calles de esta localidad arag\u00fce\u00f1a.<\/p>\n<p><strong>Movimiento de Profesores.-<\/strong> En Guasdualito, estado Apure, se desarroll\u00f3 la conformaci\u00f3n del Movimiento de Profesores Universitarios Hugo Ch\u00e1vez, integrado por profesores de la Universidad Nacional Experimental de los Llanos Occidentales Ezequiel Zamora (UNELLEZ), quienes est\u00e1n dirigidos por nuestro Secretario General de PPT en esa entidad, Al\u00ed El Zeila, y agrupa a profesores de la izquierda universitaria para debatir, discutir y analizar el panorama educativo de este sector y presentar propuestas que contribuyan con un desarroll\u00f3 c\u00f3nsono de la universidad venezolana.<\/p>\n<p><strong>Se avizoran cambios en el G20.-<\/strong> Con la reciente reuni\u00f3n del G20, donde La India le entreg\u00f3 la presidencia a Brasil, se presentaron cambios que podr\u00edan modificar la estructura del Fondo Monetario Internacional y la Organizaci\u00f3n Mundial del Comercio, aspectos que PPT ve como positivos, considerando que ambos pa\u00edses tambi\u00e9n son miembros de los BRICS y est\u00e1n apostando a mecanismos que reflejen la multipolaridad en la geopol\u00edtica mundial; esperemos que en la reestructuraci\u00f3n de estos organismos realmente contribuya al bienestar de la humanidad.<\/p>\n<p><strong>Mes aniversario de PPT.-<\/strong> En las distintas regiones del pa\u00eds la tolda azul est\u00e1 organizando actividades conmemorativas de los 26 a\u00f1os de la organizaci\u00f3n, partido que se basa en los postulados pol\u00edticos, ideol\u00f3gicos y filos\u00f3ficos de Alfredo Maneiro, consider\u00e1ndose una organizaci\u00f3n de movimientos sociales que articula el trabajo de estos para la atenci\u00f3n del pueblo venezolano, de all\u00ed que septiembre sea un mes para desarrollar actividades de distinta \u00edndole, entre ellos foros, charlas y discusiones de inter\u00e9s nacional que en esta oportunidad sumar\u00e1 a nuevos militantes.<\/p>\n<p><strong>Venezuela y los BRICS.-<\/strong> Para finalizar, la Diputada Ilenia Medina especific\u00f3 que el ingreso de Venezuela a los BRICS permitir\u00eda obtener recursos a trav\u00e9s del financiamiento de proyectos de desarrollo, inversi\u00f3n en sectores que hasta el momento han sido definidos como prioritarios por el Estado venezolano, en armon\u00eda con un profundo an\u00e1lisis del contexto global, como es el caso de la producci\u00f3n de alimentos para la exportaci\u00f3n.<\/p>\n","protected":false},"excerpt":{"rendered":"<p>Venezuela est\u00e1 defendiendo su democracia donde todos los sectores puedan participar electoralmente y ganar por la v\u00eda pac\u00edfica y democr\u00e1tica que permiten las elecciones para acceder al poder y no por la violencia y por el terrorismo (Prensa PPT-Caracas, 11 de septiembre de 2023) Con la vocer\u00eda a cargo de la Secretaria General de Patria [&hellip;]<\/p>\n","protected":false},"author":3,"featured_media":1322,"comment_status":"closed","ping_status":"open","sticky":false,"template":"","format":"standard","meta":{"footnotes":""},"categories":[7],"tags":[],"class_list":["post-1321","post","type-post","status-publish","format-standard","has-post-thumbnail","hentry","category-notas-de-prensa"],"yoast_head":"<!-- This site is optimized with the Yoast SEO plugin v23.3 - https:\/\/yoast.com\/wordpress\/plugins\/seo\/ -->\n<title>Ilenia Medina: Mucho cuidado con el fraude de las primarias - La Mecha Azul<\/title>\n<meta name=\"description\" content=\"Venezuela est\u00e1 defendiendo su democracia donde todos los sectores puedan participar electoralmente y ganar por la v\u00eda pac\u00edfica\" \/>\n<meta name=\"robots\" content=\"index, follow, max-snippet:-1, max-image-preview:large, max-video-preview:-1\" \/>\n<link rel=\"canonical\" href=\"https:\/\/patriaparatodos.com.ve\/?p=1321\" \/>\n<meta property=\"og:locale\" content=\"es_ES\" \/>\n<meta property=\"og:type\" content=\"article\" \/>\n<meta property=\"og:title\" content=\"Ilenia Medina: Mucho cuidado con el fraude de las primarias - La Mecha Azul\" \/>\n<meta property=\"og:description\" content=\"Venezuela est\u00e1 defendiendo su democracia donde todos los sectores puedan participar electoralmente y ganar por la v\u00eda pac\u00edfica\" \/>\n<meta property=\"og:url\" content=\"https:\/\/patriaparatodos.com.ve\/?p=1321\" \/>\n<meta property=\"og:site_name\" content=\"La Mecha Azul\" \/>\n<meta property=\"article:published_time\" content=\"2023-09-12T18:55:14+00:00\" \/>\n<meta property=\"og:image\" content=\"https:\/\/patriaparatodos.com.ve\/wp-content\/uploads\/2023\/09\/IMG-20230912-WA0000-e1694544869153.jpg\" \/>\n\t<meta property=\"og:image:width\" content=\"860\" \/>\n\t<meta property=\"og:image:height\" content=\"414\" \/>\n\t<meta property=\"og:image:type\" content=\"image\/jpeg\" \/>\n<meta name=\"author\" content=\"Ana Gonzalez\" \/>\n<meta name=\"twitter:card\" content=\"summary_large_image\" \/>\n<meta name=\"twitter:label1\" content=\"Escrito por\" \/>\n\t<meta name=\"twitter:data1\" content=\"Ana Gonzalez\" \/>\n\t<meta name=\"twitter:label2\" content=\"Tiempo de lectura\" \/>\n\t<meta name=\"twitter:data2\" content=\"7 minutos\" \/>\n<script type=\"application\/ld+json\" class=\"yoast-schema-graph\">{\"@context\":\"https:\/\/schema.org\",\"@graph\":[{\"@type\":\"Article\",\"@id\":\"https:\/\/patriaparatodos.com.ve\/?p=1321#article\",\"isPartOf\":{\"@id\":\"https:\/\/patriaparatodos.com.ve\/?p=1321\"},\"author\":{\"name\":\"Ana Gonzalez\",\"@id\":\"https:\/\/patriaparatodos.com.ve\/#\/schema\/person\/fa39a49638b83519fd822cacb44f5844\"},\"headline\":\"Ilenia Medina: Mucho cuidado con el fraude de las primarias\",\"datePublished\":\"2023-09-12T18:55:14+00:00\",\"dateModified\":\"2023-09-12T18:55:14+00:00\",\"mainEntityOfPage\":{\"@id\":\"https:\/\/patriaparatodos.com.ve\/?p=1321\"},\"wordCount\":1532,\"publisher\":{\"@id\":\"https:\/\/patriaparatodos.com.ve\/#organization\"},\"image\":{\"@id\":\"https:\/\/patriaparatodos.com.ve\/?p=1321#primaryimage\"},\"thumbnailUrl\":\"https:\/\/patriaparatodos.com.ve\/wp-content\/uploads\/2023\/09\/IMG-20230912-WA0000-e1694544869153.jpg\",\"articleSection\":[\"Notas de Prensa\"],\"inLanguage\":\"es\"},{\"@type\":\"WebPage\",\"@id\":\"https:\/\/patriaparatodos.com.ve\/?p=1321\",\"url\":\"https:\/\/patriaparatodos.com.ve\/?p=1321\",\"name\":\"Ilenia Medina: Mucho cuidado con el fraude de las primarias - La Mecha Azul\",\"isPartOf\":{\"@id\":\"https:\/\/patriaparatodos.com.ve\/#website\"},\"primaryImageOfPage\":{\"@id\":\"https:\/\/patriaparatodos.com.ve\/?p=1321#primaryimage\"},\"image\":{\"@id\":\"https:\/\/patriaparatodos.com.ve\/?p=1321#primaryimage\"},\"thumbnailUrl\":\"https:\/\/patriaparatodos.com.ve\/wp-content\/uploads\/2023\/09\/IMG-20230912-WA0000-e1694544869153.jpg\",\"datePublished\":\"2023-09-12T18:55:14+00:00\",\"dateModified\":\"2023-09-12T18:55:14+00:00\",\"description\":\"Venezuela est\u00e1 defendiendo su democracia donde todos los sectores puedan participar electoralmente y ganar por la v\u00eda pac\u00edfica\",\"breadcrumb\":{\"@id\":\"https:\/\/patriaparatodos.com.ve\/?p=1321#breadcrumb\"},\"inLanguage\":\"es\",\"potentialAction\":[{\"@type\":\"ReadAction\",\"target\":[\"https:\/\/patriaparatodos.com.ve\/?p=1321\"]}]},{\"@type\":\"ImageObject\",\"inLanguage\":\"es\",\"@id\":\"https:\/\/patriaparatodos.com.ve\/?p=1321#primaryimage\",\"url\":\"https:\/\/patriaparatodos.com.ve\/wp-content\/uploads\/2023\/09\/IMG-20230912-WA0000-e1694544869153.jpg\",\"contentUrl\":\"https:\/\/patriaparatodos.com.ve\/wp-content\/uploads\/2023\/09\/IMG-20230912-WA0000-e1694544869153.jpg\",\"width\":860,\"height\":414},{\"@type\":\"BreadcrumbList\",\"@id\":\"https:\/\/patriaparatodos.com.ve\/?p=1321#breadcrumb\",\"itemListElement\":[{\"@type\":\"ListItem\",\"position\":1,\"name\":\"Portada\",\"item\":\"https:\/\/patriaparatodos.com.ve\/\"},{\"@type\":\"ListItem\",\"position\":2,\"name\":\"Ilenia Medina: Mucho cuidado con el fraude de las primarias\"}]},{\"@type\":\"WebSite\",\"@id\":\"https:\/\/patriaparatodos.com.ve\/#website\",\"url\":\"https:\/\/patriaparatodos.com.ve\/\",\"name\":\"La Mecha Azul\",\"description\":\"Por la \u00c9tica, Valor de la Palabra\",\"publisher\":{\"@id\":\"https:\/\/patriaparatodos.com.ve\/#organization\"},\"potentialAction\":[{\"@type\":\"SearchAction\",\"target\":{\"@type\":\"EntryPoint\",\"urlTemplate\":\"https:\/\/patriaparatodos.com.ve\/?s={search_term_string}\"},\"query-input\":\"required name=search_term_string\"}],\"inLanguage\":\"es\"},{\"@type\":\"Organization\",\"@id\":\"https:\/\/patriaparatodos.com.ve\/#organization\",\"name\":\"La Mecha Azul\",\"url\":\"https:\/\/patriaparatodos.com.ve\/\",\"logo\":{\"@type\":\"ImageObject\",\"inLanguage\":\"es\",\"@id\":\"https:\/\/patriaparatodos.com.ve\/#\/schema\/logo\/image\/\",\"url\":\"https:\/\/patriaparatodos.com.ve\/wp-content\/uploads\/2023\/02\/cropped-logo-La-mecha-Azul-n.png\",\"contentUrl\":\"https:\/\/patriaparatodos.com.ve\/wp-content\/uploads\/2023\/02\/cropped-logo-La-mecha-Azul-n.png\",\"width\":5884,\"height\":3318,\"caption\":\"La Mecha Azul\"},\"image\":{\"@id\":\"https:\/\/patriaparatodos.com.ve\/#\/schema\/logo\/image\/\"}},{\"@type\":\"Person\",\"@id\":\"https:\/\/patriaparatodos.com.ve\/#\/schema\/person\/fa39a49638b83519fd822cacb44f5844\",\"name\":\"Ana Gonzalez\",\"image\":{\"@type\":\"ImageObject\",\"inLanguage\":\"es\",\"@id\":\"https:\/\/patriaparatodos.com.ve\/#\/schema\/person\/image\/\",\"url\":\"https:\/\/secure.gravatar.com\/avatar\/ef0a71a129594a408c20318531deb64b0ee4a6d35f0864a2e33aea8b4d3481be?s=96&d=mm&r=g\",\"contentUrl\":\"https:\/\/secure.gravatar.com\/avatar\/ef0a71a129594a408c20318531deb64b0ee4a6d35f0864a2e33aea8b4d3481be?s=96&d=mm&r=g\",\"caption\":\"Ana Gonzalez\"},\"url\":\"https:\/\/patriaparatodos.com.ve\/?author=3\"}]}<\/script>\n<!-- \/ Yoast SEO plugin. -->","yoast_head_json":{"title":"Ilenia Medina: Mucho cuidado con el fraude de las primarias - La Mecha Azul","description":"Venezuela est\u00e1 defendiendo su democracia donde todos los sectores puedan participar electoralmente y ganar por la v\u00eda pac\u00edfica","robots":{"index":"index","follow":"follow","max-snippet":"max-snippet:-1","max-image-preview":"max-image-preview:large","max-video-preview":"max-video-preview:-1"},"canonical":"https:\/\/patriaparatodos.com.ve\/?p=1321","og_locale":"es_ES","og_type":"article","og_title":"Ilenia Medina: Mucho cuidado con el fraude de las primarias - La Mecha Azul","og_description":"Venezuela est\u00e1 defendiendo su democracia donde todos los sectores puedan participar electoralmente y ganar por la v\u00eda pac\u00edfica","og_url":"https:\/\/patriaparatodos.com.ve\/?p=1321","og_site_name":"La Mecha Azul","article_published_time":"2023-09-12T18:55:14+00:00","og_image":[{"width":860,"height":414,"url":"https:\/\/patriaparatodos.com.ve\/wp-content\/uploads\/2023\/09\/IMG-20230912-WA0000-e1694544869153.jpg","type":"image\/jpeg"}],"author":"Ana Gonzalez","twitter_card":"summary_large_image","twitter_misc":{"Escrito por":"Ana Gonzalez","Tiempo de lectura":"7 minutos"},"schema":{"@context":"https:\/\/schema.org","@graph":[{"@type":"Article","@id":"https:\/\/patriaparatodos.com.ve\/?p=1321#article","isPartOf":{"@id":"https:\/\/patriaparatodos.com.ve\/?p=1321"},"author":{"name":"Ana Gonzalez","@id":"https:\/\/patriaparatodos.com.ve\/#\/schema\/person\/fa39a49638b83519fd822cacb44f5844"},"headline":"Ilenia Medina: Mucho cuidado con el fraude de las primarias","datePublished":"2023-09-12T18:55:14+00:00","dateModified":"2023-09-12T18:55:14+00:00","mainEntityOfPage":{"@id":"https:\/\/patriaparatodos.com.ve\/?p=1321"},"wordCount":1532,"publisher":{"@id":"https:\/\/patriaparatodos.com.ve\/#organization"},"image":{"@id":"https:\/\/patriaparatodos.com.ve\/?p=1321#primaryimage"},"thumbnailUrl":"https:\/\/patriaparatodos.com.ve\/wp-content\/uploads\/2023\/09\/IMG-20230912-WA0000-e1694544869153.jpg","articleSection":["Notas de Prensa"],"inLanguage":"es"},{"@type":"WebPage","@id":"https:\/\/patriaparatodos.com.ve\/?p=1321","url":"https:\/\/patriaparatodos.com.ve\/?p=1321","name":"Ilenia Medina: Mucho cuidado con el fraude de las primarias - La Mecha Azul","isPartOf":{"@id":"https:\/\/patriaparatodos.com.ve\/#website"},"primaryImageOfPage":{"@id":"https:\/\/patriaparatodos.com.ve\/?p=1321#primaryimage"},"image":{"@id":"https:\/\/patriaparatodos.com.ve\/?p=1321#primaryimage"},"thumbnailUrl":"https:\/\/patriaparatodos.com.ve\/wp-content\/uploads\/2023\/09\/IMG-20230912-WA0000-e1694544869153.jpg","datePublished":"2023-09-12T18:55:14+00:00","dateModified":"2023-09-12T18:55:14+00:00","description":"Venezuela est\u00e1 defendiendo su democracia donde todos los sectores puedan participar electoralmente y ganar por la v\u00eda pac\u00edfica","breadcrumb":{"@id":"https:\/\/patriaparatodos.com.ve\/?p=1321#breadcrumb"},"inLanguage":"es","potentialAction":[{"@type":"ReadAction","target":["https:\/\/patriaparatodos.com.ve\/?p=1321"]}]},{"@type":"ImageObject","inLanguage":"es","@id":"https:\/\/patriaparatodos.com.ve\/?p=1321#primaryimage","url":"https:\/\/patriaparatodos.com.ve\/wp-content\/uploads\/2023\/09\/IMG-20230912-WA0000-e1694544869153.jpg","contentUrl":"https:\/\/patriaparatodos.com.ve\/wp-content\/uploads\/2023\/09\/IMG-20230912-WA0000-e1694544869153.jpg","width":860,"height":414},{"@type":"BreadcrumbList","@id":"https:\/\/patriaparatodos.com.ve\/?p=1321#breadcrumb","itemListElement":[{"@type":"ListItem","position":1,"name":"Portada","item":"https:\/\/patriaparatodos.com.ve\/"},{"@type":"ListItem","position":2,"name":"Ilenia Medina: Mucho cuidado con el fraude de las primarias"}]},{"@type":"WebSite","@id":"https:\/\/patriaparatodos.com.ve\/#website","url":"https:\/\/patriaparatodos.com.ve\/","name":"La Mecha Azul","description":"Por la \u00c9tica, Valor de la Palabra","publisher":{"@id":"https:\/\/patriaparatodos.com.ve\/#organization"},"potentialAction":[{"@type":"SearchAction","target":{"@type":"EntryPoint","urlTemplate":"https:\/\/patriaparatodos.com.ve\/?s={search_term_string}"},"query-input":"required name=search_term_string"}],"inLanguage":"es"},{"@type":"Organization","@id":"https:\/\/patriaparatodos.com.ve\/#organization","name":"La Mecha Azul","url":"https:\/\/patriaparatodos.com.ve\/","logo":{"@type":"ImageObject","inLanguage":"es","@id":"https:\/\/patriaparatodos.com.ve\/#\/schema\/logo\/image\/","url":"https:\/\/patriaparatodos.com.ve\/wp-content\/uploads\/2023\/02\/cropped-logo-La-mecha-Azul-n.png","contentUrl":"https:\/\/patriaparatodos.com.ve\/wp-content\/uploads\/2023\/02\/cropped-logo-La-mecha-Azul-n.png","width":5884,"height":3318,"caption":"La Mecha Azul"},"image":{"@id":"https:\/\/patriaparatodos.com.ve\/#\/schema\/logo\/image\/"}},{"@type":"Person","@id":"https:\/\/patriaparatodos.com.ve\/#\/schema\/person\/fa39a49638b83519fd822cacb44f5844","name":"Ana Gonzalez","image":{"@type":"ImageObject","inLanguage":"es","@id":"https:\/\/patriaparatodos.com.ve\/#\/schema\/person\/image\/","url":"https:\/\/secure.gravatar.com\/avatar\/ef0a71a129594a408c20318531deb64b0ee4a6d35f0864a2e33aea8b4d3481be?s=96&d=mm&r=g","contentUrl":"https:\/\/secure.gravatar.com\/avatar\/ef0a71a129594a408c20318531deb64b0ee4a6d35f0864a2e33aea8b4d3481be?s=96&d=mm&r=g","caption":"Ana Gonzalez"},"url":"https:\/\/patriaparatodos.com.ve\/?author=3"}]}},"_links":{"self":[{"href":"https:\/\/patriaparatodos.com.ve\/index.php?rest_route=\/wp\/v2\/posts\/1321","targetHints":{"allow":["GET"]}}],"collection":[{"href":"https:\/\/patriaparatodos.com.ve\/index.php?rest_route=\/wp\/v2\/posts"}],"about":[{"href":"https:\/\/patriaparatodos.com.ve\/index.php?rest_route=\/wp\/v2\/types\/post"}],"author":[{"embeddable":true,"href":"https:\/\/patriaparatodos.com.ve\/index.php?rest_route=\/wp\/v2\/users\/3"}],"replies":[{"embeddable":true,"href":"https:\/\/patriaparatodos.com.ve\/index.php?rest_route=%2Fwp%2Fv2%2Fcomments&post=1321"}],"version-history":[{"count":1,"href":"https:\/\/patriaparatodos.com.ve\/index.php?rest_route=\/wp\/v2\/posts\/1321\/revisions"}],"predecessor-version":[{"id":1323,"href":"https:\/\/patriaparatodos.com.ve\/index.php?rest_route=\/wp\/v2\/posts\/1321\/revisions\/1323"}],"wp:featuredmedia":[{"embeddable":true,"href":"https:\/\/patriaparatodos.com.ve\/index.php?rest_route=\/wp\/v2\/media\/1322"}],"wp:attachment":[{"href":"https:\/\/patriaparatodos.com.ve\/index.php?rest_route=%2Fwp%2Fv2%2Fmedia&parent=1321"}],"wp:term":[{"taxonomy":"category","embeddable":true,"href":"https:\/\/patriaparatodos.com.ve\/index.php?rest_route=%2Fwp%2Fv2%2Fcategories&post=1321"},{"taxonomy":"post_tag","embeddable":true,"href":"https:\/\/patriaparatodos.com.ve\/index.php?rest_route=%2Fwp%2Fv2%2Ftags&post=1321"}],"curies":[{"name":"wp","href":"https:\/\/api.w.org\/{rel}","templated":true}]}}