{"id":143,"date":"2022-07-12T15:32:26","date_gmt":"2022-07-12T15:32:26","guid":{"rendered":"https:\/\/patriaparatodos.com.ve\/?p=143"},"modified":"2023-07-14T01:59:12","modified_gmt":"2023-07-14T01:59:12","slug":"desarrollo-nacional-debe-ser-sustentable-y-respetuoso-con-la-naturaleza","status":"publish","type":"post","link":"https:\/\/patriaparatodos.com.ve\/?p=143","title":{"rendered":"Desarrollo nacional debe ser sustentable y respetuoso con la naturaleza"},"content":{"rendered":"<p><strong>(Prensa PPT-Caracas, 11 de julio de 2022)<\/strong> El Diputado Carlos Mart\u00ednez (Sucre), en su condici\u00f3n de miembro del Equipo Nacional de Apoyo a la Direcci\u00f3n del partido, ejerci\u00f3 la vocer\u00eda del partido Patria Para Todos en las declaraciones ofrecidas en el marco de la Rueda de Prensa semanal que ofrece la organizaci\u00f3n con respecto a temas de actualidad nacional e internacional.<\/p>\n<p>En primera instancia inst\u00f3 a toda la militancia y el pueblo venezolano en general, a mantener las medidas de bioseguridad destinadas a prevenir el contagio del COVID-19 para as\u00ed garantizar la salud plena de las y los venezolanos. Por otra parte, inform\u00f3 con relaci\u00f3n al proceso de Refundaci\u00f3n Organizacional del partido, que el pasado s\u00e1bado Falc\u00f3n se convirti\u00f3 en la segunda entidad federal en designar a sus autoridades regionales y posiblemente la segunda semana de agosto se realizar\u00e1 la Asamblea Nacional del partido destinada a la escogencia de su Secretariado Nacional.<\/p>\n<p>Entre los temas fundamentales para Venezuela, inform\u00f3 que PPT manifiesta su pesar por el vil asesinato del Profesor Carlos Lanz y ofrece sus m\u00e1s sensibles condolencias: Lanz estuvo involucrado en los acontecimientos de mayor impacto nacional. Honor y gloria a Carlos Lanz y un especial reconocimiento al Fiscal General de la Rep\u00fablica, Dr. Tareck William Saab, por lograr presentar al pa\u00eds los detalles e indicios, as\u00ed como decirle a Venezuela qui\u00e9nes son los responsables.<\/p>\n<p>Es necesario reconocer el esfuerzo del Fiscal y la Fiscal\u00eda General de la Rep\u00fablica por hacer visible el nivel de compromiso de las instituciones venezolanas, demostrando que est\u00e1n a la altura de situaciones como esta; quedando en entredicho los factores nacionales que intentaron enlodar el honor del Estado venezolano al intentar vincularlo con la impunidad o la desaparici\u00f3n misma de Profesor Carlos Lanz.<\/p>\n<p>Singular benepl\u00e1cito produjo la invitaci\u00f3n del Gobernador H\u00e9ctor Rodr\u00edguez a los movimientos sociales que se dieron cita en el Poliedro de Caracas para la instalaci\u00f3n del Congreso Nacional de la Nueva \u00c9poca, donde se procura el encuentro con los l\u00edderes naturales para la b\u00fasqueda de soluciones y la construcci\u00f3n de una agenda de encuentro y debate para prefigurar c\u00f3mo debe ser el pa\u00eds de cara al 2030.<\/p>\n<p>Entre las propuestas que ya est\u00e1n sobre la mesa, el Diputado Carlos Mart\u00ednez se refiri\u00f3 a la mejora continua en el sistema de registro y data de los movimientos para atender los problemas sociales y econ\u00f3micos, como es el caso especial de los emprendedores por ejemplo o la Ley de Zonas Econ\u00f3micas Especiales, creada para dar respuestas concretas a la realidad socioecon\u00f3mica del pa\u00eds.<\/p>\n<p>Mart\u00ednez destac\u00f3 que Venezuela lleva un crecimiento econ\u00f3mico sostenido que va y avanza de la mano con la organizaci\u00f3n, raz\u00f3n por la que los movimientos son la esencia para ello; tomando en consideraci\u00f3n que parte importante de las reservas financieras del pa\u00eds est\u00e1n en este momento secuestradas por potencias econ\u00f3micas como Inglaterra, donde est\u00e1 retenido un equivalente a m\u00e1s de 1600 millones de euros en oro, que bien podr\u00eda ser aprovechado en la atenci\u00f3n sanitaria del pueblo venezolano, pero la naturaleza expoliadora de los imperios hoy lo impide.<\/p>\n<p>De manera que para garantizar la sustentabilidad de ese crecimiento econ\u00f3mico que Venezuela va desarrollando desde las bases productivas de la econom\u00eda real, es necesaria la virtuosa articulaci\u00f3n entre los movimientos sociales, los gobiernos populares las instancias de coordinaci\u00f3n\/planificaci\u00f3n a nivel local, regional y nacional (CLPPP, Consejo Regional de Pol\u00edticas P\u00fablicas y Consejo Federal de Gobierno).<\/p>\n<p>Es de esta manera que mediante el concurso de todos los involucrados y la articulaci\u00f3n entre todas las fuerzas sociales, ser\u00e1 posible desarrollar una din\u00e1mica envolvente, integral e integrada que garantice el desarrollo econ\u00f3mico y social de la naci\u00f3n, sostenido y sustentable, con respeto a la naturaleza y en armon\u00eda con ella.<\/p>\n","protected":false},"excerpt":{"rendered":"<p>(Prensa PPT-Caracas, 11 de julio de 2022) El Diputado Carlos Mart\u00ednez (Sucre), en su condici\u00f3n de miembro del Equipo Nacional de Apoyo a la Direcci\u00f3n del partido, ejerci\u00f3 la vocer\u00eda del partido Patria Para Todos en las declaraciones ofrecidas en el marco de la Rueda de Prensa semanal que ofrece la organizaci\u00f3n con respecto a [&hellip;]<\/p>\n","protected":false},"author":1,"featured_media":144,"comment_status":"closed","ping_status":"open","sticky":false,"template":"","format":"standard","meta":{"footnotes":""},"categories":[7],"tags":[],"class_list":["post-143","post","type-post","status-publish","format-standard","has-post-thumbnail","hentry","category-notas-de-prensa"],"yoast_head":"<!-- This site is optimized with the Yoast SEO plugin v23.3 - https:\/\/yoast.com\/wordpress\/plugins\/seo\/ -->\n<title>Desarrollo nacional debe ser sustentable y respetuoso con la naturaleza - La Mecha Azul<\/title>\n<meta name=\"robots\" content=\"index, follow, max-snippet:-1, max-image-preview:large, max-video-preview:-1\" \/>\n<link rel=\"canonical\" href=\"https:\/\/patriaparatodos.com.ve\/?p=143\" \/>\n<meta property=\"og:locale\" content=\"es_ES\" \/>\n<meta property=\"og:type\" content=\"article\" \/>\n<meta property=\"og:title\" content=\"Desarrollo nacional debe ser sustentable y respetuoso con la naturaleza - La Mecha Azul\" \/>\n<meta property=\"og:description\" content=\"(Prensa PPT-Caracas, 11 de julio de 2022) El Diputado Carlos Mart\u00ednez (Sucre), en su condici\u00f3n de miembro del Equipo Nacional de Apoyo a la Direcci\u00f3n del partido, ejerci\u00f3 la vocer\u00eda del partido Patria Para Todos en las declaraciones ofrecidas en el marco de la Rueda de Prensa semanal que ofrece la organizaci\u00f3n con respecto a [&hellip;]\" \/>\n<meta property=\"og:url\" content=\"https:\/\/patriaparatodos.com.ve\/?p=143\" \/>\n<meta property=\"og:site_name\" content=\"La Mecha Azul\" \/>\n<meta property=\"article:published_time\" content=\"2022-07-12T15:32:26+00:00\" \/>\n<meta property=\"article:modified_time\" content=\"2023-07-14T01:59:12+00:00\" \/>\n<meta property=\"og:image\" content=\"https:\/\/patriaparatodos.com.ve\/wp-content\/uploads\/2022\/07\/DSC00088.jpg\" \/>\n\t<meta property=\"og:image:width\" content=\"889\" \/>\n\t<meta property=\"og:image:height\" content=\"577\" \/>\n\t<meta property=\"og:image:type\" content=\"image\/jpeg\" \/>\n<meta name=\"author\" content=\"admin\" \/>\n<meta name=\"twitter:card\" content=\"summary_large_image\" \/>\n<meta name=\"twitter:label1\" content=\"Escrito por\" \/>\n\t<meta name=\"twitter:data1\" content=\"admin\" \/>\n\t<meta name=\"twitter:label2\" content=\"Tiempo de lectura\" \/>\n\t<meta name=\"twitter:data2\" content=\"3 minutos\" \/>\n<script type=\"application\/ld+json\" class=\"yoast-schema-graph\">{\"@context\":\"https:\/\/schema.org\",\"@graph\":[{\"@type\":\"Article\",\"@id\":\"https:\/\/patriaparatodos.com.ve\/?p=143#article\",\"isPartOf\":{\"@id\":\"https:\/\/patriaparatodos.com.ve\/?p=143\"},\"author\":{\"name\":\"admin\",\"@id\":\"https:\/\/patriaparatodos.com.ve\/#\/schema\/person\/5f87d17351c27386e48e4f8927996b15\"},\"headline\":\"Desarrollo nacional debe ser sustentable y respetuoso con la naturaleza\",\"datePublished\":\"2022-07-12T15:32:26+00:00\",\"dateModified\":\"2023-07-14T01:59:12+00:00\",\"mainEntityOfPage\":{\"@id\":\"https:\/\/patriaparatodos.com.ve\/?p=143\"},\"wordCount\":679,\"publisher\":{\"@id\":\"https:\/\/patriaparatodos.com.ve\/#organization\"},\"image\":{\"@id\":\"https:\/\/patriaparatodos.com.ve\/?p=143#primaryimage\"},\"thumbnailUrl\":\"https:\/\/patriaparatodos.com.ve\/wp-content\/uploads\/2022\/07\/DSC00088.jpg\",\"articleSection\":[\"Notas de Prensa\"],\"inLanguage\":\"es\"},{\"@type\":\"WebPage\",\"@id\":\"https:\/\/patriaparatodos.com.ve\/?p=143\",\"url\":\"https:\/\/patriaparatodos.com.ve\/?p=143\",\"name\":\"Desarrollo nacional debe ser sustentable y respetuoso con la naturaleza - La Mecha Azul\",\"isPartOf\":{\"@id\":\"https:\/\/patriaparatodos.com.ve\/#website\"},\"primaryImageOfPage\":{\"@id\":\"https:\/\/patriaparatodos.com.ve\/?p=143#primaryimage\"},\"image\":{\"@id\":\"https:\/\/patriaparatodos.com.ve\/?p=143#primaryimage\"},\"thumbnailUrl\":\"https:\/\/patriaparatodos.com.ve\/wp-content\/uploads\/2022\/07\/DSC00088.jpg\",\"datePublished\":\"2022-07-12T15:32:26+00:00\",\"dateModified\":\"2023-07-14T01:59:12+00:00\",\"breadcrumb\":{\"@id\":\"https:\/\/patriaparatodos.com.ve\/?p=143#breadcrumb\"},\"inLanguage\":\"es\",\"potentialAction\":[{\"@type\":\"ReadAction\",\"target\":[\"https:\/\/patriaparatodos.com.ve\/?p=143\"]}]},{\"@type\":\"ImageObject\",\"inLanguage\":\"es\",\"@id\":\"https:\/\/patriaparatodos.com.ve\/?p=143#primaryimage\",\"url\":\"https:\/\/patriaparatodos.com.ve\/wp-content\/uploads\/2022\/07\/DSC00088.jpg\",\"contentUrl\":\"https:\/\/patriaparatodos.com.ve\/wp-content\/uploads\/2022\/07\/DSC00088.jpg\",\"width\":889,\"height\":577},{\"@type\":\"BreadcrumbList\",\"@id\":\"https:\/\/patriaparatodos.com.ve\/?p=143#breadcrumb\",\"itemListElement\":[{\"@type\":\"ListItem\",\"position\":1,\"name\":\"Portada\",\"item\":\"https:\/\/patriaparatodos.com.ve\/\"},{\"@type\":\"ListItem\",\"position\":2,\"name\":\"Desarrollo nacional debe ser sustentable y respetuoso con la naturaleza\"}]},{\"@type\":\"WebSite\",\"@id\":\"https:\/\/patriaparatodos.com.ve\/#website\",\"url\":\"https:\/\/patriaparatodos.com.ve\/\",\"name\":\"La Mecha Azul\",\"description\":\"Por la \u00c9tica, Valor de la Palabra\",\"publisher\":{\"@id\":\"https:\/\/patriaparatodos.com.ve\/#organization\"},\"potentialAction\":[{\"@type\":\"SearchAction\",\"target\":{\"@type\":\"EntryPoint\",\"urlTemplate\":\"https:\/\/patriaparatodos.com.ve\/?s={search_term_string}\"},\"query-input\":\"required name=search_term_string\"}],\"inLanguage\":\"es\"},{\"@type\":\"Organization\",\"@id\":\"https:\/\/patriaparatodos.com.ve\/#organization\",\"name\":\"La Mecha Azul\",\"url\":\"https:\/\/patriaparatodos.com.ve\/\",\"logo\":{\"@type\":\"ImageObject\",\"inLanguage\":\"es\",\"@id\":\"https:\/\/patriaparatodos.com.ve\/#\/schema\/logo\/image\/\",\"url\":\"https:\/\/patriaparatodos.com.ve\/wp-content\/uploads\/2023\/02\/cropped-logo-La-mecha-Azul-n.png\",\"contentUrl\":\"https:\/\/patriaparatodos.com.ve\/wp-content\/uploads\/2023\/02\/cropped-logo-La-mecha-Azul-n.png\",\"width\":5884,\"height\":3318,\"caption\":\"La Mecha Azul\"},\"image\":{\"@id\":\"https:\/\/patriaparatodos.com.ve\/#\/schema\/logo\/image\/\"}},{\"@type\":\"Person\",\"@id\":\"https:\/\/patriaparatodos.com.ve\/#\/schema\/person\/5f87d17351c27386e48e4f8927996b15\",\"name\":\"admin\",\"image\":{\"@type\":\"ImageObject\",\"inLanguage\":\"es\",\"@id\":\"https:\/\/patriaparatodos.com.ve\/#\/schema\/person\/image\/\",\"url\":\"https:\/\/secure.gravatar.com\/avatar\/a29766c0fc2cc324b9ccbc693fd8f1dab0cb4ddfb34bbebb23c71d73ecfa35b7?s=96&d=mm&r=g\",\"contentUrl\":\"https:\/\/secure.gravatar.com\/avatar\/a29766c0fc2cc324b9ccbc693fd8f1dab0cb4ddfb34bbebb23c71d73ecfa35b7?s=96&d=mm&r=g\",\"caption\":\"admin\"},\"sameAs\":[\"https:\/\/patriaparatodos.com.ve\"],\"url\":\"https:\/\/patriaparatodos.com.ve\/?author=1\"}]}<\/script>\n<!-- \/ Yoast SEO plugin. -->","yoast_head_json":{"title":"Desarrollo nacional debe ser sustentable y respetuoso con la naturaleza - La Mecha Azul","robots":{"index":"index","follow":"follow","max-snippet":"max-snippet:-1","max-image-preview":"max-image-preview:large","max-video-preview":"max-video-preview:-1"},"canonical":"https:\/\/patriaparatodos.com.ve\/?p=143","og_locale":"es_ES","og_type":"article","og_title":"Desarrollo nacional debe ser sustentable y respetuoso con la naturaleza - La Mecha Azul","og_description":"(Prensa PPT-Caracas, 11 de julio de 2022) El Diputado Carlos Mart\u00ednez (Sucre), en su condici\u00f3n de miembro del Equipo Nacional de Apoyo a la Direcci\u00f3n del partido, ejerci\u00f3 la vocer\u00eda del partido Patria Para Todos en las declaraciones ofrecidas en el marco de la Rueda de Prensa semanal que ofrece la organizaci\u00f3n con respecto a [&hellip;]","og_url":"https:\/\/patriaparatodos.com.ve\/?p=143","og_site_name":"La Mecha Azul","article_published_time":"2022-07-12T15:32:26+00:00","article_modified_time":"2023-07-14T01:59:12+00:00","og_image":[{"width":889,"height":577,"url":"https:\/\/patriaparatodos.com.ve\/wp-content\/uploads\/2022\/07\/DSC00088.jpg","type":"image\/jpeg"}],"author":"admin","twitter_card":"summary_large_image","twitter_misc":{"Escrito por":"admin","Tiempo de lectura":"3 minutos"},"schema":{"@context":"https:\/\/schema.org","@graph":[{"@type":"Article","@id":"https:\/\/patriaparatodos.com.ve\/?p=143#article","isPartOf":{"@id":"https:\/\/patriaparatodos.com.ve\/?p=143"},"author":{"name":"admin","@id":"https:\/\/patriaparatodos.com.ve\/#\/schema\/person\/5f87d17351c27386e48e4f8927996b15"},"headline":"Desarrollo nacional debe ser sustentable y respetuoso con la naturaleza","datePublished":"2022-07-12T15:32:26+00:00","dateModified":"2023-07-14T01:59:12+00:00","mainEntityOfPage":{"@id":"https:\/\/patriaparatodos.com.ve\/?p=143"},"wordCount":679,"publisher":{"@id":"https:\/\/patriaparatodos.com.ve\/#organization"},"image":{"@id":"https:\/\/patriaparatodos.com.ve\/?p=143#primaryimage"},"thumbnailUrl":"https:\/\/patriaparatodos.com.ve\/wp-content\/uploads\/2022\/07\/DSC00088.jpg","articleSection":["Notas de Prensa"],"inLanguage":"es"},{"@type":"WebPage","@id":"https:\/\/patriaparatodos.com.ve\/?p=143","url":"https:\/\/patriaparatodos.com.ve\/?p=143","name":"Desarrollo nacional debe ser sustentable y respetuoso con la naturaleza - La Mecha Azul","isPartOf":{"@id":"https:\/\/patriaparatodos.com.ve\/#website"},"primaryImageOfPage":{"@id":"https:\/\/patriaparatodos.com.ve\/?p=143#primaryimage"},"image":{"@id":"https:\/\/patriaparatodos.com.ve\/?p=143#primaryimage"},"thumbnailUrl":"https:\/\/patriaparatodos.com.ve\/wp-content\/uploads\/2022\/07\/DSC00088.jpg","datePublished":"2022-07-12T15:32:26+00:00","dateModified":"2023-07-14T01:59:12+00:00","breadcrumb":{"@id":"https:\/\/patriaparatodos.com.ve\/?p=143#breadcrumb"},"inLanguage":"es","potentialAction":[{"@type":"ReadAction","target":["https:\/\/patriaparatodos.com.ve\/?p=143"]}]},{"@type":"ImageObject","inLanguage":"es","@id":"https:\/\/patriaparatodos.com.ve\/?p=143#primaryimage","url":"https:\/\/patriaparatodos.com.ve\/wp-content\/uploads\/2022\/07\/DSC00088.jpg","contentUrl":"https:\/\/patriaparatodos.com.ve\/wp-content\/uploads\/2022\/07\/DSC00088.jpg","width":889,"height":577},{"@type":"BreadcrumbList","@id":"https:\/\/patriaparatodos.com.ve\/?p=143#breadcrumb","itemListElement":[{"@type":"ListItem","position":1,"name":"Portada","item":"https:\/\/patriaparatodos.com.ve\/"},{"@type":"ListItem","position":2,"name":"Desarrollo nacional debe ser sustentable y respetuoso con la naturaleza"}]},{"@type":"WebSite","@id":"https:\/\/patriaparatodos.com.ve\/#website","url":"https:\/\/patriaparatodos.com.ve\/","name":"La Mecha Azul","description":"Por la \u00c9tica, Valor de la Palabra","publisher":{"@id":"https:\/\/patriaparatodos.com.ve\/#organization"},"potentialAction":[{"@type":"SearchAction","target":{"@type":"EntryPoint","urlTemplate":"https:\/\/patriaparatodos.com.ve\/?s={search_term_string}"},"query-input":"required name=search_term_string"}],"inLanguage":"es"},{"@type":"Organization","@id":"https:\/\/patriaparatodos.com.ve\/#organization","name":"La Mecha Azul","url":"https:\/\/patriaparatodos.com.ve\/","logo":{"@type":"ImageObject","inLanguage":"es","@id":"https:\/\/patriaparatodos.com.ve\/#\/schema\/logo\/image\/","url":"https:\/\/patriaparatodos.com.ve\/wp-content\/uploads\/2023\/02\/cropped-logo-La-mecha-Azul-n.png","contentUrl":"https:\/\/patriaparatodos.com.ve\/wp-content\/uploads\/2023\/02\/cropped-logo-La-mecha-Azul-n.png","width":5884,"height":3318,"caption":"La Mecha Azul"},"image":{"@id":"https:\/\/patriaparatodos.com.ve\/#\/schema\/logo\/image\/"}},{"@type":"Person","@id":"https:\/\/patriaparatodos.com.ve\/#\/schema\/person\/5f87d17351c27386e48e4f8927996b15","name":"admin","image":{"@type":"ImageObject","inLanguage":"es","@id":"https:\/\/patriaparatodos.com.ve\/#\/schema\/person\/image\/","url":"https:\/\/secure.gravatar.com\/avatar\/a29766c0fc2cc324b9ccbc693fd8f1dab0cb4ddfb34bbebb23c71d73ecfa35b7?s=96&d=mm&r=g","contentUrl":"https:\/\/secure.gravatar.com\/avatar\/a29766c0fc2cc324b9ccbc693fd8f1dab0cb4ddfb34bbebb23c71d73ecfa35b7?s=96&d=mm&r=g","caption":"admin"},"sameAs":["https:\/\/patriaparatodos.com.ve"],"url":"https:\/\/patriaparatodos.com.ve\/?author=1"}]}},"_links":{"self":[{"href":"https:\/\/patriaparatodos.com.ve\/index.php?rest_route=\/wp\/v2\/posts\/143","targetHints":{"allow":["GET"]}}],"collection":[{"href":"https:\/\/patriaparatodos.com.ve\/index.php?rest_route=\/wp\/v2\/posts"}],"about":[{"href":"https:\/\/patriaparatodos.com.ve\/index.php?rest_route=\/wp\/v2\/types\/post"}],"author":[{"embeddable":true,"href":"https:\/\/patriaparatodos.com.ve\/index.php?rest_route=\/wp\/v2\/users\/1"}],"replies":[{"embeddable":true,"href":"https:\/\/patriaparatodos.com.ve\/index.php?rest_route=%2Fwp%2Fv2%2Fcomments&post=143"}],"version-history":[{"count":1,"href":"https:\/\/patriaparatodos.com.ve\/index.php?rest_route=\/wp\/v2\/posts\/143\/revisions"}],"predecessor-version":[{"id":145,"href":"https:\/\/patriaparatodos.com.ve\/index.php?rest_route=\/wp\/v2\/posts\/143\/revisions\/145"}],"wp:featuredmedia":[{"embeddable":true,"href":"https:\/\/patriaparatodos.com.ve\/index.php?rest_route=\/wp\/v2\/media\/144"}],"wp:attachment":[{"href":"https:\/\/patriaparatodos.com.ve\/index.php?rest_route=%2Fwp%2Fv2%2Fmedia&parent=143"}],"wp:term":[{"taxonomy":"category","embeddable":true,"href":"https:\/\/patriaparatodos.com.ve\/index.php?rest_route=%2Fwp%2Fv2%2Fcategories&post=143"},{"taxonomy":"post_tag","embeddable":true,"href":"https:\/\/patriaparatodos.com.ve\/index.php?rest_route=%2Fwp%2Fv2%2Ftags&post=143"}],"curies":[{"name":"wp","href":"https:\/\/api.w.org\/{rel}","templated":true}]}}