{"id":157,"date":"2022-07-13T13:32:04","date_gmt":"2022-07-13T13:32:04","guid":{"rendered":"https:\/\/patriaparatodos.com.ve\/?p=157"},"modified":"2023-07-14T01:52:38","modified_gmt":"2023-07-14T01:52:38","slug":"gira-del-presidente-maduro-abre-nuevos-horizontes-para-la-patria","status":"publish","type":"post","link":"https:\/\/patriaparatodos.com.ve\/?p=157","title":{"rendered":"Gira del Presidente Maduro abre nuevos horizontes para la Patria"},"content":{"rendered":"<p><strong>(Prensa PPT-Caracas, 20 de junio de 2022)<\/strong> La Diputada Ilenia Medina, Presidente de la Junta Ad Hoc y Secretaria General en Funciones de Patria Para Todos, inici\u00f3 la Rueda de Prensa resaltando el \u00e9xito y alcance de la gira del Presidente Nicol\u00e1s Maduro.<\/p>\n<p>Consider\u00f3 que el recorrido es en s\u00ed la construcci\u00f3n de un nuevo modelo pol\u00edtico de paz, expresado en nuevos escenarios comerciales y vinculados al ALBA-TCPO y la Ruta de la Seda, por esta raz\u00f3n, la gira se inici\u00f3 en Turqu\u00eda en se\u00f1al de enlazar ambos mercados.<\/p>\n<p>Ese \u00e9nfasis radica en que Turqu\u00eda es la puerta de entrada a Eurasia, tambi\u00e9n es uno de los cinco pa\u00edses con mayor actividad tur\u00edstica en el mundo y es un buen aliado de la Revoluci\u00f3n Bolivariana.<\/p>\n<p>A la gira se suman Argelia, Ir\u00e1n, Kuwait, Catar y Azerbaiy\u00e1n,\u00a0 pa\u00edses de importancia estrat\u00e9gica para la visi\u00f3n geopol\u00edtica venezolana que lleva a cabo nuestro presidente, todos los pa\u00edses visitados tienen un amplio desarrollo tecnol\u00f3gico con potencialidades en lo energ\u00e9tico, tur\u00edstico, educativo, y en la salud.<\/p>\n<p>La revisi\u00f3n de los convenios de cooperaci\u00f3n, los avances y los nuevos retos de Venezuela ante el mundo , su viabilidad para que se convierta en desarrollo cient\u00edfico tecnol\u00f3gico de la patria de Bol\u00edvar es una realidad sustancial.<\/p>\n<p>Ilenia Medina explic\u00f3 que con este recorrido el Presidente Maduro no s\u00f3lo dar\u00e1 buenas noticias, sino que pone en alto la dignidad de nuestro pueblo al presentar los logros de Venezuela que a pesar de las medidas coercitivas increment\u00f3 la producci\u00f3n agroalimentaria e iniciar un modelo que haga m\u00e1s din\u00e1mica la econom\u00eda y genere riqueza.<\/p>\n<p>Aprovech\u00f3 la oportunidad para manifestar que PPT hace un llamado a sumar esfuerzos de cara a los nuevos convenios y maximizar la cooperaci\u00f3n en materia educativa con posgrados con un sistema de becas con apego a la patria y con un dise\u00f1o de proyectos orientados a las necesidades venezolanas con apoyo de nuestras universidades p\u00fablicas.<\/p>\n<p>Al cierre de sus declaraciones, Medina indic\u00f3, todos celebramos la extraordinaria victoria del pueblo de Colombia, no se dej\u00f3 enga\u00f1ar con la Big Data. Con Petro en la presencia, PPT espera que se normalicen las relaciones diplom\u00e1ticas con la reapertura de consulados y las embajadas de ambas naciones.<\/p>\n","protected":false},"excerpt":{"rendered":"<p>(Prensa PPT-Caracas, 20 de junio de 2022) La Diputada Ilenia Medina, Presidente de la Junta Ad Hoc y Secretaria General en Funciones de Patria Para Todos, inici\u00f3 la Rueda de Prensa resaltando el \u00e9xito y alcance de la gira del Presidente Nicol\u00e1s Maduro. Consider\u00f3 que el recorrido es en s\u00ed la construcci\u00f3n de un nuevo [&hellip;]<\/p>\n","protected":false},"author":1,"featured_media":159,"comment_status":"closed","ping_status":"open","sticky":false,"template":"","format":"standard","meta":{"footnotes":""},"categories":[7],"tags":[],"class_list":["post-157","post","type-post","status-publish","format-standard","has-post-thumbnail","hentry","category-notas-de-prensa"],"yoast_head":"<!-- This site is optimized with the Yoast SEO plugin v23.3 - https:\/\/yoast.com\/wordpress\/plugins\/seo\/ -->\n<title>Gira del Presidente Maduro abre nuevos horizontes para la Patria - La Mecha Azul<\/title>\n<meta name=\"robots\" content=\"index, follow, max-snippet:-1, max-image-preview:large, max-video-preview:-1\" \/>\n<link rel=\"canonical\" href=\"https:\/\/patriaparatodos.com.ve\/?p=157\" \/>\n<meta property=\"og:locale\" content=\"es_ES\" \/>\n<meta property=\"og:type\" content=\"article\" \/>\n<meta property=\"og:title\" content=\"Gira del Presidente Maduro abre nuevos horizontes para la Patria - La Mecha Azul\" \/>\n<meta property=\"og:description\" content=\"(Prensa PPT-Caracas, 20 de junio de 2022) La Diputada Ilenia Medina, Presidente de la Junta Ad Hoc y Secretaria General en Funciones de Patria Para Todos, inici\u00f3 la Rueda de Prensa resaltando el \u00e9xito y alcance de la gira del Presidente Nicol\u00e1s Maduro. Consider\u00f3 que el recorrido es en s\u00ed la construcci\u00f3n de un nuevo [&hellip;]\" \/>\n<meta property=\"og:url\" content=\"https:\/\/patriaparatodos.com.ve\/?p=157\" \/>\n<meta property=\"og:site_name\" content=\"La Mecha Azul\" \/>\n<meta property=\"article:published_time\" content=\"2022-07-13T13:32:04+00:00\" \/>\n<meta property=\"article:modified_time\" content=\"2023-07-14T01:52:38+00:00\" \/>\n<meta property=\"og:image\" content=\"https:\/\/patriaparatodos.com.ve\/wp-content\/uploads\/2022\/07\/DSC00061-scaled-e1657719108192.jpg\" \/>\n\t<meta property=\"og:image:width\" content=\"800\" \/>\n\t<meta property=\"og:image:height\" content=\"600\" \/>\n\t<meta property=\"og:image:type\" content=\"image\/jpeg\" \/>\n<meta name=\"author\" content=\"admin\" \/>\n<meta name=\"twitter:card\" content=\"summary_large_image\" \/>\n<meta name=\"twitter:label1\" content=\"Escrito por\" \/>\n\t<meta name=\"twitter:data1\" content=\"admin\" \/>\n\t<meta name=\"twitter:label2\" content=\"Tiempo de lectura\" \/>\n\t<meta name=\"twitter:data2\" content=\"2 minutos\" \/>\n<script type=\"application\/ld+json\" class=\"yoast-schema-graph\">{\"@context\":\"https:\/\/schema.org\",\"@graph\":[{\"@type\":\"Article\",\"@id\":\"https:\/\/patriaparatodos.com.ve\/?p=157#article\",\"isPartOf\":{\"@id\":\"https:\/\/patriaparatodos.com.ve\/?p=157\"},\"author\":{\"name\":\"admin\",\"@id\":\"https:\/\/patriaparatodos.com.ve\/#\/schema\/person\/5f87d17351c27386e48e4f8927996b15\"},\"headline\":\"Gira del Presidente Maduro abre nuevos horizontes para la Patria\",\"datePublished\":\"2022-07-13T13:32:04+00:00\",\"dateModified\":\"2023-07-14T01:52:38+00:00\",\"mainEntityOfPage\":{\"@id\":\"https:\/\/patriaparatodos.com.ve\/?p=157\"},\"wordCount\":410,\"publisher\":{\"@id\":\"https:\/\/patriaparatodos.com.ve\/#organization\"},\"image\":{\"@id\":\"https:\/\/patriaparatodos.com.ve\/?p=157#primaryimage\"},\"thumbnailUrl\":\"https:\/\/patriaparatodos.com.ve\/wp-content\/uploads\/2022\/07\/DSC00061-scaled-e1657719108192.jpg\",\"articleSection\":[\"Notas de Prensa\"],\"inLanguage\":\"es\"},{\"@type\":\"WebPage\",\"@id\":\"https:\/\/patriaparatodos.com.ve\/?p=157\",\"url\":\"https:\/\/patriaparatodos.com.ve\/?p=157\",\"name\":\"Gira del Presidente Maduro abre nuevos horizontes para la Patria - La Mecha Azul\",\"isPartOf\":{\"@id\":\"https:\/\/patriaparatodos.com.ve\/#website\"},\"primaryImageOfPage\":{\"@id\":\"https:\/\/patriaparatodos.com.ve\/?p=157#primaryimage\"},\"image\":{\"@id\":\"https:\/\/patriaparatodos.com.ve\/?p=157#primaryimage\"},\"thumbnailUrl\":\"https:\/\/patriaparatodos.com.ve\/wp-content\/uploads\/2022\/07\/DSC00061-scaled-e1657719108192.jpg\",\"datePublished\":\"2022-07-13T13:32:04+00:00\",\"dateModified\":\"2023-07-14T01:52:38+00:00\",\"breadcrumb\":{\"@id\":\"https:\/\/patriaparatodos.com.ve\/?p=157#breadcrumb\"},\"inLanguage\":\"es\",\"potentialAction\":[{\"@type\":\"ReadAction\",\"target\":[\"https:\/\/patriaparatodos.com.ve\/?p=157\"]}]},{\"@type\":\"ImageObject\",\"inLanguage\":\"es\",\"@id\":\"https:\/\/patriaparatodos.com.ve\/?p=157#primaryimage\",\"url\":\"https:\/\/patriaparatodos.com.ve\/wp-content\/uploads\/2022\/07\/DSC00061-scaled-e1657719108192.jpg\",\"contentUrl\":\"https:\/\/patriaparatodos.com.ve\/wp-content\/uploads\/2022\/07\/DSC00061-scaled-e1657719108192.jpg\",\"width\":800,\"height\":600},{\"@type\":\"BreadcrumbList\",\"@id\":\"https:\/\/patriaparatodos.com.ve\/?p=157#breadcrumb\",\"itemListElement\":[{\"@type\":\"ListItem\",\"position\":1,\"name\":\"Portada\",\"item\":\"https:\/\/patriaparatodos.com.ve\/\"},{\"@type\":\"ListItem\",\"position\":2,\"name\":\"Gira del Presidente Maduro abre nuevos horizontes para la Patria\"}]},{\"@type\":\"WebSite\",\"@id\":\"https:\/\/patriaparatodos.com.ve\/#website\",\"url\":\"https:\/\/patriaparatodos.com.ve\/\",\"name\":\"La Mecha Azul\",\"description\":\"Por la \u00c9tica, Valor de la Palabra\",\"publisher\":{\"@id\":\"https:\/\/patriaparatodos.com.ve\/#organization\"},\"potentialAction\":[{\"@type\":\"SearchAction\",\"target\":{\"@type\":\"EntryPoint\",\"urlTemplate\":\"https:\/\/patriaparatodos.com.ve\/?s={search_term_string}\"},\"query-input\":\"required name=search_term_string\"}],\"inLanguage\":\"es\"},{\"@type\":\"Organization\",\"@id\":\"https:\/\/patriaparatodos.com.ve\/#organization\",\"name\":\"La Mecha Azul\",\"url\":\"https:\/\/patriaparatodos.com.ve\/\",\"logo\":{\"@type\":\"ImageObject\",\"inLanguage\":\"es\",\"@id\":\"https:\/\/patriaparatodos.com.ve\/#\/schema\/logo\/image\/\",\"url\":\"https:\/\/patriaparatodos.com.ve\/wp-content\/uploads\/2023\/02\/cropped-logo-La-mecha-Azul-n.png\",\"contentUrl\":\"https:\/\/patriaparatodos.com.ve\/wp-content\/uploads\/2023\/02\/cropped-logo-La-mecha-Azul-n.png\",\"width\":5884,\"height\":3318,\"caption\":\"La Mecha Azul\"},\"image\":{\"@id\":\"https:\/\/patriaparatodos.com.ve\/#\/schema\/logo\/image\/\"}},{\"@type\":\"Person\",\"@id\":\"https:\/\/patriaparatodos.com.ve\/#\/schema\/person\/5f87d17351c27386e48e4f8927996b15\",\"name\":\"admin\",\"image\":{\"@type\":\"ImageObject\",\"inLanguage\":\"es\",\"@id\":\"https:\/\/patriaparatodos.com.ve\/#\/schema\/person\/image\/\",\"url\":\"https:\/\/secure.gravatar.com\/avatar\/a29766c0fc2cc324b9ccbc693fd8f1dab0cb4ddfb34bbebb23c71d73ecfa35b7?s=96&d=mm&r=g\",\"contentUrl\":\"https:\/\/secure.gravatar.com\/avatar\/a29766c0fc2cc324b9ccbc693fd8f1dab0cb4ddfb34bbebb23c71d73ecfa35b7?s=96&d=mm&r=g\",\"caption\":\"admin\"},\"sameAs\":[\"https:\/\/patriaparatodos.com.ve\"],\"url\":\"https:\/\/patriaparatodos.com.ve\/?author=1\"}]}<\/script>\n<!-- \/ Yoast SEO plugin. -->","yoast_head_json":{"title":"Gira del Presidente Maduro abre nuevos horizontes para la Patria - La Mecha Azul","robots":{"index":"index","follow":"follow","max-snippet":"max-snippet:-1","max-image-preview":"max-image-preview:large","max-video-preview":"max-video-preview:-1"},"canonical":"https:\/\/patriaparatodos.com.ve\/?p=157","og_locale":"es_ES","og_type":"article","og_title":"Gira del Presidente Maduro abre nuevos horizontes para la Patria - La Mecha Azul","og_description":"(Prensa PPT-Caracas, 20 de junio de 2022) La Diputada Ilenia Medina, Presidente de la Junta Ad Hoc y Secretaria General en Funciones de Patria Para Todos, inici\u00f3 la Rueda de Prensa resaltando el \u00e9xito y alcance de la gira del Presidente Nicol\u00e1s Maduro. Consider\u00f3 que el recorrido es en s\u00ed la construcci\u00f3n de un nuevo [&hellip;]","og_url":"https:\/\/patriaparatodos.com.ve\/?p=157","og_site_name":"La Mecha Azul","article_published_time":"2022-07-13T13:32:04+00:00","article_modified_time":"2023-07-14T01:52:38+00:00","og_image":[{"width":800,"height":600,"url":"https:\/\/patriaparatodos.com.ve\/wp-content\/uploads\/2022\/07\/DSC00061-scaled-e1657719108192.jpg","type":"image\/jpeg"}],"author":"admin","twitter_card":"summary_large_image","twitter_misc":{"Escrito por":"admin","Tiempo de lectura":"2 minutos"},"schema":{"@context":"https:\/\/schema.org","@graph":[{"@type":"Article","@id":"https:\/\/patriaparatodos.com.ve\/?p=157#article","isPartOf":{"@id":"https:\/\/patriaparatodos.com.ve\/?p=157"},"author":{"name":"admin","@id":"https:\/\/patriaparatodos.com.ve\/#\/schema\/person\/5f87d17351c27386e48e4f8927996b15"},"headline":"Gira del Presidente Maduro abre nuevos horizontes para la Patria","datePublished":"2022-07-13T13:32:04+00:00","dateModified":"2023-07-14T01:52:38+00:00","mainEntityOfPage":{"@id":"https:\/\/patriaparatodos.com.ve\/?p=157"},"wordCount":410,"publisher":{"@id":"https:\/\/patriaparatodos.com.ve\/#organization"},"image":{"@id":"https:\/\/patriaparatodos.com.ve\/?p=157#primaryimage"},"thumbnailUrl":"https:\/\/patriaparatodos.com.ve\/wp-content\/uploads\/2022\/07\/DSC00061-scaled-e1657719108192.jpg","articleSection":["Notas de Prensa"],"inLanguage":"es"},{"@type":"WebPage","@id":"https:\/\/patriaparatodos.com.ve\/?p=157","url":"https:\/\/patriaparatodos.com.ve\/?p=157","name":"Gira del Presidente Maduro abre nuevos horizontes para la Patria - La Mecha Azul","isPartOf":{"@id":"https:\/\/patriaparatodos.com.ve\/#website"},"primaryImageOfPage":{"@id":"https:\/\/patriaparatodos.com.ve\/?p=157#primaryimage"},"image":{"@id":"https:\/\/patriaparatodos.com.ve\/?p=157#primaryimage"},"thumbnailUrl":"https:\/\/patriaparatodos.com.ve\/wp-content\/uploads\/2022\/07\/DSC00061-scaled-e1657719108192.jpg","datePublished":"2022-07-13T13:32:04+00:00","dateModified":"2023-07-14T01:52:38+00:00","breadcrumb":{"@id":"https:\/\/patriaparatodos.com.ve\/?p=157#breadcrumb"},"inLanguage":"es","potentialAction":[{"@type":"ReadAction","target":["https:\/\/patriaparatodos.com.ve\/?p=157"]}]},{"@type":"ImageObject","inLanguage":"es","@id":"https:\/\/patriaparatodos.com.ve\/?p=157#primaryimage","url":"https:\/\/patriaparatodos.com.ve\/wp-content\/uploads\/2022\/07\/DSC00061-scaled-e1657719108192.jpg","contentUrl":"https:\/\/patriaparatodos.com.ve\/wp-content\/uploads\/2022\/07\/DSC00061-scaled-e1657719108192.jpg","width":800,"height":600},{"@type":"BreadcrumbList","@id":"https:\/\/patriaparatodos.com.ve\/?p=157#breadcrumb","itemListElement":[{"@type":"ListItem","position":1,"name":"Portada","item":"https:\/\/patriaparatodos.com.ve\/"},{"@type":"ListItem","position":2,"name":"Gira del Presidente Maduro abre nuevos horizontes para la Patria"}]},{"@type":"WebSite","@id":"https:\/\/patriaparatodos.com.ve\/#website","url":"https:\/\/patriaparatodos.com.ve\/","name":"La Mecha Azul","description":"Por la \u00c9tica, Valor de la Palabra","publisher":{"@id":"https:\/\/patriaparatodos.com.ve\/#organization"},"potentialAction":[{"@type":"SearchAction","target":{"@type":"EntryPoint","urlTemplate":"https:\/\/patriaparatodos.com.ve\/?s={search_term_string}"},"query-input":"required name=search_term_string"}],"inLanguage":"es"},{"@type":"Organization","@id":"https:\/\/patriaparatodos.com.ve\/#organization","name":"La Mecha Azul","url":"https:\/\/patriaparatodos.com.ve\/","logo":{"@type":"ImageObject","inLanguage":"es","@id":"https:\/\/patriaparatodos.com.ve\/#\/schema\/logo\/image\/","url":"https:\/\/patriaparatodos.com.ve\/wp-content\/uploads\/2023\/02\/cropped-logo-La-mecha-Azul-n.png","contentUrl":"https:\/\/patriaparatodos.com.ve\/wp-content\/uploads\/2023\/02\/cropped-logo-La-mecha-Azul-n.png","width":5884,"height":3318,"caption":"La Mecha Azul"},"image":{"@id":"https:\/\/patriaparatodos.com.ve\/#\/schema\/logo\/image\/"}},{"@type":"Person","@id":"https:\/\/patriaparatodos.com.ve\/#\/schema\/person\/5f87d17351c27386e48e4f8927996b15","name":"admin","image":{"@type":"ImageObject","inLanguage":"es","@id":"https:\/\/patriaparatodos.com.ve\/#\/schema\/person\/image\/","url":"https:\/\/secure.gravatar.com\/avatar\/a29766c0fc2cc324b9ccbc693fd8f1dab0cb4ddfb34bbebb23c71d73ecfa35b7?s=96&d=mm&r=g","contentUrl":"https:\/\/secure.gravatar.com\/avatar\/a29766c0fc2cc324b9ccbc693fd8f1dab0cb4ddfb34bbebb23c71d73ecfa35b7?s=96&d=mm&r=g","caption":"admin"},"sameAs":["https:\/\/patriaparatodos.com.ve"],"url":"https:\/\/patriaparatodos.com.ve\/?author=1"}]}},"_links":{"self":[{"href":"https:\/\/patriaparatodos.com.ve\/index.php?rest_route=\/wp\/v2\/posts\/157","targetHints":{"allow":["GET"]}}],"collection":[{"href":"https:\/\/patriaparatodos.com.ve\/index.php?rest_route=\/wp\/v2\/posts"}],"about":[{"href":"https:\/\/patriaparatodos.com.ve\/index.php?rest_route=\/wp\/v2\/types\/post"}],"author":[{"embeddable":true,"href":"https:\/\/patriaparatodos.com.ve\/index.php?rest_route=\/wp\/v2\/users\/1"}],"replies":[{"embeddable":true,"href":"https:\/\/patriaparatodos.com.ve\/index.php?rest_route=%2Fwp%2Fv2%2Fcomments&post=157"}],"version-history":[{"count":1,"href":"https:\/\/patriaparatodos.com.ve\/index.php?rest_route=\/wp\/v2\/posts\/157\/revisions"}],"predecessor-version":[{"id":162,"href":"https:\/\/patriaparatodos.com.ve\/index.php?rest_route=\/wp\/v2\/posts\/157\/revisions\/162"}],"wp:featuredmedia":[{"embeddable":true,"href":"https:\/\/patriaparatodos.com.ve\/index.php?rest_route=\/wp\/v2\/media\/159"}],"wp:attachment":[{"href":"https:\/\/patriaparatodos.com.ve\/index.php?rest_route=%2Fwp%2Fv2%2Fmedia&parent=157"}],"wp:term":[{"taxonomy":"category","embeddable":true,"href":"https:\/\/patriaparatodos.com.ve\/index.php?rest_route=%2Fwp%2Fv2%2Fcategories&post=157"},{"taxonomy":"post_tag","embeddable":true,"href":"https:\/\/patriaparatodos.com.ve\/index.php?rest_route=%2Fwp%2Fv2%2Ftags&post=157"}],"curies":[{"name":"wp","href":"https:\/\/api.w.org\/{rel}","templated":true}]}}