{"id":163,"date":"2022-07-13T13:33:59","date_gmt":"2022-07-13T13:33:59","guid":{"rendered":"https:\/\/patriaparatodos.com.ve\/?p=163"},"modified":"2023-07-14T01:48:40","modified_gmt":"2023-07-14T01:48:40","slug":"fraccion-del-polo-patriotico-en-el-clebg-comprometida-con-el-buen-vivir-del-pueblo","status":"publish","type":"post","link":"https:\/\/patriaparatodos.com.ve\/?p=163","title":{"rendered":"Fracci\u00f3n del Polo Patri\u00f3tico en el Clebg comprometida con el buen vivir del pueblo"},"content":{"rendered":"<p><strong>Prensa PPT. &#8211; <\/strong>En funci\u00f3n de continuar afianzando la unidad revolucionaria perfecta dentro de la gesti\u00f3n legislativa, \u00e9ste jueves la Fracci\u00f3n Parlamentaria del Gran Polo Patri\u00f3tico Sim\u00f3n Bol\u00edvar (Gppsb) del Parlamento Regional, se reuni\u00f3 a fin de fortalecer una agenda concreta y garantizar la eficiencia en la gesti\u00f3n dentro del Clebg, as\u00ed como expresar su respaldo a la aprobaci\u00f3n de recursos destinados para el Plan Ciudad impulsado por el Ejecutivo Estadal en el municipio Juan Germ\u00e1n Roscio Nieves, a fin de seguir dando una gota de amor a la capital guarique\u00f1a.<\/p>\n<p>En tal sentido, la presidenta del Consejo Legislativo Guarique\u00f1o, Leg. Dayana Encinozo, en representaci\u00f3n de la fracci\u00f3n parlamentaria del Partido Socialista Unido de Venezuela, manifest\u00f3 que dichos recursos fueron aprobados por la bancada del Gppsb, los cuales se solicitaron a trav\u00e9s del Ejecutivo Regional liderado por el gobernador Jos\u00e9 V\u00e1squez, con el prop\u00f3sito de asignarlos a la Fundaci\u00f3n para el Fomento de la Cultura del estado Bolivariano de Gu\u00e1rico (Fundaculgua), los cuales se ejecutar\u00e1n en diversos proyectos de recuperaci\u00f3n, mejoras y ambientaci\u00f3n de espacios p\u00fablicos, para el desarrollo de actividades recreativas, tradicionales\u00a0 y religiosas.<\/p>\n<p>\u00abLas legisladoras y legisladores integrantes del Gran Polo Patri\u00f3tico Sim\u00f3n Bol\u00edvar, felicitamos al gobernador Jos\u00e9 V\u00e1squez por esta iniciativa que es parte de ese regalo por la celebraci\u00f3n del D\u00eda del Santo Patrono San Juan el Bautista, siendo esto propicio para exaltar nuestras tradiciones, porque la cultura es un derecho irrenunciable de los pueblos, por ello es premisa del Gobierno Bolivariano del estado Gu\u00e1rico\u00bb, asever\u00f3 Encinozo.<\/p>\n<p>La presidenta del Clebg, en nombre de la bancada parlamentaria del Gppsb, manifest\u00f3 el respaldo absoluto al gobernador Jos\u00e9 V\u00e1squez por tomar en cuenta la cultura, expresiones y tradiciones ancestrales del pueblo, reflejado en este caso en la celebraci\u00f3n del D\u00eda de San Juan el Bautista.<\/p>\n<p><strong>Apoyo rotundo a la gira Euroasi\u00e1tica-Africana del presidente Maduro<\/strong><\/p>\n<p><strong>\u00a0<\/strong>Entretanto, la legisladora Roselyn Vegas, de la fracci\u00f3n parlamentaria del partido Patria Para Todos, celebr\u00f3 junto a los parlamentarios del Gppsb el trabajo tit\u00e1nico que viene realizando el presidente Nicol\u00e1s Maduro contra el bloqueo y sanciones imperiales. \u00abVemos con gran entusiasmo esta gira que realiz\u00f3 el primer mandatario, por pa\u00edses euroasi\u00e1ticos y africanos, en el marco del nuevo mundo multipolar, en el cual busca mejorar las relaciones de Venezuela en materia energ\u00e9tica, petrolera, turismo y tecnolog\u00eda, todo esto en favor del pueblo\u00bb.<\/p>\n<p><strong>Felicitaci\u00f3n a las fuerzas progresistas de Colombia<\/strong><\/p>\n<p>Por su parte, la legisladora Germary Torrealba, de la fracci\u00f3n del Movimiento Electoral del Pueblo, envi\u00f3 desde la bancada del Gppsb del Consejo Legislativo regional, un abrazo Bolivariano y revolucionario al pueblo colombiano y a la victoria popular del presidente electo Gustavo Petro y su vicepresidenta Francia M\u00e1rquez, quienes gracias al apoyo mayoritario de las y los neogranadinos lograron un triunfo hist\u00f3rico en la segunda vuelta electoral del pasado domingo, abriendo as\u00ed un nuevo camino de vida, avance e Igualdad en \u00e9ste pa\u00eds hermano. \u00abEn Venezuela seguimos en pie de lucha y con la esperanza de volver a restablecer relaciones, con la hermana naci\u00f3n, somos hijas e hijos del Libertador Sim\u00f3n Bol\u00edvar\u00bb.<\/p>\n","protected":false},"excerpt":{"rendered":"<p>Prensa PPT. &#8211; En funci\u00f3n de continuar afianzando la unidad revolucionaria perfecta dentro de la gesti\u00f3n legislativa, \u00e9ste jueves la Fracci\u00f3n Parlamentaria del Gran Polo Patri\u00f3tico Sim\u00f3n Bol\u00edvar (Gppsb) del Parlamento Regional, se reuni\u00f3 a fin de fortalecer una agenda concreta y garantizar la eficiencia en la gesti\u00f3n dentro del Clebg, as\u00ed como expresar su [&hellip;]<\/p>\n","protected":false},"author":1,"featured_media":161,"comment_status":"closed","ping_status":"open","sticky":false,"template":"","format":"standard","meta":{"footnotes":""},"categories":[8],"tags":[],"class_list":["post-163","post","type-post","status-publish","format-standard","has-post-thumbnail","hentry","category-legisladores"],"yoast_head":"<!-- This site is optimized with the Yoast SEO plugin v23.3 - https:\/\/yoast.com\/wordpress\/plugins\/seo\/ -->\n<title>Fracci\u00f3n del Polo Patri\u00f3tico en el Clebg comprometida con el buen vivir del pueblo - La Mecha Azul<\/title>\n<meta name=\"robots\" content=\"index, follow, max-snippet:-1, max-image-preview:large, max-video-preview:-1\" \/>\n<link rel=\"canonical\" href=\"https:\/\/patriaparatodos.com.ve\/?p=163\" \/>\n<meta property=\"og:locale\" content=\"es_ES\" \/>\n<meta property=\"og:type\" content=\"article\" \/>\n<meta property=\"og:title\" content=\"Fracci\u00f3n del Polo Patri\u00f3tico en el Clebg comprometida con el buen vivir del pueblo - La Mecha Azul\" \/>\n<meta property=\"og:description\" content=\"Prensa PPT. &#8211; En funci\u00f3n de continuar afianzando la unidad revolucionaria perfecta dentro de la gesti\u00f3n legislativa, \u00e9ste jueves la Fracci\u00f3n Parlamentaria del Gran Polo Patri\u00f3tico Sim\u00f3n Bol\u00edvar (Gppsb) del Parlamento Regional, se reuni\u00f3 a fin de fortalecer una agenda concreta y garantizar la eficiencia en la gesti\u00f3n dentro del Clebg, as\u00ed como expresar su [&hellip;]\" \/>\n<meta property=\"og:url\" content=\"https:\/\/patriaparatodos.com.ve\/?p=163\" \/>\n<meta property=\"og:site_name\" content=\"La Mecha Azul\" \/>\n<meta property=\"article:published_time\" content=\"2022-07-13T13:33:59+00:00\" \/>\n<meta property=\"article:modified_time\" content=\"2023-07-14T01:48:40+00:00\" \/>\n<meta property=\"og:image\" content=\"https:\/\/patriaparatodos.com.ve\/wp-content\/uploads\/2022\/07\/foto-1.jpeg\" \/>\n\t<meta property=\"og:image:width\" content=\"1024\" \/>\n\t<meta property=\"og:image:height\" content=\"583\" \/>\n\t<meta property=\"og:image:type\" content=\"image\/jpeg\" \/>\n<meta name=\"author\" content=\"admin\" \/>\n<meta name=\"twitter:card\" content=\"summary_large_image\" \/>\n<meta name=\"twitter:label1\" content=\"Escrito por\" \/>\n\t<meta name=\"twitter:data1\" content=\"admin\" \/>\n\t<meta name=\"twitter:label2\" content=\"Tiempo de lectura\" \/>\n\t<meta name=\"twitter:data2\" content=\"3 minutos\" \/>\n<script type=\"application\/ld+json\" class=\"yoast-schema-graph\">{\"@context\":\"https:\/\/schema.org\",\"@graph\":[{\"@type\":\"Article\",\"@id\":\"https:\/\/patriaparatodos.com.ve\/?p=163#article\",\"isPartOf\":{\"@id\":\"https:\/\/patriaparatodos.com.ve\/?p=163\"},\"author\":{\"name\":\"admin\",\"@id\":\"https:\/\/patriaparatodos.com.ve\/#\/schema\/person\/5f87d17351c27386e48e4f8927996b15\"},\"headline\":\"Fracci\u00f3n del Polo Patri\u00f3tico en el Clebg comprometida con el buen vivir del pueblo\",\"datePublished\":\"2022-07-13T13:33:59+00:00\",\"dateModified\":\"2023-07-14T01:48:40+00:00\",\"mainEntityOfPage\":{\"@id\":\"https:\/\/patriaparatodos.com.ve\/?p=163\"},\"wordCount\":571,\"publisher\":{\"@id\":\"https:\/\/patriaparatodos.com.ve\/#organization\"},\"image\":{\"@id\":\"https:\/\/patriaparatodos.com.ve\/?p=163#primaryimage\"},\"thumbnailUrl\":\"https:\/\/patriaparatodos.com.ve\/wp-content\/uploads\/2022\/07\/foto-1.jpeg\",\"articleSection\":[\"Legisladores\"],\"inLanguage\":\"es\"},{\"@type\":\"WebPage\",\"@id\":\"https:\/\/patriaparatodos.com.ve\/?p=163\",\"url\":\"https:\/\/patriaparatodos.com.ve\/?p=163\",\"name\":\"Fracci\u00f3n del Polo Patri\u00f3tico en el Clebg comprometida con el buen vivir del pueblo - La Mecha Azul\",\"isPartOf\":{\"@id\":\"https:\/\/patriaparatodos.com.ve\/#website\"},\"primaryImageOfPage\":{\"@id\":\"https:\/\/patriaparatodos.com.ve\/?p=163#primaryimage\"},\"image\":{\"@id\":\"https:\/\/patriaparatodos.com.ve\/?p=163#primaryimage\"},\"thumbnailUrl\":\"https:\/\/patriaparatodos.com.ve\/wp-content\/uploads\/2022\/07\/foto-1.jpeg\",\"datePublished\":\"2022-07-13T13:33:59+00:00\",\"dateModified\":\"2023-07-14T01:48:40+00:00\",\"breadcrumb\":{\"@id\":\"https:\/\/patriaparatodos.com.ve\/?p=163#breadcrumb\"},\"inLanguage\":\"es\",\"potentialAction\":[{\"@type\":\"ReadAction\",\"target\":[\"https:\/\/patriaparatodos.com.ve\/?p=163\"]}]},{\"@type\":\"ImageObject\",\"inLanguage\":\"es\",\"@id\":\"https:\/\/patriaparatodos.com.ve\/?p=163#primaryimage\",\"url\":\"https:\/\/patriaparatodos.com.ve\/wp-content\/uploads\/2022\/07\/foto-1.jpeg\",\"contentUrl\":\"https:\/\/patriaparatodos.com.ve\/wp-content\/uploads\/2022\/07\/foto-1.jpeg\",\"width\":1024,\"height\":583},{\"@type\":\"BreadcrumbList\",\"@id\":\"https:\/\/patriaparatodos.com.ve\/?p=163#breadcrumb\",\"itemListElement\":[{\"@type\":\"ListItem\",\"position\":1,\"name\":\"Portada\",\"item\":\"https:\/\/patriaparatodos.com.ve\/\"},{\"@type\":\"ListItem\",\"position\":2,\"name\":\"Fracci\u00f3n del Polo Patri\u00f3tico en el Clebg comprometida con el buen vivir del pueblo\"}]},{\"@type\":\"WebSite\",\"@id\":\"https:\/\/patriaparatodos.com.ve\/#website\",\"url\":\"https:\/\/patriaparatodos.com.ve\/\",\"name\":\"La Mecha Azul\",\"description\":\"Por la \u00c9tica, Valor de la Palabra\",\"publisher\":{\"@id\":\"https:\/\/patriaparatodos.com.ve\/#organization\"},\"potentialAction\":[{\"@type\":\"SearchAction\",\"target\":{\"@type\":\"EntryPoint\",\"urlTemplate\":\"https:\/\/patriaparatodos.com.ve\/?s={search_term_string}\"},\"query-input\":\"required name=search_term_string\"}],\"inLanguage\":\"es\"},{\"@type\":\"Organization\",\"@id\":\"https:\/\/patriaparatodos.com.ve\/#organization\",\"name\":\"La Mecha Azul\",\"url\":\"https:\/\/patriaparatodos.com.ve\/\",\"logo\":{\"@type\":\"ImageObject\",\"inLanguage\":\"es\",\"@id\":\"https:\/\/patriaparatodos.com.ve\/#\/schema\/logo\/image\/\",\"url\":\"https:\/\/patriaparatodos.com.ve\/wp-content\/uploads\/2023\/02\/cropped-logo-La-mecha-Azul-n.png\",\"contentUrl\":\"https:\/\/patriaparatodos.com.ve\/wp-content\/uploads\/2023\/02\/cropped-logo-La-mecha-Azul-n.png\",\"width\":5884,\"height\":3318,\"caption\":\"La Mecha Azul\"},\"image\":{\"@id\":\"https:\/\/patriaparatodos.com.ve\/#\/schema\/logo\/image\/\"}},{\"@type\":\"Person\",\"@id\":\"https:\/\/patriaparatodos.com.ve\/#\/schema\/person\/5f87d17351c27386e48e4f8927996b15\",\"name\":\"admin\",\"image\":{\"@type\":\"ImageObject\",\"inLanguage\":\"es\",\"@id\":\"https:\/\/patriaparatodos.com.ve\/#\/schema\/person\/image\/\",\"url\":\"https:\/\/secure.gravatar.com\/avatar\/a29766c0fc2cc324b9ccbc693fd8f1dab0cb4ddfb34bbebb23c71d73ecfa35b7?s=96&d=mm&r=g\",\"contentUrl\":\"https:\/\/secure.gravatar.com\/avatar\/a29766c0fc2cc324b9ccbc693fd8f1dab0cb4ddfb34bbebb23c71d73ecfa35b7?s=96&d=mm&r=g\",\"caption\":\"admin\"},\"sameAs\":[\"https:\/\/patriaparatodos.com.ve\"],\"url\":\"https:\/\/patriaparatodos.com.ve\/?author=1\"}]}<\/script>\n<!-- \/ Yoast SEO plugin. -->","yoast_head_json":{"title":"Fracci\u00f3n del Polo Patri\u00f3tico en el Clebg comprometida con el buen vivir del pueblo - La Mecha Azul","robots":{"index":"index","follow":"follow","max-snippet":"max-snippet:-1","max-image-preview":"max-image-preview:large","max-video-preview":"max-video-preview:-1"},"canonical":"https:\/\/patriaparatodos.com.ve\/?p=163","og_locale":"es_ES","og_type":"article","og_title":"Fracci\u00f3n del Polo Patri\u00f3tico en el Clebg comprometida con el buen vivir del pueblo - La Mecha Azul","og_description":"Prensa PPT. &#8211; En funci\u00f3n de continuar afianzando la unidad revolucionaria perfecta dentro de la gesti\u00f3n legislativa, \u00e9ste jueves la Fracci\u00f3n Parlamentaria del Gran Polo Patri\u00f3tico Sim\u00f3n Bol\u00edvar (Gppsb) del Parlamento Regional, se reuni\u00f3 a fin de fortalecer una agenda concreta y garantizar la eficiencia en la gesti\u00f3n dentro del Clebg, as\u00ed como expresar su [&hellip;]","og_url":"https:\/\/patriaparatodos.com.ve\/?p=163","og_site_name":"La Mecha Azul","article_published_time":"2022-07-13T13:33:59+00:00","article_modified_time":"2023-07-14T01:48:40+00:00","og_image":[{"width":1024,"height":583,"url":"https:\/\/patriaparatodos.com.ve\/wp-content\/uploads\/2022\/07\/foto-1.jpeg","type":"image\/jpeg"}],"author":"admin","twitter_card":"summary_large_image","twitter_misc":{"Escrito por":"admin","Tiempo de lectura":"3 minutos"},"schema":{"@context":"https:\/\/schema.org","@graph":[{"@type":"Article","@id":"https:\/\/patriaparatodos.com.ve\/?p=163#article","isPartOf":{"@id":"https:\/\/patriaparatodos.com.ve\/?p=163"},"author":{"name":"admin","@id":"https:\/\/patriaparatodos.com.ve\/#\/schema\/person\/5f87d17351c27386e48e4f8927996b15"},"headline":"Fracci\u00f3n del Polo Patri\u00f3tico en el Clebg comprometida con el buen vivir del pueblo","datePublished":"2022-07-13T13:33:59+00:00","dateModified":"2023-07-14T01:48:40+00:00","mainEntityOfPage":{"@id":"https:\/\/patriaparatodos.com.ve\/?p=163"},"wordCount":571,"publisher":{"@id":"https:\/\/patriaparatodos.com.ve\/#organization"},"image":{"@id":"https:\/\/patriaparatodos.com.ve\/?p=163#primaryimage"},"thumbnailUrl":"https:\/\/patriaparatodos.com.ve\/wp-content\/uploads\/2022\/07\/foto-1.jpeg","articleSection":["Legisladores"],"inLanguage":"es"},{"@type":"WebPage","@id":"https:\/\/patriaparatodos.com.ve\/?p=163","url":"https:\/\/patriaparatodos.com.ve\/?p=163","name":"Fracci\u00f3n del Polo Patri\u00f3tico en el Clebg comprometida con el buen vivir del pueblo - La Mecha Azul","isPartOf":{"@id":"https:\/\/patriaparatodos.com.ve\/#website"},"primaryImageOfPage":{"@id":"https:\/\/patriaparatodos.com.ve\/?p=163#primaryimage"},"image":{"@id":"https:\/\/patriaparatodos.com.ve\/?p=163#primaryimage"},"thumbnailUrl":"https:\/\/patriaparatodos.com.ve\/wp-content\/uploads\/2022\/07\/foto-1.jpeg","datePublished":"2022-07-13T13:33:59+00:00","dateModified":"2023-07-14T01:48:40+00:00","breadcrumb":{"@id":"https:\/\/patriaparatodos.com.ve\/?p=163#breadcrumb"},"inLanguage":"es","potentialAction":[{"@type":"ReadAction","target":["https:\/\/patriaparatodos.com.ve\/?p=163"]}]},{"@type":"ImageObject","inLanguage":"es","@id":"https:\/\/patriaparatodos.com.ve\/?p=163#primaryimage","url":"https:\/\/patriaparatodos.com.ve\/wp-content\/uploads\/2022\/07\/foto-1.jpeg","contentUrl":"https:\/\/patriaparatodos.com.ve\/wp-content\/uploads\/2022\/07\/foto-1.jpeg","width":1024,"height":583},{"@type":"BreadcrumbList","@id":"https:\/\/patriaparatodos.com.ve\/?p=163#breadcrumb","itemListElement":[{"@type":"ListItem","position":1,"name":"Portada","item":"https:\/\/patriaparatodos.com.ve\/"},{"@type":"ListItem","position":2,"name":"Fracci\u00f3n del Polo Patri\u00f3tico en el Clebg comprometida con el buen vivir del pueblo"}]},{"@type":"WebSite","@id":"https:\/\/patriaparatodos.com.ve\/#website","url":"https:\/\/patriaparatodos.com.ve\/","name":"La Mecha Azul","description":"Por la \u00c9tica, Valor de la Palabra","publisher":{"@id":"https:\/\/patriaparatodos.com.ve\/#organization"},"potentialAction":[{"@type":"SearchAction","target":{"@type":"EntryPoint","urlTemplate":"https:\/\/patriaparatodos.com.ve\/?s={search_term_string}"},"query-input":"required name=search_term_string"}],"inLanguage":"es"},{"@type":"Organization","@id":"https:\/\/patriaparatodos.com.ve\/#organization","name":"La Mecha Azul","url":"https:\/\/patriaparatodos.com.ve\/","logo":{"@type":"ImageObject","inLanguage":"es","@id":"https:\/\/patriaparatodos.com.ve\/#\/schema\/logo\/image\/","url":"https:\/\/patriaparatodos.com.ve\/wp-content\/uploads\/2023\/02\/cropped-logo-La-mecha-Azul-n.png","contentUrl":"https:\/\/patriaparatodos.com.ve\/wp-content\/uploads\/2023\/02\/cropped-logo-La-mecha-Azul-n.png","width":5884,"height":3318,"caption":"La Mecha Azul"},"image":{"@id":"https:\/\/patriaparatodos.com.ve\/#\/schema\/logo\/image\/"}},{"@type":"Person","@id":"https:\/\/patriaparatodos.com.ve\/#\/schema\/person\/5f87d17351c27386e48e4f8927996b15","name":"admin","image":{"@type":"ImageObject","inLanguage":"es","@id":"https:\/\/patriaparatodos.com.ve\/#\/schema\/person\/image\/","url":"https:\/\/secure.gravatar.com\/avatar\/a29766c0fc2cc324b9ccbc693fd8f1dab0cb4ddfb34bbebb23c71d73ecfa35b7?s=96&d=mm&r=g","contentUrl":"https:\/\/secure.gravatar.com\/avatar\/a29766c0fc2cc324b9ccbc693fd8f1dab0cb4ddfb34bbebb23c71d73ecfa35b7?s=96&d=mm&r=g","caption":"admin"},"sameAs":["https:\/\/patriaparatodos.com.ve"],"url":"https:\/\/patriaparatodos.com.ve\/?author=1"}]}},"_links":{"self":[{"href":"https:\/\/patriaparatodos.com.ve\/index.php?rest_route=\/wp\/v2\/posts\/163","targetHints":{"allow":["GET"]}}],"collection":[{"href":"https:\/\/patriaparatodos.com.ve\/index.php?rest_route=\/wp\/v2\/posts"}],"about":[{"href":"https:\/\/patriaparatodos.com.ve\/index.php?rest_route=\/wp\/v2\/types\/post"}],"author":[{"embeddable":true,"href":"https:\/\/patriaparatodos.com.ve\/index.php?rest_route=\/wp\/v2\/users\/1"}],"replies":[{"embeddable":true,"href":"https:\/\/patriaparatodos.com.ve\/index.php?rest_route=%2Fwp%2Fv2%2Fcomments&post=163"}],"version-history":[{"count":1,"href":"https:\/\/patriaparatodos.com.ve\/index.php?rest_route=\/wp\/v2\/posts\/163\/revisions"}],"predecessor-version":[{"id":164,"href":"https:\/\/patriaparatodos.com.ve\/index.php?rest_route=\/wp\/v2\/posts\/163\/revisions\/164"}],"wp:featuredmedia":[{"embeddable":true,"href":"https:\/\/patriaparatodos.com.ve\/index.php?rest_route=\/wp\/v2\/media\/161"}],"wp:attachment":[{"href":"https:\/\/patriaparatodos.com.ve\/index.php?rest_route=%2Fwp%2Fv2%2Fmedia&parent=163"}],"wp:term":[{"taxonomy":"category","embeddable":true,"href":"https:\/\/patriaparatodos.com.ve\/index.php?rest_route=%2Fwp%2Fv2%2Fcategories&post=163"},{"taxonomy":"post_tag","embeddable":true,"href":"https:\/\/patriaparatodos.com.ve\/index.php?rest_route=%2Fwp%2Fv2%2Ftags&post=163"}],"curies":[{"name":"wp","href":"https:\/\/api.w.org\/{rel}","templated":true}]}}