{"id":165,"date":"2022-07-13T13:35:24","date_gmt":"2022-07-13T13:35:24","guid":{"rendered":"https:\/\/patriaparatodos.com.ve\/?p=165"},"modified":"2023-07-14T01:48:01","modified_gmt":"2023-07-14T01:48:01","slug":"ilenia-medina-venezuela-victoriosa-es-un-referente-de-libertad","status":"publish","type":"post","link":"https:\/\/patriaparatodos.com.ve\/?p=165","title":{"rendered":"Ilenia Medina: Venezuela victoriosa es un referente de Libertad"},"content":{"rendered":"<p><strong>(Prensa PPT-Caracas, 4 de julio de 2022)<\/strong> \u00a0La Diputada Ilenia Medina, en ejercicio de su leg\u00edtimo derecho como m\u00e1xima vocera del partido pol\u00edtico Patria Para Todos, habida cuenta de su condici\u00f3n de Presidente de la Junta Directiva Ad Hoc y Secretaria General en funciones, comenz\u00f3 su alocuci\u00f3n saludando en Venezuela el D\u00eda del Arquitecto y en el \u00e1mbito internacional el D\u00eda de la Independencia de los Estados Unidos.<\/p>\n<p>Respecto a la naci\u00f3n del norte, dirigi\u00f3 un afectuoso saludo al profundo pueblo estadounidense que a pesar de las desigualdades all\u00ed reinantes mantiene la esperanza de alg\u00fan d\u00eda disfrutar de un gobierno del pueblo, por el pueblo y para el pueblo, como es uno de sus principios fundacionales que la \u00e9lite dirigente traicion\u00f3 desde muy temprano: hoy los Estados\u00a0 Unidos de Am\u00e9rica es una p\u00e1gina oscura en la historia de la humanidad por su permanente empe\u00f1o por someter a los pueblos de la regi\u00f3n, plagando el mundo de miseria en nombre de su \u201clibertad\u201d, como dijo Sim\u00f3n Bol\u00edvar.<\/p>\n<p>Como ejemplo de verdadera emancipaci\u00f3n, se\u00f1al\u00f3 Ilenia Medina que la independencia venezolana es aut\u00e9ntico modelo que se expandi\u00f3 por todo el continente como la <em>Buena Nueva<\/em> de que hab\u00eda sido despejada la misteriosa inc\u00f3gnita de la emancipaci\u00f3n: \u00a1por ello este 5 de julio de 2022 celebramos la Independencia en honor de las mujeres y los hombres que durante 211 hemos dado la vida por la Patria!<\/p>\n<p>\u00a1Somos un referente como lo fuimos en 1811! Defendemos nuestro derecho a ser libres por estar orgullosos de nuestro pasado y comprometidos con nuestro futuro. Por eso celebramos nuestra Independencia y lo haremos junto a nuestro Presidente Obrero Nicol\u00e1s Maduro Moros, un hijo del pueblo, un trabajador, un hermano de luchas que ha sabido ganar las batallas m\u00e1s dif\u00edciles con el respaldo de su pueblo. \u00a1All\u00ed estar\u00e1 PPT celebrando la Independencia en los actos protocolares especialmente preparados y junto al pueblo del que somos parte org\u00e1nica!<\/p>\n<p>Como parte de las labores que desarrolla el Ej\u00e9rcito de Legisladores PPT, destac\u00f3 la Diputada Ilenia Medina la reciente aprobaci\u00f3n por la Asamblea Nacional de la Ley de Zonas Econ\u00f3micas Especiales, iniciativa destinada a estimular la producci\u00f3n en ejercicio de la soberan\u00eda. Esta norma est\u00e1 dirigida a las grandes inversiones, sin embargo la Parlamentaria reiter\u00f3 desde su compromiso social con las bases, que \u00a1no podemos olvidar a los emprendedores!, esos peque\u00f1os y medianos productores que han mantenido activa la econom\u00eda y que alimentaron al pa\u00eds durante tiempos dif\u00edciles.<\/p>\n<p>Destac\u00f3 Medina que, la Ley de Zonas Econ\u00f3micas Especiales es \u201cuna pol\u00edtica correcta para activar la econom\u00eda, pero tambi\u00e9n lo es la pol\u00edtica de los emprendedores, orientada a fortalecer el Poder Popular y que al momento sentimos est\u00e1 frenada: las p\u00e1ginas web para su correspondiente registro est\u00e1n ca\u00eddas y es necesario mantener el financiamiento para esa pol\u00edtica; pero tambi\u00e9n beneficiar a los trabajadores de las Empresas B\u00e1sicas de Guayana en los proyectos que desarrollen en relaci\u00f3n con las necesidades que pudiera tener la empresa en sus distintas \u00e1reas para darle mayor fortaleza al criterio del encadenamiento productivo. Ya lo hab\u00edamos planteados en mayo como dos formas de activar la econom\u00eda: una con el sector privado y otra con el Poder Popular. El emprendimiento requiere reasumir el auge que tuvo al principio\u201d.<\/p>\n<p>Los campesinos que producen nuestros alimentos son los llamados a darle continuidad al encadenamiento productivo del pa\u00eds, vinculado a las necesidades de las empresas y sus trabajadores, que tambi\u00e9n son el sujeto social de la Revoluci\u00f3n Bolivariana; con menci\u00f3n especial a la Empresa Nacional de Transporte PDVSA-ENT, donde labora el compa\u00f1ero \u00c1ngel Castillo, quienes durante el sabotaje al Sistema El\u00e9ctrico Nacional lleg\u00f3 el combustible a los hospitales y cl\u00ednicas para garantizar la vida de los pacientes y atender la salud: \u00a1que el Poder Popular se empodere!<\/p>\n<p>En materia internacional, alert\u00f3 a la opini\u00f3n p\u00fablica por la reuni\u00f3n de la OTAN sostenida en Madrid, en la que se agregaron nuevos pa\u00edses a la alianza armamentista que en opini\u00f3n de la diplom\u00e1tica de carrera, persiguen una escalada b\u00e9lica que puede desencadenar la Tercera Guerra Mundial: \u00a1Debemos tener una visi\u00f3n m\u00e1s amplia de lo que est\u00e1 sucediendo en el mundo! \u00a1Avanzar hacia la paz, la unidad y la producci\u00f3n agroalimentaria!<\/p>\n<p>Con relaci\u00f3n a Colombia, PPT tiene grandes esperanzas con la llegada a la presidencia de Gustavo Petro; sin embargo los pocos d\u00edas de gobierno que le quedan a Iv\u00e1n Duque s\u00ed son motivo de preocupaci\u00f3n, de manera que se requiere especial atenci\u00f3n en la zona fronteriza. En los pr\u00f3ximos d\u00edas PPT consignar\u00e1 al Gobierno Bolivariano un informe sobre la situaci\u00f3n en las entidades fronterizas en el que se detallar\u00e1n aspectos de especial relevancia y urgente atenci\u00f3n. Igualmente ofreci\u00f3 las condolencias por el asesinato del Capit\u00e1n de la Guardia Fronteriza Ind\u00edgena en Amazonas, Virgilio Trujillo Arana; honor a su memoria y justicia.<\/p>\n<p>Inform\u00f3 sobre las actuaciones pol\u00edticas de Patria Para Todos, destac\u00e1ndose la reuni\u00f3n de trabajo sostenida la semana pasada con los militantes revolucionarios de la causa internacional Carlos Casa Nueva (Chile) y Jos\u00e9 Carrasquilla (Panam\u00e1), con quienes se analiz\u00f3 el escenario de sus correspondientes pa\u00edses y se avizor\u00f3 un promisorio panorama; la dirigente pepetista tambi\u00e9n particip\u00f3 en un encuentro con el Gobernador H\u00e9ctor Rodr\u00edguez, quien en su condici\u00f3n de representante del PSUV ante el Gran Polo Patri\u00f3tico Sim\u00f3n Bol\u00edvar, articul\u00f3 con la Diputada Ilenia Medina para delinear las pr\u00f3ximas acciones conjuntas.<\/p>\n<p>Por \u00faltimo, expres\u00f3 el benepl\u00e1cito de la tolda azul por los avance en su proceso de Refundaci\u00f3n Organizacional que tiene previsto para el pr\u00f3ximo fin de semana la celebraci\u00f3n de las Asambleas Regionales en los estados Zulia y Falc\u00f3n, recordando que el inicio de la etapa regional fue iniciado por el estado Yaracuy y que progresivamente se ir\u00e1n constituyendo todas las direcciones regionales para luego congregarse en la Asamblea Nacional que decidir\u00e1 las nuevas autoridades del partido de conformidad con sus Estatutos y principios.<\/p>\n","protected":false},"excerpt":{"rendered":"<p>(Prensa PPT-Caracas, 4 de julio de 2022) \u00a0La Diputada Ilenia Medina, en ejercicio de su leg\u00edtimo derecho como m\u00e1xima vocera del partido pol\u00edtico Patria Para Todos, habida cuenta de su condici\u00f3n de Presidente de la Junta Directiva Ad Hoc y Secretaria General en funciones, comenz\u00f3 su alocuci\u00f3n saludando en Venezuela el D\u00eda del Arquitecto y [&hellip;]<\/p>\n","protected":false},"author":1,"featured_media":159,"comment_status":"closed","ping_status":"open","sticky":false,"template":"","format":"standard","meta":{"footnotes":""},"categories":[7],"tags":[],"class_list":["post-165","post","type-post","status-publish","format-standard","has-post-thumbnail","hentry","category-notas-de-prensa"],"yoast_head":"<!-- This site is optimized with the Yoast SEO plugin v23.3 - https:\/\/yoast.com\/wordpress\/plugins\/seo\/ -->\n<title>Ilenia Medina: Venezuela victoriosa es un referente de Libertad - La Mecha Azul<\/title>\n<meta name=\"robots\" content=\"index, follow, max-snippet:-1, max-image-preview:large, max-video-preview:-1\" \/>\n<link rel=\"canonical\" href=\"https:\/\/patriaparatodos.com.ve\/?p=165\" \/>\n<meta property=\"og:locale\" content=\"es_ES\" \/>\n<meta property=\"og:type\" content=\"article\" \/>\n<meta property=\"og:title\" content=\"Ilenia Medina: Venezuela victoriosa es un referente de Libertad - La Mecha Azul\" \/>\n<meta property=\"og:description\" content=\"(Prensa PPT-Caracas, 4 de julio de 2022) \u00a0La Diputada Ilenia Medina, en ejercicio de su leg\u00edtimo derecho como m\u00e1xima vocera del partido pol\u00edtico Patria Para Todos, habida cuenta de su condici\u00f3n de Presidente de la Junta Directiva Ad Hoc y Secretaria General en funciones, comenz\u00f3 su alocuci\u00f3n saludando en Venezuela el D\u00eda del Arquitecto y [&hellip;]\" \/>\n<meta property=\"og:url\" content=\"https:\/\/patriaparatodos.com.ve\/?p=165\" \/>\n<meta property=\"og:site_name\" content=\"La Mecha Azul\" \/>\n<meta property=\"article:published_time\" content=\"2022-07-13T13:35:24+00:00\" \/>\n<meta property=\"article:modified_time\" content=\"2023-07-14T01:48:01+00:00\" \/>\n<meta property=\"og:image\" content=\"https:\/\/patriaparatodos.com.ve\/wp-content\/uploads\/2022\/07\/DSC00061-scaled-e1657719108192.jpg\" \/>\n\t<meta property=\"og:image:width\" content=\"800\" \/>\n\t<meta property=\"og:image:height\" content=\"600\" \/>\n\t<meta property=\"og:image:type\" content=\"image\/jpeg\" \/>\n<meta name=\"author\" content=\"admin\" \/>\n<meta name=\"twitter:card\" content=\"summary_large_image\" \/>\n<meta name=\"twitter:label1\" content=\"Escrito por\" \/>\n\t<meta name=\"twitter:data1\" content=\"admin\" \/>\n\t<meta name=\"twitter:label2\" content=\"Tiempo de lectura\" \/>\n\t<meta name=\"twitter:data2\" content=\"5 minutos\" \/>\n<script type=\"application\/ld+json\" class=\"yoast-schema-graph\">{\"@context\":\"https:\/\/schema.org\",\"@graph\":[{\"@type\":\"Article\",\"@id\":\"https:\/\/patriaparatodos.com.ve\/?p=165#article\",\"isPartOf\":{\"@id\":\"https:\/\/patriaparatodos.com.ve\/?p=165\"},\"author\":{\"name\":\"admin\",\"@id\":\"https:\/\/patriaparatodos.com.ve\/#\/schema\/person\/5f87d17351c27386e48e4f8927996b15\"},\"headline\":\"Ilenia Medina: Venezuela victoriosa es un referente de Libertad\",\"datePublished\":\"2022-07-13T13:35:24+00:00\",\"dateModified\":\"2023-07-14T01:48:01+00:00\",\"mainEntityOfPage\":{\"@id\":\"https:\/\/patriaparatodos.com.ve\/?p=165\"},\"wordCount\":1068,\"publisher\":{\"@id\":\"https:\/\/patriaparatodos.com.ve\/#organization\"},\"image\":{\"@id\":\"https:\/\/patriaparatodos.com.ve\/?p=165#primaryimage\"},\"thumbnailUrl\":\"https:\/\/patriaparatodos.com.ve\/wp-content\/uploads\/2022\/07\/DSC00061-scaled-e1657719108192.jpg\",\"articleSection\":[\"Notas de Prensa\"],\"inLanguage\":\"es\"},{\"@type\":\"WebPage\",\"@id\":\"https:\/\/patriaparatodos.com.ve\/?p=165\",\"url\":\"https:\/\/patriaparatodos.com.ve\/?p=165\",\"name\":\"Ilenia Medina: Venezuela victoriosa es un referente de Libertad - La Mecha Azul\",\"isPartOf\":{\"@id\":\"https:\/\/patriaparatodos.com.ve\/#website\"},\"primaryImageOfPage\":{\"@id\":\"https:\/\/patriaparatodos.com.ve\/?p=165#primaryimage\"},\"image\":{\"@id\":\"https:\/\/patriaparatodos.com.ve\/?p=165#primaryimage\"},\"thumbnailUrl\":\"https:\/\/patriaparatodos.com.ve\/wp-content\/uploads\/2022\/07\/DSC00061-scaled-e1657719108192.jpg\",\"datePublished\":\"2022-07-13T13:35:24+00:00\",\"dateModified\":\"2023-07-14T01:48:01+00:00\",\"breadcrumb\":{\"@id\":\"https:\/\/patriaparatodos.com.ve\/?p=165#breadcrumb\"},\"inLanguage\":\"es\",\"potentialAction\":[{\"@type\":\"ReadAction\",\"target\":[\"https:\/\/patriaparatodos.com.ve\/?p=165\"]}]},{\"@type\":\"ImageObject\",\"inLanguage\":\"es\",\"@id\":\"https:\/\/patriaparatodos.com.ve\/?p=165#primaryimage\",\"url\":\"https:\/\/patriaparatodos.com.ve\/wp-content\/uploads\/2022\/07\/DSC00061-scaled-e1657719108192.jpg\",\"contentUrl\":\"https:\/\/patriaparatodos.com.ve\/wp-content\/uploads\/2022\/07\/DSC00061-scaled-e1657719108192.jpg\",\"width\":800,\"height\":600},{\"@type\":\"BreadcrumbList\",\"@id\":\"https:\/\/patriaparatodos.com.ve\/?p=165#breadcrumb\",\"itemListElement\":[{\"@type\":\"ListItem\",\"position\":1,\"name\":\"Portada\",\"item\":\"https:\/\/patriaparatodos.com.ve\/\"},{\"@type\":\"ListItem\",\"position\":2,\"name\":\"Ilenia Medina: Venezuela victoriosa es un referente de Libertad\"}]},{\"@type\":\"WebSite\",\"@id\":\"https:\/\/patriaparatodos.com.ve\/#website\",\"url\":\"https:\/\/patriaparatodos.com.ve\/\",\"name\":\"La Mecha Azul\",\"description\":\"Por la \u00c9tica, Valor de la Palabra\",\"publisher\":{\"@id\":\"https:\/\/patriaparatodos.com.ve\/#organization\"},\"potentialAction\":[{\"@type\":\"SearchAction\",\"target\":{\"@type\":\"EntryPoint\",\"urlTemplate\":\"https:\/\/patriaparatodos.com.ve\/?s={search_term_string}\"},\"query-input\":\"required name=search_term_string\"}],\"inLanguage\":\"es\"},{\"@type\":\"Organization\",\"@id\":\"https:\/\/patriaparatodos.com.ve\/#organization\",\"name\":\"La Mecha Azul\",\"url\":\"https:\/\/patriaparatodos.com.ve\/\",\"logo\":{\"@type\":\"ImageObject\",\"inLanguage\":\"es\",\"@id\":\"https:\/\/patriaparatodos.com.ve\/#\/schema\/logo\/image\/\",\"url\":\"https:\/\/patriaparatodos.com.ve\/wp-content\/uploads\/2023\/02\/cropped-logo-La-mecha-Azul-n.png\",\"contentUrl\":\"https:\/\/patriaparatodos.com.ve\/wp-content\/uploads\/2023\/02\/cropped-logo-La-mecha-Azul-n.png\",\"width\":5884,\"height\":3318,\"caption\":\"La Mecha Azul\"},\"image\":{\"@id\":\"https:\/\/patriaparatodos.com.ve\/#\/schema\/logo\/image\/\"}},{\"@type\":\"Person\",\"@id\":\"https:\/\/patriaparatodos.com.ve\/#\/schema\/person\/5f87d17351c27386e48e4f8927996b15\",\"name\":\"admin\",\"image\":{\"@type\":\"ImageObject\",\"inLanguage\":\"es\",\"@id\":\"https:\/\/patriaparatodos.com.ve\/#\/schema\/person\/image\/\",\"url\":\"https:\/\/secure.gravatar.com\/avatar\/a29766c0fc2cc324b9ccbc693fd8f1dab0cb4ddfb34bbebb23c71d73ecfa35b7?s=96&d=mm&r=g\",\"contentUrl\":\"https:\/\/secure.gravatar.com\/avatar\/a29766c0fc2cc324b9ccbc693fd8f1dab0cb4ddfb34bbebb23c71d73ecfa35b7?s=96&d=mm&r=g\",\"caption\":\"admin\"},\"sameAs\":[\"https:\/\/patriaparatodos.com.ve\"],\"url\":\"https:\/\/patriaparatodos.com.ve\/?author=1\"}]}<\/script>\n<!-- \/ Yoast SEO plugin. -->","yoast_head_json":{"title":"Ilenia Medina: Venezuela victoriosa es un referente de Libertad - La Mecha Azul","robots":{"index":"index","follow":"follow","max-snippet":"max-snippet:-1","max-image-preview":"max-image-preview:large","max-video-preview":"max-video-preview:-1"},"canonical":"https:\/\/patriaparatodos.com.ve\/?p=165","og_locale":"es_ES","og_type":"article","og_title":"Ilenia Medina: Venezuela victoriosa es un referente de Libertad - La Mecha Azul","og_description":"(Prensa PPT-Caracas, 4 de julio de 2022) \u00a0La Diputada Ilenia Medina, en ejercicio de su leg\u00edtimo derecho como m\u00e1xima vocera del partido pol\u00edtico Patria Para Todos, habida cuenta de su condici\u00f3n de Presidente de la Junta Directiva Ad Hoc y Secretaria General en funciones, comenz\u00f3 su alocuci\u00f3n saludando en Venezuela el D\u00eda del Arquitecto y [&hellip;]","og_url":"https:\/\/patriaparatodos.com.ve\/?p=165","og_site_name":"La Mecha Azul","article_published_time":"2022-07-13T13:35:24+00:00","article_modified_time":"2023-07-14T01:48:01+00:00","og_image":[{"width":800,"height":600,"url":"https:\/\/patriaparatodos.com.ve\/wp-content\/uploads\/2022\/07\/DSC00061-scaled-e1657719108192.jpg","type":"image\/jpeg"}],"author":"admin","twitter_card":"summary_large_image","twitter_misc":{"Escrito por":"admin","Tiempo de lectura":"5 minutos"},"schema":{"@context":"https:\/\/schema.org","@graph":[{"@type":"Article","@id":"https:\/\/patriaparatodos.com.ve\/?p=165#article","isPartOf":{"@id":"https:\/\/patriaparatodos.com.ve\/?p=165"},"author":{"name":"admin","@id":"https:\/\/patriaparatodos.com.ve\/#\/schema\/person\/5f87d17351c27386e48e4f8927996b15"},"headline":"Ilenia Medina: Venezuela victoriosa es un referente de Libertad","datePublished":"2022-07-13T13:35:24+00:00","dateModified":"2023-07-14T01:48:01+00:00","mainEntityOfPage":{"@id":"https:\/\/patriaparatodos.com.ve\/?p=165"},"wordCount":1068,"publisher":{"@id":"https:\/\/patriaparatodos.com.ve\/#organization"},"image":{"@id":"https:\/\/patriaparatodos.com.ve\/?p=165#primaryimage"},"thumbnailUrl":"https:\/\/patriaparatodos.com.ve\/wp-content\/uploads\/2022\/07\/DSC00061-scaled-e1657719108192.jpg","articleSection":["Notas de Prensa"],"inLanguage":"es"},{"@type":"WebPage","@id":"https:\/\/patriaparatodos.com.ve\/?p=165","url":"https:\/\/patriaparatodos.com.ve\/?p=165","name":"Ilenia Medina: Venezuela victoriosa es un referente de Libertad - La Mecha Azul","isPartOf":{"@id":"https:\/\/patriaparatodos.com.ve\/#website"},"primaryImageOfPage":{"@id":"https:\/\/patriaparatodos.com.ve\/?p=165#primaryimage"},"image":{"@id":"https:\/\/patriaparatodos.com.ve\/?p=165#primaryimage"},"thumbnailUrl":"https:\/\/patriaparatodos.com.ve\/wp-content\/uploads\/2022\/07\/DSC00061-scaled-e1657719108192.jpg","datePublished":"2022-07-13T13:35:24+00:00","dateModified":"2023-07-14T01:48:01+00:00","breadcrumb":{"@id":"https:\/\/patriaparatodos.com.ve\/?p=165#breadcrumb"},"inLanguage":"es","potentialAction":[{"@type":"ReadAction","target":["https:\/\/patriaparatodos.com.ve\/?p=165"]}]},{"@type":"ImageObject","inLanguage":"es","@id":"https:\/\/patriaparatodos.com.ve\/?p=165#primaryimage","url":"https:\/\/patriaparatodos.com.ve\/wp-content\/uploads\/2022\/07\/DSC00061-scaled-e1657719108192.jpg","contentUrl":"https:\/\/patriaparatodos.com.ve\/wp-content\/uploads\/2022\/07\/DSC00061-scaled-e1657719108192.jpg","width":800,"height":600},{"@type":"BreadcrumbList","@id":"https:\/\/patriaparatodos.com.ve\/?p=165#breadcrumb","itemListElement":[{"@type":"ListItem","position":1,"name":"Portada","item":"https:\/\/patriaparatodos.com.ve\/"},{"@type":"ListItem","position":2,"name":"Ilenia Medina: Venezuela victoriosa es un referente de Libertad"}]},{"@type":"WebSite","@id":"https:\/\/patriaparatodos.com.ve\/#website","url":"https:\/\/patriaparatodos.com.ve\/","name":"La Mecha Azul","description":"Por la \u00c9tica, Valor de la Palabra","publisher":{"@id":"https:\/\/patriaparatodos.com.ve\/#organization"},"potentialAction":[{"@type":"SearchAction","target":{"@type":"EntryPoint","urlTemplate":"https:\/\/patriaparatodos.com.ve\/?s={search_term_string}"},"query-input":"required name=search_term_string"}],"inLanguage":"es"},{"@type":"Organization","@id":"https:\/\/patriaparatodos.com.ve\/#organization","name":"La Mecha Azul","url":"https:\/\/patriaparatodos.com.ve\/","logo":{"@type":"ImageObject","inLanguage":"es","@id":"https:\/\/patriaparatodos.com.ve\/#\/schema\/logo\/image\/","url":"https:\/\/patriaparatodos.com.ve\/wp-content\/uploads\/2023\/02\/cropped-logo-La-mecha-Azul-n.png","contentUrl":"https:\/\/patriaparatodos.com.ve\/wp-content\/uploads\/2023\/02\/cropped-logo-La-mecha-Azul-n.png","width":5884,"height":3318,"caption":"La Mecha Azul"},"image":{"@id":"https:\/\/patriaparatodos.com.ve\/#\/schema\/logo\/image\/"}},{"@type":"Person","@id":"https:\/\/patriaparatodos.com.ve\/#\/schema\/person\/5f87d17351c27386e48e4f8927996b15","name":"admin","image":{"@type":"ImageObject","inLanguage":"es","@id":"https:\/\/patriaparatodos.com.ve\/#\/schema\/person\/image\/","url":"https:\/\/secure.gravatar.com\/avatar\/a29766c0fc2cc324b9ccbc693fd8f1dab0cb4ddfb34bbebb23c71d73ecfa35b7?s=96&d=mm&r=g","contentUrl":"https:\/\/secure.gravatar.com\/avatar\/a29766c0fc2cc324b9ccbc693fd8f1dab0cb4ddfb34bbebb23c71d73ecfa35b7?s=96&d=mm&r=g","caption":"admin"},"sameAs":["https:\/\/patriaparatodos.com.ve"],"url":"https:\/\/patriaparatodos.com.ve\/?author=1"}]}},"_links":{"self":[{"href":"https:\/\/patriaparatodos.com.ve\/index.php?rest_route=\/wp\/v2\/posts\/165","targetHints":{"allow":["GET"]}}],"collection":[{"href":"https:\/\/patriaparatodos.com.ve\/index.php?rest_route=\/wp\/v2\/posts"}],"about":[{"href":"https:\/\/patriaparatodos.com.ve\/index.php?rest_route=\/wp\/v2\/types\/post"}],"author":[{"embeddable":true,"href":"https:\/\/patriaparatodos.com.ve\/index.php?rest_route=\/wp\/v2\/users\/1"}],"replies":[{"embeddable":true,"href":"https:\/\/patriaparatodos.com.ve\/index.php?rest_route=%2Fwp%2Fv2%2Fcomments&post=165"}],"version-history":[{"count":1,"href":"https:\/\/patriaparatodos.com.ve\/index.php?rest_route=\/wp\/v2\/posts\/165\/revisions"}],"predecessor-version":[{"id":166,"href":"https:\/\/patriaparatodos.com.ve\/index.php?rest_route=\/wp\/v2\/posts\/165\/revisions\/166"}],"wp:featuredmedia":[{"embeddable":true,"href":"https:\/\/patriaparatodos.com.ve\/index.php?rest_route=\/wp\/v2\/media\/159"}],"wp:attachment":[{"href":"https:\/\/patriaparatodos.com.ve\/index.php?rest_route=%2Fwp%2Fv2%2Fmedia&parent=165"}],"wp:term":[{"taxonomy":"category","embeddable":true,"href":"https:\/\/patriaparatodos.com.ve\/index.php?rest_route=%2Fwp%2Fv2%2Fcategories&post=165"},{"taxonomy":"post_tag","embeddable":true,"href":"https:\/\/patriaparatodos.com.ve\/index.php?rest_route=%2Fwp%2Fv2%2Ftags&post=165"}],"curies":[{"name":"wp","href":"https:\/\/api.w.org\/{rel}","templated":true}]}}