{"id":167,"date":"2022-07-13T13:36:28","date_gmt":"2022-07-13T13:36:28","guid":{"rendered":"https:\/\/patriaparatodos.com.ve\/?p=167"},"modified":"2023-07-14T01:26:15","modified_gmt":"2023-07-14T01:26:15","slug":"an-autoriza-uso-de-orden-de-amistad-al-canciller-carlos-faria","status":"publish","type":"post","link":"https:\/\/patriaparatodos.com.ve\/?p=167","title":{"rendered":"AN autoriza uso de \u201cOrden de Amistad\u201d al canciller Carlos Far\u00eda"},"content":{"rendered":"<p><strong>Prensa PPT<\/strong><strong>. &#8211;<\/strong> La Asamblea Nacional (AN) autoriz\u00f3 al ministro del Poder Popular para Relaciones Exteriores, Carlos Far\u00eda Tortosa, el uso de la condecoraci\u00f3n \u201cOrden de Amistad\u201d del Ministerio de Asuntos Exteriores de la Federaci\u00f3n de Rusia, que se le confiri\u00f3 a trav\u00e9s de la embajada en Caracas.<\/p>\n<p>Al respecto, la primera vicepresidenta de la Comisi\u00f3n Permanente de Pol\u00edtica Exterior, Soberan\u00eda e Integraci\u00f3n, diputada Ileana Medina, indic\u00f3 que tal reconocimiento debe ser orgullo para el pueblo venezolano porque reconoce la labor de amistad entre Rusia y Venezuela.<\/p>\n<p>Medina coment\u00f3 que esta condecoraci\u00f3n ha sido entregada a personalidades relevantes en el mundo, hecho importante porque muestra que las relaciones con Rusia se vienen profundizando para beneficiar a ambas naciones.<\/p>\n<p>Agreg\u00f3 que la \u201cOrden de Amistad\u201d es el reconocimiento m\u00e1s relevante que confiere Rusia a sus ciudadanos y a los extranjeros por sus logros sobresalientes en la promoci\u00f3n de la paz, la amistad, la cooperaci\u00f3n y el entendimiento entre las naciones, por la conservaci\u00f3n activa, la mejora y la promoci\u00f3n del patrimonio cultural e hist\u00f3rico de Rusia, por las actividades fruct\u00edferas en el acercamiento y enriquecimiento mutuo de las culturas, naciones y pueblos.<\/p>\n<p>La parlamentaria recalc\u00f3 que el canciller Far\u00eda Tortosa tiene las credenciales necesarias para recibir la condecoraci\u00f3n rusa, ya que al desempe\u00f1arse como embajador de Venezuela en Rusia permiti\u00f3 ampliar los acuerdos entre ambos pa\u00edses.<\/p>\n","protected":false},"excerpt":{"rendered":"<p>Prensa PPT. &#8211; La Asamblea Nacional (AN) autoriz\u00f3 al ministro del Poder Popular para Relaciones Exteriores, Carlos Far\u00eda Tortosa, el uso de la condecoraci\u00f3n \u201cOrden de Amistad\u201d del Ministerio de Asuntos Exteriores de la Federaci\u00f3n de Rusia, que se le confiri\u00f3 a trav\u00e9s de la embajada en Caracas. Al respecto, la primera vicepresidenta de la [&hellip;]<\/p>\n","protected":false},"author":1,"featured_media":158,"comment_status":"closed","ping_status":"open","sticky":false,"template":"","format":"standard","meta":{"footnotes":""},"categories":[8],"tags":[],"class_list":["post-167","post","type-post","status-publish","format-standard","has-post-thumbnail","hentry","category-legisladores"],"yoast_head":"<!-- This site is optimized with the Yoast SEO plugin v23.3 - https:\/\/yoast.com\/wordpress\/plugins\/seo\/ -->\n<title>AN autoriza uso de \u201cOrden de Amistad\u201d al canciller Carlos Far\u00eda - La Mecha Azul<\/title>\n<meta name=\"robots\" content=\"index, follow, max-snippet:-1, max-image-preview:large, max-video-preview:-1\" \/>\n<link rel=\"canonical\" href=\"https:\/\/patriaparatodos.com.ve\/?p=167\" \/>\n<meta property=\"og:locale\" content=\"es_ES\" \/>\n<meta property=\"og:type\" content=\"article\" \/>\n<meta property=\"og:title\" content=\"AN autoriza uso de \u201cOrden de Amistad\u201d al canciller Carlos Far\u00eda - La Mecha Azul\" \/>\n<meta property=\"og:description\" content=\"Prensa PPT. &#8211; La Asamblea Nacional (AN) autoriz\u00f3 al ministro del Poder Popular para Relaciones Exteriores, Carlos Far\u00eda Tortosa, el uso de la condecoraci\u00f3n \u201cOrden de Amistad\u201d del Ministerio de Asuntos Exteriores de la Federaci\u00f3n de Rusia, que se le confiri\u00f3 a trav\u00e9s de la embajada en Caracas. Al respecto, la primera vicepresidenta de la [&hellip;]\" \/>\n<meta property=\"og:url\" content=\"https:\/\/patriaparatodos.com.ve\/?p=167\" \/>\n<meta property=\"og:site_name\" content=\"La Mecha Azul\" \/>\n<meta property=\"article:published_time\" content=\"2022-07-13T13:36:28+00:00\" \/>\n<meta property=\"article:modified_time\" content=\"2023-07-14T01:26:15+00:00\" \/>\n<meta property=\"og:image\" content=\"https:\/\/patriaparatodos.com.ve\/wp-content\/uploads\/2022\/07\/an-autoriza-uso-de-orden-de-amistad-al-canciller-carlos-faria-20220712233706.jpg\" \/>\n\t<meta property=\"og:image:width\" content=\"1280\" \/>\n\t<meta property=\"og:image:height\" content=\"853\" \/>\n\t<meta property=\"og:image:type\" content=\"image\/jpeg\" \/>\n<meta name=\"author\" content=\"admin\" \/>\n<meta name=\"twitter:card\" content=\"summary_large_image\" \/>\n<meta name=\"twitter:label1\" content=\"Escrito por\" \/>\n\t<meta name=\"twitter:data1\" content=\"admin\" \/>\n\t<meta name=\"twitter:label2\" content=\"Tiempo de lectura\" \/>\n\t<meta name=\"twitter:data2\" content=\"1 minuto\" \/>\n<script type=\"application\/ld+json\" class=\"yoast-schema-graph\">{\"@context\":\"https:\/\/schema.org\",\"@graph\":[{\"@type\":\"Article\",\"@id\":\"https:\/\/patriaparatodos.com.ve\/?p=167#article\",\"isPartOf\":{\"@id\":\"https:\/\/patriaparatodos.com.ve\/?p=167\"},\"author\":{\"name\":\"admin\",\"@id\":\"https:\/\/patriaparatodos.com.ve\/#\/schema\/person\/5f87d17351c27386e48e4f8927996b15\"},\"headline\":\"AN autoriza uso de \u201cOrden de Amistad\u201d al canciller Carlos Far\u00eda\",\"datePublished\":\"2022-07-13T13:36:28+00:00\",\"dateModified\":\"2023-07-14T01:26:15+00:00\",\"mainEntityOfPage\":{\"@id\":\"https:\/\/patriaparatodos.com.ve\/?p=167\"},\"wordCount\":257,\"publisher\":{\"@id\":\"https:\/\/patriaparatodos.com.ve\/#organization\"},\"image\":{\"@id\":\"https:\/\/patriaparatodos.com.ve\/?p=167#primaryimage\"},\"thumbnailUrl\":\"https:\/\/patriaparatodos.com.ve\/wp-content\/uploads\/2022\/07\/an-autoriza-uso-de-orden-de-amistad-al-canciller-carlos-faria-20220712233706.jpg\",\"articleSection\":[\"Legisladores\"],\"inLanguage\":\"es\"},{\"@type\":\"WebPage\",\"@id\":\"https:\/\/patriaparatodos.com.ve\/?p=167\",\"url\":\"https:\/\/patriaparatodos.com.ve\/?p=167\",\"name\":\"AN autoriza uso de \u201cOrden de Amistad\u201d al canciller Carlos Far\u00eda - La Mecha Azul\",\"isPartOf\":{\"@id\":\"https:\/\/patriaparatodos.com.ve\/#website\"},\"primaryImageOfPage\":{\"@id\":\"https:\/\/patriaparatodos.com.ve\/?p=167#primaryimage\"},\"image\":{\"@id\":\"https:\/\/patriaparatodos.com.ve\/?p=167#primaryimage\"},\"thumbnailUrl\":\"https:\/\/patriaparatodos.com.ve\/wp-content\/uploads\/2022\/07\/an-autoriza-uso-de-orden-de-amistad-al-canciller-carlos-faria-20220712233706.jpg\",\"datePublished\":\"2022-07-13T13:36:28+00:00\",\"dateModified\":\"2023-07-14T01:26:15+00:00\",\"breadcrumb\":{\"@id\":\"https:\/\/patriaparatodos.com.ve\/?p=167#breadcrumb\"},\"inLanguage\":\"es\",\"potentialAction\":[{\"@type\":\"ReadAction\",\"target\":[\"https:\/\/patriaparatodos.com.ve\/?p=167\"]}]},{\"@type\":\"ImageObject\",\"inLanguage\":\"es\",\"@id\":\"https:\/\/patriaparatodos.com.ve\/?p=167#primaryimage\",\"url\":\"https:\/\/patriaparatodos.com.ve\/wp-content\/uploads\/2022\/07\/an-autoriza-uso-de-orden-de-amistad-al-canciller-carlos-faria-20220712233706.jpg\",\"contentUrl\":\"https:\/\/patriaparatodos.com.ve\/wp-content\/uploads\/2022\/07\/an-autoriza-uso-de-orden-de-amistad-al-canciller-carlos-faria-20220712233706.jpg\",\"width\":1280,\"height\":853},{\"@type\":\"BreadcrumbList\",\"@id\":\"https:\/\/patriaparatodos.com.ve\/?p=167#breadcrumb\",\"itemListElement\":[{\"@type\":\"ListItem\",\"position\":1,\"name\":\"Portada\",\"item\":\"https:\/\/patriaparatodos.com.ve\/\"},{\"@type\":\"ListItem\",\"position\":2,\"name\":\"AN autoriza uso de \u201cOrden de Amistad\u201d al canciller Carlos Far\u00eda\"}]},{\"@type\":\"WebSite\",\"@id\":\"https:\/\/patriaparatodos.com.ve\/#website\",\"url\":\"https:\/\/patriaparatodos.com.ve\/\",\"name\":\"La Mecha Azul\",\"description\":\"Por la \u00c9tica, Valor de la Palabra\",\"publisher\":{\"@id\":\"https:\/\/patriaparatodos.com.ve\/#organization\"},\"potentialAction\":[{\"@type\":\"SearchAction\",\"target\":{\"@type\":\"EntryPoint\",\"urlTemplate\":\"https:\/\/patriaparatodos.com.ve\/?s={search_term_string}\"},\"query-input\":\"required name=search_term_string\"}],\"inLanguage\":\"es\"},{\"@type\":\"Organization\",\"@id\":\"https:\/\/patriaparatodos.com.ve\/#organization\",\"name\":\"La Mecha Azul\",\"url\":\"https:\/\/patriaparatodos.com.ve\/\",\"logo\":{\"@type\":\"ImageObject\",\"inLanguage\":\"es\",\"@id\":\"https:\/\/patriaparatodos.com.ve\/#\/schema\/logo\/image\/\",\"url\":\"https:\/\/patriaparatodos.com.ve\/wp-content\/uploads\/2023\/02\/cropped-logo-La-mecha-Azul-n.png\",\"contentUrl\":\"https:\/\/patriaparatodos.com.ve\/wp-content\/uploads\/2023\/02\/cropped-logo-La-mecha-Azul-n.png\",\"width\":5884,\"height\":3318,\"caption\":\"La Mecha Azul\"},\"image\":{\"@id\":\"https:\/\/patriaparatodos.com.ve\/#\/schema\/logo\/image\/\"}},{\"@type\":\"Person\",\"@id\":\"https:\/\/patriaparatodos.com.ve\/#\/schema\/person\/5f87d17351c27386e48e4f8927996b15\",\"name\":\"admin\",\"image\":{\"@type\":\"ImageObject\",\"inLanguage\":\"es\",\"@id\":\"https:\/\/patriaparatodos.com.ve\/#\/schema\/person\/image\/\",\"url\":\"https:\/\/secure.gravatar.com\/avatar\/a29766c0fc2cc324b9ccbc693fd8f1dab0cb4ddfb34bbebb23c71d73ecfa35b7?s=96&d=mm&r=g\",\"contentUrl\":\"https:\/\/secure.gravatar.com\/avatar\/a29766c0fc2cc324b9ccbc693fd8f1dab0cb4ddfb34bbebb23c71d73ecfa35b7?s=96&d=mm&r=g\",\"caption\":\"admin\"},\"sameAs\":[\"https:\/\/patriaparatodos.com.ve\"],\"url\":\"https:\/\/patriaparatodos.com.ve\/?author=1\"}]}<\/script>\n<!-- \/ Yoast SEO plugin. -->","yoast_head_json":{"title":"AN autoriza uso de \u201cOrden de Amistad\u201d al canciller Carlos Far\u00eda - La Mecha Azul","robots":{"index":"index","follow":"follow","max-snippet":"max-snippet:-1","max-image-preview":"max-image-preview:large","max-video-preview":"max-video-preview:-1"},"canonical":"https:\/\/patriaparatodos.com.ve\/?p=167","og_locale":"es_ES","og_type":"article","og_title":"AN autoriza uso de \u201cOrden de Amistad\u201d al canciller Carlos Far\u00eda - La Mecha Azul","og_description":"Prensa PPT. &#8211; La Asamblea Nacional (AN) autoriz\u00f3 al ministro del Poder Popular para Relaciones Exteriores, Carlos Far\u00eda Tortosa, el uso de la condecoraci\u00f3n \u201cOrden de Amistad\u201d del Ministerio de Asuntos Exteriores de la Federaci\u00f3n de Rusia, que se le confiri\u00f3 a trav\u00e9s de la embajada en Caracas. Al respecto, la primera vicepresidenta de la [&hellip;]","og_url":"https:\/\/patriaparatodos.com.ve\/?p=167","og_site_name":"La Mecha Azul","article_published_time":"2022-07-13T13:36:28+00:00","article_modified_time":"2023-07-14T01:26:15+00:00","og_image":[{"width":1280,"height":853,"url":"https:\/\/patriaparatodos.com.ve\/wp-content\/uploads\/2022\/07\/an-autoriza-uso-de-orden-de-amistad-al-canciller-carlos-faria-20220712233706.jpg","type":"image\/jpeg"}],"author":"admin","twitter_card":"summary_large_image","twitter_misc":{"Escrito por":"admin","Tiempo de lectura":"1 minuto"},"schema":{"@context":"https:\/\/schema.org","@graph":[{"@type":"Article","@id":"https:\/\/patriaparatodos.com.ve\/?p=167#article","isPartOf":{"@id":"https:\/\/patriaparatodos.com.ve\/?p=167"},"author":{"name":"admin","@id":"https:\/\/patriaparatodos.com.ve\/#\/schema\/person\/5f87d17351c27386e48e4f8927996b15"},"headline":"AN autoriza uso de \u201cOrden de Amistad\u201d al canciller Carlos Far\u00eda","datePublished":"2022-07-13T13:36:28+00:00","dateModified":"2023-07-14T01:26:15+00:00","mainEntityOfPage":{"@id":"https:\/\/patriaparatodos.com.ve\/?p=167"},"wordCount":257,"publisher":{"@id":"https:\/\/patriaparatodos.com.ve\/#organization"},"image":{"@id":"https:\/\/patriaparatodos.com.ve\/?p=167#primaryimage"},"thumbnailUrl":"https:\/\/patriaparatodos.com.ve\/wp-content\/uploads\/2022\/07\/an-autoriza-uso-de-orden-de-amistad-al-canciller-carlos-faria-20220712233706.jpg","articleSection":["Legisladores"],"inLanguage":"es"},{"@type":"WebPage","@id":"https:\/\/patriaparatodos.com.ve\/?p=167","url":"https:\/\/patriaparatodos.com.ve\/?p=167","name":"AN autoriza uso de \u201cOrden de Amistad\u201d al canciller Carlos Far\u00eda - La Mecha Azul","isPartOf":{"@id":"https:\/\/patriaparatodos.com.ve\/#website"},"primaryImageOfPage":{"@id":"https:\/\/patriaparatodos.com.ve\/?p=167#primaryimage"},"image":{"@id":"https:\/\/patriaparatodos.com.ve\/?p=167#primaryimage"},"thumbnailUrl":"https:\/\/patriaparatodos.com.ve\/wp-content\/uploads\/2022\/07\/an-autoriza-uso-de-orden-de-amistad-al-canciller-carlos-faria-20220712233706.jpg","datePublished":"2022-07-13T13:36:28+00:00","dateModified":"2023-07-14T01:26:15+00:00","breadcrumb":{"@id":"https:\/\/patriaparatodos.com.ve\/?p=167#breadcrumb"},"inLanguage":"es","potentialAction":[{"@type":"ReadAction","target":["https:\/\/patriaparatodos.com.ve\/?p=167"]}]},{"@type":"ImageObject","inLanguage":"es","@id":"https:\/\/patriaparatodos.com.ve\/?p=167#primaryimage","url":"https:\/\/patriaparatodos.com.ve\/wp-content\/uploads\/2022\/07\/an-autoriza-uso-de-orden-de-amistad-al-canciller-carlos-faria-20220712233706.jpg","contentUrl":"https:\/\/patriaparatodos.com.ve\/wp-content\/uploads\/2022\/07\/an-autoriza-uso-de-orden-de-amistad-al-canciller-carlos-faria-20220712233706.jpg","width":1280,"height":853},{"@type":"BreadcrumbList","@id":"https:\/\/patriaparatodos.com.ve\/?p=167#breadcrumb","itemListElement":[{"@type":"ListItem","position":1,"name":"Portada","item":"https:\/\/patriaparatodos.com.ve\/"},{"@type":"ListItem","position":2,"name":"AN autoriza uso de \u201cOrden de Amistad\u201d al canciller Carlos Far\u00eda"}]},{"@type":"WebSite","@id":"https:\/\/patriaparatodos.com.ve\/#website","url":"https:\/\/patriaparatodos.com.ve\/","name":"La Mecha Azul","description":"Por la \u00c9tica, Valor de la Palabra","publisher":{"@id":"https:\/\/patriaparatodos.com.ve\/#organization"},"potentialAction":[{"@type":"SearchAction","target":{"@type":"EntryPoint","urlTemplate":"https:\/\/patriaparatodos.com.ve\/?s={search_term_string}"},"query-input":"required name=search_term_string"}],"inLanguage":"es"},{"@type":"Organization","@id":"https:\/\/patriaparatodos.com.ve\/#organization","name":"La Mecha Azul","url":"https:\/\/patriaparatodos.com.ve\/","logo":{"@type":"ImageObject","inLanguage":"es","@id":"https:\/\/patriaparatodos.com.ve\/#\/schema\/logo\/image\/","url":"https:\/\/patriaparatodos.com.ve\/wp-content\/uploads\/2023\/02\/cropped-logo-La-mecha-Azul-n.png","contentUrl":"https:\/\/patriaparatodos.com.ve\/wp-content\/uploads\/2023\/02\/cropped-logo-La-mecha-Azul-n.png","width":5884,"height":3318,"caption":"La Mecha Azul"},"image":{"@id":"https:\/\/patriaparatodos.com.ve\/#\/schema\/logo\/image\/"}},{"@type":"Person","@id":"https:\/\/patriaparatodos.com.ve\/#\/schema\/person\/5f87d17351c27386e48e4f8927996b15","name":"admin","image":{"@type":"ImageObject","inLanguage":"es","@id":"https:\/\/patriaparatodos.com.ve\/#\/schema\/person\/image\/","url":"https:\/\/secure.gravatar.com\/avatar\/a29766c0fc2cc324b9ccbc693fd8f1dab0cb4ddfb34bbebb23c71d73ecfa35b7?s=96&d=mm&r=g","contentUrl":"https:\/\/secure.gravatar.com\/avatar\/a29766c0fc2cc324b9ccbc693fd8f1dab0cb4ddfb34bbebb23c71d73ecfa35b7?s=96&d=mm&r=g","caption":"admin"},"sameAs":["https:\/\/patriaparatodos.com.ve"],"url":"https:\/\/patriaparatodos.com.ve\/?author=1"}]}},"_links":{"self":[{"href":"https:\/\/patriaparatodos.com.ve\/index.php?rest_route=\/wp\/v2\/posts\/167","targetHints":{"allow":["GET"]}}],"collection":[{"href":"https:\/\/patriaparatodos.com.ve\/index.php?rest_route=\/wp\/v2\/posts"}],"about":[{"href":"https:\/\/patriaparatodos.com.ve\/index.php?rest_route=\/wp\/v2\/types\/post"}],"author":[{"embeddable":true,"href":"https:\/\/patriaparatodos.com.ve\/index.php?rest_route=\/wp\/v2\/users\/1"}],"replies":[{"embeddable":true,"href":"https:\/\/patriaparatodos.com.ve\/index.php?rest_route=%2Fwp%2Fv2%2Fcomments&post=167"}],"version-history":[{"count":1,"href":"https:\/\/patriaparatodos.com.ve\/index.php?rest_route=\/wp\/v2\/posts\/167\/revisions"}],"predecessor-version":[{"id":168,"href":"https:\/\/patriaparatodos.com.ve\/index.php?rest_route=\/wp\/v2\/posts\/167\/revisions\/168"}],"wp:featuredmedia":[{"embeddable":true,"href":"https:\/\/patriaparatodos.com.ve\/index.php?rest_route=\/wp\/v2\/media\/158"}],"wp:attachment":[{"href":"https:\/\/patriaparatodos.com.ve\/index.php?rest_route=%2Fwp%2Fv2%2Fmedia&parent=167"}],"wp:term":[{"taxonomy":"category","embeddable":true,"href":"https:\/\/patriaparatodos.com.ve\/index.php?rest_route=%2Fwp%2Fv2%2Fcategories&post=167"},{"taxonomy":"post_tag","embeddable":true,"href":"https:\/\/patriaparatodos.com.ve\/index.php?rest_route=%2Fwp%2Fv2%2Ftags&post=167"}],"curies":[{"name":"wp","href":"https:\/\/api.w.org\/{rel}","templated":true}]}}