{"id":1708,"date":"2024-02-28T16:18:55","date_gmt":"2024-02-28T16:18:55","guid":{"rendered":"https:\/\/patriaparatodos.com.ve\/?p=1708"},"modified":"2024-04-10T23:35:55","modified_gmt":"2024-04-10T23:35:55","slug":"este-el-momento-de-agilizar-las-denuncias-contra-los-enemigos-de-la-patria","status":"publish","type":"post","link":"https:\/\/patriaparatodos.com.ve\/?p=1708","title":{"rendered":"Carlos Mart\u00ednez: Con las 7T se profundiza la participaci\u00f3n en la planificaci\u00f3n"},"content":{"rendered":"<p class=\"western\" align=\"justify\"><span style=\"font-family: Cambria, serif;\"><span style=\"font-size: large;\"><b>Para PPT es \u00e9ste el momento de agilizar las denuncias contra los enemigos de la patria. Fiscal\u00eda y dem\u00e1s organismos competentes deben profundizar sus investigaciones y hacer la justicia que pide el pueblo. <\/b><\/span><\/span><\/p>\n<p class=\"western\" align=\"justify\"><span style=\"font-family: Cambria, serif;\"><span style=\"font-size: large;\">(Prensa PPT-Caracas, 26 de febrero de 2024) El Secretario Nacional de Organizaci\u00f3n de PPT, Diputado Carlos Mart\u00ednez, rindi\u00f3 declaraciones a los medios de comunicaci\u00f3n este lunes 26 de febrero desde la Oficina Parlamentaria de Patria Para Todos ubicada en Parque Central, Caracas. Luego de un amplio debate con la dirigencia nacional y regional del partido, present\u00f3 un balance de los temas de inter\u00e9s nacional e internacional.<\/span><\/span><\/p>\n<p class=\"western\" align=\"justify\"><span style=\"font-family: Cambria, serif;\"><span style=\"font-size: large;\">Aprovech\u00f3 la ocasi\u00f3n para recordar el natalicio de dos argentinos ejemplares: el Libertador Jos\u00e9 de San Mart\u00edn y el Presidente N\u00e9stor Kirchner. Sendos l\u00edderes, cada uno en su tiempo, de procesos de emancipaci\u00f3n latinoamericana. Hoy m\u00e1s que nunca ante un pueblo pisoteado en sus derechos por un presidente que s\u00f3lo representa a la ultraderecha y a los empresarios. <\/span><\/span><\/p>\n<p class=\"western\" align=\"justify\"><span style=\"font-family: Cambria, serif;\"><span style=\"font-size: large;\"><b>A un a\u00f1o m\u00e1s del Caracazo.-<\/b><\/span><\/span><span style=\"font-family: Cambria, serif;\"><span style=\"font-size: large;\"> El Diputado Carlos Mart\u00ednez record\u00f3 que el 27 de febrero de 1989 marc\u00f3 un hito en la historia contempor\u00e1nea. Este hecho in\u00e9dito surge por la acumulaci\u00f3n de injusticias y desigualdades, con pol\u00edticas que afectaban a los m\u00e1s despose\u00eddos. El descontento se hizo evidente con el paquete neoliberal de Carlos Andr\u00e9s P\u00e9rez y no fue reconocido por el Estado venezolano su devastador efecto, que en lo inmediato produjo la matanza de miles de venezolanos, hasta la llegada de Ch\u00e1vez al poder que incluso indemniz\u00f3 a las v\u00edctimas.<\/span><\/span><\/p>\n<p class=\"western\" align=\"justify\"><span style=\"font-family: Cambria, serif;\"><span style=\"font-size: large;\">Mart\u00ednez consider\u00f3 que el 27-F fue un sacud\u00f3n que estremeci\u00f3 las bases pol\u00edticas y econ\u00f3micas del pa\u00eds, obligando a considerar el proceso de descentralizaci\u00f3n que hab\u00eda planteado la Comisi\u00f3n Presidencial para la Reforma del Estado (COPRE), que planteaba la elecci\u00f3n de alcaldes y gobernadores para descongestionar la acci\u00f3n de gobierno y crear las condiciones de reforma del Estado burgu\u00e9s, periodo hist\u00f3rico d\u00f3nde estuvimos presente en la lucha y debate para lograr dichos objetivos. <\/span><\/span><\/p>\n<p class=\"western\" align=\"justify\"><span style=\"font-family: Cambria, serif;\"><span style=\"font-size: large;\">Tanto el 27 de febrero de 1989 como el 4 de febrero de 1992, marcaron la hoja de ruta del proceso revolucionario, se\u00f1al\u00f3 el Secretario Nacional de Organizaci\u00f3n de PPT, Carlos Mart\u00ednez, al reconocerse nuevos liderazgos del pa\u00eds y allan\u00f3 las responsabilidades del Estado venezolano ante la masacre del \u00b489, dejando en evidencia ante la comunidad internacional y organismos como la Corte Interamericana de Derechos Humanos de la OEA, la obligaci\u00f3n de indemnizar a los afectados.<\/span><\/span><\/p>\n<p class=\"western\" align=\"justify\"><span style=\"font-family: Cambria, serif;\"><span style=\"font-size: large;\"><b>Di\u00e1logo nacional de cara a las elecciones.-<\/b><\/span><\/span><span style=\"font-family: Cambria, serif;\"><span style=\"font-size: large;\"> Carlos Mart\u00ednez se\u00f1al\u00f3 que nunca antes se hab\u00eda visto la amplitud en esta materia, donde est\u00e1n presentes el 97% de las organizaciones partidistas que hacen vida en el pa\u00eds, adem\u00e1s de sumar gremios, organizaciones, universidades, movimientos y personalidades que inciden en la opini\u00f3n p\u00fablica nacional interesados en la paz nacional que lideriza el Presidente Nicol\u00e1s Maduro Moros, que este martes 27 de febrero consolidar\u00e1 la firma del acuerdo entre todas las partes.<\/span><\/span><\/p>\n<p class=\"western\" align=\"justify\"><span style=\"font-family: Cambria, serif;\"><span style=\"font-size: large;\">El estar en di\u00e1logo junto a los grupos opositores, sobremanera los extremistas, no ha sido f\u00e1cil. El Presidente Nicol\u00e1s Maduro Moros a trav\u00e9s del Diputado Jorge Rodr\u00edguez ha logrado esta tarea, la cual calificamos en PPT como una victoria contundente para la estabilidad de Venezuela. Los asuntos nacionales deben ser resueltos en nuestra patria, calific\u00f3 Mart\u00ednez, y todos los actores all\u00ed presentes no tienen duda de ello. Debemos ser los venezolanos quienes decidamos nuestro camino.<\/span><\/span><\/p>\n<p class=\"western\" align=\"justify\"><span style=\"font-family: Cambria, serif;\"><span style=\"font-size: large;\">Carlos Mart\u00ednez lament\u00f3 que los apellidos innombrables siguen pretendiendo hacer ver que se han violentado los acuerdos suscritos en Barbados, al no habilitar a la Machado y Capriles, cosa que no es cierta puesto que en los acuerdos suscritos por ning\u00fan lado aparece habilitar a los responsables de delitos en contra del Estado venezolano y de su poblaci\u00f3n. A ello se suma la campa\u00f1a que otros factores de ultraderecha siguen fomentando desde el extranjero.<\/span><\/span><\/p>\n<p class=\"western\" align=\"justify\"><span style=\"font-family: Cambria, serif;\"><span style=\"font-size: large;\">El Diputado Carlos Mart\u00ednez enfatiz\u00f3 que ya es momento de responder al pueblo. Los males ocasionados por la ultraderecha y sus aliados deben ser juzgados. La Fiscal\u00eda General de la Rep\u00fablica junto a las dem\u00e1s instancias del Estado deben procesar las investigaciones para que los tribunales establezcan las responsabilidades administrativas, civiles, penales, pol\u00edticas, econ\u00f3micas y sociales que han afectado a todo el pa\u00eds. <\/span><\/span><\/p>\n<p class=\"western\" align=\"justify\"><span style=\"font-family: Cambria, serif;\"><span style=\"font-size: large;\"><b>Falso positivo secuestro de ex militar venezolano.-<\/b><\/span><\/span><span style=\"font-family: Cambria, serif;\"><span style=\"font-size: large;\"> Calific\u00f3 como un show la pretensi\u00f3n de hacer ver que la desaparici\u00f3n del Teniente Ojeda Moreno, militar retirado venezolano, haya sido sustra\u00eddo por organismos de seguridad venezolanos en Chile. Carlos Mart\u00ednez se pregunt\u00f3 c\u00f3mo un organismo de seguridad venezolano puede hacer su actividad en otro pa\u00eds y adem\u00e1s, \u00bfc\u00f3mo har\u00eda para trasladarlo hasta Venezuela sin que se hayan dado cuenta de ello? Lo que s\u00ed es verdad es que Venezuela y Chile suscribieron el 18 de enero un acuerdo de cooperaci\u00f3n en materia policial que establece los mecanismos para agilizar los procesos de detenci\u00f3n e investigaci\u00f3n en materia delictiva.<\/span><\/span><\/p>\n<p class=\"western\" align=\"justify\"><span style=\"font-family: Cambria, serif;\"><span style=\"font-size: large;\"><b>La Internacional Socialista.-<\/b><\/span><\/span><span style=\"font-family: Cambria, serif;\"><span style=\"font-size: large;\"> Ante la postura de esta entidad que aglutina distintos partidos de izquierda, de execrar de sus filas a Voluntad Popular, PPT la calific\u00f3 como tard\u00eda por ser desde su origen un partido de la ultraderecha venezolana. As\u00ed mismo, Mart\u00ednez expres\u00f3 su desagrado y repudio ante la intervenci\u00f3n de Henry Ramos Allup en esta confederaci\u00f3n de partidos para buscar condicionar el di\u00e1logo y decir que no puede haber elecciones si siguen las inhabilitaciones, consider\u00e1ndolo como anti-ejemplo y un dinosaurio de la pol\u00edtica, sumado a los intereses de la oligarqu\u00eda.<\/span><\/span><\/p>\n<p class=\"western\" align=\"justify\"><span style=\"font-family: Cambria, serif;\"><span style=\"font-size: large;\"><b>Importancia de las 7T.-<\/b><\/span><\/span><span style=\"font-family: Cambria, serif;\"><span style=\"font-size: large;\"> PPT califica las siete transformaciones como la consolidaci\u00f3n de la unidad nacional en medio de las diferencias que puedan existir entre los distintos actores pol\u00edticos, Mart\u00ednez explico que un tema de trascendencia en este sentido es la disputa por el territorio de la Guayana Esequiba. La construcci\u00f3n del modelo en lo pol\u00edtico afianza la Democracia Participativa y Protag\u00f3nica y crea la condiciones para las vocer\u00edas de los movimientos sociales y el Poder Popular organizado como poder constituyente que puede asumir la gobernabilidad desde los Consejos Locales de Planificaci\u00f3n P\u00fablica; Consejos Estadales de Planificaci\u00f3n y Coordinaci\u00f3n de Pol\u00edticas P\u00fablicas; y Consejo Federal de Gobierno.<\/span><\/span><\/p>\n<p class=\"western\" align=\"justify\"><span style=\"font-family: Cambria, serif;\"><span style=\"font-size: large;\">La profundizaci\u00f3n de la democracia planteada por Maneiro es ir a la ra\u00edz desde la bases populares, el territorio donde habita la gente, para construir con los liderazgos naturales las vocer\u00edas correspondientes que hagan vida en estas instancias de planificaci\u00f3n y que puedan ser electas mediante voto universal, directo y secreto, pudiendo ser activado este proceso en las elecciones municipales previstas para 2025 de cara a la discusi\u00f3n del municipio que se quiere en cada localidad y una vez juramentados dejar instalado la Constituyente Municipal no originaria para construir el municipio que queremos para profundizar la Democracia Participativa y Protag\u00f3nica. <\/span><\/span><\/p>\n<p class=\"western\" align=\"justify\"><span style=\"font-family: Cambria, serif;\"><span style=\"font-size: large;\">La finalidad de esta propuesta es la reanimaci\u00f3n de las fuerzas revolucionarias como categor\u00eda pol\u00edtica que en esta etapa de construcci\u00f3n y de debate de las 7T es tan necesaria. Patria Para Todos ha estado presente en cada una de las circunscripciones analizando y debatiendo propuestas que se incorporan en la sistematizaci\u00f3n que se ha hecho a nivel nacional y adem\u00e1s, la Direcci\u00f3n Pol\u00edtica Nacional de PPT, sistematiz\u00f3 la discusi\u00f3n para presentar como organizaci\u00f3n pol\u00edtica m\u00e1s de cien propuestas para todas las siete transformaciones.<\/span><\/span><\/p>\n<p class=\"western\" align=\"justify\"><span style=\"font-family: Cambria, serif;\"><span style=\"font-size: large;\"><b>Campa\u00f1a a favor de Palestina.-<\/b><\/span><\/span><span style=\"font-family: Cambria, serif;\"><span style=\"font-size: large;\"> El Diputado Carlos Mart\u00ednez explic\u00f3 a los medios de comunicaci\u00f3n que PPT ser\u00e1 parte activa de la campa\u00f1a a favor del pueblo de Gaza y en su caso particular como Secretario Nacional de Organizaci\u00f3n, le corresponde orientar todo el proceso pol\u00edtico que la tolda azul desarrollar\u00e1 en este sentido. Las im\u00e1genes dantescas del genocidio y la atrocidad contra el pueblo palestino en Gaza, dan cuenta de la barbaridad del gobierno sionista de Benjam\u00edn Netanyahu en Israel y PPT no puede ser ajena a la situaci\u00f3n que vive el pueblo de Palestina. Lo calificamos como peor que lo vivido por los jud\u00edos en tiempos de Hitler. <\/span><\/span><\/p>\n<p class=\"western\" align=\"justify\"><span style=\"font-family: Cambria, serif;\"><span style=\"font-size: large;\">Al cierre de sus declaraciones, Carlos Mart\u00ednez se\u00f1al\u00f3: \u201cnosotros le decimos al pueblo venezolano, que Patria Para Todos, a partir del primero de marzo, desarrollar\u00e1 foros para declarar al gobierno de Israel y a su Primer Ministro Benjam\u00edn Netanyahu como enemigos de la humanidad, porque el definitiva, lo que buscan es tener el control de los aparatos productivos en el mundo y por ello arremeten contra Palestina, as\u00ed como lo hacen con todo aquel que est\u00e9 en contra de su postura\u201d.<\/span><\/span><\/p>\n","protected":false},"excerpt":{"rendered":"<p>Para PPT es \u00e9ste el momento de agilizar las denuncias contra los enemigos de la patria. Fiscal\u00eda y dem\u00e1s organismos competentes deben profundizar sus investigaciones y hacer la justicia que pide el pueblo. (Prensa PPT-Caracas, 26 de febrero de 2024) El Secretario Nacional de Organizaci\u00f3n de PPT, Diputado Carlos Mart\u00ednez, rindi\u00f3 declaraciones a los medios [&hellip;]<\/p>\n","protected":false},"author":3,"featured_media":1711,"comment_status":"closed","ping_status":"open","sticky":false,"template":"","format":"standard","meta":{"footnotes":""},"categories":[7],"tags":[],"class_list":["post-1708","post","type-post","status-publish","format-standard","has-post-thumbnail","hentry","category-notas-de-prensa"],"yoast_head":"<!-- This site is optimized with the Yoast SEO plugin v23.3 - https:\/\/yoast.com\/wordpress\/plugins\/seo\/ -->\n<title>Carlos Mart\u00ednez: Con las 7T se profundiza la participaci\u00f3n en la planificaci\u00f3n - La Mecha Azul<\/title>\n<meta name=\"description\" content=\"A un a\u00f1o m\u00e1s del Caracazo. Este hecho in\u00e9dito surge por la acumulaci\u00f3n de injusticias y desigualdades, con pol\u00edticas que afectaban a los m\u00e1s despose\u00eddos.\" \/>\n<meta name=\"robots\" content=\"index, follow, max-snippet:-1, max-image-preview:large, max-video-preview:-1\" \/>\n<link rel=\"canonical\" href=\"https:\/\/patriaparatodos.com.ve\/?p=1708\" \/>\n<meta property=\"og:locale\" content=\"es_ES\" \/>\n<meta property=\"og:type\" content=\"article\" \/>\n<meta property=\"og:title\" content=\"Carlos Mart\u00ednez: Con las 7T se profundiza la participaci\u00f3n en la planificaci\u00f3n - La Mecha Azul\" \/>\n<meta property=\"og:description\" content=\"A un a\u00f1o m\u00e1s del Caracazo. Este hecho in\u00e9dito surge por la acumulaci\u00f3n de injusticias y desigualdades, con pol\u00edticas que afectaban a los m\u00e1s despose\u00eddos.\" \/>\n<meta property=\"og:url\" content=\"https:\/\/patriaparatodos.com.ve\/?p=1708\" \/>\n<meta property=\"og:site_name\" content=\"La Mecha Azul\" \/>\n<meta property=\"article:published_time\" content=\"2024-02-28T16:18:55+00:00\" \/>\n<meta property=\"article:modified_time\" content=\"2024-04-10T23:35:55+00:00\" \/>\n<meta property=\"og:image\" content=\"https:\/\/patriaparatodos.com.ve\/wp-content\/uploads\/2024\/02\/0-1-e1709137084593.jpg\" \/>\n\t<meta property=\"og:image:width\" content=\"638\" \/>\n\t<meta property=\"og:image:height\" content=\"391\" \/>\n\t<meta property=\"og:image:type\" content=\"image\/jpeg\" \/>\n<meta name=\"author\" content=\"Ana Gonzalez\" \/>\n<meta name=\"twitter:card\" content=\"summary_large_image\" \/>\n<meta name=\"twitter:label1\" content=\"Escrito por\" \/>\n\t<meta name=\"twitter:data1\" content=\"Ana Gonzalez\" \/>\n\t<meta name=\"twitter:label2\" content=\"Tiempo de lectura\" \/>\n\t<meta name=\"twitter:data2\" content=\"7 minutos\" \/>\n<script type=\"application\/ld+json\" class=\"yoast-schema-graph\">{\"@context\":\"https:\/\/schema.org\",\"@graph\":[{\"@type\":\"Article\",\"@id\":\"https:\/\/patriaparatodos.com.ve\/?p=1708#article\",\"isPartOf\":{\"@id\":\"https:\/\/patriaparatodos.com.ve\/?p=1708\"},\"author\":{\"name\":\"Ana Gonzalez\",\"@id\":\"https:\/\/patriaparatodos.com.ve\/#\/schema\/person\/fa39a49638b83519fd822cacb44f5844\"},\"headline\":\"Carlos Mart\u00ednez: Con las 7T se profundiza la participaci\u00f3n en la planificaci\u00f3n\",\"datePublished\":\"2024-02-28T16:18:55+00:00\",\"dateModified\":\"2024-04-10T23:35:55+00:00\",\"mainEntityOfPage\":{\"@id\":\"https:\/\/patriaparatodos.com.ve\/?p=1708\"},\"wordCount\":1510,\"publisher\":{\"@id\":\"https:\/\/patriaparatodos.com.ve\/#organization\"},\"image\":{\"@id\":\"https:\/\/patriaparatodos.com.ve\/?p=1708#primaryimage\"},\"thumbnailUrl\":\"https:\/\/patriaparatodos.com.ve\/wp-content\/uploads\/2024\/02\/0-1-e1709137084593.jpg\",\"articleSection\":[\"Notas de Prensa\"],\"inLanguage\":\"es\"},{\"@type\":\"WebPage\",\"@id\":\"https:\/\/patriaparatodos.com.ve\/?p=1708\",\"url\":\"https:\/\/patriaparatodos.com.ve\/?p=1708\",\"name\":\"Carlos Mart\u00ednez: Con las 7T se profundiza la participaci\u00f3n en la planificaci\u00f3n - La Mecha Azul\",\"isPartOf\":{\"@id\":\"https:\/\/patriaparatodos.com.ve\/#website\"},\"primaryImageOfPage\":{\"@id\":\"https:\/\/patriaparatodos.com.ve\/?p=1708#primaryimage\"},\"image\":{\"@id\":\"https:\/\/patriaparatodos.com.ve\/?p=1708#primaryimage\"},\"thumbnailUrl\":\"https:\/\/patriaparatodos.com.ve\/wp-content\/uploads\/2024\/02\/0-1-e1709137084593.jpg\",\"datePublished\":\"2024-02-28T16:18:55+00:00\",\"dateModified\":\"2024-04-10T23:35:55+00:00\",\"description\":\"A un a\u00f1o m\u00e1s del Caracazo. Este hecho in\u00e9dito surge por la acumulaci\u00f3n de injusticias y desigualdades, con pol\u00edticas que afectaban a los m\u00e1s despose\u00eddos.\",\"breadcrumb\":{\"@id\":\"https:\/\/patriaparatodos.com.ve\/?p=1708#breadcrumb\"},\"inLanguage\":\"es\",\"potentialAction\":[{\"@type\":\"ReadAction\",\"target\":[\"https:\/\/patriaparatodos.com.ve\/?p=1708\"]}]},{\"@type\":\"ImageObject\",\"inLanguage\":\"es\",\"@id\":\"https:\/\/patriaparatodos.com.ve\/?p=1708#primaryimage\",\"url\":\"https:\/\/patriaparatodos.com.ve\/wp-content\/uploads\/2024\/02\/0-1-e1709137084593.jpg\",\"contentUrl\":\"https:\/\/patriaparatodos.com.ve\/wp-content\/uploads\/2024\/02\/0-1-e1709137084593.jpg\",\"width\":638,\"height\":391},{\"@type\":\"BreadcrumbList\",\"@id\":\"https:\/\/patriaparatodos.com.ve\/?p=1708#breadcrumb\",\"itemListElement\":[{\"@type\":\"ListItem\",\"position\":1,\"name\":\"Portada\",\"item\":\"https:\/\/patriaparatodos.com.ve\/\"},{\"@type\":\"ListItem\",\"position\":2,\"name\":\"Carlos Mart\u00ednez: Con las 7T se profundiza la participaci\u00f3n en la planificaci\u00f3n\"}]},{\"@type\":\"WebSite\",\"@id\":\"https:\/\/patriaparatodos.com.ve\/#website\",\"url\":\"https:\/\/patriaparatodos.com.ve\/\",\"name\":\"La Mecha Azul\",\"description\":\"Por la \u00c9tica, Valor de la Palabra\",\"publisher\":{\"@id\":\"https:\/\/patriaparatodos.com.ve\/#organization\"},\"potentialAction\":[{\"@type\":\"SearchAction\",\"target\":{\"@type\":\"EntryPoint\",\"urlTemplate\":\"https:\/\/patriaparatodos.com.ve\/?s={search_term_string}\"},\"query-input\":\"required name=search_term_string\"}],\"inLanguage\":\"es\"},{\"@type\":\"Organization\",\"@id\":\"https:\/\/patriaparatodos.com.ve\/#organization\",\"name\":\"La Mecha Azul\",\"url\":\"https:\/\/patriaparatodos.com.ve\/\",\"logo\":{\"@type\":\"ImageObject\",\"inLanguage\":\"es\",\"@id\":\"https:\/\/patriaparatodos.com.ve\/#\/schema\/logo\/image\/\",\"url\":\"https:\/\/patriaparatodos.com.ve\/wp-content\/uploads\/2023\/02\/cropped-logo-La-mecha-Azul-n.png\",\"contentUrl\":\"https:\/\/patriaparatodos.com.ve\/wp-content\/uploads\/2023\/02\/cropped-logo-La-mecha-Azul-n.png\",\"width\":5884,\"height\":3318,\"caption\":\"La Mecha Azul\"},\"image\":{\"@id\":\"https:\/\/patriaparatodos.com.ve\/#\/schema\/logo\/image\/\"}},{\"@type\":\"Person\",\"@id\":\"https:\/\/patriaparatodos.com.ve\/#\/schema\/person\/fa39a49638b83519fd822cacb44f5844\",\"name\":\"Ana Gonzalez\",\"image\":{\"@type\":\"ImageObject\",\"inLanguage\":\"es\",\"@id\":\"https:\/\/patriaparatodos.com.ve\/#\/schema\/person\/image\/\",\"url\":\"https:\/\/secure.gravatar.com\/avatar\/ef0a71a129594a408c20318531deb64b0ee4a6d35f0864a2e33aea8b4d3481be?s=96&d=mm&r=g\",\"contentUrl\":\"https:\/\/secure.gravatar.com\/avatar\/ef0a71a129594a408c20318531deb64b0ee4a6d35f0864a2e33aea8b4d3481be?s=96&d=mm&r=g\",\"caption\":\"Ana Gonzalez\"},\"url\":\"https:\/\/patriaparatodos.com.ve\/?author=3\"}]}<\/script>\n<!-- \/ Yoast SEO plugin. -->","yoast_head_json":{"title":"Carlos Mart\u00ednez: Con las 7T se profundiza la participaci\u00f3n en la planificaci\u00f3n - La Mecha Azul","description":"A un a\u00f1o m\u00e1s del Caracazo. Este hecho in\u00e9dito surge por la acumulaci\u00f3n de injusticias y desigualdades, con pol\u00edticas que afectaban a los m\u00e1s despose\u00eddos.","robots":{"index":"index","follow":"follow","max-snippet":"max-snippet:-1","max-image-preview":"max-image-preview:large","max-video-preview":"max-video-preview:-1"},"canonical":"https:\/\/patriaparatodos.com.ve\/?p=1708","og_locale":"es_ES","og_type":"article","og_title":"Carlos Mart\u00ednez: Con las 7T se profundiza la participaci\u00f3n en la planificaci\u00f3n - La Mecha Azul","og_description":"A un a\u00f1o m\u00e1s del Caracazo. Este hecho in\u00e9dito surge por la acumulaci\u00f3n de injusticias y desigualdades, con pol\u00edticas que afectaban a los m\u00e1s despose\u00eddos.","og_url":"https:\/\/patriaparatodos.com.ve\/?p=1708","og_site_name":"La Mecha Azul","article_published_time":"2024-02-28T16:18:55+00:00","article_modified_time":"2024-04-10T23:35:55+00:00","og_image":[{"width":638,"height":391,"url":"https:\/\/patriaparatodos.com.ve\/wp-content\/uploads\/2024\/02\/0-1-e1709137084593.jpg","type":"image\/jpeg"}],"author":"Ana Gonzalez","twitter_card":"summary_large_image","twitter_misc":{"Escrito por":"Ana Gonzalez","Tiempo de lectura":"7 minutos"},"schema":{"@context":"https:\/\/schema.org","@graph":[{"@type":"Article","@id":"https:\/\/patriaparatodos.com.ve\/?p=1708#article","isPartOf":{"@id":"https:\/\/patriaparatodos.com.ve\/?p=1708"},"author":{"name":"Ana Gonzalez","@id":"https:\/\/patriaparatodos.com.ve\/#\/schema\/person\/fa39a49638b83519fd822cacb44f5844"},"headline":"Carlos Mart\u00ednez: Con las 7T se profundiza la participaci\u00f3n en la planificaci\u00f3n","datePublished":"2024-02-28T16:18:55+00:00","dateModified":"2024-04-10T23:35:55+00:00","mainEntityOfPage":{"@id":"https:\/\/patriaparatodos.com.ve\/?p=1708"},"wordCount":1510,"publisher":{"@id":"https:\/\/patriaparatodos.com.ve\/#organization"},"image":{"@id":"https:\/\/patriaparatodos.com.ve\/?p=1708#primaryimage"},"thumbnailUrl":"https:\/\/patriaparatodos.com.ve\/wp-content\/uploads\/2024\/02\/0-1-e1709137084593.jpg","articleSection":["Notas de Prensa"],"inLanguage":"es"},{"@type":"WebPage","@id":"https:\/\/patriaparatodos.com.ve\/?p=1708","url":"https:\/\/patriaparatodos.com.ve\/?p=1708","name":"Carlos Mart\u00ednez: Con las 7T se profundiza la participaci\u00f3n en la planificaci\u00f3n - La Mecha Azul","isPartOf":{"@id":"https:\/\/patriaparatodos.com.ve\/#website"},"primaryImageOfPage":{"@id":"https:\/\/patriaparatodos.com.ve\/?p=1708#primaryimage"},"image":{"@id":"https:\/\/patriaparatodos.com.ve\/?p=1708#primaryimage"},"thumbnailUrl":"https:\/\/patriaparatodos.com.ve\/wp-content\/uploads\/2024\/02\/0-1-e1709137084593.jpg","datePublished":"2024-02-28T16:18:55+00:00","dateModified":"2024-04-10T23:35:55+00:00","description":"A un a\u00f1o m\u00e1s del Caracazo. Este hecho in\u00e9dito surge por la acumulaci\u00f3n de injusticias y desigualdades, con pol\u00edticas que afectaban a los m\u00e1s despose\u00eddos.","breadcrumb":{"@id":"https:\/\/patriaparatodos.com.ve\/?p=1708#breadcrumb"},"inLanguage":"es","potentialAction":[{"@type":"ReadAction","target":["https:\/\/patriaparatodos.com.ve\/?p=1708"]}]},{"@type":"ImageObject","inLanguage":"es","@id":"https:\/\/patriaparatodos.com.ve\/?p=1708#primaryimage","url":"https:\/\/patriaparatodos.com.ve\/wp-content\/uploads\/2024\/02\/0-1-e1709137084593.jpg","contentUrl":"https:\/\/patriaparatodos.com.ve\/wp-content\/uploads\/2024\/02\/0-1-e1709137084593.jpg","width":638,"height":391},{"@type":"BreadcrumbList","@id":"https:\/\/patriaparatodos.com.ve\/?p=1708#breadcrumb","itemListElement":[{"@type":"ListItem","position":1,"name":"Portada","item":"https:\/\/patriaparatodos.com.ve\/"},{"@type":"ListItem","position":2,"name":"Carlos Mart\u00ednez: Con las 7T se profundiza la participaci\u00f3n en la planificaci\u00f3n"}]},{"@type":"WebSite","@id":"https:\/\/patriaparatodos.com.ve\/#website","url":"https:\/\/patriaparatodos.com.ve\/","name":"La Mecha Azul","description":"Por la \u00c9tica, Valor de la Palabra","publisher":{"@id":"https:\/\/patriaparatodos.com.ve\/#organization"},"potentialAction":[{"@type":"SearchAction","target":{"@type":"EntryPoint","urlTemplate":"https:\/\/patriaparatodos.com.ve\/?s={search_term_string}"},"query-input":"required name=search_term_string"}],"inLanguage":"es"},{"@type":"Organization","@id":"https:\/\/patriaparatodos.com.ve\/#organization","name":"La Mecha Azul","url":"https:\/\/patriaparatodos.com.ve\/","logo":{"@type":"ImageObject","inLanguage":"es","@id":"https:\/\/patriaparatodos.com.ve\/#\/schema\/logo\/image\/","url":"https:\/\/patriaparatodos.com.ve\/wp-content\/uploads\/2023\/02\/cropped-logo-La-mecha-Azul-n.png","contentUrl":"https:\/\/patriaparatodos.com.ve\/wp-content\/uploads\/2023\/02\/cropped-logo-La-mecha-Azul-n.png","width":5884,"height":3318,"caption":"La Mecha Azul"},"image":{"@id":"https:\/\/patriaparatodos.com.ve\/#\/schema\/logo\/image\/"}},{"@type":"Person","@id":"https:\/\/patriaparatodos.com.ve\/#\/schema\/person\/fa39a49638b83519fd822cacb44f5844","name":"Ana Gonzalez","image":{"@type":"ImageObject","inLanguage":"es","@id":"https:\/\/patriaparatodos.com.ve\/#\/schema\/person\/image\/","url":"https:\/\/secure.gravatar.com\/avatar\/ef0a71a129594a408c20318531deb64b0ee4a6d35f0864a2e33aea8b4d3481be?s=96&d=mm&r=g","contentUrl":"https:\/\/secure.gravatar.com\/avatar\/ef0a71a129594a408c20318531deb64b0ee4a6d35f0864a2e33aea8b4d3481be?s=96&d=mm&r=g","caption":"Ana Gonzalez"},"url":"https:\/\/patriaparatodos.com.ve\/?author=3"}]}},"_links":{"self":[{"href":"https:\/\/patriaparatodos.com.ve\/index.php?rest_route=\/wp\/v2\/posts\/1708","targetHints":{"allow":["GET"]}}],"collection":[{"href":"https:\/\/patriaparatodos.com.ve\/index.php?rest_route=\/wp\/v2\/posts"}],"about":[{"href":"https:\/\/patriaparatodos.com.ve\/index.php?rest_route=\/wp\/v2\/types\/post"}],"author":[{"embeddable":true,"href":"https:\/\/patriaparatodos.com.ve\/index.php?rest_route=\/wp\/v2\/users\/3"}],"replies":[{"embeddable":true,"href":"https:\/\/patriaparatodos.com.ve\/index.php?rest_route=%2Fwp%2Fv2%2Fcomments&post=1708"}],"version-history":[{"count":1,"href":"https:\/\/patriaparatodos.com.ve\/index.php?rest_route=\/wp\/v2\/posts\/1708\/revisions"}],"predecessor-version":[{"id":1710,"href":"https:\/\/patriaparatodos.com.ve\/index.php?rest_route=\/wp\/v2\/posts\/1708\/revisions\/1710"}],"wp:featuredmedia":[{"embeddable":true,"href":"https:\/\/patriaparatodos.com.ve\/index.php?rest_route=\/wp\/v2\/media\/1711"}],"wp:attachment":[{"href":"https:\/\/patriaparatodos.com.ve\/index.php?rest_route=%2Fwp%2Fv2%2Fmedia&parent=1708"}],"wp:term":[{"taxonomy":"category","embeddable":true,"href":"https:\/\/patriaparatodos.com.ve\/index.php?rest_route=%2Fwp%2Fv2%2Fcategories&post=1708"},{"taxonomy":"post_tag","embeddable":true,"href":"https:\/\/patriaparatodos.com.ve\/index.php?rest_route=%2Fwp%2Fv2%2Ftags&post=1708"}],"curies":[{"name":"wp","href":"https:\/\/api.w.org\/{rel}","templated":true}]}}