{"id":1723,"date":"2024-03-05T20:20:58","date_gmt":"2024-03-05T20:20:58","guid":{"rendered":"https:\/\/patriaparatodos.com.ve\/?p=1723"},"modified":"2024-04-10T23:35:39","modified_gmt":"2024-04-10T23:35:39","slug":"5-de-marzo-se-conmemoran-11-anos-de-la-siembra-de-comandante-hugo-chavez","status":"publish","type":"post","link":"https:\/\/patriaparatodos.com.ve\/?p=1723","title":{"rendered":"Carlos Mart\u00ednez: Asamblea General de la ONU deba activar investigaci\u00f3n a la CPI"},"content":{"rendered":"<p class=\"western\" align=\"justify\"><span style=\"font-family: Cambria, serif;\"><span style=\"font-size: large;\"><b>PPT propuso que por la constante violaci\u00f3n del Estatuto de Roma en el caso de Venezuela se inicie un proceso de investigaci\u00f3n y condene al fiscal general Karim Khan<\/b><\/span><\/span><\/p>\n<p class=\"western\" align=\"justify\"><span style=\"font-family: Cambria, serif;\"><span style=\"font-size: large;\">(Prensa PPT-Caracas, 4 de marzo de 2024) Como cada lunes el partido Patria Para Todos (PPT) realiz\u00f3 su rueda de prensa en las instalaciones de su Oficina Parlamentaria, ubicada en Parque Central, siendo su vocero el Diputado Carlos Mart\u00ednez, Secretario Nacional de Organizaci\u00f3n, quien present\u00f3 el balance de la agenda discutida por la dirigencia de la tolda azul.<\/span><\/span><\/p>\n<p class=\"western\" align=\"justify\"><span style=\"font-family: Cambria, serif;\"><span style=\"font-size: large;\">Mart\u00ednez record\u00f3 la muerte del l\u00edder sovi\u00e9tico Josef Stalin, a quien calific\u00f3, m\u00e1s all\u00e1 de lo pol\u00e9mico, como un personaje de suma importancia para la humanidad, destac\u00f3 que gracias a \u00e9l se logr\u00f3 la victoria en la Segunda Guerra Mundial. De igual manera record\u00f3 que este 5 de marzo se conmemoran 11 a\u00f1os de la siembra de comandante Hugo Ch\u00e1vez, hombre que busc\u00f3 la justicia social para nuestro pueblo y catapult\u00f3 a Venezuela con nuevas relaciones geopol\u00edticas, bajo una visi\u00f3n multipolar, con la autodeterminaci\u00f3n de los pueblos como bandera y adem\u00e1s denunci\u00f3 el atropello del imperialismo en todas las latitudes.<\/span><\/span><\/p>\n<p class=\"western\" align=\"justify\"><span style=\"font-family: Cambria, serif;\"><span style=\"font-size: large;\">Lina Ron, fue otra de las revolucionarias venezolanas recordadas a 13 a\u00f1os de su partida, Carlos Mart\u00ednez explic\u00f3 que dej\u00f3 un legado de combate y permanece en la memoria de quienes luchan por una patria digna. Ante la proximidad del D\u00eda Internacional de la Mujer, PPT enarbola que la lucha feminista ha sido puntal en la Revoluci\u00f3n Bolivariana: Ch\u00e1vez se declar\u00f3 feminista. Las mujeres son hacedoras del porvenir de la patria, a ellas nuestras felicitaciones.<\/span><\/span><\/p>\n<p class=\"western\" align=\"justify\"><span style=\"font-family: Cambria, serif;\"><span style=\"font-size: large;\"><b>Acuerdo Ampliado de Caracas.-<\/b><\/span><\/span><span style=\"font-family: Cambria, serif;\"><span style=\"font-size: large;\"> Ante la consignaci\u00f3n hecha en el CNE por el Presidente de la Asamblea Nacional, Diputado Jorge Rodr\u00edguez, el Secretario Nacional de Organizaci\u00f3n de PPT explic\u00f3 que es producto de un di\u00e1logo con todos los sectores de la vida nacional, cont\u00f3 con diversas propuestas para la fecha de los comicios presidenciales y el PPT hizo sus propuestas a dos tenores, una para el mes de mayo, en caso del fascismos irrespetar los acuerdos de Barbados y la otra para el segundo semestre el 28 de julio. Lo genuino es el respeto a las diferencias con los sectores que suscribimos el Acuerdo de Caracas; la transparencia marca el rumbo democr\u00e1tico acot\u00f3. Para Mart\u00ednez no puede ser el terror a trav\u00e9s de las redes sociales, la confrontaci\u00f3n o cualquier m\u00e9todo ajeno a la paz de Venezuela, eso qued\u00f3 en el pasado.<\/span><\/span><\/p>\n<p class=\"western\" align=\"justify\"><span style=\"font-family: Cambria, serif;\"><span style=\"font-size: large;\"><b>Cumbre CELAC.-<\/b><\/span><\/span><span style=\"font-family: Cambria, serif;\"><span style=\"font-size: large;\"> Para PPT el papel de nuestro presidente Nicol\u00e1s Maduro Moros en la cumbre fue ejemplar a plantear la creaci\u00f3n de la Secretaria General de ese organismo regional, que viabilice la unidad latinoamericana y caribe\u00f1a. Ya se ha avanzado en este espacio, que a su vez sirve de encuentro con grandes pa\u00edses o con otros bloques regionales, es tiempo de profundizar a\u00fan m\u00e1s por el bien nuestro americano.<\/span><\/span><\/p>\n<p class=\"western\" align=\"justify\"><span style=\"font-family: Cambria, serif;\"><span style=\"font-size: large;\">La moci\u00f3n presentada por Luiz In\u00e1cio Lula da Silva, presidente de Brasil es muy necesaria, la ONU por intermedio de su Secretario General Ant\u00f3nio Guterres de atender la situaci\u00f3n del pueblo palestino, es triste y lamentablemente que a estas alturas no se hace nada en contra del gobierno genocida de Israel. Ni siquiera el ingreso de alimentos a Gaza permiten, Netanyahu quiere eliminar a los palestinos.<\/span><\/span><\/p>\n<p class=\"western\" align=\"justify\"><span style=\"font-family: Cambria, serif;\"><span style=\"font-size: large;\"><b>Avi\u00f3n de Emtrasur y Citgo.-<\/b><\/span><\/span><span style=\"font-family: Cambria, serif;\"><span style=\"font-size: large;\"> El diputado Carlos Mart\u00ednez fue enf\u00e1tico al decir que PPT se suma a la denuncia hecha por el presidente Maduro del robo y destrucci\u00f3n de la aeronave perteneciente a Emtrasur filial de Conviasa, ese hecho es dantesco, el gobierno argentino se prest\u00f3 para ello y ahora Estado Unidos pretende hacer lo mismo con la filial de PDVSA: Citgo.<\/span><\/span><\/p>\n<p class=\"western\" align=\"justify\"><span style=\"font-family: Cambria, serif;\"><span style=\"font-size: large;\">El Estado norteamericano nos roba, usa las medidas coercitivas para ejecutarlo, el da\u00f1o profundiza la crisis en Venezuela. Son 8 a\u00f1os afect\u00e1ndonos, y muchos actores de ultraderecha en el pa\u00eds se prestan para destruir el pa\u00eds, sus activos y patrimonio.<\/span><\/span><\/p>\n<p class=\"western\" align=\"justify\"><span style=\"font-family: Cambria, serif;\"><span style=\"font-size: large;\"><b>Actuaci\u00f3n CPI.-<\/b><\/span><\/span><span style=\"font-family: Cambria, serif;\"><span style=\"font-size: large;\"> La Corte Penal Internacional (CPI) es un organismo que lo est\u00e1n suicidando, act\u00faan contra Venezuela pero no contra Israel, por ejemplo. Hoy pretende retomar el caso contra nuestro pa\u00eds, desconociendo el Estatuto de Roma. No investiga por ejemplo la denuncia que hizo nuestro gobierno y otros pa\u00edses en contra de la medidas coercitivas unilaterales impuestas por Estados Unidos, no entendemos \u00bfPor qu\u00e9 la indiferencia? Porque simplemente, responde a los intereses mon\u00e1rquicos de su pa\u00eds de origen y al gobierno Norteamericano. PPT pide se active en la Asamblea General de la ONU una investigaci\u00f3n para la CPI y condene al fiscal Karim Khan, sobre la violaci\u00f3n de tratados internacionales en contra de Venezuela.<\/span><\/span><\/p>\n<p class=\"western\" align=\"justify\"><span style=\"font-family: Cambria, serif;\"><span style=\"font-size: large;\">Manifest\u00f3 Carlos Mart\u00ednez, Secretario Nacional de Organizaci\u00f3n de PPT, que la CPI no investiga nada sobre Bill Oxley, agente de la CIA que en su lecho de muerte dijo que \u00e9l solo ejecut\u00f3 17 asesinatos con acciones que provocaron la muerte de investigadores, cient\u00edficos, pol\u00edticos, economistas y artistas en Estados Unidos, entre ellos Bob Marley. Declar\u00f3 abiertamente c\u00f3mo ejecut\u00f3 la contaminaci\u00f3n con c\u00e9lulas cancer\u00edgenas en el cantante de origen jamaiquino.<\/span><\/span><\/p>\n<p class=\"western\" align=\"justify\"><span style=\"font-family: Cambria, serif;\"><span style=\"font-size: large;\">El tema de las Torres Gemelas en Nueva York fue un plan de Bush hijo para arremeter contra pa\u00edses opuestos en el mundo y luego dilapidar sus riquezas \u00bfPor qu\u00e9 la CPI no ha investigado esos hechos ?. Todo indica que fue el gobierno de Estados Unidos que mont\u00f3 toda esa tragedia para garantizar su acci\u00f3n armada en As\u00eda y posicionarse de los recursos energ\u00e9ticos.<\/span><\/span><\/p>\n<p class=\"western\" align=\"justify\"><span style=\"font-family: Cambria, serif;\"><span style=\"font-size: large;\"><b>Asesinato de ex militar en Chile.-<\/b><\/span><\/span><span style=\"font-family: Cambria, serif;\"><span style=\"font-size: large;\"> Al cierre de sus declaraciones Carlos Mart\u00ednez explic\u00f3 que por el secuestro del teniente retirado Ronald Ojeda, asesinado en Santiago de Chile, se pretendi\u00f3 responsabilizar a la Revoluci\u00f3n Bolivariana. El parlamentario se\u00f1al\u00f3 que la fiscal\u00eda chilena devel\u00f3 la farsa, buscaba adjudicarle al Gobierno venezolano el secuestro y extracci\u00f3n de este ciudadano, lo cual rechazamos desde el primer momento.<\/span><\/span><\/p>\n<p class=\"western\" align=\"justify\"><span style=\"font-family: Cambria, serif;\"><span style=\"font-size: large;\">Ahora se demostr\u00f3 que esa situaci\u00f3n no tiene ninguna relaci\u00f3n con las autoridades del Estado Venezolano, ni mucho menos es una acci\u00f3n pol\u00edtica. Es un hecho de la delincuencia organizada, al parecer est\u00e1 relacionada con el tent\u00e1culo del Tren de Aragua en Chile, ya hay un detenido, un joven venezolano de 17 a\u00f1os. M\u00e1s temprano que tarde las autoridades chilenas deber\u00e1n hacer p\u00fablico el resultado de sus investigaciones.<\/span><\/span><\/p>\n","protected":false},"excerpt":{"rendered":"<p>PPT propuso que por la constante violaci\u00f3n del Estatuto de Roma en el caso de Venezuela se inicie un proceso de investigaci\u00f3n y condene al fiscal general Karim Khan (Prensa PPT-Caracas, 4 de marzo de 2024) Como cada lunes el partido Patria Para Todos (PPT) realiz\u00f3 su rueda de prensa en las instalaciones de su [&hellip;]<\/p>\n","protected":false},"author":3,"featured_media":1725,"comment_status":"closed","ping_status":"open","sticky":false,"template":"","format":"standard","meta":{"footnotes":""},"categories":[7],"tags":[],"class_list":["post-1723","post","type-post","status-publish","format-standard","has-post-thumbnail","hentry","category-notas-de-prensa"],"yoast_head":"<!-- This site is optimized with the Yoast SEO plugin v23.3 - https:\/\/yoast.com\/wordpress\/plugins\/seo\/ -->\n<title>Carlos Mart\u00ednez: Asamblea General de la ONU deba activar investigaci\u00f3n a la CPI - La Mecha Azul<\/title>\n<meta name=\"description\" content=\"PPT propuso que por la constante violaci\u00f3n del Estatuto de Roma en el caso de Venezuela se inicie un proceso de investigaci\u00f3n y condene al fiscal general Karim Khan\" \/>\n<meta name=\"robots\" content=\"index, follow, max-snippet:-1, max-image-preview:large, max-video-preview:-1\" \/>\n<link rel=\"canonical\" href=\"https:\/\/patriaparatodos.com.ve\/?p=1723\" \/>\n<meta property=\"og:locale\" content=\"es_ES\" \/>\n<meta property=\"og:type\" content=\"article\" \/>\n<meta property=\"og:title\" content=\"Carlos Mart\u00ednez: Asamblea General de la ONU deba activar investigaci\u00f3n a la CPI - La Mecha Azul\" \/>\n<meta property=\"og:description\" content=\"PPT propuso que por la constante violaci\u00f3n del Estatuto de Roma en el caso de Venezuela se inicie un proceso de investigaci\u00f3n y condene al fiscal general Karim Khan\" \/>\n<meta property=\"og:url\" content=\"https:\/\/patriaparatodos.com.ve\/?p=1723\" \/>\n<meta property=\"og:site_name\" content=\"La Mecha Azul\" \/>\n<meta property=\"article:published_time\" content=\"2024-03-05T20:20:58+00:00\" \/>\n<meta property=\"article:modified_time\" content=\"2024-04-10T23:35:39+00:00\" \/>\n<meta property=\"og:image\" content=\"https:\/\/patriaparatodos.com.ve\/wp-content\/uploads\/2024\/03\/WhatsApp-Image-2024-03-04-at-9.04.38-PM-1-e1709669409383.jpeg\" \/>\n\t<meta property=\"og:image:width\" content=\"1016\" \/>\n\t<meta property=\"og:image:height\" content=\"519\" \/>\n\t<meta property=\"og:image:type\" content=\"image\/jpeg\" \/>\n<meta name=\"author\" content=\"Ana Gonzalez\" \/>\n<meta name=\"twitter:card\" content=\"summary_large_image\" \/>\n<meta name=\"twitter:label1\" content=\"Escrito por\" \/>\n\t<meta name=\"twitter:data1\" content=\"Ana Gonzalez\" \/>\n\t<meta name=\"twitter:label2\" content=\"Tiempo de lectura\" \/>\n\t<meta name=\"twitter:data2\" content=\"5 minutos\" \/>\n<script type=\"application\/ld+json\" class=\"yoast-schema-graph\">{\"@context\":\"https:\/\/schema.org\",\"@graph\":[{\"@type\":\"Article\",\"@id\":\"https:\/\/patriaparatodos.com.ve\/?p=1723#article\",\"isPartOf\":{\"@id\":\"https:\/\/patriaparatodos.com.ve\/?p=1723\"},\"author\":{\"name\":\"Ana Gonzalez\",\"@id\":\"https:\/\/patriaparatodos.com.ve\/#\/schema\/person\/fa39a49638b83519fd822cacb44f5844\"},\"headline\":\"Carlos Mart\u00ednez: Asamblea General de la ONU deba activar investigaci\u00f3n a la CPI\",\"datePublished\":\"2024-03-05T20:20:58+00:00\",\"dateModified\":\"2024-04-10T23:35:39+00:00\",\"mainEntityOfPage\":{\"@id\":\"https:\/\/patriaparatodos.com.ve\/?p=1723\"},\"wordCount\":1116,\"publisher\":{\"@id\":\"https:\/\/patriaparatodos.com.ve\/#organization\"},\"image\":{\"@id\":\"https:\/\/patriaparatodos.com.ve\/?p=1723#primaryimage\"},\"thumbnailUrl\":\"https:\/\/patriaparatodos.com.ve\/wp-content\/uploads\/2024\/03\/WhatsApp-Image-2024-03-04-at-9.04.38-PM-1-e1709669409383.jpeg\",\"articleSection\":[\"Notas de Prensa\"],\"inLanguage\":\"es\"},{\"@type\":\"WebPage\",\"@id\":\"https:\/\/patriaparatodos.com.ve\/?p=1723\",\"url\":\"https:\/\/patriaparatodos.com.ve\/?p=1723\",\"name\":\"Carlos Mart\u00ednez: Asamblea General de la ONU deba activar investigaci\u00f3n a la CPI - La Mecha Azul\",\"isPartOf\":{\"@id\":\"https:\/\/patriaparatodos.com.ve\/#website\"},\"primaryImageOfPage\":{\"@id\":\"https:\/\/patriaparatodos.com.ve\/?p=1723#primaryimage\"},\"image\":{\"@id\":\"https:\/\/patriaparatodos.com.ve\/?p=1723#primaryimage\"},\"thumbnailUrl\":\"https:\/\/patriaparatodos.com.ve\/wp-content\/uploads\/2024\/03\/WhatsApp-Image-2024-03-04-at-9.04.38-PM-1-e1709669409383.jpeg\",\"datePublished\":\"2024-03-05T20:20:58+00:00\",\"dateModified\":\"2024-04-10T23:35:39+00:00\",\"description\":\"PPT propuso que por la constante violaci\u00f3n del Estatuto de Roma en el caso de Venezuela se inicie un proceso de investigaci\u00f3n y condene al fiscal general Karim Khan\",\"breadcrumb\":{\"@id\":\"https:\/\/patriaparatodos.com.ve\/?p=1723#breadcrumb\"},\"inLanguage\":\"es\",\"potentialAction\":[{\"@type\":\"ReadAction\",\"target\":[\"https:\/\/patriaparatodos.com.ve\/?p=1723\"]}]},{\"@type\":\"ImageObject\",\"inLanguage\":\"es\",\"@id\":\"https:\/\/patriaparatodos.com.ve\/?p=1723#primaryimage\",\"url\":\"https:\/\/patriaparatodos.com.ve\/wp-content\/uploads\/2024\/03\/WhatsApp-Image-2024-03-04-at-9.04.38-PM-1-e1709669409383.jpeg\",\"contentUrl\":\"https:\/\/patriaparatodos.com.ve\/wp-content\/uploads\/2024\/03\/WhatsApp-Image-2024-03-04-at-9.04.38-PM-1-e1709669409383.jpeg\",\"width\":1016,\"height\":519},{\"@type\":\"BreadcrumbList\",\"@id\":\"https:\/\/patriaparatodos.com.ve\/?p=1723#breadcrumb\",\"itemListElement\":[{\"@type\":\"ListItem\",\"position\":1,\"name\":\"Portada\",\"item\":\"https:\/\/patriaparatodos.com.ve\/\"},{\"@type\":\"ListItem\",\"position\":2,\"name\":\"Carlos Mart\u00ednez: Asamblea General de la ONU deba activar investigaci\u00f3n a la CPI\"}]},{\"@type\":\"WebSite\",\"@id\":\"https:\/\/patriaparatodos.com.ve\/#website\",\"url\":\"https:\/\/patriaparatodos.com.ve\/\",\"name\":\"La Mecha Azul\",\"description\":\"Por la \u00c9tica, Valor de la Palabra\",\"publisher\":{\"@id\":\"https:\/\/patriaparatodos.com.ve\/#organization\"},\"potentialAction\":[{\"@type\":\"SearchAction\",\"target\":{\"@type\":\"EntryPoint\",\"urlTemplate\":\"https:\/\/patriaparatodos.com.ve\/?s={search_term_string}\"},\"query-input\":\"required name=search_term_string\"}],\"inLanguage\":\"es\"},{\"@type\":\"Organization\",\"@id\":\"https:\/\/patriaparatodos.com.ve\/#organization\",\"name\":\"La Mecha Azul\",\"url\":\"https:\/\/patriaparatodos.com.ve\/\",\"logo\":{\"@type\":\"ImageObject\",\"inLanguage\":\"es\",\"@id\":\"https:\/\/patriaparatodos.com.ve\/#\/schema\/logo\/image\/\",\"url\":\"https:\/\/patriaparatodos.com.ve\/wp-content\/uploads\/2023\/02\/cropped-logo-La-mecha-Azul-n.png\",\"contentUrl\":\"https:\/\/patriaparatodos.com.ve\/wp-content\/uploads\/2023\/02\/cropped-logo-La-mecha-Azul-n.png\",\"width\":5884,\"height\":3318,\"caption\":\"La Mecha Azul\"},\"image\":{\"@id\":\"https:\/\/patriaparatodos.com.ve\/#\/schema\/logo\/image\/\"}},{\"@type\":\"Person\",\"@id\":\"https:\/\/patriaparatodos.com.ve\/#\/schema\/person\/fa39a49638b83519fd822cacb44f5844\",\"name\":\"Ana Gonzalez\",\"image\":{\"@type\":\"ImageObject\",\"inLanguage\":\"es\",\"@id\":\"https:\/\/patriaparatodos.com.ve\/#\/schema\/person\/image\/\",\"url\":\"https:\/\/secure.gravatar.com\/avatar\/ef0a71a129594a408c20318531deb64b0ee4a6d35f0864a2e33aea8b4d3481be?s=96&d=mm&r=g\",\"contentUrl\":\"https:\/\/secure.gravatar.com\/avatar\/ef0a71a129594a408c20318531deb64b0ee4a6d35f0864a2e33aea8b4d3481be?s=96&d=mm&r=g\",\"caption\":\"Ana Gonzalez\"},\"url\":\"https:\/\/patriaparatodos.com.ve\/?author=3\"}]}<\/script>\n<!-- \/ Yoast SEO plugin. -->","yoast_head_json":{"title":"Carlos Mart\u00ednez: Asamblea General de la ONU deba activar investigaci\u00f3n a la CPI - La Mecha Azul","description":"PPT propuso que por la constante violaci\u00f3n del Estatuto de Roma en el caso de Venezuela se inicie un proceso de investigaci\u00f3n y condene al fiscal general Karim Khan","robots":{"index":"index","follow":"follow","max-snippet":"max-snippet:-1","max-image-preview":"max-image-preview:large","max-video-preview":"max-video-preview:-1"},"canonical":"https:\/\/patriaparatodos.com.ve\/?p=1723","og_locale":"es_ES","og_type":"article","og_title":"Carlos Mart\u00ednez: Asamblea General de la ONU deba activar investigaci\u00f3n a la CPI - La Mecha Azul","og_description":"PPT propuso que por la constante violaci\u00f3n del Estatuto de Roma en el caso de Venezuela se inicie un proceso de investigaci\u00f3n y condene al fiscal general Karim Khan","og_url":"https:\/\/patriaparatodos.com.ve\/?p=1723","og_site_name":"La Mecha Azul","article_published_time":"2024-03-05T20:20:58+00:00","article_modified_time":"2024-04-10T23:35:39+00:00","og_image":[{"width":1016,"height":519,"url":"https:\/\/patriaparatodos.com.ve\/wp-content\/uploads\/2024\/03\/WhatsApp-Image-2024-03-04-at-9.04.38-PM-1-e1709669409383.jpeg","type":"image\/jpeg"}],"author":"Ana Gonzalez","twitter_card":"summary_large_image","twitter_misc":{"Escrito por":"Ana Gonzalez","Tiempo de lectura":"5 minutos"},"schema":{"@context":"https:\/\/schema.org","@graph":[{"@type":"Article","@id":"https:\/\/patriaparatodos.com.ve\/?p=1723#article","isPartOf":{"@id":"https:\/\/patriaparatodos.com.ve\/?p=1723"},"author":{"name":"Ana Gonzalez","@id":"https:\/\/patriaparatodos.com.ve\/#\/schema\/person\/fa39a49638b83519fd822cacb44f5844"},"headline":"Carlos Mart\u00ednez: Asamblea General de la ONU deba activar investigaci\u00f3n a la CPI","datePublished":"2024-03-05T20:20:58+00:00","dateModified":"2024-04-10T23:35:39+00:00","mainEntityOfPage":{"@id":"https:\/\/patriaparatodos.com.ve\/?p=1723"},"wordCount":1116,"publisher":{"@id":"https:\/\/patriaparatodos.com.ve\/#organization"},"image":{"@id":"https:\/\/patriaparatodos.com.ve\/?p=1723#primaryimage"},"thumbnailUrl":"https:\/\/patriaparatodos.com.ve\/wp-content\/uploads\/2024\/03\/WhatsApp-Image-2024-03-04-at-9.04.38-PM-1-e1709669409383.jpeg","articleSection":["Notas de Prensa"],"inLanguage":"es"},{"@type":"WebPage","@id":"https:\/\/patriaparatodos.com.ve\/?p=1723","url":"https:\/\/patriaparatodos.com.ve\/?p=1723","name":"Carlos Mart\u00ednez: Asamblea General de la ONU deba activar investigaci\u00f3n a la CPI - La Mecha Azul","isPartOf":{"@id":"https:\/\/patriaparatodos.com.ve\/#website"},"primaryImageOfPage":{"@id":"https:\/\/patriaparatodos.com.ve\/?p=1723#primaryimage"},"image":{"@id":"https:\/\/patriaparatodos.com.ve\/?p=1723#primaryimage"},"thumbnailUrl":"https:\/\/patriaparatodos.com.ve\/wp-content\/uploads\/2024\/03\/WhatsApp-Image-2024-03-04-at-9.04.38-PM-1-e1709669409383.jpeg","datePublished":"2024-03-05T20:20:58+00:00","dateModified":"2024-04-10T23:35:39+00:00","description":"PPT propuso que por la constante violaci\u00f3n del Estatuto de Roma en el caso de Venezuela se inicie un proceso de investigaci\u00f3n y condene al fiscal general Karim Khan","breadcrumb":{"@id":"https:\/\/patriaparatodos.com.ve\/?p=1723#breadcrumb"},"inLanguage":"es","potentialAction":[{"@type":"ReadAction","target":["https:\/\/patriaparatodos.com.ve\/?p=1723"]}]},{"@type":"ImageObject","inLanguage":"es","@id":"https:\/\/patriaparatodos.com.ve\/?p=1723#primaryimage","url":"https:\/\/patriaparatodos.com.ve\/wp-content\/uploads\/2024\/03\/WhatsApp-Image-2024-03-04-at-9.04.38-PM-1-e1709669409383.jpeg","contentUrl":"https:\/\/patriaparatodos.com.ve\/wp-content\/uploads\/2024\/03\/WhatsApp-Image-2024-03-04-at-9.04.38-PM-1-e1709669409383.jpeg","width":1016,"height":519},{"@type":"BreadcrumbList","@id":"https:\/\/patriaparatodos.com.ve\/?p=1723#breadcrumb","itemListElement":[{"@type":"ListItem","position":1,"name":"Portada","item":"https:\/\/patriaparatodos.com.ve\/"},{"@type":"ListItem","position":2,"name":"Carlos Mart\u00ednez: Asamblea General de la ONU deba activar investigaci\u00f3n a la CPI"}]},{"@type":"WebSite","@id":"https:\/\/patriaparatodos.com.ve\/#website","url":"https:\/\/patriaparatodos.com.ve\/","name":"La Mecha Azul","description":"Por la \u00c9tica, Valor de la Palabra","publisher":{"@id":"https:\/\/patriaparatodos.com.ve\/#organization"},"potentialAction":[{"@type":"SearchAction","target":{"@type":"EntryPoint","urlTemplate":"https:\/\/patriaparatodos.com.ve\/?s={search_term_string}"},"query-input":"required name=search_term_string"}],"inLanguage":"es"},{"@type":"Organization","@id":"https:\/\/patriaparatodos.com.ve\/#organization","name":"La Mecha Azul","url":"https:\/\/patriaparatodos.com.ve\/","logo":{"@type":"ImageObject","inLanguage":"es","@id":"https:\/\/patriaparatodos.com.ve\/#\/schema\/logo\/image\/","url":"https:\/\/patriaparatodos.com.ve\/wp-content\/uploads\/2023\/02\/cropped-logo-La-mecha-Azul-n.png","contentUrl":"https:\/\/patriaparatodos.com.ve\/wp-content\/uploads\/2023\/02\/cropped-logo-La-mecha-Azul-n.png","width":5884,"height":3318,"caption":"La Mecha Azul"},"image":{"@id":"https:\/\/patriaparatodos.com.ve\/#\/schema\/logo\/image\/"}},{"@type":"Person","@id":"https:\/\/patriaparatodos.com.ve\/#\/schema\/person\/fa39a49638b83519fd822cacb44f5844","name":"Ana Gonzalez","image":{"@type":"ImageObject","inLanguage":"es","@id":"https:\/\/patriaparatodos.com.ve\/#\/schema\/person\/image\/","url":"https:\/\/secure.gravatar.com\/avatar\/ef0a71a129594a408c20318531deb64b0ee4a6d35f0864a2e33aea8b4d3481be?s=96&d=mm&r=g","contentUrl":"https:\/\/secure.gravatar.com\/avatar\/ef0a71a129594a408c20318531deb64b0ee4a6d35f0864a2e33aea8b4d3481be?s=96&d=mm&r=g","caption":"Ana Gonzalez"},"url":"https:\/\/patriaparatodos.com.ve\/?author=3"}]}},"_links":{"self":[{"href":"https:\/\/patriaparatodos.com.ve\/index.php?rest_route=\/wp\/v2\/posts\/1723","targetHints":{"allow":["GET"]}}],"collection":[{"href":"https:\/\/patriaparatodos.com.ve\/index.php?rest_route=\/wp\/v2\/posts"}],"about":[{"href":"https:\/\/patriaparatodos.com.ve\/index.php?rest_route=\/wp\/v2\/types\/post"}],"author":[{"embeddable":true,"href":"https:\/\/patriaparatodos.com.ve\/index.php?rest_route=\/wp\/v2\/users\/3"}],"replies":[{"embeddable":true,"href":"https:\/\/patriaparatodos.com.ve\/index.php?rest_route=%2Fwp%2Fv2%2Fcomments&post=1723"}],"version-history":[{"count":1,"href":"https:\/\/patriaparatodos.com.ve\/index.php?rest_route=\/wp\/v2\/posts\/1723\/revisions"}],"predecessor-version":[{"id":1726,"href":"https:\/\/patriaparatodos.com.ve\/index.php?rest_route=\/wp\/v2\/posts\/1723\/revisions\/1726"}],"wp:featuredmedia":[{"embeddable":true,"href":"https:\/\/patriaparatodos.com.ve\/index.php?rest_route=\/wp\/v2\/media\/1725"}],"wp:attachment":[{"href":"https:\/\/patriaparatodos.com.ve\/index.php?rest_route=%2Fwp%2Fv2%2Fmedia&parent=1723"}],"wp:term":[{"taxonomy":"category","embeddable":true,"href":"https:\/\/patriaparatodos.com.ve\/index.php?rest_route=%2Fwp%2Fv2%2Fcategories&post=1723"},{"taxonomy":"post_tag","embeddable":true,"href":"https:\/\/patriaparatodos.com.ve\/index.php?rest_route=%2Fwp%2Fv2%2Ftags&post=1723"}],"curies":[{"name":"wp","href":"https:\/\/api.w.org\/{rel}","templated":true}]}}