{"id":1730,"date":"2024-03-13T16:31:21","date_gmt":"2024-03-13T16:31:21","guid":{"rendered":"https:\/\/patriaparatodos.com.ve\/?p=1730"},"modified":"2024-04-10T23:35:04","modified_gmt":"2024-04-10T23:35:04","slug":"ppt-bolivar-profundiza-calidad-politica-en-la-entidad","status":"publish","type":"post","link":"https:\/\/patriaparatodos.com.ve\/?p=1730","title":{"rendered":"PPT Bol\u00edvar profundiza calidad pol\u00edtica en la entidad"},"content":{"rendered":"<p class=\"western\" align=\"justify\"><span style=\"font-family: Cambria, serif;\"><span style=\"font-size: large;\"><b>PPT iniciar\u00e1 un proceso de fortalecimiento y formaci\u00f3n de su dirigencia en los 11 municipios del estado Bol\u00edvar, haciendo \u00e9nfasis en el trabajo pol\u00edtico organizativo de movimientos sociales, para garantizar su crecimiento y acompa\u00f1ar elecciones presidenciales <\/b><\/span><\/span><\/p>\n<p class=\"western\" align=\"justify\"><span style=\"font-family: Cambria, serif;\"><span style=\"font-size: large;\">(Prensa PPT-Ciudad Bol\u00edvar, 6 de marzo de 2024) Militancia y cuadros pol\u00edticos de Patria Para Todos en el estado Bol\u00edvar sostuvieron reuni\u00f3n organizativa en Ciudad Bol\u00edvar para coordinar acciones de cara al proceso electoral y plantear plan pol\u00edtico de la organizaci\u00f3n el cual se desarrollar\u00e1 en todo el estado, apegado a la filosof\u00eda de eficacia pol\u00edtica y calidad revolucionaria de acuerdo a los principios b\u00e1sicos establecidos por el mentor de esta organizaci\u00f3n Alfredo Maneiro.<\/span><\/span><\/p>\n<p class=\"western\" align=\"justify\"><span style=\"font-family: Cambria, serif;\"><span style=\"font-size: large;\">La Legisladora Elizabeth Conejero, fungi\u00f3 como vocera en esta oportunidad dando a conocer los acuerdos de la jornada previa de trabajo de la tolda azul, en ese sentido present\u00f3 plan de reuniones municipales, que tienen por objetivo cohesionar las fuerzas militantes que hay en cada municipio, iniciando la primera actividad el 13 de este mes en Caron\u00ed, siguiendo el 20 Angostura del Orinoco y entre el 4 y 6 de abril en los municipios Cede\u00f1o y Sucre.<\/span><\/span><\/p>\n<p class=\"western\" align=\"justify\"><span style=\"font-family: Cambria, serif;\"><span style=\"font-size: large;\">Conejero manifest\u00f3 que se busca fortalecer los movimientos sociales, especialmente: trabajadores, educadores, j\u00f3venes, ind\u00edgenas y mujeres. Para la Legisladora es de vital importancia seguir construyendo sue\u00f1os y esperanzas con el pueblo de Bol\u00edvar, para garantizar el fervor revolucionario impregnado de amor y lealtad a la patria que consolide el bienestar de la familia.<\/span><\/span><\/p>\n<p class=\"western\" align=\"justify\"><span style=\"font-family: Cambria, serif;\"><span style=\"font-size: large;\">Se destaca que uno de los elementos a considerar dentro del plan de acci\u00f3n de PPT Bol\u00edvar es la implementaci\u00f3n de la escuela de cuadros, dado a que la formaci\u00f3n de la dirigencia y militancia es necesario desarrollar un trabajo pol\u00edtico acorde a una organizaci\u00f3n de vanguardia.<\/span><\/span><\/p>\n<p class=\"western\" align=\"justify\"><span style=\"font-family: Cambria, serif;\"><span style=\"font-size: large;\">Al cierre de sus declaraciones, se\u00f1al\u00f3 la Legisladora Elizabeth Conejero estar atentos al acontecimiento electoral que se avecina en nuestro pa\u00eds e inst\u00f3 a las fuerzas revolucionarias a seguir trabajando en uni\u00f3n del Gran Polo Patri\u00f3tico Sim\u00f3n Bol\u00edvar (GPPSB) para lograr el objetivo de mantener la revoluci\u00f3n en el pa\u00eds, con los legados de nuestro comandante Ch\u00e1vez y al frente de este proceso Nicol\u00e1s Maduro Moros conductor de victorias.<\/span><\/span><\/p>\n","protected":false},"excerpt":{"rendered":"<p>PPT iniciar\u00e1 un proceso de fortalecimiento y formaci\u00f3n de su dirigencia en los 11 municipios del estado Bol\u00edvar, haciendo \u00e9nfasis en el trabajo pol\u00edtico organizativo de movimientos sociales, para garantizar su crecimiento y acompa\u00f1ar elecciones presidenciales (Prensa PPT-Ciudad Bol\u00edvar, 6 de marzo de 2024) Militancia y cuadros pol\u00edticos de Patria Para Todos en el estado [&hellip;]<\/p>\n","protected":false},"author":3,"featured_media":1731,"comment_status":"closed","ping_status":"open","sticky":false,"template":"","format":"standard","meta":{"footnotes":""},"categories":[7],"tags":[],"class_list":["post-1730","post","type-post","status-publish","format-standard","has-post-thumbnail","hentry","category-notas-de-prensa"],"yoast_head":"<!-- This site is optimized with the Yoast SEO plugin v23.3 - https:\/\/yoast.com\/wordpress\/plugins\/seo\/ -->\n<title>PPT Bol\u00edvar profundiza calidad pol\u00edtica en la entidad - La Mecha Azul<\/title>\n<meta name=\"description\" content=\"fortalecer los movimientos sociales, especialmente: trabajadores, educadores, j\u00f3venes, ind\u00edgenas y mujeres. Para la Legisladora es de vital importancia\" \/>\n<meta name=\"robots\" content=\"index, follow, max-snippet:-1, max-image-preview:large, max-video-preview:-1\" \/>\n<link rel=\"canonical\" href=\"https:\/\/patriaparatodos.com.ve\/?p=1730\" \/>\n<meta property=\"og:locale\" content=\"es_ES\" \/>\n<meta property=\"og:type\" content=\"article\" \/>\n<meta property=\"og:title\" content=\"PPT Bol\u00edvar profundiza calidad pol\u00edtica en la entidad - La Mecha Azul\" \/>\n<meta property=\"og:description\" content=\"fortalecer los movimientos sociales, especialmente: trabajadores, educadores, j\u00f3venes, ind\u00edgenas y mujeres. Para la Legisladora es de vital importancia\" \/>\n<meta property=\"og:url\" content=\"https:\/\/patriaparatodos.com.ve\/?p=1730\" \/>\n<meta property=\"og:site_name\" content=\"La Mecha Azul\" \/>\n<meta property=\"article:published_time\" content=\"2024-03-13T16:31:21+00:00\" \/>\n<meta property=\"article:modified_time\" content=\"2024-04-10T23:35:04+00:00\" \/>\n<meta property=\"og:image\" content=\"https:\/\/patriaparatodos.com.ve\/wp-content\/uploads\/2024\/03\/WhatsApp-Image-2024-03-06-at-9.39.08-PM-e1710347293419.jpeg\" \/>\n\t<meta property=\"og:image:width\" content=\"897\" \/>\n\t<meta property=\"og:image:height\" content=\"471\" \/>\n\t<meta property=\"og:image:type\" content=\"image\/jpeg\" \/>\n<meta name=\"author\" content=\"Ana Gonzalez\" \/>\n<meta name=\"twitter:card\" content=\"summary_large_image\" \/>\n<meta name=\"twitter:label1\" content=\"Escrito por\" \/>\n\t<meta name=\"twitter:data1\" content=\"Ana Gonzalez\" \/>\n\t<meta name=\"twitter:label2\" content=\"Tiempo de lectura\" \/>\n\t<meta name=\"twitter:data2\" content=\"2 minutos\" \/>\n<script type=\"application\/ld+json\" class=\"yoast-schema-graph\">{\"@context\":\"https:\/\/schema.org\",\"@graph\":[{\"@type\":\"Article\",\"@id\":\"https:\/\/patriaparatodos.com.ve\/?p=1730#article\",\"isPartOf\":{\"@id\":\"https:\/\/patriaparatodos.com.ve\/?p=1730\"},\"author\":{\"name\":\"Ana Gonzalez\",\"@id\":\"https:\/\/patriaparatodos.com.ve\/#\/schema\/person\/fa39a49638b83519fd822cacb44f5844\"},\"headline\":\"PPT Bol\u00edvar profundiza calidad pol\u00edtica en la entidad\",\"datePublished\":\"2024-03-13T16:31:21+00:00\",\"dateModified\":\"2024-04-10T23:35:04+00:00\",\"mainEntityOfPage\":{\"@id\":\"https:\/\/patriaparatodos.com.ve\/?p=1730\"},\"wordCount\":395,\"publisher\":{\"@id\":\"https:\/\/patriaparatodos.com.ve\/#organization\"},\"image\":{\"@id\":\"https:\/\/patriaparatodos.com.ve\/?p=1730#primaryimage\"},\"thumbnailUrl\":\"https:\/\/patriaparatodos.com.ve\/wp-content\/uploads\/2024\/03\/WhatsApp-Image-2024-03-06-at-9.39.08-PM-e1710347293419.jpeg\",\"articleSection\":[\"Notas de Prensa\"],\"inLanguage\":\"es\"},{\"@type\":\"WebPage\",\"@id\":\"https:\/\/patriaparatodos.com.ve\/?p=1730\",\"url\":\"https:\/\/patriaparatodos.com.ve\/?p=1730\",\"name\":\"PPT Bol\u00edvar profundiza calidad pol\u00edtica en la entidad - La Mecha Azul\",\"isPartOf\":{\"@id\":\"https:\/\/patriaparatodos.com.ve\/#website\"},\"primaryImageOfPage\":{\"@id\":\"https:\/\/patriaparatodos.com.ve\/?p=1730#primaryimage\"},\"image\":{\"@id\":\"https:\/\/patriaparatodos.com.ve\/?p=1730#primaryimage\"},\"thumbnailUrl\":\"https:\/\/patriaparatodos.com.ve\/wp-content\/uploads\/2024\/03\/WhatsApp-Image-2024-03-06-at-9.39.08-PM-e1710347293419.jpeg\",\"datePublished\":\"2024-03-13T16:31:21+00:00\",\"dateModified\":\"2024-04-10T23:35:04+00:00\",\"description\":\"fortalecer los movimientos sociales, especialmente: trabajadores, educadores, j\u00f3venes, ind\u00edgenas y mujeres. Para la Legisladora es de vital importancia\",\"breadcrumb\":{\"@id\":\"https:\/\/patriaparatodos.com.ve\/?p=1730#breadcrumb\"},\"inLanguage\":\"es\",\"potentialAction\":[{\"@type\":\"ReadAction\",\"target\":[\"https:\/\/patriaparatodos.com.ve\/?p=1730\"]}]},{\"@type\":\"ImageObject\",\"inLanguage\":\"es\",\"@id\":\"https:\/\/patriaparatodos.com.ve\/?p=1730#primaryimage\",\"url\":\"https:\/\/patriaparatodos.com.ve\/wp-content\/uploads\/2024\/03\/WhatsApp-Image-2024-03-06-at-9.39.08-PM-e1710347293419.jpeg\",\"contentUrl\":\"https:\/\/patriaparatodos.com.ve\/wp-content\/uploads\/2024\/03\/WhatsApp-Image-2024-03-06-at-9.39.08-PM-e1710347293419.jpeg\",\"width\":897,\"height\":471},{\"@type\":\"BreadcrumbList\",\"@id\":\"https:\/\/patriaparatodos.com.ve\/?p=1730#breadcrumb\",\"itemListElement\":[{\"@type\":\"ListItem\",\"position\":1,\"name\":\"Portada\",\"item\":\"https:\/\/patriaparatodos.com.ve\/\"},{\"@type\":\"ListItem\",\"position\":2,\"name\":\"PPT Bol\u00edvar profundiza calidad pol\u00edtica en la entidad\"}]},{\"@type\":\"WebSite\",\"@id\":\"https:\/\/patriaparatodos.com.ve\/#website\",\"url\":\"https:\/\/patriaparatodos.com.ve\/\",\"name\":\"La Mecha Azul\",\"description\":\"Por la \u00c9tica, Valor de la Palabra\",\"publisher\":{\"@id\":\"https:\/\/patriaparatodos.com.ve\/#organization\"},\"potentialAction\":[{\"@type\":\"SearchAction\",\"target\":{\"@type\":\"EntryPoint\",\"urlTemplate\":\"https:\/\/patriaparatodos.com.ve\/?s={search_term_string}\"},\"query-input\":\"required name=search_term_string\"}],\"inLanguage\":\"es\"},{\"@type\":\"Organization\",\"@id\":\"https:\/\/patriaparatodos.com.ve\/#organization\",\"name\":\"La Mecha Azul\",\"url\":\"https:\/\/patriaparatodos.com.ve\/\",\"logo\":{\"@type\":\"ImageObject\",\"inLanguage\":\"es\",\"@id\":\"https:\/\/patriaparatodos.com.ve\/#\/schema\/logo\/image\/\",\"url\":\"https:\/\/patriaparatodos.com.ve\/wp-content\/uploads\/2023\/02\/cropped-logo-La-mecha-Azul-n.png\",\"contentUrl\":\"https:\/\/patriaparatodos.com.ve\/wp-content\/uploads\/2023\/02\/cropped-logo-La-mecha-Azul-n.png\",\"width\":5884,\"height\":3318,\"caption\":\"La Mecha Azul\"},\"image\":{\"@id\":\"https:\/\/patriaparatodos.com.ve\/#\/schema\/logo\/image\/\"}},{\"@type\":\"Person\",\"@id\":\"https:\/\/patriaparatodos.com.ve\/#\/schema\/person\/fa39a49638b83519fd822cacb44f5844\",\"name\":\"Ana Gonzalez\",\"image\":{\"@type\":\"ImageObject\",\"inLanguage\":\"es\",\"@id\":\"https:\/\/patriaparatodos.com.ve\/#\/schema\/person\/image\/\",\"url\":\"https:\/\/secure.gravatar.com\/avatar\/ef0a71a129594a408c20318531deb64b0ee4a6d35f0864a2e33aea8b4d3481be?s=96&d=mm&r=g\",\"contentUrl\":\"https:\/\/secure.gravatar.com\/avatar\/ef0a71a129594a408c20318531deb64b0ee4a6d35f0864a2e33aea8b4d3481be?s=96&d=mm&r=g\",\"caption\":\"Ana Gonzalez\"},\"url\":\"https:\/\/patriaparatodos.com.ve\/?author=3\"}]}<\/script>\n<!-- \/ Yoast SEO plugin. -->","yoast_head_json":{"title":"PPT Bol\u00edvar profundiza calidad pol\u00edtica en la entidad - La Mecha Azul","description":"fortalecer los movimientos sociales, especialmente: trabajadores, educadores, j\u00f3venes, ind\u00edgenas y mujeres. Para la Legisladora es de vital importancia","robots":{"index":"index","follow":"follow","max-snippet":"max-snippet:-1","max-image-preview":"max-image-preview:large","max-video-preview":"max-video-preview:-1"},"canonical":"https:\/\/patriaparatodos.com.ve\/?p=1730","og_locale":"es_ES","og_type":"article","og_title":"PPT Bol\u00edvar profundiza calidad pol\u00edtica en la entidad - La Mecha Azul","og_description":"fortalecer los movimientos sociales, especialmente: trabajadores, educadores, j\u00f3venes, ind\u00edgenas y mujeres. Para la Legisladora es de vital importancia","og_url":"https:\/\/patriaparatodos.com.ve\/?p=1730","og_site_name":"La Mecha Azul","article_published_time":"2024-03-13T16:31:21+00:00","article_modified_time":"2024-04-10T23:35:04+00:00","og_image":[{"width":897,"height":471,"url":"https:\/\/patriaparatodos.com.ve\/wp-content\/uploads\/2024\/03\/WhatsApp-Image-2024-03-06-at-9.39.08-PM-e1710347293419.jpeg","type":"image\/jpeg"}],"author":"Ana Gonzalez","twitter_card":"summary_large_image","twitter_misc":{"Escrito por":"Ana Gonzalez","Tiempo de lectura":"2 minutos"},"schema":{"@context":"https:\/\/schema.org","@graph":[{"@type":"Article","@id":"https:\/\/patriaparatodos.com.ve\/?p=1730#article","isPartOf":{"@id":"https:\/\/patriaparatodos.com.ve\/?p=1730"},"author":{"name":"Ana Gonzalez","@id":"https:\/\/patriaparatodos.com.ve\/#\/schema\/person\/fa39a49638b83519fd822cacb44f5844"},"headline":"PPT Bol\u00edvar profundiza calidad pol\u00edtica en la entidad","datePublished":"2024-03-13T16:31:21+00:00","dateModified":"2024-04-10T23:35:04+00:00","mainEntityOfPage":{"@id":"https:\/\/patriaparatodos.com.ve\/?p=1730"},"wordCount":395,"publisher":{"@id":"https:\/\/patriaparatodos.com.ve\/#organization"},"image":{"@id":"https:\/\/patriaparatodos.com.ve\/?p=1730#primaryimage"},"thumbnailUrl":"https:\/\/patriaparatodos.com.ve\/wp-content\/uploads\/2024\/03\/WhatsApp-Image-2024-03-06-at-9.39.08-PM-e1710347293419.jpeg","articleSection":["Notas de Prensa"],"inLanguage":"es"},{"@type":"WebPage","@id":"https:\/\/patriaparatodos.com.ve\/?p=1730","url":"https:\/\/patriaparatodos.com.ve\/?p=1730","name":"PPT Bol\u00edvar profundiza calidad pol\u00edtica en la entidad - La Mecha Azul","isPartOf":{"@id":"https:\/\/patriaparatodos.com.ve\/#website"},"primaryImageOfPage":{"@id":"https:\/\/patriaparatodos.com.ve\/?p=1730#primaryimage"},"image":{"@id":"https:\/\/patriaparatodos.com.ve\/?p=1730#primaryimage"},"thumbnailUrl":"https:\/\/patriaparatodos.com.ve\/wp-content\/uploads\/2024\/03\/WhatsApp-Image-2024-03-06-at-9.39.08-PM-e1710347293419.jpeg","datePublished":"2024-03-13T16:31:21+00:00","dateModified":"2024-04-10T23:35:04+00:00","description":"fortalecer los movimientos sociales, especialmente: trabajadores, educadores, j\u00f3venes, ind\u00edgenas y mujeres. Para la Legisladora es de vital importancia","breadcrumb":{"@id":"https:\/\/patriaparatodos.com.ve\/?p=1730#breadcrumb"},"inLanguage":"es","potentialAction":[{"@type":"ReadAction","target":["https:\/\/patriaparatodos.com.ve\/?p=1730"]}]},{"@type":"ImageObject","inLanguage":"es","@id":"https:\/\/patriaparatodos.com.ve\/?p=1730#primaryimage","url":"https:\/\/patriaparatodos.com.ve\/wp-content\/uploads\/2024\/03\/WhatsApp-Image-2024-03-06-at-9.39.08-PM-e1710347293419.jpeg","contentUrl":"https:\/\/patriaparatodos.com.ve\/wp-content\/uploads\/2024\/03\/WhatsApp-Image-2024-03-06-at-9.39.08-PM-e1710347293419.jpeg","width":897,"height":471},{"@type":"BreadcrumbList","@id":"https:\/\/patriaparatodos.com.ve\/?p=1730#breadcrumb","itemListElement":[{"@type":"ListItem","position":1,"name":"Portada","item":"https:\/\/patriaparatodos.com.ve\/"},{"@type":"ListItem","position":2,"name":"PPT Bol\u00edvar profundiza calidad pol\u00edtica en la entidad"}]},{"@type":"WebSite","@id":"https:\/\/patriaparatodos.com.ve\/#website","url":"https:\/\/patriaparatodos.com.ve\/","name":"La Mecha Azul","description":"Por la \u00c9tica, Valor de la Palabra","publisher":{"@id":"https:\/\/patriaparatodos.com.ve\/#organization"},"potentialAction":[{"@type":"SearchAction","target":{"@type":"EntryPoint","urlTemplate":"https:\/\/patriaparatodos.com.ve\/?s={search_term_string}"},"query-input":"required name=search_term_string"}],"inLanguage":"es"},{"@type":"Organization","@id":"https:\/\/patriaparatodos.com.ve\/#organization","name":"La Mecha Azul","url":"https:\/\/patriaparatodos.com.ve\/","logo":{"@type":"ImageObject","inLanguage":"es","@id":"https:\/\/patriaparatodos.com.ve\/#\/schema\/logo\/image\/","url":"https:\/\/patriaparatodos.com.ve\/wp-content\/uploads\/2023\/02\/cropped-logo-La-mecha-Azul-n.png","contentUrl":"https:\/\/patriaparatodos.com.ve\/wp-content\/uploads\/2023\/02\/cropped-logo-La-mecha-Azul-n.png","width":5884,"height":3318,"caption":"La Mecha Azul"},"image":{"@id":"https:\/\/patriaparatodos.com.ve\/#\/schema\/logo\/image\/"}},{"@type":"Person","@id":"https:\/\/patriaparatodos.com.ve\/#\/schema\/person\/fa39a49638b83519fd822cacb44f5844","name":"Ana Gonzalez","image":{"@type":"ImageObject","inLanguage":"es","@id":"https:\/\/patriaparatodos.com.ve\/#\/schema\/person\/image\/","url":"https:\/\/secure.gravatar.com\/avatar\/ef0a71a129594a408c20318531deb64b0ee4a6d35f0864a2e33aea8b4d3481be?s=96&d=mm&r=g","contentUrl":"https:\/\/secure.gravatar.com\/avatar\/ef0a71a129594a408c20318531deb64b0ee4a6d35f0864a2e33aea8b4d3481be?s=96&d=mm&r=g","caption":"Ana Gonzalez"},"url":"https:\/\/patriaparatodos.com.ve\/?author=3"}]}},"_links":{"self":[{"href":"https:\/\/patriaparatodos.com.ve\/index.php?rest_route=\/wp\/v2\/posts\/1730","targetHints":{"allow":["GET"]}}],"collection":[{"href":"https:\/\/patriaparatodos.com.ve\/index.php?rest_route=\/wp\/v2\/posts"}],"about":[{"href":"https:\/\/patriaparatodos.com.ve\/index.php?rest_route=\/wp\/v2\/types\/post"}],"author":[{"embeddable":true,"href":"https:\/\/patriaparatodos.com.ve\/index.php?rest_route=\/wp\/v2\/users\/3"}],"replies":[{"embeddable":true,"href":"https:\/\/patriaparatodos.com.ve\/index.php?rest_route=%2Fwp%2Fv2%2Fcomments&post=1730"}],"version-history":[{"count":1,"href":"https:\/\/patriaparatodos.com.ve\/index.php?rest_route=\/wp\/v2\/posts\/1730\/revisions"}],"predecessor-version":[{"id":1732,"href":"https:\/\/patriaparatodos.com.ve\/index.php?rest_route=\/wp\/v2\/posts\/1730\/revisions\/1732"}],"wp:featuredmedia":[{"embeddable":true,"href":"https:\/\/patriaparatodos.com.ve\/index.php?rest_route=\/wp\/v2\/media\/1731"}],"wp:attachment":[{"href":"https:\/\/patriaparatodos.com.ve\/index.php?rest_route=%2Fwp%2Fv2%2Fmedia&parent=1730"}],"wp:term":[{"taxonomy":"category","embeddable":true,"href":"https:\/\/patriaparatodos.com.ve\/index.php?rest_route=%2Fwp%2Fv2%2Fcategories&post=1730"},{"taxonomy":"post_tag","embeddable":true,"href":"https:\/\/patriaparatodos.com.ve\/index.php?rest_route=%2Fwp%2Fv2%2Ftags&post=1730"}],"curies":[{"name":"wp","href":"https:\/\/api.w.org\/{rel}","templated":true}]}}