{"id":1733,"date":"2024-03-13T16:43:27","date_gmt":"2024-03-13T16:43:27","guid":{"rendered":"https:\/\/patriaparatodos.com.ve\/?p=1733"},"modified":"2024-04-10T23:34:32","modified_gmt":"2024-04-10T23:34:32","slug":"ilenia-medina-ppt-afina-campana-rumbo-a-las-presidenciales-con-nicolas-maduro","status":"publish","type":"post","link":"https:\/\/patriaparatodos.com.ve\/?p=1733","title":{"rendered":"Ilenia Medina: PPT afina campa\u00f1a rumbo a las presidenciales con Nicol\u00e1s Maduro"},"content":{"rendered":"<p class=\"western\" align=\"justify\"><span style=\"font-family: Cambria, serif;\"><span style=\"font-size: large;\"><b>Direcci\u00f3n Nacional de PPT ratifica por aclamaci\u00f3n candidatura del Presidente Nicol\u00e1s Maduro Moros para los comicios del pr\u00f3ximo 28 de julio y aprob\u00f3 plan pol\u00edtico electoral <\/b><\/span><\/span><\/p>\n<p class=\"western\" align=\"justify\"><span style=\"font-family: Cambria, serif;\"><span style=\"font-size: large;\">(Prensa PPT-Caracas, 11 de marzo de 2024) Luego de la acostumbrada discusi\u00f3n y an\u00e1lisis de cada lunes, el Secretariado Pol\u00edtico de PPT rindi\u00f3 declaraciones a los medios de comunicaci\u00f3n con vocer\u00eda de su Secretaria General, Diputada Ilenia Medina, quien dio a conocer las noticias de inter\u00e9s para la organizaci\u00f3n que dirige, su militancia y el pa\u00eds.<\/span><\/span><\/p>\n<p class=\"western\" align=\"justify\"><span style=\"font-family: Cambria, serif;\"><span style=\"font-size: large;\"><b>Cronograma Electoral CNE.-<\/b><\/span><\/span><span style=\"font-family: Cambria, serif;\"><span style=\"font-size: large;\"> Medina manifest\u00f3 regocijo tras el anuncio efectuado por el Poder Electoral el pasado 5 de marzo cuando se dio a conocer el cronograma electoral, convocando para el pr\u00f3ximo 28 de julio al pueblo para ejercer su derecho al voto. Tras darse a conocer las actividades del cronograma electoral, la tolda azul promover\u00e1 la participaci\u00f3n y el sufragio, y destaca que esta es la jornada electoral n\u00famero 31 en los 25 a\u00f1os de la Revoluci\u00f3n Bolivariana. Enfatiz\u00f3 que de esta manera Venezuela se convierte en el pa\u00eds con mayor n\u00famero de elecciones en el mundo.<\/span><\/span><\/p>\n<p class=\"western\" align=\"justify\"><span style=\"font-family: Cambria, serif;\"><span style=\"font-size: large;\">Cada proceso electoral cuanta con elementos de seguridad que garantizan la transparencia y que puede ser auditado en cada una de sus partes, explic\u00f3 la parlamentaria, este hecho debe conocerse y hacernos sentir orgullosos de contar con el sistema electoral m\u00e1s seguro del mundo. Para Ilenia Medina, la jornada especial de registro permanente que se activa para este proceso electoral desde el 18 de marzo al 16 de abril, lo democratiza a\u00fan m\u00e1s ya que se desarrolla en todas las ciudades y pueblos de la patria. Ilenia Medina invit\u00f3 a los nuevos electores a inscribirse durante esta jornada especial del registro electoral y, a quienes hayan hecho cambio de residencia, a actualizar su registro a partir del centro electoral m\u00e1s cercano a su nuevo domicilio. <\/span><\/span><\/p>\n<p class=\"western\" align=\"justify\"><span style=\"font-family: Cambria, serif;\"><span style=\"font-size: large;\">As\u00ed mismo, destac\u00f3 que el nombramiento de los integrantes de los \u00f3rganos subalternos del CNE en juntas regionales, es otro de los aspectos se\u00f1alados por Medina en sus declaraciones. Posterior a ello se desarrollar\u00e1 la postulaci\u00f3n de los candidatos por la organizaciones pol\u00edticas, en el caso de PPT, se cumplir\u00e1 con lo exigido en el cronograma electoral y luego la presentaci\u00f3n de los recaudos para la formalizaci\u00f3n de Nicol\u00e1s Maduro Moros como candidato.<\/span><\/span><\/p>\n<p class=\"western\" align=\"justify\"><span style=\"font-family: Cambria, serif;\"><span style=\"font-size: large;\">Ilenia Medina aprovech\u00f3 la oportunidad para destacar que la iniciativa del Presidente Nicol\u00e1s Maduro y del Presidente de la Asamblea Nacional Diputado Jorge Rodr\u00edguez para impulsar el di\u00e1logo a nivel internacional, garantiz\u00f3 la participaci\u00f3n del 99% de los factores pol\u00edticos que hacen vida en el pa\u00eds y adem\u00e1s las propuestas presentadas marcan el rumbo del quehacer pol\u00edtico durante y luego del proceso electoral.<\/span><\/span><\/p>\n<p class=\"western\" align=\"justify\"><span style=\"font-family: Cambria, serif;\"><span style=\"font-size: large;\">Las propuestas no s\u00f3lo est\u00e1n en el hecho del calendario electoral, van m\u00e1s all\u00e1, se profundiz\u00f3 en las garant\u00edas electorales. Medina acot\u00f3 que la derecha fascista venezolana ha desconocido siempre a la Constituci\u00f3n y las Leyes venezolanas. Todo esto lo dijo para desmontar la campa\u00f1a que pretende hacer ver a Venezuela como que no fuera un pa\u00eds democr\u00e1tico, dejando a un lado el alcance del di\u00e1logo y el compromiso del pueblo venezolano y sus instituciones para garantizar la paz.<\/span><\/span><\/p>\n<p class=\"western\" align=\"justify\"><span style=\"font-family: Cambria, serif;\"><span style=\"font-size: large;\">La dirigencia de Patria Para Todos destac\u00f3 lo importante de la presencia de instituciones electorales y organismos internacionales durante las elecciones presidenciales. El CNE invit\u00f3 a diversos organismos, se\u00f1al\u00f3 Medina, entre ellos CELAC, Caricom, Uni\u00f3n Europea, Panel de Expertos Electorales de Naciones Unidas, Uni\u00f3n Africana, Centro Carter, entre otros. PPT exige el respeto absoluto de la soberan\u00eda por este grupo de observadores y estar\u00e1 atento a lo que hagan en el pa\u00eds, en especial, la Uni\u00f3n Europea.<\/span><\/span><\/p>\n<p class=\"western\" align=\"justify\"><span style=\"font-family: Cambria, serif;\"><span style=\"font-size: large;\"><b>Direcci\u00f3n Nacional PPT.-<\/b><\/span><\/span><span style=\"font-family: Cambria, serif;\"><span style=\"font-size: large;\"> Ilenia Medina explic\u00f3 que tras el anuncio del Poder Electoral, PPT se organiz\u00f3 de inmediato para activar su segundo \u00f3rgano, la Direcci\u00f3n Nacional de Patria Para Todos para ratificar a Nicol\u00e1s Maduro Moros como su candidato presidencial como lo establece el Art\u00edculo 34 de los Estatutos del partido, ya que la Asamblea Nacional Refundacional de PPT en octubre de 2022 lo hab\u00eda elegido para esta responsabilidad, siendo el primer partido del Gran Polo Patri\u00f3tico Sim\u00f3n Bol\u00edvar en hacer p\u00fablica tal designaci\u00f3n. <\/span><\/span><\/p>\n<p class=\"western\" align=\"justify\"><span style=\"font-family: Cambria, serif;\"><span style=\"font-size: large;\">La Direcci\u00f3n Nacional de PPT discuti\u00f3 dos aspectos: el primero la ratificaci\u00f3n del candidato presidencial, hecha por aclamaci\u00f3n; y el segundo, el plan pol\u00edtico electoral de cara a los comicios presidenciales, que busca garantizar, como m\u00ednimo, 335 mil votos a favor del Presidente Nicol\u00e1s Maduro Moros con un trabajo profundo de la militancia en todos los rincones del pa\u00eds.<\/span><\/span><\/p>\n<p class=\"western\" align=\"justify\"><span style=\"font-family: Cambria, serif;\"><span style=\"font-size: large;\">La Secretaria General Ilenia Medina, indic\u00f3 que de igual forma los Estatutos de PPT en el Art\u00edculo 34 establecen que los candidatos de la organizaci\u00f3n deben comprometerse con el partido a promover sus principios pol\u00edticos; recordando que ya en los comicios presidenciales de 2018, PPT present\u00f3 la Alianza que Trasciende, compromiso firmado por el Presidente Maduro en el acto de designaci\u00f3n como candidato presidencial de la tolda azul efectuado en el Teatro Nacional el 18 de marzo de ese a\u00f1o cuando el presidente, con su autoridad como Jefe de Estado, dijo \u201c\u00a1firmo como un militante m\u00e1s del PPT!\u201d<\/span><\/span><\/p>\n<p class=\"western\" align=\"justify\"><span style=\"font-family: Cambria, serif;\"><span style=\"font-size: large;\">En buena medida, el planteamiento de la Alianza que Trasciende, fue desarrollado por el Presidente Maduro en estos 6 a\u00f1os, sobre todo hacer una Patria \u00e9tica, segura, soberana y productiva. Medina explic\u00f3 que el encuentro de la Direcci\u00f3n Nacional de PPT sirvi\u00f3 para analizar, discutir y aprobar la nueva declaraci\u00f3n que ser\u00e1 presentada al Presidente Maduro como candidato de la organizaci\u00f3n. Destac\u00f3 Ilenia Medina que los temas relacionados con la campa\u00f1a electoral, su enfoque y comando de campa\u00f1a, fueron otros aspectos discutidos durante la Direcci\u00f3n Nacional de la tolda azul que ser\u00e1 ampliada a\u00fan m\u00e1s por el Secretariado Pol\u00edtico este mi\u00e9rcoles.<\/span><\/span><\/p>\n<p class=\"western\" align=\"justify\"><span style=\"font-family: Cambria, serif;\"><span style=\"font-size: large;\"><b>Victoria rob\u00f3tica.-<\/b><\/span><\/span><span style=\"font-family: Cambria, serif;\"><span style=\"font-size: large;\"> Patria Para Todos felicita a los 14 j\u00f3venes que lograron en Italia el segundo lugar de rob\u00f3tica en el First Tech Challenge International Piacenza. Este logro se convierte en un hecho de mucha valoraci\u00f3n para el pueblo de Venezuela que es un pa\u00eds bloqueado, sin acceso a la tecnolog\u00eda por estar sitiado por Estados Unidos y otras potencias que lo apoyan. Este \u00e9xito vale el doble, enfatiz\u00f3 Ilenia Medina.<\/span><\/span><\/p>\n<p class=\"western\" align=\"justify\"><span style=\"font-family: Cambria, serif;\"><span style=\"font-size: large;\"><b>Campa\u00f1a contra Venezuela.-<\/b><\/span><\/span><span style=\"font-family: Cambria, serif;\"><span style=\"font-size: large;\"> PPT denuncia que se pretenda imponer candidaturas de quienes cometieron delitos graves contra la Rep\u00fablica. El que tiene cuentas con la justicia, como estos personajes: \u00a1no puede inscribirse, ni ser parte, ni estropear la fiesta electoral! Por lo tanto no pueden acudir ante el CNE a pretender armar un show para que sea admitida una candidatura de quien est\u00e1 inhabilitada pol\u00edticamente.<\/span><\/span><\/p>\n<p class=\"western\" align=\"justify\"><span style=\"font-family: Cambria, serif;\"><span style=\"font-size: large;\">Por otro lado, Medina explic\u00f3 que Venezuela debe exigir al gobierno chileno esclarecer los hechos tras la muerte del ex militar Ronald Ojeda. Este sujeto se hab\u00eda escapado de la c\u00e1rcel militar de Ramo Verde tras ser vinculado con intento de Magnicidio contra el Jefe del Estado venezolano y ahora lo ocurrido en Chile, a todas luces, pareciera buscar perjudicar la imagen de nuestro pa\u00eds y sus instituciones en otras latitudes. Explic\u00f3 que los militares tienen en nuestro pa\u00eds un r\u00e9gimen jur\u00eddico distinto y en los tratados internacionales un desertor de las Fuerzas Armadas debe ser devuelto a su pa\u00eds de origen y no aplica asilo por haber cometido delitos graves que fue la condici\u00f3n dada por el Estado chileno, desconociendo que esto para los militares no aplica. <\/span><\/span><\/p>\n<p class=\"western\" align=\"justify\"><span style=\"font-family: Cambria, serif;\"><span style=\"font-size: large;\">Ilenia Medina alert\u00f3 que la esposa de este sujeto ten\u00eda documentos que en vez de entregarlos a las autoridades venezolanas o chilenas, se los envi\u00f3 a Iv\u00e1n Simonovis, quien fue el primero en dar conocer su desaparici\u00f3n: otro hecho que debe ser investigado. El despliegue para el secuestro de Ojeda genera muchas preguntas: utilizaron en el procedimiento el uniforme de carabineros, haciendo ver que eran agentes venezolanos que hab\u00edan ingresado para hacer ese procedimiento. Hecho que consider\u00f3 como irrespeto y se exige una investigaci\u00f3n con la verdad.<\/span><\/span><\/p>\n<p class=\"western\" align=\"justify\"><span style=\"font-family: Cambria, serif;\"><span style=\"font-size: large;\">No se puede permitir que se siga manchando la reputaci\u00f3n del pa\u00eds y la dignidad de nuestro pueblo. Ilenia Medina en nombre de la organizaci\u00f3n que dirige, pidi\u00f3 a la Fiscal\u00eda General de la Rep\u00fablica, en el marco de la cooperaci\u00f3n jur\u00eddica internacional, exigir al gobierno chileno la informaci\u00f3n de la investigaci\u00f3n y sus detalles para esclarecer el caso.<\/span><\/span><\/p>\n<p class=\"western\" align=\"justify\"><span style=\"font-family: Cambria, serif;\"><span style=\"font-size: large;\">La campa\u00f1a en contra de Venezuela es dantesca, buscan destruir su imagen internacional, afectar nuestra autodeterminaci\u00f3n. Es tan brutal que empresas transnacionales hacen todo para incidir en la justa reclamaci\u00f3n por la Guayana Esequiba en complacencia con Estados Unidos, Reino Unido y utilizando a la Corte Internacional de Justicia para consumar su objetivo. Buscan hacernos da\u00f1o en un momento como este, por ser un a\u00f1o de elecciones presidenciales.<\/span><\/span><\/p>\n<p class=\"western\" align=\"justify\"><span style=\"font-family: Cambria, serif;\"><span style=\"font-size: large;\"><b>Ucrania y Gaza.-<\/b><\/span><\/span><span style=\"font-family: Cambria, serif;\"><span style=\"font-size: large;\"> PPT respalda al Papa Francisco por su valent\u00eda y coraje al solicitar el cese al fuego en Gaza y Ucrania. Solicitud que enf\u00e1ticamente hizo a este \u00faltimo pa\u00eds. Tambi\u00e9n Medina a\u00f1adi\u00f3 que en el caso de Gaza, su organizaci\u00f3n da un respaldo absoluto al pueblo palestino por ser diezmados con un genocidio y destac\u00f3 las declaraciones del presidente de los Estados Unidos, Joe Biden, sobre el da\u00f1o que hace Israel al pueblo palestino, esperando que por esta vez se trate de un acto consciente de parte del mandatario norteamericano.<\/span><\/span><\/p>\n<p class=\"western\" align=\"justify\"><span style=\"font-family: Cambria, serif;\"><span style=\"font-size: large;\">Medina aprovech\u00f3 la oportunidad al cierre de sus declaraciones para manifestar que la religi\u00f3n no da derechos territoriales, al referirse a las excusas esgrimidas por el gobierno israel\u00ed que desarrolla la guerra en Gaza y adem\u00e1s explic\u00f3 que los pueblos y las instituciones son la que dentro de un territorio garantizan los derechos sobre \u00e9ste, por eso es necesario que nuestro pueblo conozca esto.<\/span><\/span><\/p>\n","protected":false},"excerpt":{"rendered":"<p>Direcci\u00f3n Nacional de PPT ratifica por aclamaci\u00f3n candidatura del Presidente Nicol\u00e1s Maduro Moros para los comicios del pr\u00f3ximo 28 de julio y aprob\u00f3 plan pol\u00edtico electoral (Prensa PPT-Caracas, 11 de marzo de 2024) Luego de la acostumbrada discusi\u00f3n y an\u00e1lisis de cada lunes, el Secretariado Pol\u00edtico de PPT rindi\u00f3 declaraciones a los medios de comunicaci\u00f3n [&hellip;]<\/p>\n","protected":false},"author":3,"featured_media":1734,"comment_status":"closed","ping_status":"open","sticky":false,"template":"","format":"standard","meta":{"footnotes":""},"categories":[7],"tags":[],"class_list":["post-1733","post","type-post","status-publish","format-standard","has-post-thumbnail","hentry","category-notas-de-prensa"],"yoast_head":"<!-- This site is optimized with the Yoast SEO plugin v23.3 - https:\/\/yoast.com\/wordpress\/plugins\/seo\/ -->\n<title>Ilenia Medina: PPT afina campa\u00f1a rumbo a las presidenciales con Nicol\u00e1s Maduro - La Mecha Azul<\/title>\n<meta name=\"robots\" content=\"index, follow, max-snippet:-1, max-image-preview:large, max-video-preview:-1\" \/>\n<link rel=\"canonical\" href=\"https:\/\/patriaparatodos.com.ve\/?p=1733\" \/>\n<meta property=\"og:locale\" content=\"es_ES\" \/>\n<meta property=\"og:type\" content=\"article\" \/>\n<meta property=\"og:title\" content=\"Ilenia Medina: PPT afina campa\u00f1a rumbo a las presidenciales con Nicol\u00e1s Maduro - La Mecha Azul\" \/>\n<meta property=\"og:description\" content=\"Direcci\u00f3n Nacional de PPT ratifica por aclamaci\u00f3n candidatura del Presidente Nicol\u00e1s Maduro Moros para los comicios del pr\u00f3ximo 28 de julio y aprob\u00f3 plan pol\u00edtico electoral (Prensa PPT-Caracas, 11 de marzo de 2024) Luego de la acostumbrada discusi\u00f3n y an\u00e1lisis de cada lunes, el Secretariado Pol\u00edtico de PPT rindi\u00f3 declaraciones a los medios de comunicaci\u00f3n [&hellip;]\" \/>\n<meta property=\"og:url\" content=\"https:\/\/patriaparatodos.com.ve\/?p=1733\" \/>\n<meta property=\"og:site_name\" content=\"La Mecha Azul\" \/>\n<meta property=\"article:published_time\" content=\"2024-03-13T16:43:27+00:00\" \/>\n<meta property=\"article:modified_time\" content=\"2024-04-10T23:34:32+00:00\" \/>\n<meta property=\"og:image\" content=\"https:\/\/patriaparatodos.com.ve\/wp-content\/uploads\/2024\/03\/1710347829932-e1710348135802.jpg\" \/>\n\t<meta property=\"og:image:width\" content=\"1076\" \/>\n\t<meta property=\"og:image:height\" content=\"521\" \/>\n\t<meta property=\"og:image:type\" content=\"image\/jpeg\" \/>\n<meta name=\"author\" content=\"Ana Gonzalez\" \/>\n<meta name=\"twitter:card\" content=\"summary_large_image\" \/>\n<meta name=\"twitter:label1\" content=\"Escrito por\" \/>\n\t<meta name=\"twitter:data1\" content=\"Ana Gonzalez\" \/>\n\t<meta name=\"twitter:label2\" content=\"Tiempo de lectura\" \/>\n\t<meta name=\"twitter:data2\" content=\"8 minutos\" \/>\n<script type=\"application\/ld+json\" class=\"yoast-schema-graph\">{\"@context\":\"https:\/\/schema.org\",\"@graph\":[{\"@type\":\"Article\",\"@id\":\"https:\/\/patriaparatodos.com.ve\/?p=1733#article\",\"isPartOf\":{\"@id\":\"https:\/\/patriaparatodos.com.ve\/?p=1733\"},\"author\":{\"name\":\"Ana Gonzalez\",\"@id\":\"https:\/\/patriaparatodos.com.ve\/#\/schema\/person\/fa39a49638b83519fd822cacb44f5844\"},\"headline\":\"Ilenia Medina: PPT afina campa\u00f1a rumbo a las presidenciales con Nicol\u00e1s Maduro\",\"datePublished\":\"2024-03-13T16:43:27+00:00\",\"dateModified\":\"2024-04-10T23:34:32+00:00\",\"mainEntityOfPage\":{\"@id\":\"https:\/\/patriaparatodos.com.ve\/?p=1733\"},\"wordCount\":1704,\"publisher\":{\"@id\":\"https:\/\/patriaparatodos.com.ve\/#organization\"},\"image\":{\"@id\":\"https:\/\/patriaparatodos.com.ve\/?p=1733#primaryimage\"},\"thumbnailUrl\":\"https:\/\/patriaparatodos.com.ve\/wp-content\/uploads\/2024\/03\/1710347829932-e1710348135802.jpg\",\"articleSection\":[\"Notas de Prensa\"],\"inLanguage\":\"es\"},{\"@type\":\"WebPage\",\"@id\":\"https:\/\/patriaparatodos.com.ve\/?p=1733\",\"url\":\"https:\/\/patriaparatodos.com.ve\/?p=1733\",\"name\":\"Ilenia Medina: PPT afina campa\u00f1a rumbo a las presidenciales con Nicol\u00e1s Maduro - La Mecha Azul\",\"isPartOf\":{\"@id\":\"https:\/\/patriaparatodos.com.ve\/#website\"},\"primaryImageOfPage\":{\"@id\":\"https:\/\/patriaparatodos.com.ve\/?p=1733#primaryimage\"},\"image\":{\"@id\":\"https:\/\/patriaparatodos.com.ve\/?p=1733#primaryimage\"},\"thumbnailUrl\":\"https:\/\/patriaparatodos.com.ve\/wp-content\/uploads\/2024\/03\/1710347829932-e1710348135802.jpg\",\"datePublished\":\"2024-03-13T16:43:27+00:00\",\"dateModified\":\"2024-04-10T23:34:32+00:00\",\"breadcrumb\":{\"@id\":\"https:\/\/patriaparatodos.com.ve\/?p=1733#breadcrumb\"},\"inLanguage\":\"es\",\"potentialAction\":[{\"@type\":\"ReadAction\",\"target\":[\"https:\/\/patriaparatodos.com.ve\/?p=1733\"]}]},{\"@type\":\"ImageObject\",\"inLanguage\":\"es\",\"@id\":\"https:\/\/patriaparatodos.com.ve\/?p=1733#primaryimage\",\"url\":\"https:\/\/patriaparatodos.com.ve\/wp-content\/uploads\/2024\/03\/1710347829932-e1710348135802.jpg\",\"contentUrl\":\"https:\/\/patriaparatodos.com.ve\/wp-content\/uploads\/2024\/03\/1710347829932-e1710348135802.jpg\",\"width\":1076,\"height\":521},{\"@type\":\"BreadcrumbList\",\"@id\":\"https:\/\/patriaparatodos.com.ve\/?p=1733#breadcrumb\",\"itemListElement\":[{\"@type\":\"ListItem\",\"position\":1,\"name\":\"Portada\",\"item\":\"https:\/\/patriaparatodos.com.ve\/\"},{\"@type\":\"ListItem\",\"position\":2,\"name\":\"Ilenia Medina: PPT afina campa\u00f1a rumbo a las presidenciales con Nicol\u00e1s Maduro\"}]},{\"@type\":\"WebSite\",\"@id\":\"https:\/\/patriaparatodos.com.ve\/#website\",\"url\":\"https:\/\/patriaparatodos.com.ve\/\",\"name\":\"La Mecha Azul\",\"description\":\"Por la \u00c9tica, Valor de la Palabra\",\"publisher\":{\"@id\":\"https:\/\/patriaparatodos.com.ve\/#organization\"},\"potentialAction\":[{\"@type\":\"SearchAction\",\"target\":{\"@type\":\"EntryPoint\",\"urlTemplate\":\"https:\/\/patriaparatodos.com.ve\/?s={search_term_string}\"},\"query-input\":\"required name=search_term_string\"}],\"inLanguage\":\"es\"},{\"@type\":\"Organization\",\"@id\":\"https:\/\/patriaparatodos.com.ve\/#organization\",\"name\":\"La Mecha Azul\",\"url\":\"https:\/\/patriaparatodos.com.ve\/\",\"logo\":{\"@type\":\"ImageObject\",\"inLanguage\":\"es\",\"@id\":\"https:\/\/patriaparatodos.com.ve\/#\/schema\/logo\/image\/\",\"url\":\"https:\/\/patriaparatodos.com.ve\/wp-content\/uploads\/2023\/02\/cropped-logo-La-mecha-Azul-n.png\",\"contentUrl\":\"https:\/\/patriaparatodos.com.ve\/wp-content\/uploads\/2023\/02\/cropped-logo-La-mecha-Azul-n.png\",\"width\":5884,\"height\":3318,\"caption\":\"La Mecha Azul\"},\"image\":{\"@id\":\"https:\/\/patriaparatodos.com.ve\/#\/schema\/logo\/image\/\"}},{\"@type\":\"Person\",\"@id\":\"https:\/\/patriaparatodos.com.ve\/#\/schema\/person\/fa39a49638b83519fd822cacb44f5844\",\"name\":\"Ana Gonzalez\",\"image\":{\"@type\":\"ImageObject\",\"inLanguage\":\"es\",\"@id\":\"https:\/\/patriaparatodos.com.ve\/#\/schema\/person\/image\/\",\"url\":\"https:\/\/secure.gravatar.com\/avatar\/ef0a71a129594a408c20318531deb64b0ee4a6d35f0864a2e33aea8b4d3481be?s=96&d=mm&r=g\",\"contentUrl\":\"https:\/\/secure.gravatar.com\/avatar\/ef0a71a129594a408c20318531deb64b0ee4a6d35f0864a2e33aea8b4d3481be?s=96&d=mm&r=g\",\"caption\":\"Ana Gonzalez\"},\"url\":\"https:\/\/patriaparatodos.com.ve\/?author=3\"}]}<\/script>\n<!-- \/ Yoast SEO plugin. -->","yoast_head_json":{"title":"Ilenia Medina: PPT afina campa\u00f1a rumbo a las presidenciales con Nicol\u00e1s Maduro - La Mecha Azul","robots":{"index":"index","follow":"follow","max-snippet":"max-snippet:-1","max-image-preview":"max-image-preview:large","max-video-preview":"max-video-preview:-1"},"canonical":"https:\/\/patriaparatodos.com.ve\/?p=1733","og_locale":"es_ES","og_type":"article","og_title":"Ilenia Medina: PPT afina campa\u00f1a rumbo a las presidenciales con Nicol\u00e1s Maduro - La Mecha Azul","og_description":"Direcci\u00f3n Nacional de PPT ratifica por aclamaci\u00f3n candidatura del Presidente Nicol\u00e1s Maduro Moros para los comicios del pr\u00f3ximo 28 de julio y aprob\u00f3 plan pol\u00edtico electoral (Prensa PPT-Caracas, 11 de marzo de 2024) Luego de la acostumbrada discusi\u00f3n y an\u00e1lisis de cada lunes, el Secretariado Pol\u00edtico de PPT rindi\u00f3 declaraciones a los medios de comunicaci\u00f3n [&hellip;]","og_url":"https:\/\/patriaparatodos.com.ve\/?p=1733","og_site_name":"La Mecha Azul","article_published_time":"2024-03-13T16:43:27+00:00","article_modified_time":"2024-04-10T23:34:32+00:00","og_image":[{"width":1076,"height":521,"url":"https:\/\/patriaparatodos.com.ve\/wp-content\/uploads\/2024\/03\/1710347829932-e1710348135802.jpg","type":"image\/jpeg"}],"author":"Ana Gonzalez","twitter_card":"summary_large_image","twitter_misc":{"Escrito por":"Ana Gonzalez","Tiempo de lectura":"8 minutos"},"schema":{"@context":"https:\/\/schema.org","@graph":[{"@type":"Article","@id":"https:\/\/patriaparatodos.com.ve\/?p=1733#article","isPartOf":{"@id":"https:\/\/patriaparatodos.com.ve\/?p=1733"},"author":{"name":"Ana Gonzalez","@id":"https:\/\/patriaparatodos.com.ve\/#\/schema\/person\/fa39a49638b83519fd822cacb44f5844"},"headline":"Ilenia Medina: PPT afina campa\u00f1a rumbo a las presidenciales con Nicol\u00e1s Maduro","datePublished":"2024-03-13T16:43:27+00:00","dateModified":"2024-04-10T23:34:32+00:00","mainEntityOfPage":{"@id":"https:\/\/patriaparatodos.com.ve\/?p=1733"},"wordCount":1704,"publisher":{"@id":"https:\/\/patriaparatodos.com.ve\/#organization"},"image":{"@id":"https:\/\/patriaparatodos.com.ve\/?p=1733#primaryimage"},"thumbnailUrl":"https:\/\/patriaparatodos.com.ve\/wp-content\/uploads\/2024\/03\/1710347829932-e1710348135802.jpg","articleSection":["Notas de Prensa"],"inLanguage":"es"},{"@type":"WebPage","@id":"https:\/\/patriaparatodos.com.ve\/?p=1733","url":"https:\/\/patriaparatodos.com.ve\/?p=1733","name":"Ilenia Medina: PPT afina campa\u00f1a rumbo a las presidenciales con Nicol\u00e1s Maduro - La Mecha Azul","isPartOf":{"@id":"https:\/\/patriaparatodos.com.ve\/#website"},"primaryImageOfPage":{"@id":"https:\/\/patriaparatodos.com.ve\/?p=1733#primaryimage"},"image":{"@id":"https:\/\/patriaparatodos.com.ve\/?p=1733#primaryimage"},"thumbnailUrl":"https:\/\/patriaparatodos.com.ve\/wp-content\/uploads\/2024\/03\/1710347829932-e1710348135802.jpg","datePublished":"2024-03-13T16:43:27+00:00","dateModified":"2024-04-10T23:34:32+00:00","breadcrumb":{"@id":"https:\/\/patriaparatodos.com.ve\/?p=1733#breadcrumb"},"inLanguage":"es","potentialAction":[{"@type":"ReadAction","target":["https:\/\/patriaparatodos.com.ve\/?p=1733"]}]},{"@type":"ImageObject","inLanguage":"es","@id":"https:\/\/patriaparatodos.com.ve\/?p=1733#primaryimage","url":"https:\/\/patriaparatodos.com.ve\/wp-content\/uploads\/2024\/03\/1710347829932-e1710348135802.jpg","contentUrl":"https:\/\/patriaparatodos.com.ve\/wp-content\/uploads\/2024\/03\/1710347829932-e1710348135802.jpg","width":1076,"height":521},{"@type":"BreadcrumbList","@id":"https:\/\/patriaparatodos.com.ve\/?p=1733#breadcrumb","itemListElement":[{"@type":"ListItem","position":1,"name":"Portada","item":"https:\/\/patriaparatodos.com.ve\/"},{"@type":"ListItem","position":2,"name":"Ilenia Medina: PPT afina campa\u00f1a rumbo a las presidenciales con Nicol\u00e1s Maduro"}]},{"@type":"WebSite","@id":"https:\/\/patriaparatodos.com.ve\/#website","url":"https:\/\/patriaparatodos.com.ve\/","name":"La Mecha Azul","description":"Por la \u00c9tica, Valor de la Palabra","publisher":{"@id":"https:\/\/patriaparatodos.com.ve\/#organization"},"potentialAction":[{"@type":"SearchAction","target":{"@type":"EntryPoint","urlTemplate":"https:\/\/patriaparatodos.com.ve\/?s={search_term_string}"},"query-input":"required name=search_term_string"}],"inLanguage":"es"},{"@type":"Organization","@id":"https:\/\/patriaparatodos.com.ve\/#organization","name":"La Mecha Azul","url":"https:\/\/patriaparatodos.com.ve\/","logo":{"@type":"ImageObject","inLanguage":"es","@id":"https:\/\/patriaparatodos.com.ve\/#\/schema\/logo\/image\/","url":"https:\/\/patriaparatodos.com.ve\/wp-content\/uploads\/2023\/02\/cropped-logo-La-mecha-Azul-n.png","contentUrl":"https:\/\/patriaparatodos.com.ve\/wp-content\/uploads\/2023\/02\/cropped-logo-La-mecha-Azul-n.png","width":5884,"height":3318,"caption":"La Mecha Azul"},"image":{"@id":"https:\/\/patriaparatodos.com.ve\/#\/schema\/logo\/image\/"}},{"@type":"Person","@id":"https:\/\/patriaparatodos.com.ve\/#\/schema\/person\/fa39a49638b83519fd822cacb44f5844","name":"Ana Gonzalez","image":{"@type":"ImageObject","inLanguage":"es","@id":"https:\/\/patriaparatodos.com.ve\/#\/schema\/person\/image\/","url":"https:\/\/secure.gravatar.com\/avatar\/ef0a71a129594a408c20318531deb64b0ee4a6d35f0864a2e33aea8b4d3481be?s=96&d=mm&r=g","contentUrl":"https:\/\/secure.gravatar.com\/avatar\/ef0a71a129594a408c20318531deb64b0ee4a6d35f0864a2e33aea8b4d3481be?s=96&d=mm&r=g","caption":"Ana Gonzalez"},"url":"https:\/\/patriaparatodos.com.ve\/?author=3"}]}},"_links":{"self":[{"href":"https:\/\/patriaparatodos.com.ve\/index.php?rest_route=\/wp\/v2\/posts\/1733","targetHints":{"allow":["GET"]}}],"collection":[{"href":"https:\/\/patriaparatodos.com.ve\/index.php?rest_route=\/wp\/v2\/posts"}],"about":[{"href":"https:\/\/patriaparatodos.com.ve\/index.php?rest_route=\/wp\/v2\/types\/post"}],"author":[{"embeddable":true,"href":"https:\/\/patriaparatodos.com.ve\/index.php?rest_route=\/wp\/v2\/users\/3"}],"replies":[{"embeddable":true,"href":"https:\/\/patriaparatodos.com.ve\/index.php?rest_route=%2Fwp%2Fv2%2Fcomments&post=1733"}],"version-history":[{"count":1,"href":"https:\/\/patriaparatodos.com.ve\/index.php?rest_route=\/wp\/v2\/posts\/1733\/revisions"}],"predecessor-version":[{"id":1735,"href":"https:\/\/patriaparatodos.com.ve\/index.php?rest_route=\/wp\/v2\/posts\/1733\/revisions\/1735"}],"wp:featuredmedia":[{"embeddable":true,"href":"https:\/\/patriaparatodos.com.ve\/index.php?rest_route=\/wp\/v2\/media\/1734"}],"wp:attachment":[{"href":"https:\/\/patriaparatodos.com.ve\/index.php?rest_route=%2Fwp%2Fv2%2Fmedia&parent=1733"}],"wp:term":[{"taxonomy":"category","embeddable":true,"href":"https:\/\/patriaparatodos.com.ve\/index.php?rest_route=%2Fwp%2Fv2%2Fcategories&post=1733"},{"taxonomy":"post_tag","embeddable":true,"href":"https:\/\/patriaparatodos.com.ve\/index.php?rest_route=%2Fwp%2Fv2%2Ftags&post=1733"}],"curies":[{"name":"wp","href":"https:\/\/api.w.org\/{rel}","templated":true}]}}