{"id":1743,"date":"2024-03-21T17:58:37","date_gmt":"2024-03-21T17:58:37","guid":{"rendered":"https:\/\/patriaparatodos.com.ve\/?p=1743"},"modified":"2024-04-16T14:01:22","modified_gmt":"2024-04-16T14:01:22","slug":"nicolas-maduro-desde-hoy-soy-el-candidato-presidencial-de-patria-para-todos","status":"publish","type":"post","link":"https:\/\/patriaparatodos.com.ve\/?p=1743","title":{"rendered":"Nicol\u00e1s Maduro: Desde hoy soy el candidato presidencial de Patria Para Todos"},"content":{"rendered":"<p class=\"western\" align=\"justify\"><span style=\"font-family: Cambria, serif;\"><span style=\"font-size: large;\">(Prensa PPT-Caracas, 20 de marzo de 2024) En unidad perfecta los partidos que integran en Gran Polo Patri\u00f3tico Sim\u00f3n Bol\u00edvar (GPPSB) proclamaron al Presidente Nicol\u00e1s Maduro como su candidato, con un emotivo acto cargado de consignas en la Sala R\u00edos Reyna del Teatro Teresa Carre\u00f1o de la capital venezolana.<\/span><\/span><\/p>\n<p class=\"western\" align=\"justify\"><span style=\"font-family: Cambria, serif;\"><span style=\"font-size: large;\">Patria Para Todos (PPT) a trav\u00e9s de su Secretaria General, Diputada Ilenia Medina, inform\u00f3 al Presidente Nicol\u00e1s Maduro su designaci\u00f3n como candidato desde octubre de 2022 cuando la Asamblea Nacional Extraordinaria Refundacional de PPT, a un grito de tambores dec\u00eda \u201cEhh, ohh, ahh; ya la Patria tiene a Nicol\u00e1s al frente\u201d, haciendo alusi\u00f3n a la decisi\u00f3n que la m\u00e1xima autoridad del partido tomaba al elegirlo como su candidato para el venidero periodo presidencial.<\/span><\/span><\/p>\n<p class=\"western\" align=\"justify\"><span style=\"font-family: Cambria, serif;\"><span style=\"font-size: large;\">Consecuente con esa decisi\u00f3n, el pasado 9 de marzo la Direcci\u00f3n Nacional de PPT ratific\u00f3 por aclamaci\u00f3n su candidatura por considerarlo un hombre de coraje y valiente, siendo paciente e inteligente en momentos tan dif\u00edciles para la Patria. Ilenia Medina a\u00f1adi\u00f3 que se ha cumplido la Alianza que Trasciende, documento firmado por el Presidente en 2018 al ser proclamado candidato presidencial de PPT en aquel momento. Sabemos que usted lo ha hecho y los valores que all\u00ed est\u00e1n presentes para hacer de Venezuela una patria \u00e9tica, soberana, segura y productiva, usted lo consider\u00f3 durante esta gesti\u00f3n.<\/span><\/span><\/p>\n<p class=\"western\" align=\"justify\"><span style=\"font-family: Cambria, serif;\"><span style=\"font-size: large;\">Hoy le entregamos el \u201cCompromiso de honor entre Patria Para Todos (PPT) y su candidato presidencial Nicol\u00e1s Maduro Moros para la transformaci\u00f3n de la Patria\u201d. Este documento contiene un conjunto de propuestas, indic\u00f3 Medina, y una de ellas es la Constituyente de los Trabajadores y Trabajadoras de nuestras empresas estrat\u00e9gicas para hacer posible la Venezuela productiva y segura por la que usted tanto ha aportado.<\/span><\/span><\/p>\n<p class=\"western\" align=\"justify\"><span style=\"font-family: Cambria, serif;\"><span style=\"font-size: large;\">El conductor de victorias Nicol\u00e1s Maduro Moros inici\u00f3 su intervenci\u00f3n indicando que \u201ccon la uni\u00f3n construida en acci\u00f3n\u201d los 11 partidos que integran el GPPSB lo proclaman candidato presidencial. Manifest\u00f3 admirar a Alfredo Maneiro y su ejemplo llevado por PPT, adem\u00e1s acept\u00f3 la candidatura de la tolda azul exclamando el lema: \u00a1O hay Patria Para Todos o no hay Patria para nadie! A\u00f1adi\u00f3 que conoce muchas cosas que alg\u00fan d\u00eda habr\u00e1 que escribir sobre la fundaci\u00f3n de PPT.<\/span><\/span><\/p>\n<p class=\"western\" align=\"justify\"><span style=\"font-family: Cambria, serif;\"><span style=\"font-size: large;\">Al cierre de la actividad el mandatario nacional present\u00f3 el primer documento sistematizado de pu\u00f1o y letra, surgido de la consulta y el debate donde el pueblo construye su plan de futuro, el Plan de la Patria de las 7T. Al referirse a la extrema derecha, Maduro dijo: \u201ca los apellidos, a los vende patria, le decimos: \u00a1no volver\u00e1n! Y el Polo Patri\u00f3tico Sim\u00f3n Bol\u00edvar, lo que va es p\u00e1 encima con toda la fuerza unitaria.\u201d<\/span><\/span><\/p>\n","protected":false},"excerpt":{"rendered":"<p>(Prensa PPT-Caracas, 20 de marzo de 2024) En unidad perfecta los partidos que integran en Gran Polo Patri\u00f3tico Sim\u00f3n Bol\u00edvar (GPPSB) proclamaron al Presidente Nicol\u00e1s Maduro como su candidato, con un emotivo acto cargado de consignas en la Sala R\u00edos Reyna del Teatro Teresa Carre\u00f1o de la capital venezolana. Patria Para Todos (PPT) a trav\u00e9s [&hellip;]<\/p>\n","protected":false},"author":3,"featured_media":1745,"comment_status":"closed","ping_status":"open","sticky":false,"template":"","format":"standard","meta":{"footnotes":""},"categories":[7],"tags":[],"class_list":["post-1743","post","type-post","status-publish","format-standard","has-post-thumbnail","hentry","category-notas-de-prensa"],"yoast_head":"<!-- This site is optimized with the Yoast SEO plugin v23.3 - https:\/\/yoast.com\/wordpress\/plugins\/seo\/ -->\n<title>Nicol\u00e1s Maduro: Desde hoy soy el candidato presidencial de Patria Para Todos - La Mecha Azul<\/title>\n<meta name=\"description\" content=\"En unidad perfecta los partidos que integran en Gran Polo Patri\u00f3tico Sim\u00f3n Bol\u00edvar (GPPSB) proclamaron al Presidente Nicol\u00e1s Maduro como su candidato\" \/>\n<meta name=\"robots\" content=\"index, follow, max-snippet:-1, max-image-preview:large, max-video-preview:-1\" \/>\n<link rel=\"canonical\" href=\"https:\/\/patriaparatodos.com.ve\/?p=1743\" \/>\n<meta property=\"og:locale\" content=\"es_ES\" \/>\n<meta property=\"og:type\" content=\"article\" \/>\n<meta property=\"og:title\" content=\"Nicol\u00e1s Maduro: Desde hoy soy el candidato presidencial de Patria Para Todos - La Mecha Azul\" \/>\n<meta property=\"og:description\" content=\"En unidad perfecta los partidos que integran en Gran Polo Patri\u00f3tico Sim\u00f3n Bol\u00edvar (GPPSB) proclamaron al Presidente Nicol\u00e1s Maduro como su candidato\" \/>\n<meta property=\"og:url\" content=\"https:\/\/patriaparatodos.com.ve\/?p=1743\" \/>\n<meta property=\"og:site_name\" content=\"La Mecha Azul\" \/>\n<meta property=\"article:published_time\" content=\"2024-03-21T17:58:37+00:00\" \/>\n<meta property=\"article:modified_time\" content=\"2024-04-16T14:01:22+00:00\" \/>\n<meta property=\"og:image\" content=\"https:\/\/patriaparatodos.com.ve\/wp-content\/uploads\/2024\/03\/WhatsApp-Image-2024-03-20-at-7.35.24-PM-e1713276167765.jpeg\" \/>\n\t<meta property=\"og:image:width\" content=\"1000\" \/>\n\t<meta property=\"og:image:height\" content=\"435\" \/>\n\t<meta property=\"og:image:type\" content=\"image\/jpeg\" \/>\n<meta name=\"author\" content=\"Ana Gonzalez\" \/>\n<meta name=\"twitter:card\" content=\"summary_large_image\" \/>\n<meta name=\"twitter:label1\" content=\"Escrito por\" \/>\n\t<meta name=\"twitter:data1\" content=\"Ana Gonzalez\" \/>\n\t<meta name=\"twitter:label2\" content=\"Tiempo de lectura\" \/>\n\t<meta name=\"twitter:data2\" content=\"3 minutos\" \/>\n<script type=\"application\/ld+json\" class=\"yoast-schema-graph\">{\"@context\":\"https:\/\/schema.org\",\"@graph\":[{\"@type\":\"Article\",\"@id\":\"https:\/\/patriaparatodos.com.ve\/?p=1743#article\",\"isPartOf\":{\"@id\":\"https:\/\/patriaparatodos.com.ve\/?p=1743\"},\"author\":{\"name\":\"Ana Gonzalez\",\"@id\":\"https:\/\/patriaparatodos.com.ve\/#\/schema\/person\/fa39a49638b83519fd822cacb44f5844\"},\"headline\":\"Nicol\u00e1s Maduro: Desde hoy soy el candidato presidencial de Patria Para Todos\",\"datePublished\":\"2024-03-21T17:58:37+00:00\",\"dateModified\":\"2024-04-16T14:01:22+00:00\",\"mainEntityOfPage\":{\"@id\":\"https:\/\/patriaparatodos.com.ve\/?p=1743\"},\"wordCount\":482,\"publisher\":{\"@id\":\"https:\/\/patriaparatodos.com.ve\/#organization\"},\"image\":{\"@id\":\"https:\/\/patriaparatodos.com.ve\/?p=1743#primaryimage\"},\"thumbnailUrl\":\"https:\/\/patriaparatodos.com.ve\/wp-content\/uploads\/2024\/03\/WhatsApp-Image-2024-03-20-at-7.35.24-PM-e1713276167765.jpeg\",\"articleSection\":[\"Notas de Prensa\"],\"inLanguage\":\"es\"},{\"@type\":\"WebPage\",\"@id\":\"https:\/\/patriaparatodos.com.ve\/?p=1743\",\"url\":\"https:\/\/patriaparatodos.com.ve\/?p=1743\",\"name\":\"Nicol\u00e1s Maduro: Desde hoy soy el candidato presidencial de Patria Para Todos - La Mecha Azul\",\"isPartOf\":{\"@id\":\"https:\/\/patriaparatodos.com.ve\/#website\"},\"primaryImageOfPage\":{\"@id\":\"https:\/\/patriaparatodos.com.ve\/?p=1743#primaryimage\"},\"image\":{\"@id\":\"https:\/\/patriaparatodos.com.ve\/?p=1743#primaryimage\"},\"thumbnailUrl\":\"https:\/\/patriaparatodos.com.ve\/wp-content\/uploads\/2024\/03\/WhatsApp-Image-2024-03-20-at-7.35.24-PM-e1713276167765.jpeg\",\"datePublished\":\"2024-03-21T17:58:37+00:00\",\"dateModified\":\"2024-04-16T14:01:22+00:00\",\"description\":\"En unidad perfecta los partidos que integran en Gran Polo Patri\u00f3tico Sim\u00f3n Bol\u00edvar (GPPSB) proclamaron al Presidente Nicol\u00e1s Maduro como su candidato\",\"breadcrumb\":{\"@id\":\"https:\/\/patriaparatodos.com.ve\/?p=1743#breadcrumb\"},\"inLanguage\":\"es\",\"potentialAction\":[{\"@type\":\"ReadAction\",\"target\":[\"https:\/\/patriaparatodos.com.ve\/?p=1743\"]}]},{\"@type\":\"ImageObject\",\"inLanguage\":\"es\",\"@id\":\"https:\/\/patriaparatodos.com.ve\/?p=1743#primaryimage\",\"url\":\"https:\/\/patriaparatodos.com.ve\/wp-content\/uploads\/2024\/03\/WhatsApp-Image-2024-03-20-at-7.35.24-PM-e1713276167765.jpeg\",\"contentUrl\":\"https:\/\/patriaparatodos.com.ve\/wp-content\/uploads\/2024\/03\/WhatsApp-Image-2024-03-20-at-7.35.24-PM-e1713276167765.jpeg\",\"width\":1000,\"height\":435},{\"@type\":\"BreadcrumbList\",\"@id\":\"https:\/\/patriaparatodos.com.ve\/?p=1743#breadcrumb\",\"itemListElement\":[{\"@type\":\"ListItem\",\"position\":1,\"name\":\"Portada\",\"item\":\"https:\/\/patriaparatodos.com.ve\/\"},{\"@type\":\"ListItem\",\"position\":2,\"name\":\"Nicol\u00e1s Maduro: Desde hoy soy el candidato presidencial de Patria Para Todos\"}]},{\"@type\":\"WebSite\",\"@id\":\"https:\/\/patriaparatodos.com.ve\/#website\",\"url\":\"https:\/\/patriaparatodos.com.ve\/\",\"name\":\"La Mecha Azul\",\"description\":\"Por la \u00c9tica, Valor de la Palabra\",\"publisher\":{\"@id\":\"https:\/\/patriaparatodos.com.ve\/#organization\"},\"potentialAction\":[{\"@type\":\"SearchAction\",\"target\":{\"@type\":\"EntryPoint\",\"urlTemplate\":\"https:\/\/patriaparatodos.com.ve\/?s={search_term_string}\"},\"query-input\":\"required name=search_term_string\"}],\"inLanguage\":\"es\"},{\"@type\":\"Organization\",\"@id\":\"https:\/\/patriaparatodos.com.ve\/#organization\",\"name\":\"La Mecha Azul\",\"url\":\"https:\/\/patriaparatodos.com.ve\/\",\"logo\":{\"@type\":\"ImageObject\",\"inLanguage\":\"es\",\"@id\":\"https:\/\/patriaparatodos.com.ve\/#\/schema\/logo\/image\/\",\"url\":\"https:\/\/patriaparatodos.com.ve\/wp-content\/uploads\/2023\/02\/cropped-logo-La-mecha-Azul-n.png\",\"contentUrl\":\"https:\/\/patriaparatodos.com.ve\/wp-content\/uploads\/2023\/02\/cropped-logo-La-mecha-Azul-n.png\",\"width\":5884,\"height\":3318,\"caption\":\"La Mecha Azul\"},\"image\":{\"@id\":\"https:\/\/patriaparatodos.com.ve\/#\/schema\/logo\/image\/\"}},{\"@type\":\"Person\",\"@id\":\"https:\/\/patriaparatodos.com.ve\/#\/schema\/person\/fa39a49638b83519fd822cacb44f5844\",\"name\":\"Ana Gonzalez\",\"image\":{\"@type\":\"ImageObject\",\"inLanguage\":\"es\",\"@id\":\"https:\/\/patriaparatodos.com.ve\/#\/schema\/person\/image\/\",\"url\":\"https:\/\/secure.gravatar.com\/avatar\/ef0a71a129594a408c20318531deb64b0ee4a6d35f0864a2e33aea8b4d3481be?s=96&d=mm&r=g\",\"contentUrl\":\"https:\/\/secure.gravatar.com\/avatar\/ef0a71a129594a408c20318531deb64b0ee4a6d35f0864a2e33aea8b4d3481be?s=96&d=mm&r=g\",\"caption\":\"Ana Gonzalez\"},\"url\":\"https:\/\/patriaparatodos.com.ve\/?author=3\"}]}<\/script>\n<!-- \/ Yoast SEO plugin. -->","yoast_head_json":{"title":"Nicol\u00e1s Maduro: Desde hoy soy el candidato presidencial de Patria Para Todos - La Mecha Azul","description":"En unidad perfecta los partidos que integran en Gran Polo Patri\u00f3tico Sim\u00f3n Bol\u00edvar (GPPSB) proclamaron al Presidente Nicol\u00e1s Maduro como su candidato","robots":{"index":"index","follow":"follow","max-snippet":"max-snippet:-1","max-image-preview":"max-image-preview:large","max-video-preview":"max-video-preview:-1"},"canonical":"https:\/\/patriaparatodos.com.ve\/?p=1743","og_locale":"es_ES","og_type":"article","og_title":"Nicol\u00e1s Maduro: Desde hoy soy el candidato presidencial de Patria Para Todos - La Mecha Azul","og_description":"En unidad perfecta los partidos que integran en Gran Polo Patri\u00f3tico Sim\u00f3n Bol\u00edvar (GPPSB) proclamaron al Presidente Nicol\u00e1s Maduro como su candidato","og_url":"https:\/\/patriaparatodos.com.ve\/?p=1743","og_site_name":"La Mecha Azul","article_published_time":"2024-03-21T17:58:37+00:00","article_modified_time":"2024-04-16T14:01:22+00:00","og_image":[{"width":1000,"height":435,"url":"https:\/\/patriaparatodos.com.ve\/wp-content\/uploads\/2024\/03\/WhatsApp-Image-2024-03-20-at-7.35.24-PM-e1713276167765.jpeg","type":"image\/jpeg"}],"author":"Ana Gonzalez","twitter_card":"summary_large_image","twitter_misc":{"Escrito por":"Ana Gonzalez","Tiempo de lectura":"3 minutos"},"schema":{"@context":"https:\/\/schema.org","@graph":[{"@type":"Article","@id":"https:\/\/patriaparatodos.com.ve\/?p=1743#article","isPartOf":{"@id":"https:\/\/patriaparatodos.com.ve\/?p=1743"},"author":{"name":"Ana Gonzalez","@id":"https:\/\/patriaparatodos.com.ve\/#\/schema\/person\/fa39a49638b83519fd822cacb44f5844"},"headline":"Nicol\u00e1s Maduro: Desde hoy soy el candidato presidencial de Patria Para Todos","datePublished":"2024-03-21T17:58:37+00:00","dateModified":"2024-04-16T14:01:22+00:00","mainEntityOfPage":{"@id":"https:\/\/patriaparatodos.com.ve\/?p=1743"},"wordCount":482,"publisher":{"@id":"https:\/\/patriaparatodos.com.ve\/#organization"},"image":{"@id":"https:\/\/patriaparatodos.com.ve\/?p=1743#primaryimage"},"thumbnailUrl":"https:\/\/patriaparatodos.com.ve\/wp-content\/uploads\/2024\/03\/WhatsApp-Image-2024-03-20-at-7.35.24-PM-e1713276167765.jpeg","articleSection":["Notas de Prensa"],"inLanguage":"es"},{"@type":"WebPage","@id":"https:\/\/patriaparatodos.com.ve\/?p=1743","url":"https:\/\/patriaparatodos.com.ve\/?p=1743","name":"Nicol\u00e1s Maduro: Desde hoy soy el candidato presidencial de Patria Para Todos - La Mecha Azul","isPartOf":{"@id":"https:\/\/patriaparatodos.com.ve\/#website"},"primaryImageOfPage":{"@id":"https:\/\/patriaparatodos.com.ve\/?p=1743#primaryimage"},"image":{"@id":"https:\/\/patriaparatodos.com.ve\/?p=1743#primaryimage"},"thumbnailUrl":"https:\/\/patriaparatodos.com.ve\/wp-content\/uploads\/2024\/03\/WhatsApp-Image-2024-03-20-at-7.35.24-PM-e1713276167765.jpeg","datePublished":"2024-03-21T17:58:37+00:00","dateModified":"2024-04-16T14:01:22+00:00","description":"En unidad perfecta los partidos que integran en Gran Polo Patri\u00f3tico Sim\u00f3n Bol\u00edvar (GPPSB) proclamaron al Presidente Nicol\u00e1s Maduro como su candidato","breadcrumb":{"@id":"https:\/\/patriaparatodos.com.ve\/?p=1743#breadcrumb"},"inLanguage":"es","potentialAction":[{"@type":"ReadAction","target":["https:\/\/patriaparatodos.com.ve\/?p=1743"]}]},{"@type":"ImageObject","inLanguage":"es","@id":"https:\/\/patriaparatodos.com.ve\/?p=1743#primaryimage","url":"https:\/\/patriaparatodos.com.ve\/wp-content\/uploads\/2024\/03\/WhatsApp-Image-2024-03-20-at-7.35.24-PM-e1713276167765.jpeg","contentUrl":"https:\/\/patriaparatodos.com.ve\/wp-content\/uploads\/2024\/03\/WhatsApp-Image-2024-03-20-at-7.35.24-PM-e1713276167765.jpeg","width":1000,"height":435},{"@type":"BreadcrumbList","@id":"https:\/\/patriaparatodos.com.ve\/?p=1743#breadcrumb","itemListElement":[{"@type":"ListItem","position":1,"name":"Portada","item":"https:\/\/patriaparatodos.com.ve\/"},{"@type":"ListItem","position":2,"name":"Nicol\u00e1s Maduro: Desde hoy soy el candidato presidencial de Patria Para Todos"}]},{"@type":"WebSite","@id":"https:\/\/patriaparatodos.com.ve\/#website","url":"https:\/\/patriaparatodos.com.ve\/","name":"La Mecha Azul","description":"Por la \u00c9tica, Valor de la Palabra","publisher":{"@id":"https:\/\/patriaparatodos.com.ve\/#organization"},"potentialAction":[{"@type":"SearchAction","target":{"@type":"EntryPoint","urlTemplate":"https:\/\/patriaparatodos.com.ve\/?s={search_term_string}"},"query-input":"required name=search_term_string"}],"inLanguage":"es"},{"@type":"Organization","@id":"https:\/\/patriaparatodos.com.ve\/#organization","name":"La Mecha Azul","url":"https:\/\/patriaparatodos.com.ve\/","logo":{"@type":"ImageObject","inLanguage":"es","@id":"https:\/\/patriaparatodos.com.ve\/#\/schema\/logo\/image\/","url":"https:\/\/patriaparatodos.com.ve\/wp-content\/uploads\/2023\/02\/cropped-logo-La-mecha-Azul-n.png","contentUrl":"https:\/\/patriaparatodos.com.ve\/wp-content\/uploads\/2023\/02\/cropped-logo-La-mecha-Azul-n.png","width":5884,"height":3318,"caption":"La Mecha Azul"},"image":{"@id":"https:\/\/patriaparatodos.com.ve\/#\/schema\/logo\/image\/"}},{"@type":"Person","@id":"https:\/\/patriaparatodos.com.ve\/#\/schema\/person\/fa39a49638b83519fd822cacb44f5844","name":"Ana Gonzalez","image":{"@type":"ImageObject","inLanguage":"es","@id":"https:\/\/patriaparatodos.com.ve\/#\/schema\/person\/image\/","url":"https:\/\/secure.gravatar.com\/avatar\/ef0a71a129594a408c20318531deb64b0ee4a6d35f0864a2e33aea8b4d3481be?s=96&d=mm&r=g","contentUrl":"https:\/\/secure.gravatar.com\/avatar\/ef0a71a129594a408c20318531deb64b0ee4a6d35f0864a2e33aea8b4d3481be?s=96&d=mm&r=g","caption":"Ana Gonzalez"},"url":"https:\/\/patriaparatodos.com.ve\/?author=3"}]}},"_links":{"self":[{"href":"https:\/\/patriaparatodos.com.ve\/index.php?rest_route=\/wp\/v2\/posts\/1743","targetHints":{"allow":["GET"]}}],"collection":[{"href":"https:\/\/patriaparatodos.com.ve\/index.php?rest_route=\/wp\/v2\/posts"}],"about":[{"href":"https:\/\/patriaparatodos.com.ve\/index.php?rest_route=\/wp\/v2\/types\/post"}],"author":[{"embeddable":true,"href":"https:\/\/patriaparatodos.com.ve\/index.php?rest_route=\/wp\/v2\/users\/3"}],"replies":[{"embeddable":true,"href":"https:\/\/patriaparatodos.com.ve\/index.php?rest_route=%2Fwp%2Fv2%2Fcomments&post=1743"}],"version-history":[{"count":2,"href":"https:\/\/patriaparatodos.com.ve\/index.php?rest_route=\/wp\/v2\/posts\/1743\/revisions"}],"predecessor-version":[{"id":1840,"href":"https:\/\/patriaparatodos.com.ve\/index.php?rest_route=\/wp\/v2\/posts\/1743\/revisions\/1840"}],"wp:featuredmedia":[{"embeddable":true,"href":"https:\/\/patriaparatodos.com.ve\/index.php?rest_route=\/wp\/v2\/media\/1745"}],"wp:attachment":[{"href":"https:\/\/patriaparatodos.com.ve\/index.php?rest_route=%2Fwp%2Fv2%2Fmedia&parent=1743"}],"wp:term":[{"taxonomy":"category","embeddable":true,"href":"https:\/\/patriaparatodos.com.ve\/index.php?rest_route=%2Fwp%2Fv2%2Fcategories&post=1743"},{"taxonomy":"post_tag","embeddable":true,"href":"https:\/\/patriaparatodos.com.ve\/index.php?rest_route=%2Fwp%2Fv2%2Ftags&post=1743"}],"curies":[{"name":"wp","href":"https:\/\/api.w.org\/{rel}","templated":true}]}}