{"id":1747,"date":"2024-04-02T13:47:47","date_gmt":"2024-04-02T13:47:47","guid":{"rendered":"https:\/\/patriaparatodos.com.ve\/?p=1747"},"modified":"2024-04-10T23:33:06","modified_gmt":"2024-04-10T23:33:06","slug":"democracia-participativa-y-protagonica","status":"publish","type":"post","link":"https:\/\/patriaparatodos.com.ve\/?p=1747","title":{"rendered":"Ilenia Medina: Para combatir violencia y terrorismo pedimos participar en Comisi\u00f3n que redactar\u00e1 Ley contra Fascismo"},"content":{"rendered":"<p class=\"western\" align=\"justify\"><span style=\"font-family: Cambria, serif;\"><span style=\"font-size: large;\"><b>Democracia Participativa y Protag\u00f3nica permite que bases y militancia de partidos elijan sus candidatos, no puede designarlos la c\u00fapula, cada organizaci\u00f3n tiene Estatutos que establecen m\u00e9todo<\/b><\/span><\/span><\/p>\n<p class=\"western\" align=\"justify\"><span style=\"font-family: Cambria, serif;\"><span style=\"font-size: large;\">(Prensa PPT-Caracas, 1 de abril de 2024) Como cada lunes el partido Patria Para Todos (PPT), luego de la discusi\u00f3n y an\u00e1lisis de los temas pol\u00edticos de inter\u00e9s, su Secretariado Pol\u00edtico Nacional en conexi\u00f3n directa con dirigentes regionales, present\u00f3 con vocer\u00eda de la Diputada Ilenia Medina, Secretaria General de PPT, las declaraciones a los medios de comunicaci\u00f3n del pa\u00eds desde su Oficina Parlamentaria ubicada en Parque Central.<\/span><\/span><\/p>\n<p class=\"western\" align=\"justify\"><span style=\"font-family: Cambria, serif;\"><span style=\"font-size: large;\">Al culminar el asueto de la Semana Mayor, Ilenia Medina felicit\u00f3 al pueblo por el comportamiento c\u00edvico y el resguardo de la familia, adem\u00e1s de saludar el fervor religioso de la sociedad venezolana. Aprovech\u00f3 la oportunidad para indicar los buenos resultados del dispositivo de seguridad desarrollado en esta Semana Santa que acompa\u00f1\u00f3 a quienes viajaron o se trasladaron a playas, r\u00edos y monta\u00f1as para el pleno disfrute y esparcimiento en sana paz. <\/span><\/span><\/p>\n<p class=\"western\" align=\"justify\"><span style=\"font-family: Cambria, serif;\"><span style=\"font-size: large;\"><b>Los militantes eligen a su candidato.-<\/b><\/span><\/span><span style=\"font-family: Cambria, serif;\"><span style=\"font-size: large;\"> Para PPT, es importante abordar lo que pretende hacer la oposici\u00f3n extrema, como factor que siempre ha promovido acciones contra el pueblo venezolano. Medina precis\u00f3 que son los partidos, de acuerdo a sus Estatutos, quienes escogen a los candidatos; y as\u00ed mismo, son ellos quienes lo inscriben, considerando que para la inscripci\u00f3n, cada organizaci\u00f3n legalmente h\u00e1bil para el proceso cuenta con usuario y clave para poder desarrollar este proceso.<\/span><\/span><\/p>\n<p class=\"western\" align=\"justify\"><span style=\"font-family: Cambria, serif;\"><span style=\"font-size: large;\">PPT postul\u00f3 e inscribi\u00f3 su candidato, Nicol\u00e1s Maduro Moros, de acuerdo con lo legalmente establecido en la norma jur\u00eddica nacional que regula la materia electoral. Destac\u00f3 Medina que el candidato del partido fue elegido por aclamaci\u00f3n en la m\u00e1xima instancia de su partido, durante la Asamblea Nacional de 2022, todo ello obedeciendo los Estatutos y Declaraci\u00f3n de Principios pepetistas: all\u00ed est\u00e1n los criterios de escogencia y designaci\u00f3n de candidatos.<\/span><\/span><\/p>\n<p class=\"western\" align=\"justify\"><span style=\"font-family: Cambria, serif;\"><span style=\"font-size: large;\">Tras la reciente convocatoria a elecciones presidenciales anunciada por el Consejo Nacional Electoral (CNE), nuestro partido, se\u00f1ala Medina, ratific\u00f3 por aclamaci\u00f3n el mandato de la Asamblea Nacional de PPT, para que el Presidente Maduro sea el candidato, esto se hizo a trav\u00e9s de la Direcci\u00f3n Nacional del partido. Nicol\u00e1s Maduro Moros ha sido consecuente con nuestro pueblo y la Revoluci\u00f3n Bolivariana, por esta y otras razones es nuestro candidato.<\/span><\/span><\/p>\n<p class=\"western\" align=\"justify\"><span style=\"font-family: Cambria, serif;\"><span style=\"font-size: large;\">Ilenia Medina explic\u00f3 que mostrar documentos, as\u00ed como la forma y m\u00e9todo, es la expresi\u00f3n de decir a los venezolanos y al mundo c\u00f3mo desde PPT se ejerce la Democracia Participativa y Protag\u00f3nica. Ejemplo de dignidad y compromiso revolucionario, enmarcado en la normativa interna del partido y en las Leyes de la Rep\u00fablica. Precis\u00f3 que este hecho ocurre en todas las organizaciones pol\u00edticas legalmente registradas en el pa\u00eds, \u201cno es la c\u00fapula quien decide el candidato, son los militantes de los partidos, de acuerdo a los Estatutos que cada uno se da\u201d.<\/span><\/span><\/p>\n<p class=\"western\" align=\"justify\"><span style=\"font-family: Cambria, serif;\"><span style=\"font-size: large;\"><b>Reconocimiento al CNE.-<\/b><\/span><\/span><span style=\"font-family: Cambria, serif;\"><span style=\"font-size: large;\"> La Secretaria General de PPT, Ilenia Medina, explic\u00f3 que el sistema electoral venezolano es el m\u00e1s s\u00f3lido, seguro y transparente que hay en el mundo. Este hecho nadie lo puede ocultar. Organismos electorales del mundo lo afirman. Ya para el venidero proceso presidencial se han hecho dos auditor\u00edas y todos los partidos debidamente inscritos las han refrendado, manifestando con ello su adhesi\u00f3n y conformidad con el proceso.<\/span><\/span><\/p>\n<p class=\"western\" align=\"justify\"><span style=\"font-family: Cambria, serif;\"><span style=\"font-size: large;\">Cabe se\u00f1alar que un grupo de partidos de la derecha (extremistas) siempre saltan la talanquera, dejando a un lado las actas firmadas por sus t\u00e9cnicos (auditores) en cada una de las auditor\u00edas, que garantizan la transparencia del CNE y el proceso electoral. Este hecho no es nada nuevo: siempre desconocen al CNE. Por eso alertamos al pueblo venezolano a estar atentos y no dejarse enga\u00f1ar. <\/span><\/span><\/p>\n<p class=\"western\" align=\"justify\"><span style=\"font-family: Cambria, serif;\"><span style=\"font-size: large;\">Medina explic\u00f3 que su organizaci\u00f3n respalda el comunicado del CNE donde se rechazan las pretensiones de Estados Unidos de cuestionar nuestro sistema electoral, olvidando que su democracia es la m\u00e1s antidemocr\u00e1tica y el m\u00e1s claro ejemplo fue la \u201celecci\u00f3n\u201d del a\u00f1o 2000: gan\u00f3 Al Gore y le dieron la presidencia a George W. Bush: los poderes f\u00e1cticos ten\u00edan un macabro plan que inclu\u00eda la Carta Democr\u00e1tica Interamericana y el ataque a las Torres Gemelas para ejercer el terror imperial, en una supuesta guerra contra el terrorismo. <\/span><\/span><\/p>\n<p class=\"western\" align=\"justify\"><span style=\"font-family: Cambria, serif;\"><span style=\"font-size: large;\"><b>Traici\u00f3n de las Corinas.-<\/b><\/span><\/span><span style=\"font-family: Cambria, serif;\"><span style=\"font-size: large;\"> Medina considera graves las amenazas de Mar\u00eda Corina Machado y Corina Yoris. Desconocen el Art\u00edculo 130 de la Constituci\u00f3n que exige honrar la Patria, su soberan\u00eda e integridad. Son c\u00f3mplices de los enemigos de Venezuela. Record\u00f3 que PPT hace alg\u00fan tiempo pidi\u00f3 una enmienda constitucional sobre la nacionalidad de quienes cometen delitos de Lesa Patria, que m\u00e1s temprano que tarde, tendr\u00e1 que aplicarse a personas como estas.<\/span><\/span><\/p>\n<p class=\"western\" align=\"justify\"><span style=\"font-family: Cambria, serif;\"><span style=\"font-size: large;\">Medina explic\u00f3 que \u201cla sustituta\u201d (Corina Yoris), no tiene respaldo de ning\u00fan partido de la derecha, adem\u00e1s \u201cno milita\u201d, por lo tanto mal pudiera interpretarse que con s\u00f3lo levantarle la mano los partidos de la Plataforma Unitaria ya le iban a entregar la tarjeta. \u00a1Ni siquiera la derecha confi\u00f3 en la sustituta! Por esta raz\u00f3n se presta para el juego atroz que su patrocinadora ha venido desarrollando como estrategia, violando todas las leyes venezolanas. <\/span><\/span><\/p>\n<p class=\"western\" align=\"justify\"><span style=\"font-family: Cambria, serif;\"><span style=\"font-size: large;\"><b>Ley contra el Fascismo.-<\/b><\/span><\/span><span style=\"font-family: Cambria, serif;\"><span style=\"font-size: large;\"> Patria Para Todos pide su incorporaci\u00f3n a la Alta Comisi\u00f3n de la Vicepresidencia de la Rep\u00fablica para elaborar el Proyecto de Ley contra el Fascismo, bajo el principio de corresponsabilidad, nuestro partido hace esta solicitud. A la violencia y al terrorismo debe pon\u00e9rsele coto. No se puede permitir la destrucci\u00f3n de Venezuela, \u201cel \u2018hasta el final\u2019 de la Machado era eso\u201d.<\/span><\/span><\/p>\n<p class=\"western\" align=\"justify\"><span style=\"font-family: Cambria, serif;\"><span style=\"font-size: large;\"><b>Reacciones de Lula y Petro.-<\/b><\/span><\/span><span style=\"font-family: Cambria, serif;\"><span style=\"font-size: large;\"> Al cierre de sus declaraciones, Ilenia Medina explic\u00f3 que toda la informaci\u00f3n electoral y c\u00f3mo se escogen a los candidatos, de acuerdo a los Estatutos de cada organizaci\u00f3n, es necesario que se le haga llegar a Presidentes como Luiz In\u00e1zio Lula Dasilva (Brasil) y Gustavo Petro (Colombia), para que no se dejen confundir. PPT por algunas v\u00edas ha hecho lo propio para presentar documentos e informaci\u00f3n relevante ante instancias pol\u00edticas de esos pa\u00edses. <\/span><\/span><\/p>\n","protected":false},"excerpt":{"rendered":"<p>Democracia Participativa y Protag\u00f3nica permite que bases y militancia de partidos elijan sus candidatos, no puede designarlos la c\u00fapula, cada organizaci\u00f3n tiene Estatutos que establecen m\u00e9todo (Prensa PPT-Caracas, 1 de abril de 2024) Como cada lunes el partido Patria Para Todos (PPT), luego de la discusi\u00f3n y an\u00e1lisis de los temas pol\u00edticos de inter\u00e9s, su [&hellip;]<\/p>\n","protected":false},"author":3,"featured_media":1748,"comment_status":"closed","ping_status":"open","sticky":false,"template":"","format":"standard","meta":{"footnotes":""},"categories":[7],"tags":[],"class_list":["post-1747","post","type-post","status-publish","format-standard","has-post-thumbnail","hentry","category-notas-de-prensa"],"yoast_head":"<!-- This site is optimized with the Yoast SEO plugin v23.3 - https:\/\/yoast.com\/wordpress\/plugins\/seo\/ -->\n<title>Ilenia Medina: Para combatir violencia y terrorismo pedimos participar en Comisi\u00f3n que redactar\u00e1 Ley contra Fascismo - La Mecha Azul<\/title>\n<meta name=\"description\" content=\"Democracia Participativa y Protag\u00f3nica permite que bases y militancia de partidos elijan sus candidatos, no puede designarlos la c\u00fapula\" \/>\n<meta name=\"robots\" content=\"index, follow, max-snippet:-1, max-image-preview:large, max-video-preview:-1\" \/>\n<link rel=\"canonical\" href=\"https:\/\/patriaparatodos.com.ve\/?p=1747\" \/>\n<meta property=\"og:locale\" content=\"es_ES\" \/>\n<meta property=\"og:type\" content=\"article\" \/>\n<meta property=\"og:title\" content=\"Ilenia Medina: Para combatir violencia y terrorismo pedimos participar en Comisi\u00f3n que redactar\u00e1 Ley contra Fascismo - La Mecha Azul\" \/>\n<meta property=\"og:description\" content=\"Democracia Participativa y Protag\u00f3nica permite que bases y militancia de partidos elijan sus candidatos, no puede designarlos la c\u00fapula\" \/>\n<meta property=\"og:url\" content=\"https:\/\/patriaparatodos.com.ve\/?p=1747\" \/>\n<meta property=\"og:site_name\" content=\"La Mecha Azul\" \/>\n<meta property=\"article:published_time\" content=\"2024-04-02T13:47:47+00:00\" \/>\n<meta property=\"article:modified_time\" content=\"2024-04-10T23:33:06+00:00\" \/>\n<meta property=\"og:image\" content=\"https:\/\/patriaparatodos.com.ve\/wp-content\/uploads\/2024\/04\/WhatsApp-Image-2024-04-01-at-5.46.56-PM.jpeg\" \/>\n\t<meta property=\"og:image:width\" content=\"1020\" \/>\n\t<meta property=\"og:image:height\" content=\"445\" \/>\n\t<meta property=\"og:image:type\" content=\"image\/jpeg\" \/>\n<meta name=\"author\" content=\"Ana Gonzalez\" \/>\n<meta name=\"twitter:card\" content=\"summary_large_image\" \/>\n<meta name=\"twitter:label1\" content=\"Escrito por\" \/>\n\t<meta name=\"twitter:data1\" content=\"Ana Gonzalez\" \/>\n\t<meta name=\"twitter:label2\" content=\"Tiempo de lectura\" \/>\n\t<meta name=\"twitter:data2\" content=\"5 minutos\" \/>\n<script type=\"application\/ld+json\" class=\"yoast-schema-graph\">{\"@context\":\"https:\/\/schema.org\",\"@graph\":[{\"@type\":\"Article\",\"@id\":\"https:\/\/patriaparatodos.com.ve\/?p=1747#article\",\"isPartOf\":{\"@id\":\"https:\/\/patriaparatodos.com.ve\/?p=1747\"},\"author\":{\"name\":\"Ana Gonzalez\",\"@id\":\"https:\/\/patriaparatodos.com.ve\/#\/schema\/person\/fa39a49638b83519fd822cacb44f5844\"},\"headline\":\"Ilenia Medina: Para combatir violencia y terrorismo pedimos participar en Comisi\u00f3n que redactar\u00e1 Ley contra Fascismo\",\"datePublished\":\"2024-04-02T13:47:47+00:00\",\"dateModified\":\"2024-04-10T23:33:06+00:00\",\"mainEntityOfPage\":{\"@id\":\"https:\/\/patriaparatodos.com.ve\/?p=1747\"},\"wordCount\":1081,\"publisher\":{\"@id\":\"https:\/\/patriaparatodos.com.ve\/#organization\"},\"image\":{\"@id\":\"https:\/\/patriaparatodos.com.ve\/?p=1747#primaryimage\"},\"thumbnailUrl\":\"https:\/\/patriaparatodos.com.ve\/wp-content\/uploads\/2024\/04\/WhatsApp-Image-2024-04-01-at-5.46.56-PM.jpeg\",\"articleSection\":[\"Notas de Prensa\"],\"inLanguage\":\"es\"},{\"@type\":\"WebPage\",\"@id\":\"https:\/\/patriaparatodos.com.ve\/?p=1747\",\"url\":\"https:\/\/patriaparatodos.com.ve\/?p=1747\",\"name\":\"Ilenia Medina: Para combatir violencia y terrorismo pedimos participar en Comisi\u00f3n que redactar\u00e1 Ley contra Fascismo - La Mecha Azul\",\"isPartOf\":{\"@id\":\"https:\/\/patriaparatodos.com.ve\/#website\"},\"primaryImageOfPage\":{\"@id\":\"https:\/\/patriaparatodos.com.ve\/?p=1747#primaryimage\"},\"image\":{\"@id\":\"https:\/\/patriaparatodos.com.ve\/?p=1747#primaryimage\"},\"thumbnailUrl\":\"https:\/\/patriaparatodos.com.ve\/wp-content\/uploads\/2024\/04\/WhatsApp-Image-2024-04-01-at-5.46.56-PM.jpeg\",\"datePublished\":\"2024-04-02T13:47:47+00:00\",\"dateModified\":\"2024-04-10T23:33:06+00:00\",\"description\":\"Democracia Participativa y Protag\u00f3nica permite que bases y militancia de partidos elijan sus candidatos, no puede designarlos la c\u00fapula\",\"breadcrumb\":{\"@id\":\"https:\/\/patriaparatodos.com.ve\/?p=1747#breadcrumb\"},\"inLanguage\":\"es\",\"potentialAction\":[{\"@type\":\"ReadAction\",\"target\":[\"https:\/\/patriaparatodos.com.ve\/?p=1747\"]}]},{\"@type\":\"ImageObject\",\"inLanguage\":\"es\",\"@id\":\"https:\/\/patriaparatodos.com.ve\/?p=1747#primaryimage\",\"url\":\"https:\/\/patriaparatodos.com.ve\/wp-content\/uploads\/2024\/04\/WhatsApp-Image-2024-04-01-at-5.46.56-PM.jpeg\",\"contentUrl\":\"https:\/\/patriaparatodos.com.ve\/wp-content\/uploads\/2024\/04\/WhatsApp-Image-2024-04-01-at-5.46.56-PM.jpeg\",\"width\":1020,\"height\":445},{\"@type\":\"BreadcrumbList\",\"@id\":\"https:\/\/patriaparatodos.com.ve\/?p=1747#breadcrumb\",\"itemListElement\":[{\"@type\":\"ListItem\",\"position\":1,\"name\":\"Portada\",\"item\":\"https:\/\/patriaparatodos.com.ve\/\"},{\"@type\":\"ListItem\",\"position\":2,\"name\":\"Ilenia Medina: Para combatir violencia y terrorismo pedimos participar en Comisi\u00f3n que redactar\u00e1 Ley contra Fascismo\"}]},{\"@type\":\"WebSite\",\"@id\":\"https:\/\/patriaparatodos.com.ve\/#website\",\"url\":\"https:\/\/patriaparatodos.com.ve\/\",\"name\":\"La Mecha Azul\",\"description\":\"Por la \u00c9tica, Valor de la Palabra\",\"publisher\":{\"@id\":\"https:\/\/patriaparatodos.com.ve\/#organization\"},\"potentialAction\":[{\"@type\":\"SearchAction\",\"target\":{\"@type\":\"EntryPoint\",\"urlTemplate\":\"https:\/\/patriaparatodos.com.ve\/?s={search_term_string}\"},\"query-input\":\"required name=search_term_string\"}],\"inLanguage\":\"es\"},{\"@type\":\"Organization\",\"@id\":\"https:\/\/patriaparatodos.com.ve\/#organization\",\"name\":\"La Mecha Azul\",\"url\":\"https:\/\/patriaparatodos.com.ve\/\",\"logo\":{\"@type\":\"ImageObject\",\"inLanguage\":\"es\",\"@id\":\"https:\/\/patriaparatodos.com.ve\/#\/schema\/logo\/image\/\",\"url\":\"https:\/\/patriaparatodos.com.ve\/wp-content\/uploads\/2023\/02\/cropped-logo-La-mecha-Azul-n.png\",\"contentUrl\":\"https:\/\/patriaparatodos.com.ve\/wp-content\/uploads\/2023\/02\/cropped-logo-La-mecha-Azul-n.png\",\"width\":5884,\"height\":3318,\"caption\":\"La Mecha Azul\"},\"image\":{\"@id\":\"https:\/\/patriaparatodos.com.ve\/#\/schema\/logo\/image\/\"}},{\"@type\":\"Person\",\"@id\":\"https:\/\/patriaparatodos.com.ve\/#\/schema\/person\/fa39a49638b83519fd822cacb44f5844\",\"name\":\"Ana Gonzalez\",\"image\":{\"@type\":\"ImageObject\",\"inLanguage\":\"es\",\"@id\":\"https:\/\/patriaparatodos.com.ve\/#\/schema\/person\/image\/\",\"url\":\"https:\/\/secure.gravatar.com\/avatar\/ef0a71a129594a408c20318531deb64b0ee4a6d35f0864a2e33aea8b4d3481be?s=96&d=mm&r=g\",\"contentUrl\":\"https:\/\/secure.gravatar.com\/avatar\/ef0a71a129594a408c20318531deb64b0ee4a6d35f0864a2e33aea8b4d3481be?s=96&d=mm&r=g\",\"caption\":\"Ana Gonzalez\"},\"url\":\"https:\/\/patriaparatodos.com.ve\/?author=3\"}]}<\/script>\n<!-- \/ Yoast SEO plugin. -->","yoast_head_json":{"title":"Ilenia Medina: Para combatir violencia y terrorismo pedimos participar en Comisi\u00f3n que redactar\u00e1 Ley contra Fascismo - La Mecha Azul","description":"Democracia Participativa y Protag\u00f3nica permite que bases y militancia de partidos elijan sus candidatos, no puede designarlos la c\u00fapula","robots":{"index":"index","follow":"follow","max-snippet":"max-snippet:-1","max-image-preview":"max-image-preview:large","max-video-preview":"max-video-preview:-1"},"canonical":"https:\/\/patriaparatodos.com.ve\/?p=1747","og_locale":"es_ES","og_type":"article","og_title":"Ilenia Medina: Para combatir violencia y terrorismo pedimos participar en Comisi\u00f3n que redactar\u00e1 Ley contra Fascismo - La Mecha Azul","og_description":"Democracia Participativa y Protag\u00f3nica permite que bases y militancia de partidos elijan sus candidatos, no puede designarlos la c\u00fapula","og_url":"https:\/\/patriaparatodos.com.ve\/?p=1747","og_site_name":"La Mecha Azul","article_published_time":"2024-04-02T13:47:47+00:00","article_modified_time":"2024-04-10T23:33:06+00:00","og_image":[{"width":1020,"height":445,"url":"https:\/\/patriaparatodos.com.ve\/wp-content\/uploads\/2024\/04\/WhatsApp-Image-2024-04-01-at-5.46.56-PM.jpeg","type":"image\/jpeg"}],"author":"Ana Gonzalez","twitter_card":"summary_large_image","twitter_misc":{"Escrito por":"Ana Gonzalez","Tiempo de lectura":"5 minutos"},"schema":{"@context":"https:\/\/schema.org","@graph":[{"@type":"Article","@id":"https:\/\/patriaparatodos.com.ve\/?p=1747#article","isPartOf":{"@id":"https:\/\/patriaparatodos.com.ve\/?p=1747"},"author":{"name":"Ana Gonzalez","@id":"https:\/\/patriaparatodos.com.ve\/#\/schema\/person\/fa39a49638b83519fd822cacb44f5844"},"headline":"Ilenia Medina: Para combatir violencia y terrorismo pedimos participar en Comisi\u00f3n que redactar\u00e1 Ley contra Fascismo","datePublished":"2024-04-02T13:47:47+00:00","dateModified":"2024-04-10T23:33:06+00:00","mainEntityOfPage":{"@id":"https:\/\/patriaparatodos.com.ve\/?p=1747"},"wordCount":1081,"publisher":{"@id":"https:\/\/patriaparatodos.com.ve\/#organization"},"image":{"@id":"https:\/\/patriaparatodos.com.ve\/?p=1747#primaryimage"},"thumbnailUrl":"https:\/\/patriaparatodos.com.ve\/wp-content\/uploads\/2024\/04\/WhatsApp-Image-2024-04-01-at-5.46.56-PM.jpeg","articleSection":["Notas de Prensa"],"inLanguage":"es"},{"@type":"WebPage","@id":"https:\/\/patriaparatodos.com.ve\/?p=1747","url":"https:\/\/patriaparatodos.com.ve\/?p=1747","name":"Ilenia Medina: Para combatir violencia y terrorismo pedimos participar en Comisi\u00f3n que redactar\u00e1 Ley contra Fascismo - La Mecha Azul","isPartOf":{"@id":"https:\/\/patriaparatodos.com.ve\/#website"},"primaryImageOfPage":{"@id":"https:\/\/patriaparatodos.com.ve\/?p=1747#primaryimage"},"image":{"@id":"https:\/\/patriaparatodos.com.ve\/?p=1747#primaryimage"},"thumbnailUrl":"https:\/\/patriaparatodos.com.ve\/wp-content\/uploads\/2024\/04\/WhatsApp-Image-2024-04-01-at-5.46.56-PM.jpeg","datePublished":"2024-04-02T13:47:47+00:00","dateModified":"2024-04-10T23:33:06+00:00","description":"Democracia Participativa y Protag\u00f3nica permite que bases y militancia de partidos elijan sus candidatos, no puede designarlos la c\u00fapula","breadcrumb":{"@id":"https:\/\/patriaparatodos.com.ve\/?p=1747#breadcrumb"},"inLanguage":"es","potentialAction":[{"@type":"ReadAction","target":["https:\/\/patriaparatodos.com.ve\/?p=1747"]}]},{"@type":"ImageObject","inLanguage":"es","@id":"https:\/\/patriaparatodos.com.ve\/?p=1747#primaryimage","url":"https:\/\/patriaparatodos.com.ve\/wp-content\/uploads\/2024\/04\/WhatsApp-Image-2024-04-01-at-5.46.56-PM.jpeg","contentUrl":"https:\/\/patriaparatodos.com.ve\/wp-content\/uploads\/2024\/04\/WhatsApp-Image-2024-04-01-at-5.46.56-PM.jpeg","width":1020,"height":445},{"@type":"BreadcrumbList","@id":"https:\/\/patriaparatodos.com.ve\/?p=1747#breadcrumb","itemListElement":[{"@type":"ListItem","position":1,"name":"Portada","item":"https:\/\/patriaparatodos.com.ve\/"},{"@type":"ListItem","position":2,"name":"Ilenia Medina: Para combatir violencia y terrorismo pedimos participar en Comisi\u00f3n que redactar\u00e1 Ley contra Fascismo"}]},{"@type":"WebSite","@id":"https:\/\/patriaparatodos.com.ve\/#website","url":"https:\/\/patriaparatodos.com.ve\/","name":"La Mecha Azul","description":"Por la \u00c9tica, Valor de la Palabra","publisher":{"@id":"https:\/\/patriaparatodos.com.ve\/#organization"},"potentialAction":[{"@type":"SearchAction","target":{"@type":"EntryPoint","urlTemplate":"https:\/\/patriaparatodos.com.ve\/?s={search_term_string}"},"query-input":"required name=search_term_string"}],"inLanguage":"es"},{"@type":"Organization","@id":"https:\/\/patriaparatodos.com.ve\/#organization","name":"La Mecha Azul","url":"https:\/\/patriaparatodos.com.ve\/","logo":{"@type":"ImageObject","inLanguage":"es","@id":"https:\/\/patriaparatodos.com.ve\/#\/schema\/logo\/image\/","url":"https:\/\/patriaparatodos.com.ve\/wp-content\/uploads\/2023\/02\/cropped-logo-La-mecha-Azul-n.png","contentUrl":"https:\/\/patriaparatodos.com.ve\/wp-content\/uploads\/2023\/02\/cropped-logo-La-mecha-Azul-n.png","width":5884,"height":3318,"caption":"La Mecha Azul"},"image":{"@id":"https:\/\/patriaparatodos.com.ve\/#\/schema\/logo\/image\/"}},{"@type":"Person","@id":"https:\/\/patriaparatodos.com.ve\/#\/schema\/person\/fa39a49638b83519fd822cacb44f5844","name":"Ana Gonzalez","image":{"@type":"ImageObject","inLanguage":"es","@id":"https:\/\/patriaparatodos.com.ve\/#\/schema\/person\/image\/","url":"https:\/\/secure.gravatar.com\/avatar\/ef0a71a129594a408c20318531deb64b0ee4a6d35f0864a2e33aea8b4d3481be?s=96&d=mm&r=g","contentUrl":"https:\/\/secure.gravatar.com\/avatar\/ef0a71a129594a408c20318531deb64b0ee4a6d35f0864a2e33aea8b4d3481be?s=96&d=mm&r=g","caption":"Ana Gonzalez"},"url":"https:\/\/patriaparatodos.com.ve\/?author=3"}]}},"_links":{"self":[{"href":"https:\/\/patriaparatodos.com.ve\/index.php?rest_route=\/wp\/v2\/posts\/1747","targetHints":{"allow":["GET"]}}],"collection":[{"href":"https:\/\/patriaparatodos.com.ve\/index.php?rest_route=\/wp\/v2\/posts"}],"about":[{"href":"https:\/\/patriaparatodos.com.ve\/index.php?rest_route=\/wp\/v2\/types\/post"}],"author":[{"embeddable":true,"href":"https:\/\/patriaparatodos.com.ve\/index.php?rest_route=\/wp\/v2\/users\/3"}],"replies":[{"embeddable":true,"href":"https:\/\/patriaparatodos.com.ve\/index.php?rest_route=%2Fwp%2Fv2%2Fcomments&post=1747"}],"version-history":[{"count":1,"href":"https:\/\/patriaparatodos.com.ve\/index.php?rest_route=\/wp\/v2\/posts\/1747\/revisions"}],"predecessor-version":[{"id":1749,"href":"https:\/\/patriaparatodos.com.ve\/index.php?rest_route=\/wp\/v2\/posts\/1747\/revisions\/1749"}],"wp:featuredmedia":[{"embeddable":true,"href":"https:\/\/patriaparatodos.com.ve\/index.php?rest_route=\/wp\/v2\/media\/1748"}],"wp:attachment":[{"href":"https:\/\/patriaparatodos.com.ve\/index.php?rest_route=%2Fwp%2Fv2%2Fmedia&parent=1747"}],"wp:term":[{"taxonomy":"category","embeddable":true,"href":"https:\/\/patriaparatodos.com.ve\/index.php?rest_route=%2Fwp%2Fv2%2Fcategories&post=1747"},{"taxonomy":"post_tag","embeddable":true,"href":"https:\/\/patriaparatodos.com.ve\/index.php?rest_route=%2Fwp%2Fv2%2Ftags&post=1747"}],"curies":[{"name":"wp","href":"https:\/\/api.w.org\/{rel}","templated":true}]}}