{"id":1837,"date":"2024-04-16T13:38:07","date_gmt":"2024-04-16T13:38:07","guid":{"rendered":"https:\/\/patriaparatodos.com.ve\/?p=1837"},"modified":"2024-04-16T14:11:49","modified_gmt":"2024-04-16T14:11:49","slug":"ilenia-medina-ppt-acepta-desafio-de-reformar-constitucion","status":"publish","type":"post","link":"https:\/\/patriaparatodos.com.ve\/?p=1837","title":{"rendered":"Ilenia Medina: PPT acepta desaf\u00edo de reformar Constituci\u00f3n"},"content":{"rendered":"<p class=\"western\" align=\"justify\"><span style=\"font-family: Cambria, serif;\"><span style=\"font-size: large;\"><b>Tolda azul considera oportuna propuesta presidencial de reformar Constituci\u00f3n, tambi\u00e9n deben revisarse otros aspectos de la Carta Magna, entre ellos p\u00e9rdida de nacionalidad por Traici\u00f3n a la Patria<\/b><\/span><\/span><\/p>\n<p class=\"western\" align=\"justify\"><span style=\"font-family: Cambria, serif;\"><span style=\"font-size: large;\">(Prensa PPT-Caracas, 15 de abril de 2024) La Diputada Ilenia Medina, Secretaria General de Patria Para Todos, desde la Oficina Parlamentaria de la organizaci\u00f3n que dirige, en Parque Central, rindi\u00f3 declaraciones a los medios de comunicaci\u00f3n como cada lunes desde hace 26 a\u00f1os lo ha venido haciendo PPT. Tras un an\u00e1lisis y discusi\u00f3n de los principales temas, brind\u00f3 una panor\u00e1mica de la agenda pol\u00edtica nacional e internacional.<\/span><\/span><\/p>\n<p class=\"western\" align=\"justify\"><span style=\"font-family: Cambria, serif;\"><span style=\"font-size: large;\">PPT record\u00f3 que el 17 de abril se cumplir\u00e1n los primeros 17 a\u00f1os de UNASUR, organizaci\u00f3n que ha sido afectada por la derecha internacional para su desarrollo. En alg\u00fan momento volver\u00e1 a renacer. De igual manera destac\u00f3 que el programa Todas las Manos a la Siembra estar\u00e1 de aniversario esta semana, pol\u00edtica impulsada por el Comandante Ch\u00e1vez, que en estos a\u00f1os ha venido desarroll\u00e1ndose con un andamiaje legal para su desarrollo.<\/span><\/span><\/p>\n<p class=\"western\" align=\"justify\"><span style=\"font-family: Cambria, serif;\"><span style=\"font-size: large;\"><b>Estamos con Yulimar.-<\/b><\/span><\/span><span style=\"font-family: Cambria, serif;\"><span style=\"font-size: large;\"> Ilenia Medina salud\u00f3 a Yulimar Rojas, quien recientemente anunci\u00f3 no poder participar en las Olimpiadas previstas para este a\u00f1o tras una lesi\u00f3n que amerit\u00f3 operaci\u00f3n. Ya sali\u00f3 de la cl\u00ednica. Est\u00e1 bien de salud. Lamentamos que no pueda representar a Venezuela. Nuestro pueblo sigue muy de cerca su desarrollo. Sabemos que es una atleta capaz que vencer\u00e1 este obst\u00e1culo para seguir hondeando en cada competencia el tricolor nacional.<\/span><\/span><\/p>\n<p class=\"western\" align=\"justify\"><span style=\"font-family: Cambria, serif;\"><span style=\"font-size: large;\"><b>Participa en la Consulta P\u00fablica.-<\/b><\/span><\/span><span style=\"font-family: Cambria, serif;\"><span style=\"font-size: large;\"> Convocamos al pueblo venezolano. A todos aquellos vinculados a Consejos Comunales, Comunas, a participar y votar en la consulta p\u00fablica por el proyecto a ejecutar en tu comunidad. En el caso de PPT, nuestra militancia y dirigencia estar\u00e1 presente, porque cada uno vive en un lugar distinto. Esta es una oportunidad que activa la participaci\u00f3n protag\u00f3nica en las decisiones p\u00fablicas, que permite la selecci\u00f3n del proyecto que favorezca a nuestra comunidad. S\u00e9 parte, porque de aqu\u00ed se visualizar\u00e1 c\u00f3mo administrar los recursos, c\u00f3mo hacer contralor\u00eda social, c\u00f3mo garantizar la selecci\u00f3n del proyecto m\u00e1s importante para cada territorio: Democracia Directa.<\/span><\/span><\/p>\n<p class=\"western\" align=\"justify\"><span style=\"font-family: Cambria, serif;\"><span style=\"font-size: large;\"><b>PPT est\u00e1 activo en todo el territorio.-<\/b><\/span><\/span><span style=\"font-family: Cambria, serif;\"><span style=\"font-size: large;\"> Rumbo a las elecciones presidenciales del 28 de julio, la tolda azul desarrolla su plan pol\u00edtico electoral para este 2024. Su Secretaria General se\u00f1al\u00f3 que PPT cuenta con el mensaje pol\u00edtico para quienes pudieran estar confundidos o molestos, que incluye hacer un an\u00e1lisis para explicar la situaci\u00f3n de lo que ocurre en Venezuela, qui\u00e9nes son nuestros enemigos internos y externos, y la afectaci\u00f3n que han hecho sobre la sociedad en todos los \u00e1mbitos siendo el m\u00e1s visible el econ\u00f3mico.<\/span><\/span><\/p>\n<p class=\"western\" align=\"justify\"><span style=\"font-family: Cambria, serif;\"><span style=\"font-size: large;\">En este aspecto Medina explic\u00f3 que el candidato de PPT, Nicol\u00e1s Maduro, es un hombre con sensibilidad y mucha valent\u00eda. Por ser de pueblo ha sabido transitar y llevar el pa\u00eds a puerto seguro, preservando la paz y ante todos los altibajos ha logrado el renacer de la econom\u00eda. Es el germinar de Manos a la Siembra. Por ello hay que incorporar a todos los sectores. La Patria toda lo reclama.<\/span><\/span><\/p>\n<p class=\"western\" align=\"justify\"><span style=\"font-family: Cambria, serif;\"><span style=\"font-size: large;\">Nuestros militantes, con el mensaje de PPT, llegan a las bases e incorporan a aquellos que por alguna raz\u00f3n se sienten desesperanzados, de all\u00ed que hemos sumado desde lo individual a lo colectivo en cada territorio. Nuestra propuesta es el socialismo \u00e9tico y productivo; decimos, \u201cDe Calle, Coraz\u00f3n de la Patria, Maduro Presidente\u201d, nuestra tarjeta es la v\u00eda para seguir avanzando en revoluci\u00f3n.<\/span><\/span><\/p>\n<p class=\"western\" align=\"justify\"><span style=\"font-family: Cambria, serif;\"><span style=\"font-size: large;\"><b>Cierre del REP.-<\/b><\/span><\/span><span style=\"font-family: Cambria, serif;\"><span style=\"font-size: large;\"> A pocas horas para el cierre de la jornada especial de actualizaci\u00f3n, Ilenia Medina invit\u00f3 a los j\u00f3venes que a\u00fan no se han inscrito en el Registro Electoral Permanente (REP) a hacerlo. Explic\u00f3 que para participar en las venideras elecciones, es necesario hacer un corte del REP para avanzar en las auditor\u00edas programadas, tambi\u00e9n se\u00f1al\u00f3 que todo aquel joven que cumpla los 18 a\u00f1os de edad antes del 27 de julio podr\u00e1 inscribirse en esta jornada. <\/span><\/span><\/p>\n<p class=\"western\" align=\"justify\"><span style=\"font-family: Cambria, serif;\"><span style=\"font-size: large;\">En el caso de las Embajadas venezolanas que funcionan en pa\u00edses con los cuales tenemos relaciones diplom\u00e1ticas, la participaci\u00f3n para inscripci\u00f3n y cambio de residencia ha sido muy baja, aun cuando la jornada de actualizaci\u00f3n ha estado abierta en horario de oficina en estas sedes. Esta consideraci\u00f3n, sentenci\u00f3 la parlamentaria, se hace habida cuenta que seg\u00fan la oposici\u00f3n los venezolanos opositores fuera del pa\u00eds demandaban participar en la elecci\u00f3n presidencial. Los hechos dicen lo contrario.<\/span><\/span><\/p>\n<p class=\"western\" align=\"justify\"><span style=\"font-family: Cambria, serif;\"><span style=\"font-size: large;\"><b>CNE se re\u00fane con organismos internacionales.-<\/b><\/span><\/span><span style=\"font-family: Cambria, serif;\"><span style=\"font-size: large;\"> La tambi\u00e9n Internacionalista Ilenia Medina destac\u00f3 este hecho como de trascendencia por la veedur\u00eda internacional que se har\u00e1 del proceso electoral. Calific\u00f3 el sistema electoral venezolano como el mejor del mundo, por las auditor\u00edas permanentes y la robustez del mismo. <\/span><\/span><\/p>\n<p class=\"western\" align=\"justify\"><span style=\"font-family: Cambria, serif;\"><span style=\"font-size: large;\">Las elecciones en Venezuela est\u00e1n respaldadas por las leyes nacionales. La presencia de veedores tambi\u00e9n est\u00e1 contemplada en nuestras leyes y el Estatuto de Naciones Unidas, en ello se pide respeto absoluto a la soberan\u00eda. Record\u00f3 que en una elecci\u00f3n pasada la Uni\u00f3n Europea convoc\u00f3 a una reuni\u00f3n con los partidos pol\u00edticos que participaban, eso es un hecho irregular, no le corresponde, por esa raz\u00f3n lo mencionamos.<\/span><\/span><\/p>\n<p class=\"western\" align=\"justify\"><span style=\"font-family: Cambria, serif;\"><span style=\"font-size: large;\"><b>Abril de 2002.-<\/b><\/span><\/span><span style=\"font-family: Cambria, serif;\"><span style=\"font-size: large;\"> Tras conmemorarse 22 a\u00f1os de la derrota del golpe de Estado contra el Presidente Ch\u00e1vez el 13 de abril de 2002, Ilenia Medina dijo que Arist\u00f3bulo Ist\u00fariz (militante de PPT en ese momento) defini\u00f3 un antes y un despu\u00e9s, que valientemente entr\u00f3 al Palacio de Miraflores junto a Ana Elisa Osorio y Mar\u00eda Urbaneja, y lograron declarar a medios internacionales conmoviendo la representaci\u00f3n diplom\u00e1tica de pa\u00edses latinoamericanos en la Organizaci\u00f3n de Estados Americanos (OEA) aun cuando los medios privados de Venezuela callaban.<\/span><\/span><\/p>\n<p class=\"western\" align=\"justify\"><span style=\"font-family: Cambria, serif;\"><span style=\"font-size: large;\">Arist\u00f3bulo y Ana Elisa se la jugaron, como ministros y militantes de Patria Para Todos. Era necesario. Se deb\u00eda decir la verdad de lo que ocurr\u00eda en Venezuela. Por eso PPT estuvo en la calle para defender la Revoluci\u00f3n Bolivariana y el leg\u00edtimo gobierno de Hugo Ch\u00e1vez. El decir \u201caqu\u00ed estamos en el despacho presidencial de Miraflores y no nos movemos hasta tanto no liberen al Presidente Ch\u00e1vez\u201d, abriendo la esperanza, la luz para aclarar la oscuridad y la desinformaci\u00f3n.<\/span><\/span><\/p>\n<p class=\"western\" align=\"justify\"><span style=\"font-family: Cambria, serif;\"><span style=\"font-size: large;\"><b>Lucha contra la Corrupci\u00f3n.-<\/b><\/span><\/span><span style=\"font-family: Cambria, serif;\"><span style=\"font-size: large;\"> Tras las declaraciones del Fiscal General Tareck William Saab, quien present\u00f3 la evidencia de la detenci\u00f3n del ex ministro Tareck El Aissami, Ilenia Medina indic\u00f3 que su partido en su momento tambi\u00e9n pregunt\u00f3 \u00bfd\u00f3nde estaba El Aissami?, por estar convencidos de la responsabilidad de este personaje en la trama de corrupci\u00f3n que involucraba a PDVSA, Sunacrip y las Empresas B\u00e1sicas de Guayana. <\/span><\/span><\/p>\n<p class=\"western\" align=\"justify\"><span style=\"font-family: Cambria, serif;\"><span style=\"font-size: large;\">Adem\u00e1s de apoyar las gestiones del Fiscal General, PPT tambi\u00e9n apoy\u00f3 la aplicaci\u00f3n de la operaci\u00f3n especial ordenada por el Presidente Maduro para investigar todos estos hechos. En esta oportunidad hicimos un comunicado para respaldar la lucha contra la corrupci\u00f3n y el trabajo hecho tanto por el Fiscal como por el Presidente de la Rep\u00fablica. En la funci\u00f3n p\u00fablica debe imperar la \u00e9tica y honestidad.<\/span><\/span><\/p>\n<p class=\"western\" align=\"justify\"><span style=\"font-family: Cambria, serif;\"><span style=\"font-size: large;\">Ilenia Medina acot\u00f3 que en PDVSA, PPT se ve ampliamente reconocida, ya que en la gesti\u00f3n de Al\u00ed Rodr\u00edguez Araque, miembro de la Direcci\u00f3n Nacional de PPT mientras ocup\u00f3 el cargo, la estatal petrolera era una corporaci\u00f3n que atend\u00eda los objetivos estrat\u00e9gicos del Estado venezolano y su gobierno. No cabe duda que su trabajo fue impecable y es merecedor de reconocimiento, m\u00e1s bien lamentamos la corrupci\u00f3n que imper\u00f3 posterior a \u00e9l con Rafael Ram\u00edrez y Tareck El Aissami.<\/span><\/span><\/p>\n<p class=\"western\" align=\"justify\"><span style=\"font-family: Cambria, serif;\"><span style=\"font-size: large;\">Para Medina el debate que hay que dar es el papel de los partidos pol\u00edticos, tanto en la gesti\u00f3n p\u00fablica como en el quehacer social del pa\u00eds, sus dirigentes tienen responsabilidades y aunque sean individuales deben actuar en correspondencia con los principios de las organizaciones pol\u00edticas en las cuales militan.<\/span><\/span><\/p>\n<p class=\"western\" align=\"justify\"><span style=\"font-family: Cambria, serif;\"><span style=\"font-size: large;\"><b>Acerca de la Reforma Constitucional.-<\/b><\/span><\/span><span style=\"font-family: Cambria, serif;\"><span style=\"font-size: large;\"> Para PPT es una valent\u00eda enorme que el Presidente Nicol\u00e1s Maduro haya planteado en este momento reformar la Constituci\u00f3n, en su Art\u00edculo 44, donde se establece la pena m\u00e1xima de 30 a\u00f1os. PPT lo considera fundamental, no s\u00f3lo por los hechos de corrupci\u00f3n, sino por el de Traici\u00f3n a la Patria; ya estamos trabajando para presentar un an\u00e1lisis a partir de la Ley Antibloqueo, la Ley contra la Corrupci\u00f3n y la Convenci\u00f3n de las Naciones Unidas contra la Corrupci\u00f3n por ser un crimen contra la humanidad.<\/span><\/span><\/p>\n<p class=\"western\" align=\"justify\"><span style=\"font-family: Cambria, serif;\"><span style=\"font-size: large;\">Nuestra revisi\u00f3n pasar\u00e1 por presentar propuestas que apunten a fortalecer el planteamiento del Presidente, ya que una Reforma Constitucional pudiera ir m\u00e1s all\u00e1 de la revisi\u00f3n de un art\u00edculo, entre ellos la Traici\u00f3n a la Patria y la afectaci\u00f3n que se hace sobre la poblaci\u00f3n, la econom\u00eda del pa\u00eds, su soberan\u00eda y estabilidad pol\u00edtica. Nosotros asumimos el desaf\u00edo de acompa\u00f1ar esta propuesta.<\/span><\/span><\/p>\n<p class=\"western\" align=\"justify\"><span style=\"font-family: Cambria, serif;\"><span style=\"font-size: large;\"><b>Apoyo al pueblo palestino.-<\/b><\/span><\/span><span style=\"font-family: Cambria, serif;\"><span style=\"font-size: large;\"> Ilenia Medina explic\u00f3 que este domingo 14 de abril se acompa\u00f1\u00f3 a la plataforma a favor del pueblo palestino en nuestro pa\u00eds, en una visita de solidaridad ante la representaci\u00f3n diplom\u00e1tica de la Rep\u00fablica Isl\u00e1mica de Ir\u00e1n, que atac\u00f3 objetivos militares de Israel este fin de semana, permitiendo as\u00ed que por primera vez el pueblo palestino en Gaza pudiera dormir desde que el sionismo inici\u00f3 su arremetida contra ellos.<\/span><\/span><\/p>\n<p class=\"western\" align=\"justify\"><span style=\"font-family: Cambria, serif;\"><span style=\"font-size: large;\">La actuaci\u00f3n de Ir\u00e1n responde a distintos hechos que buscaban vulnerar a la naci\u00f3n persa, por esta raz\u00f3n fuimos a saludarlos, ofrecer nuestro absoluto respaldo y agradecer que de esa manera sea posible evitar m\u00e1s genocidio en Gaza. Tambi\u00e9n acompa\u00f1amos el comunicado de nuestra Canciller\u00eda sobre este tema.<\/span><\/span><\/p>\n<p class=\"western\" align=\"justify\"><span style=\"font-family: Cambria, serif;\"><span style=\"font-size: large;\"><b>Cumbre de CELAC.-<\/b><\/span><\/span><span style=\"font-family: Cambria, serif;\"><span style=\"font-size: large;\"> Este 16 de abril se desarrollar\u00e1 una Cumbre de la CELAC en Honduras, donde se abordar\u00e1 el ataque a la Embajada de M\u00e9xico en Ecuador donde se viol\u00f3 la inmunidad diplom\u00e1tica de la Embajada y se secuestr\u00f3 a Jorge Glas, quien ya ten\u00eda condici\u00f3n de refugiado con estatus de asilo; violando as\u00ed la Carta de Naciones Unidas, la Convenci\u00f3n de Viena sobre Relaciones Diplom\u00e1ticas y la Convenci\u00f3n de Caracas de 1964, que es la \u00fanica vigente sobre la materia de asilo.<\/span><\/span><\/p>\n<p class=\"western\" align=\"justify\"><span style=\"font-family: Cambria, serif;\"><span style=\"font-size: large;\">PPT invita que la CELAC no s\u00f3lo discuta sobre ese hecho, sino que se promueva una discusi\u00f3n en Naciones Unidas sobre el principio de la soberan\u00eda y la inviolabilidad de jurisdicci\u00f3n de los Estados, porque debe existir un compromiso para evitar una debacle social. Estamos a tiempo para que eso no ocurra.<\/span><\/span><\/p>\n<p class=\"western\" align=\"justify\"><span style=\"font-family: Cambria, serif;\"><span style=\"font-size: large;\"><b>Ante decisi\u00f3n de Guyana.-<\/b><\/span><\/span><span style=\"font-family: Cambria, serif;\"><span style=\"font-size: large;\"> Al cierre de sus declaraciones, Medina conden\u00f3 la determinaci\u00f3n ilegal de Guyana de dar concesiones en \u00e1reas mar\u00edtimas no delimitadas. El Acuerdo de Ginebra es claro, las decisiones no pueden ser unilaterales, para dirimir la diferencia del territorio en disputa debe existir acuerdo entre las partes; por lo tanto no es posible otorgar concesi\u00f3n alguna unilateralmente.<\/span><\/span><\/p>\n","protected":false},"excerpt":{"rendered":"<p>Tolda azul considera oportuna propuesta presidencial de reformar Constituci\u00f3n, tambi\u00e9n deben revisarse otros aspectos de la Carta Magna, entre ellos p\u00e9rdida de nacionalidad por Traici\u00f3n a la Patria (Prensa PPT-Caracas, 15 de abril de 2024) La Diputada Ilenia Medina, Secretaria General de Patria Para Todos, desde la Oficina Parlamentaria de la organizaci\u00f3n que dirige, en [&hellip;]<\/p>\n","protected":false},"author":3,"featured_media":1842,"comment_status":"closed","ping_status":"open","sticky":false,"template":"","format":"standard","meta":{"footnotes":""},"categories":[7],"tags":[],"class_list":["post-1837","post","type-post","status-publish","format-standard","has-post-thumbnail","hentry","category-notas-de-prensa"],"yoast_head":"<!-- This site is optimized with the Yoast SEO plugin v23.3 - https:\/\/yoast.com\/wordpress\/plugins\/seo\/ -->\n<title>Ilenia Medina: PPT acepta desaf\u00edo de reformar Constituci\u00f3n - La Mecha Azul<\/title>\n<meta name=\"description\" content=\"Convocamos al pueblo venezolano. A todos aquellos vinculados a Consejos Comunales, Comunas, a participar y votar en la consulta p\u00fablica por el proyecto a ejecutar en tu comunidad.\" \/>\n<meta name=\"robots\" content=\"index, follow, max-snippet:-1, max-image-preview:large, max-video-preview:-1\" \/>\n<link rel=\"canonical\" href=\"https:\/\/patriaparatodos.com.ve\/?p=1837\" \/>\n<meta property=\"og:locale\" content=\"es_ES\" \/>\n<meta property=\"og:type\" content=\"article\" \/>\n<meta property=\"og:title\" content=\"Ilenia Medina: PPT acepta desaf\u00edo de reformar Constituci\u00f3n - La Mecha Azul\" \/>\n<meta property=\"og:description\" content=\"Convocamos al pueblo venezolano. A todos aquellos vinculados a Consejos Comunales, Comunas, a participar y votar en la consulta p\u00fablica por el proyecto a ejecutar en tu comunidad.\" \/>\n<meta property=\"og:url\" content=\"https:\/\/patriaparatodos.com.ve\/?p=1837\" \/>\n<meta property=\"og:site_name\" content=\"La Mecha Azul\" \/>\n<meta property=\"article:published_time\" content=\"2024-04-16T13:38:07+00:00\" \/>\n<meta property=\"article:modified_time\" content=\"2024-04-16T14:11:49+00:00\" \/>\n<meta property=\"og:image\" content=\"https:\/\/patriaparatodos.com.ve\/wp-content\/uploads\/2024\/04\/0-1-e1713276702243.jpg\" \/>\n\t<meta property=\"og:image:width\" content=\"1000\" \/>\n\t<meta property=\"og:image:height\" content=\"436\" \/>\n\t<meta property=\"og:image:type\" content=\"image\/jpeg\" \/>\n<meta name=\"author\" content=\"Ana Gonzalez\" \/>\n<meta name=\"twitter:card\" content=\"summary_large_image\" \/>\n<meta name=\"twitter:label1\" content=\"Escrito por\" \/>\n\t<meta name=\"twitter:data1\" content=\"Ana Gonzalez\" \/>\n\t<meta name=\"twitter:label2\" content=\"Tiempo de lectura\" \/>\n\t<meta name=\"twitter:data2\" content=\"8 minutos\" \/>\n<script type=\"application\/ld+json\" class=\"yoast-schema-graph\">{\"@context\":\"https:\/\/schema.org\",\"@graph\":[{\"@type\":\"Article\",\"@id\":\"https:\/\/patriaparatodos.com.ve\/?p=1837#article\",\"isPartOf\":{\"@id\":\"https:\/\/patriaparatodos.com.ve\/?p=1837\"},\"author\":{\"name\":\"Ana Gonzalez\",\"@id\":\"https:\/\/patriaparatodos.com.ve\/#\/schema\/person\/fa39a49638b83519fd822cacb44f5844\"},\"headline\":\"Ilenia Medina: PPT acepta desaf\u00edo de reformar Constituci\u00f3n\",\"datePublished\":\"2024-04-16T13:38:07+00:00\",\"dateModified\":\"2024-04-16T14:11:49+00:00\",\"mainEntityOfPage\":{\"@id\":\"https:\/\/patriaparatodos.com.ve\/?p=1837\"},\"wordCount\":1908,\"publisher\":{\"@id\":\"https:\/\/patriaparatodos.com.ve\/#organization\"},\"image\":{\"@id\":\"https:\/\/patriaparatodos.com.ve\/?p=1837#primaryimage\"},\"thumbnailUrl\":\"https:\/\/patriaparatodos.com.ve\/wp-content\/uploads\/2024\/04\/0-1-e1713276702243.jpg\",\"articleSection\":[\"Notas de Prensa\"],\"inLanguage\":\"es\"},{\"@type\":\"WebPage\",\"@id\":\"https:\/\/patriaparatodos.com.ve\/?p=1837\",\"url\":\"https:\/\/patriaparatodos.com.ve\/?p=1837\",\"name\":\"Ilenia Medina: PPT acepta desaf\u00edo de reformar Constituci\u00f3n - La Mecha Azul\",\"isPartOf\":{\"@id\":\"https:\/\/patriaparatodos.com.ve\/#website\"},\"primaryImageOfPage\":{\"@id\":\"https:\/\/patriaparatodos.com.ve\/?p=1837#primaryimage\"},\"image\":{\"@id\":\"https:\/\/patriaparatodos.com.ve\/?p=1837#primaryimage\"},\"thumbnailUrl\":\"https:\/\/patriaparatodos.com.ve\/wp-content\/uploads\/2024\/04\/0-1-e1713276702243.jpg\",\"datePublished\":\"2024-04-16T13:38:07+00:00\",\"dateModified\":\"2024-04-16T14:11:49+00:00\",\"description\":\"Convocamos al pueblo venezolano. A todos aquellos vinculados a Consejos Comunales, Comunas, a participar y votar en la consulta p\u00fablica por el proyecto a ejecutar en tu comunidad.\",\"breadcrumb\":{\"@id\":\"https:\/\/patriaparatodos.com.ve\/?p=1837#breadcrumb\"},\"inLanguage\":\"es\",\"potentialAction\":[{\"@type\":\"ReadAction\",\"target\":[\"https:\/\/patriaparatodos.com.ve\/?p=1837\"]}]},{\"@type\":\"ImageObject\",\"inLanguage\":\"es\",\"@id\":\"https:\/\/patriaparatodos.com.ve\/?p=1837#primaryimage\",\"url\":\"https:\/\/patriaparatodos.com.ve\/wp-content\/uploads\/2024\/04\/0-1-e1713276702243.jpg\",\"contentUrl\":\"https:\/\/patriaparatodos.com.ve\/wp-content\/uploads\/2024\/04\/0-1-e1713276702243.jpg\",\"width\":1000,\"height\":436},{\"@type\":\"BreadcrumbList\",\"@id\":\"https:\/\/patriaparatodos.com.ve\/?p=1837#breadcrumb\",\"itemListElement\":[{\"@type\":\"ListItem\",\"position\":1,\"name\":\"Portada\",\"item\":\"https:\/\/patriaparatodos.com.ve\/\"},{\"@type\":\"ListItem\",\"position\":2,\"name\":\"Ilenia Medina: PPT acepta desaf\u00edo de reformar Constituci\u00f3n\"}]},{\"@type\":\"WebSite\",\"@id\":\"https:\/\/patriaparatodos.com.ve\/#website\",\"url\":\"https:\/\/patriaparatodos.com.ve\/\",\"name\":\"La Mecha Azul\",\"description\":\"Por la \u00c9tica, Valor de la Palabra\",\"publisher\":{\"@id\":\"https:\/\/patriaparatodos.com.ve\/#organization\"},\"potentialAction\":[{\"@type\":\"SearchAction\",\"target\":{\"@type\":\"EntryPoint\",\"urlTemplate\":\"https:\/\/patriaparatodos.com.ve\/?s={search_term_string}\"},\"query-input\":\"required name=search_term_string\"}],\"inLanguage\":\"es\"},{\"@type\":\"Organization\",\"@id\":\"https:\/\/patriaparatodos.com.ve\/#organization\",\"name\":\"La Mecha Azul\",\"url\":\"https:\/\/patriaparatodos.com.ve\/\",\"logo\":{\"@type\":\"ImageObject\",\"inLanguage\":\"es\",\"@id\":\"https:\/\/patriaparatodos.com.ve\/#\/schema\/logo\/image\/\",\"url\":\"https:\/\/patriaparatodos.com.ve\/wp-content\/uploads\/2023\/02\/cropped-logo-La-mecha-Azul-n.png\",\"contentUrl\":\"https:\/\/patriaparatodos.com.ve\/wp-content\/uploads\/2023\/02\/cropped-logo-La-mecha-Azul-n.png\",\"width\":5884,\"height\":3318,\"caption\":\"La Mecha Azul\"},\"image\":{\"@id\":\"https:\/\/patriaparatodos.com.ve\/#\/schema\/logo\/image\/\"}},{\"@type\":\"Person\",\"@id\":\"https:\/\/patriaparatodos.com.ve\/#\/schema\/person\/fa39a49638b83519fd822cacb44f5844\",\"name\":\"Ana Gonzalez\",\"image\":{\"@type\":\"ImageObject\",\"inLanguage\":\"es\",\"@id\":\"https:\/\/patriaparatodos.com.ve\/#\/schema\/person\/image\/\",\"url\":\"https:\/\/secure.gravatar.com\/avatar\/ef0a71a129594a408c20318531deb64b0ee4a6d35f0864a2e33aea8b4d3481be?s=96&d=mm&r=g\",\"contentUrl\":\"https:\/\/secure.gravatar.com\/avatar\/ef0a71a129594a408c20318531deb64b0ee4a6d35f0864a2e33aea8b4d3481be?s=96&d=mm&r=g\",\"caption\":\"Ana Gonzalez\"},\"url\":\"https:\/\/patriaparatodos.com.ve\/?author=3\"}]}<\/script>\n<!-- \/ Yoast SEO plugin. -->","yoast_head_json":{"title":"Ilenia Medina: PPT acepta desaf\u00edo de reformar Constituci\u00f3n - La Mecha Azul","description":"Convocamos al pueblo venezolano. A todos aquellos vinculados a Consejos Comunales, Comunas, a participar y votar en la consulta p\u00fablica por el proyecto a ejecutar en tu comunidad.","robots":{"index":"index","follow":"follow","max-snippet":"max-snippet:-1","max-image-preview":"max-image-preview:large","max-video-preview":"max-video-preview:-1"},"canonical":"https:\/\/patriaparatodos.com.ve\/?p=1837","og_locale":"es_ES","og_type":"article","og_title":"Ilenia Medina: PPT acepta desaf\u00edo de reformar Constituci\u00f3n - La Mecha Azul","og_description":"Convocamos al pueblo venezolano. A todos aquellos vinculados a Consejos Comunales, Comunas, a participar y votar en la consulta p\u00fablica por el proyecto a ejecutar en tu comunidad.","og_url":"https:\/\/patriaparatodos.com.ve\/?p=1837","og_site_name":"La Mecha Azul","article_published_time":"2024-04-16T13:38:07+00:00","article_modified_time":"2024-04-16T14:11:49+00:00","og_image":[{"width":1000,"height":436,"url":"https:\/\/patriaparatodos.com.ve\/wp-content\/uploads\/2024\/04\/0-1-e1713276702243.jpg","type":"image\/jpeg"}],"author":"Ana Gonzalez","twitter_card":"summary_large_image","twitter_misc":{"Escrito por":"Ana Gonzalez","Tiempo de lectura":"8 minutos"},"schema":{"@context":"https:\/\/schema.org","@graph":[{"@type":"Article","@id":"https:\/\/patriaparatodos.com.ve\/?p=1837#article","isPartOf":{"@id":"https:\/\/patriaparatodos.com.ve\/?p=1837"},"author":{"name":"Ana Gonzalez","@id":"https:\/\/patriaparatodos.com.ve\/#\/schema\/person\/fa39a49638b83519fd822cacb44f5844"},"headline":"Ilenia Medina: PPT acepta desaf\u00edo de reformar Constituci\u00f3n","datePublished":"2024-04-16T13:38:07+00:00","dateModified":"2024-04-16T14:11:49+00:00","mainEntityOfPage":{"@id":"https:\/\/patriaparatodos.com.ve\/?p=1837"},"wordCount":1908,"publisher":{"@id":"https:\/\/patriaparatodos.com.ve\/#organization"},"image":{"@id":"https:\/\/patriaparatodos.com.ve\/?p=1837#primaryimage"},"thumbnailUrl":"https:\/\/patriaparatodos.com.ve\/wp-content\/uploads\/2024\/04\/0-1-e1713276702243.jpg","articleSection":["Notas de Prensa"],"inLanguage":"es"},{"@type":"WebPage","@id":"https:\/\/patriaparatodos.com.ve\/?p=1837","url":"https:\/\/patriaparatodos.com.ve\/?p=1837","name":"Ilenia Medina: PPT acepta desaf\u00edo de reformar Constituci\u00f3n - La Mecha Azul","isPartOf":{"@id":"https:\/\/patriaparatodos.com.ve\/#website"},"primaryImageOfPage":{"@id":"https:\/\/patriaparatodos.com.ve\/?p=1837#primaryimage"},"image":{"@id":"https:\/\/patriaparatodos.com.ve\/?p=1837#primaryimage"},"thumbnailUrl":"https:\/\/patriaparatodos.com.ve\/wp-content\/uploads\/2024\/04\/0-1-e1713276702243.jpg","datePublished":"2024-04-16T13:38:07+00:00","dateModified":"2024-04-16T14:11:49+00:00","description":"Convocamos al pueblo venezolano. A todos aquellos vinculados a Consejos Comunales, Comunas, a participar y votar en la consulta p\u00fablica por el proyecto a ejecutar en tu comunidad.","breadcrumb":{"@id":"https:\/\/patriaparatodos.com.ve\/?p=1837#breadcrumb"},"inLanguage":"es","potentialAction":[{"@type":"ReadAction","target":["https:\/\/patriaparatodos.com.ve\/?p=1837"]}]},{"@type":"ImageObject","inLanguage":"es","@id":"https:\/\/patriaparatodos.com.ve\/?p=1837#primaryimage","url":"https:\/\/patriaparatodos.com.ve\/wp-content\/uploads\/2024\/04\/0-1-e1713276702243.jpg","contentUrl":"https:\/\/patriaparatodos.com.ve\/wp-content\/uploads\/2024\/04\/0-1-e1713276702243.jpg","width":1000,"height":436},{"@type":"BreadcrumbList","@id":"https:\/\/patriaparatodos.com.ve\/?p=1837#breadcrumb","itemListElement":[{"@type":"ListItem","position":1,"name":"Portada","item":"https:\/\/patriaparatodos.com.ve\/"},{"@type":"ListItem","position":2,"name":"Ilenia Medina: PPT acepta desaf\u00edo de reformar Constituci\u00f3n"}]},{"@type":"WebSite","@id":"https:\/\/patriaparatodos.com.ve\/#website","url":"https:\/\/patriaparatodos.com.ve\/","name":"La Mecha Azul","description":"Por la \u00c9tica, Valor de la Palabra","publisher":{"@id":"https:\/\/patriaparatodos.com.ve\/#organization"},"potentialAction":[{"@type":"SearchAction","target":{"@type":"EntryPoint","urlTemplate":"https:\/\/patriaparatodos.com.ve\/?s={search_term_string}"},"query-input":"required name=search_term_string"}],"inLanguage":"es"},{"@type":"Organization","@id":"https:\/\/patriaparatodos.com.ve\/#organization","name":"La Mecha Azul","url":"https:\/\/patriaparatodos.com.ve\/","logo":{"@type":"ImageObject","inLanguage":"es","@id":"https:\/\/patriaparatodos.com.ve\/#\/schema\/logo\/image\/","url":"https:\/\/patriaparatodos.com.ve\/wp-content\/uploads\/2023\/02\/cropped-logo-La-mecha-Azul-n.png","contentUrl":"https:\/\/patriaparatodos.com.ve\/wp-content\/uploads\/2023\/02\/cropped-logo-La-mecha-Azul-n.png","width":5884,"height":3318,"caption":"La Mecha Azul"},"image":{"@id":"https:\/\/patriaparatodos.com.ve\/#\/schema\/logo\/image\/"}},{"@type":"Person","@id":"https:\/\/patriaparatodos.com.ve\/#\/schema\/person\/fa39a49638b83519fd822cacb44f5844","name":"Ana Gonzalez","image":{"@type":"ImageObject","inLanguage":"es","@id":"https:\/\/patriaparatodos.com.ve\/#\/schema\/person\/image\/","url":"https:\/\/secure.gravatar.com\/avatar\/ef0a71a129594a408c20318531deb64b0ee4a6d35f0864a2e33aea8b4d3481be?s=96&d=mm&r=g","contentUrl":"https:\/\/secure.gravatar.com\/avatar\/ef0a71a129594a408c20318531deb64b0ee4a6d35f0864a2e33aea8b4d3481be?s=96&d=mm&r=g","caption":"Ana Gonzalez"},"url":"https:\/\/patriaparatodos.com.ve\/?author=3"}]}},"_links":{"self":[{"href":"https:\/\/patriaparatodos.com.ve\/index.php?rest_route=\/wp\/v2\/posts\/1837","targetHints":{"allow":["GET"]}}],"collection":[{"href":"https:\/\/patriaparatodos.com.ve\/index.php?rest_route=\/wp\/v2\/posts"}],"about":[{"href":"https:\/\/patriaparatodos.com.ve\/index.php?rest_route=\/wp\/v2\/types\/post"}],"author":[{"embeddable":true,"href":"https:\/\/patriaparatodos.com.ve\/index.php?rest_route=\/wp\/v2\/users\/3"}],"replies":[{"embeddable":true,"href":"https:\/\/patriaparatodos.com.ve\/index.php?rest_route=%2Fwp%2Fv2%2Fcomments&post=1837"}],"version-history":[{"count":2,"href":"https:\/\/patriaparatodos.com.ve\/index.php?rest_route=\/wp\/v2\/posts\/1837\/revisions"}],"predecessor-version":[{"id":1841,"href":"https:\/\/patriaparatodos.com.ve\/index.php?rest_route=\/wp\/v2\/posts\/1837\/revisions\/1841"}],"wp:featuredmedia":[{"embeddable":true,"href":"https:\/\/patriaparatodos.com.ve\/index.php?rest_route=\/wp\/v2\/media\/1842"}],"wp:attachment":[{"href":"https:\/\/patriaparatodos.com.ve\/index.php?rest_route=%2Fwp%2Fv2%2Fmedia&parent=1837"}],"wp:term":[{"taxonomy":"category","embeddable":true,"href":"https:\/\/patriaparatodos.com.ve\/index.php?rest_route=%2Fwp%2Fv2%2Fcategories&post=1837"},{"taxonomy":"post_tag","embeddable":true,"href":"https:\/\/patriaparatodos.com.ve\/index.php?rest_route=%2Fwp%2Fv2%2Ftags&post=1837"}],"curies":[{"name":"wp","href":"https:\/\/api.w.org\/{rel}","templated":true}]}}