{"id":1850,"date":"2024-04-19T17:27:40","date_gmt":"2024-04-19T17:27:40","guid":{"rendered":"https:\/\/patriaparatodos.com.ve\/?p=1850"},"modified":"2024-04-24T17:09:32","modified_gmt":"2024-04-24T17:09:32","slug":"en-la-calle-con-comunidades-ppt-afina-estrategia-electoral","status":"publish","type":"post","link":"https:\/\/patriaparatodos.com.ve\/?p=1850","title":{"rendered":"En la calle con comunidades PPT afina estrategia electoral"},"content":{"rendered":"<p class=\"western\" align=\"justify\"><span style=\"font-family: Cambria, serif;\"><span style=\"font-size: large;\">(PPT Prensa, 17\/04\/24) La ma\u00f1ana de este mi\u00e9rcoles 17 de abril en declaraciones al programa Primera P\u00e1gina de Globovisi\u00f3n, la Secretaria General de Patria Para Todos (PPT) Diputada Ilenia Medina explic\u00f3 que su partido est\u00e1 en la calle haciendo el trabajo pol\u00edtico, con el mensaje necesario de cara a las elecciones presidenciales del 28 de julio.<\/span><\/span><\/p>\n<p class=\"western\" align=\"justify\"><span style=\"font-family: Cambria, serif;\"><span style=\"font-size: large;\">La parlamentaria aprovech\u00f3 la oportunidad para presentar la posici\u00f3n de PPT en el tarjet\u00f3n electoral, as\u00ed mismo indic\u00f3 que con las comunidades se avanza en el plan pol\u00edtico de la tolda azul, siempre Patria Para Todos ha estado al frente acompa\u00f1ando a su pueblo, los movimientos sociales y el Poder Popular organizado.<\/span><\/span><\/p>\n<p class=\"western\" align=\"justify\"><span style=\"font-family: Cambria, serif;\"><span style=\"font-size: large;\">Este domingo es una oportunidad de suma importancia para el desarrollo comunitario, \u00aben consulta se podr\u00e1 elegir cu\u00e1l ser\u00e1 el proyecto a ejecutar donde vives\u00bb, eso es democracia protag\u00f3nica y participativa expres\u00f3 Medina.<\/span><\/span><\/p>\n<p class=\"western\" align=\"justify\"><span style=\"font-family: Cambria, serif;\"><span style=\"font-size: large;\">En cuanto a lo ocurrido en la Embajada de M\u00e9xico en Ecuador, se\u00f1al\u00f3 que es un delito cometido por el gobierno en ese pa\u00eds, se viol\u00f3 la inmunidad diplom\u00e1tica y el derecho de asilo. La solicitud del presidente mexicano L\u00f3pez Obrador de expulsi\u00f3n de Ecuador de Naciones Unidas busca generar un precedente para evitar que hechos como estos se repitan, \u00ab\u00e9l es un dem\u00f3crata\u00bb.<\/span><\/span><\/p>\n<p class=\"western\" align=\"justify\"><span style=\"font-family: Cambria, serif;\"><span style=\"font-size: large;\">Al referirse a Mar\u00eda Corina Machado, dijo que no tiene liderazgo, nunca inscribi\u00f3 a su partido ante el CNE, \u00abella se auto inhabilit\u00f3\u00bb, calificando que a\u00fan sigue con su show, es tiempo que deje el sabote\u00f3, no lograr\u00e1 repetir el triste papel de Guaido.<\/span><\/span><\/p>\n","protected":false},"excerpt":{"rendered":"<p>(PPT Prensa, 17\/04\/24) La ma\u00f1ana de este mi\u00e9rcoles 17 de abril en declaraciones al programa Primera P\u00e1gina de Globovisi\u00f3n, la Secretaria General de Patria Para Todos (PPT) Diputada Ilenia Medina explic\u00f3 que su partido est\u00e1 en la calle haciendo el trabajo pol\u00edtico, con el mensaje necesario de cara a las elecciones presidenciales del 28 de [&hellip;]<\/p>\n","protected":false},"author":3,"featured_media":1851,"comment_status":"closed","ping_status":"open","sticky":false,"template":"","format":"standard","meta":{"footnotes":""},"categories":[7],"tags":[],"class_list":["post-1850","post","type-post","status-publish","format-standard","has-post-thumbnail","hentry","category-notas-de-prensa"],"yoast_head":"<!-- This site is optimized with the Yoast SEO plugin v23.3 - https:\/\/yoast.com\/wordpress\/plugins\/seo\/ -->\n<title>En la calle con comunidades PPT afina estrategia electoral - La Mecha Azul<\/title>\n<meta name=\"robots\" content=\"index, follow, max-snippet:-1, max-image-preview:large, max-video-preview:-1\" \/>\n<link rel=\"canonical\" href=\"https:\/\/patriaparatodos.com.ve\/?p=1850\" \/>\n<meta property=\"og:locale\" content=\"es_ES\" \/>\n<meta property=\"og:type\" content=\"article\" \/>\n<meta property=\"og:title\" content=\"En la calle con comunidades PPT afina estrategia electoral - La Mecha Azul\" \/>\n<meta property=\"og:description\" content=\"(PPT Prensa, 17\/04\/24) La ma\u00f1ana de este mi\u00e9rcoles 17 de abril en declaraciones al programa Primera P\u00e1gina de Globovisi\u00f3n, la Secretaria General de Patria Para Todos (PPT) Diputada Ilenia Medina explic\u00f3 que su partido est\u00e1 en la calle haciendo el trabajo pol\u00edtico, con el mensaje necesario de cara a las elecciones presidenciales del 28 de [&hellip;]\" \/>\n<meta property=\"og:url\" content=\"https:\/\/patriaparatodos.com.ve\/?p=1850\" \/>\n<meta property=\"og:site_name\" content=\"La Mecha Azul\" \/>\n<meta property=\"article:published_time\" content=\"2024-04-19T17:27:40+00:00\" \/>\n<meta property=\"article:modified_time\" content=\"2024-04-24T17:09:32+00:00\" \/>\n<meta property=\"og:image\" content=\"https:\/\/patriaparatodos.com.ve\/wp-content\/uploads\/2024\/04\/WhatsApp-Image-2024-04-17-at-1.53.31-PM-1-e1713978557882.jpeg\" \/>\n\t<meta property=\"og:image:width\" content=\"826\" \/>\n\t<meta property=\"og:image:height\" content=\"356\" \/>\n\t<meta property=\"og:image:type\" content=\"image\/jpeg\" \/>\n<meta name=\"author\" content=\"Ana Gonzalez\" \/>\n<meta name=\"twitter:card\" content=\"summary_large_image\" \/>\n<meta name=\"twitter:label1\" content=\"Escrito por\" \/>\n\t<meta name=\"twitter:data1\" content=\"Ana Gonzalez\" \/>\n\t<meta name=\"twitter:label2\" content=\"Tiempo de lectura\" \/>\n\t<meta name=\"twitter:data2\" content=\"2 minutos\" \/>\n<script type=\"application\/ld+json\" class=\"yoast-schema-graph\">{\"@context\":\"https:\/\/schema.org\",\"@graph\":[{\"@type\":\"Article\",\"@id\":\"https:\/\/patriaparatodos.com.ve\/?p=1850#article\",\"isPartOf\":{\"@id\":\"https:\/\/patriaparatodos.com.ve\/?p=1850\"},\"author\":{\"name\":\"Ana Gonzalez\",\"@id\":\"https:\/\/patriaparatodos.com.ve\/#\/schema\/person\/fa39a49638b83519fd822cacb44f5844\"},\"headline\":\"En la calle con comunidades PPT afina estrategia electoral\",\"datePublished\":\"2024-04-19T17:27:40+00:00\",\"dateModified\":\"2024-04-24T17:09:32+00:00\",\"mainEntityOfPage\":{\"@id\":\"https:\/\/patriaparatodos.com.ve\/?p=1850\"},\"wordCount\":275,\"publisher\":{\"@id\":\"https:\/\/patriaparatodos.com.ve\/#organization\"},\"image\":{\"@id\":\"https:\/\/patriaparatodos.com.ve\/?p=1850#primaryimage\"},\"thumbnailUrl\":\"https:\/\/patriaparatodos.com.ve\/wp-content\/uploads\/2024\/04\/WhatsApp-Image-2024-04-17-at-1.53.31-PM-1-e1713978557882.jpeg\",\"articleSection\":[\"Notas de Prensa\"],\"inLanguage\":\"es\"},{\"@type\":\"WebPage\",\"@id\":\"https:\/\/patriaparatodos.com.ve\/?p=1850\",\"url\":\"https:\/\/patriaparatodos.com.ve\/?p=1850\",\"name\":\"En la calle con comunidades PPT afina estrategia electoral - La Mecha Azul\",\"isPartOf\":{\"@id\":\"https:\/\/patriaparatodos.com.ve\/#website\"},\"primaryImageOfPage\":{\"@id\":\"https:\/\/patriaparatodos.com.ve\/?p=1850#primaryimage\"},\"image\":{\"@id\":\"https:\/\/patriaparatodos.com.ve\/?p=1850#primaryimage\"},\"thumbnailUrl\":\"https:\/\/patriaparatodos.com.ve\/wp-content\/uploads\/2024\/04\/WhatsApp-Image-2024-04-17-at-1.53.31-PM-1-e1713978557882.jpeg\",\"datePublished\":\"2024-04-19T17:27:40+00:00\",\"dateModified\":\"2024-04-24T17:09:32+00:00\",\"breadcrumb\":{\"@id\":\"https:\/\/patriaparatodos.com.ve\/?p=1850#breadcrumb\"},\"inLanguage\":\"es\",\"potentialAction\":[{\"@type\":\"ReadAction\",\"target\":[\"https:\/\/patriaparatodos.com.ve\/?p=1850\"]}]},{\"@type\":\"ImageObject\",\"inLanguage\":\"es\",\"@id\":\"https:\/\/patriaparatodos.com.ve\/?p=1850#primaryimage\",\"url\":\"https:\/\/patriaparatodos.com.ve\/wp-content\/uploads\/2024\/04\/WhatsApp-Image-2024-04-17-at-1.53.31-PM-1-e1713978557882.jpeg\",\"contentUrl\":\"https:\/\/patriaparatodos.com.ve\/wp-content\/uploads\/2024\/04\/WhatsApp-Image-2024-04-17-at-1.53.31-PM-1-e1713978557882.jpeg\",\"width\":826,\"height\":356},{\"@type\":\"BreadcrumbList\",\"@id\":\"https:\/\/patriaparatodos.com.ve\/?p=1850#breadcrumb\",\"itemListElement\":[{\"@type\":\"ListItem\",\"position\":1,\"name\":\"Portada\",\"item\":\"https:\/\/patriaparatodos.com.ve\/\"},{\"@type\":\"ListItem\",\"position\":2,\"name\":\"En la calle con comunidades PPT afina estrategia electoral\"}]},{\"@type\":\"WebSite\",\"@id\":\"https:\/\/patriaparatodos.com.ve\/#website\",\"url\":\"https:\/\/patriaparatodos.com.ve\/\",\"name\":\"La Mecha Azul\",\"description\":\"Por la \u00c9tica, Valor de la Palabra\",\"publisher\":{\"@id\":\"https:\/\/patriaparatodos.com.ve\/#organization\"},\"potentialAction\":[{\"@type\":\"SearchAction\",\"target\":{\"@type\":\"EntryPoint\",\"urlTemplate\":\"https:\/\/patriaparatodos.com.ve\/?s={search_term_string}\"},\"query-input\":\"required name=search_term_string\"}],\"inLanguage\":\"es\"},{\"@type\":\"Organization\",\"@id\":\"https:\/\/patriaparatodos.com.ve\/#organization\",\"name\":\"La Mecha Azul\",\"url\":\"https:\/\/patriaparatodos.com.ve\/\",\"logo\":{\"@type\":\"ImageObject\",\"inLanguage\":\"es\",\"@id\":\"https:\/\/patriaparatodos.com.ve\/#\/schema\/logo\/image\/\",\"url\":\"https:\/\/patriaparatodos.com.ve\/wp-content\/uploads\/2023\/02\/cropped-logo-La-mecha-Azul-n.png\",\"contentUrl\":\"https:\/\/patriaparatodos.com.ve\/wp-content\/uploads\/2023\/02\/cropped-logo-La-mecha-Azul-n.png\",\"width\":5884,\"height\":3318,\"caption\":\"La Mecha Azul\"},\"image\":{\"@id\":\"https:\/\/patriaparatodos.com.ve\/#\/schema\/logo\/image\/\"}},{\"@type\":\"Person\",\"@id\":\"https:\/\/patriaparatodos.com.ve\/#\/schema\/person\/fa39a49638b83519fd822cacb44f5844\",\"name\":\"Ana Gonzalez\",\"image\":{\"@type\":\"ImageObject\",\"inLanguage\":\"es\",\"@id\":\"https:\/\/patriaparatodos.com.ve\/#\/schema\/person\/image\/\",\"url\":\"https:\/\/secure.gravatar.com\/avatar\/ef0a71a129594a408c20318531deb64b0ee4a6d35f0864a2e33aea8b4d3481be?s=96&d=mm&r=g\",\"contentUrl\":\"https:\/\/secure.gravatar.com\/avatar\/ef0a71a129594a408c20318531deb64b0ee4a6d35f0864a2e33aea8b4d3481be?s=96&d=mm&r=g\",\"caption\":\"Ana Gonzalez\"},\"url\":\"https:\/\/patriaparatodos.com.ve\/?author=3\"}]}<\/script>\n<!-- \/ Yoast SEO plugin. -->","yoast_head_json":{"title":"En la calle con comunidades PPT afina estrategia electoral - La Mecha Azul","robots":{"index":"index","follow":"follow","max-snippet":"max-snippet:-1","max-image-preview":"max-image-preview:large","max-video-preview":"max-video-preview:-1"},"canonical":"https:\/\/patriaparatodos.com.ve\/?p=1850","og_locale":"es_ES","og_type":"article","og_title":"En la calle con comunidades PPT afina estrategia electoral - La Mecha Azul","og_description":"(PPT Prensa, 17\/04\/24) La ma\u00f1ana de este mi\u00e9rcoles 17 de abril en declaraciones al programa Primera P\u00e1gina de Globovisi\u00f3n, la Secretaria General de Patria Para Todos (PPT) Diputada Ilenia Medina explic\u00f3 que su partido est\u00e1 en la calle haciendo el trabajo pol\u00edtico, con el mensaje necesario de cara a las elecciones presidenciales del 28 de [&hellip;]","og_url":"https:\/\/patriaparatodos.com.ve\/?p=1850","og_site_name":"La Mecha Azul","article_published_time":"2024-04-19T17:27:40+00:00","article_modified_time":"2024-04-24T17:09:32+00:00","og_image":[{"width":826,"height":356,"url":"https:\/\/patriaparatodos.com.ve\/wp-content\/uploads\/2024\/04\/WhatsApp-Image-2024-04-17-at-1.53.31-PM-1-e1713978557882.jpeg","type":"image\/jpeg"}],"author":"Ana Gonzalez","twitter_card":"summary_large_image","twitter_misc":{"Escrito por":"Ana Gonzalez","Tiempo de lectura":"2 minutos"},"schema":{"@context":"https:\/\/schema.org","@graph":[{"@type":"Article","@id":"https:\/\/patriaparatodos.com.ve\/?p=1850#article","isPartOf":{"@id":"https:\/\/patriaparatodos.com.ve\/?p=1850"},"author":{"name":"Ana Gonzalez","@id":"https:\/\/patriaparatodos.com.ve\/#\/schema\/person\/fa39a49638b83519fd822cacb44f5844"},"headline":"En la calle con comunidades PPT afina estrategia electoral","datePublished":"2024-04-19T17:27:40+00:00","dateModified":"2024-04-24T17:09:32+00:00","mainEntityOfPage":{"@id":"https:\/\/patriaparatodos.com.ve\/?p=1850"},"wordCount":275,"publisher":{"@id":"https:\/\/patriaparatodos.com.ve\/#organization"},"image":{"@id":"https:\/\/patriaparatodos.com.ve\/?p=1850#primaryimage"},"thumbnailUrl":"https:\/\/patriaparatodos.com.ve\/wp-content\/uploads\/2024\/04\/WhatsApp-Image-2024-04-17-at-1.53.31-PM-1-e1713978557882.jpeg","articleSection":["Notas de Prensa"],"inLanguage":"es"},{"@type":"WebPage","@id":"https:\/\/patriaparatodos.com.ve\/?p=1850","url":"https:\/\/patriaparatodos.com.ve\/?p=1850","name":"En la calle con comunidades PPT afina estrategia electoral - La Mecha Azul","isPartOf":{"@id":"https:\/\/patriaparatodos.com.ve\/#website"},"primaryImageOfPage":{"@id":"https:\/\/patriaparatodos.com.ve\/?p=1850#primaryimage"},"image":{"@id":"https:\/\/patriaparatodos.com.ve\/?p=1850#primaryimage"},"thumbnailUrl":"https:\/\/patriaparatodos.com.ve\/wp-content\/uploads\/2024\/04\/WhatsApp-Image-2024-04-17-at-1.53.31-PM-1-e1713978557882.jpeg","datePublished":"2024-04-19T17:27:40+00:00","dateModified":"2024-04-24T17:09:32+00:00","breadcrumb":{"@id":"https:\/\/patriaparatodos.com.ve\/?p=1850#breadcrumb"},"inLanguage":"es","potentialAction":[{"@type":"ReadAction","target":["https:\/\/patriaparatodos.com.ve\/?p=1850"]}]},{"@type":"ImageObject","inLanguage":"es","@id":"https:\/\/patriaparatodos.com.ve\/?p=1850#primaryimage","url":"https:\/\/patriaparatodos.com.ve\/wp-content\/uploads\/2024\/04\/WhatsApp-Image-2024-04-17-at-1.53.31-PM-1-e1713978557882.jpeg","contentUrl":"https:\/\/patriaparatodos.com.ve\/wp-content\/uploads\/2024\/04\/WhatsApp-Image-2024-04-17-at-1.53.31-PM-1-e1713978557882.jpeg","width":826,"height":356},{"@type":"BreadcrumbList","@id":"https:\/\/patriaparatodos.com.ve\/?p=1850#breadcrumb","itemListElement":[{"@type":"ListItem","position":1,"name":"Portada","item":"https:\/\/patriaparatodos.com.ve\/"},{"@type":"ListItem","position":2,"name":"En la calle con comunidades PPT afina estrategia electoral"}]},{"@type":"WebSite","@id":"https:\/\/patriaparatodos.com.ve\/#website","url":"https:\/\/patriaparatodos.com.ve\/","name":"La Mecha Azul","description":"Por la \u00c9tica, Valor de la Palabra","publisher":{"@id":"https:\/\/patriaparatodos.com.ve\/#organization"},"potentialAction":[{"@type":"SearchAction","target":{"@type":"EntryPoint","urlTemplate":"https:\/\/patriaparatodos.com.ve\/?s={search_term_string}"},"query-input":"required name=search_term_string"}],"inLanguage":"es"},{"@type":"Organization","@id":"https:\/\/patriaparatodos.com.ve\/#organization","name":"La Mecha Azul","url":"https:\/\/patriaparatodos.com.ve\/","logo":{"@type":"ImageObject","inLanguage":"es","@id":"https:\/\/patriaparatodos.com.ve\/#\/schema\/logo\/image\/","url":"https:\/\/patriaparatodos.com.ve\/wp-content\/uploads\/2023\/02\/cropped-logo-La-mecha-Azul-n.png","contentUrl":"https:\/\/patriaparatodos.com.ve\/wp-content\/uploads\/2023\/02\/cropped-logo-La-mecha-Azul-n.png","width":5884,"height":3318,"caption":"La Mecha Azul"},"image":{"@id":"https:\/\/patriaparatodos.com.ve\/#\/schema\/logo\/image\/"}},{"@type":"Person","@id":"https:\/\/patriaparatodos.com.ve\/#\/schema\/person\/fa39a49638b83519fd822cacb44f5844","name":"Ana Gonzalez","image":{"@type":"ImageObject","inLanguage":"es","@id":"https:\/\/patriaparatodos.com.ve\/#\/schema\/person\/image\/","url":"https:\/\/secure.gravatar.com\/avatar\/ef0a71a129594a408c20318531deb64b0ee4a6d35f0864a2e33aea8b4d3481be?s=96&d=mm&r=g","contentUrl":"https:\/\/secure.gravatar.com\/avatar\/ef0a71a129594a408c20318531deb64b0ee4a6d35f0864a2e33aea8b4d3481be?s=96&d=mm&r=g","caption":"Ana Gonzalez"},"url":"https:\/\/patriaparatodos.com.ve\/?author=3"}]}},"_links":{"self":[{"href":"https:\/\/patriaparatodos.com.ve\/index.php?rest_route=\/wp\/v2\/posts\/1850","targetHints":{"allow":["GET"]}}],"collection":[{"href":"https:\/\/patriaparatodos.com.ve\/index.php?rest_route=\/wp\/v2\/posts"}],"about":[{"href":"https:\/\/patriaparatodos.com.ve\/index.php?rest_route=\/wp\/v2\/types\/post"}],"author":[{"embeddable":true,"href":"https:\/\/patriaparatodos.com.ve\/index.php?rest_route=\/wp\/v2\/users\/3"}],"replies":[{"embeddable":true,"href":"https:\/\/patriaparatodos.com.ve\/index.php?rest_route=%2Fwp%2Fv2%2Fcomments&post=1850"}],"version-history":[{"count":1,"href":"https:\/\/patriaparatodos.com.ve\/index.php?rest_route=\/wp\/v2\/posts\/1850\/revisions"}],"predecessor-version":[{"id":1852,"href":"https:\/\/patriaparatodos.com.ve\/index.php?rest_route=\/wp\/v2\/posts\/1850\/revisions\/1852"}],"wp:featuredmedia":[{"embeddable":true,"href":"https:\/\/patriaparatodos.com.ve\/index.php?rest_route=\/wp\/v2\/media\/1851"}],"wp:attachment":[{"href":"https:\/\/patriaparatodos.com.ve\/index.php?rest_route=%2Fwp%2Fv2%2Fmedia&parent=1850"}],"wp:term":[{"taxonomy":"category","embeddable":true,"href":"https:\/\/patriaparatodos.com.ve\/index.php?rest_route=%2Fwp%2Fv2%2Fcategories&post=1850"},{"taxonomy":"post_tag","embeddable":true,"href":"https:\/\/patriaparatodos.com.ve\/index.php?rest_route=%2Fwp%2Fv2%2Ftags&post=1850"}],"curies":[{"name":"wp","href":"https:\/\/api.w.org\/{rel}","templated":true}]}}