{"id":1882,"date":"2024-04-24T17:46:37","date_gmt":"2024-04-24T17:46:37","guid":{"rendered":"https:\/\/patriaparatodos.com.ve\/?p=1882"},"modified":"2024-04-24T17:46:37","modified_gmt":"2024-04-24T17:46:37","slug":"ilenia-medina-por-verborrea-criminal-y-grosera-ppt-tomara-acciones-contra-gonzalez-urrutia","status":"publish","type":"post","link":"https:\/\/patriaparatodos.com.ve\/?p=1882","title":{"rendered":"Ilenia Medina: Por verborrea criminal y grosera PPT tomar\u00e1 acciones contra Gonz\u00e1lez Urrutia"},"content":{"rendered":"<p class=\"western\" align=\"justify\"><span style=\"font-family: Cambria, serif;\"><span style=\"font-size: x-large;\"><b>PPT considera que CNE ha sido bastante flexible con la oposici\u00f3n y sus demandas muy a pesar de no tener proyecto de pa\u00eds: el nuestro es la Constituci\u00f3n <\/b><\/span><\/span><\/p>\n<p class=\"western\" align=\"justify\"><span style=\"font-family: Cambria, serif;\"><span style=\"font-size: x-large;\">(Prensa PPT-Caracas, 22 de abril de 2024) Desde la Oficina Parlamentaria de PPT su Secretaria General, Diputada Ilenia Medina, present\u00f3 un balance a los medios de comunicaci\u00f3n de las informaciones discutidas en la organizaci\u00f3n que dirige. En el D\u00eda de la Madre Tierra, la parlamentaria expres\u00f3 su importancia e hizo un llamado a los gobiernos del mundo y a la sociedad a preservar nuestra casa com\u00fan. Es un clamor atender el cambio clim\u00e1tico: ning\u00fan pa\u00eds, ning\u00fan territorio escapa de su impacto.<\/span><\/span><\/p>\n<p class=\"western\" align=\"justify\"><span style=\"font-family: Cambria, serif;\"><span style=\"font-size: x-large;\">El modelo depredador existente, como consecuencia el capitalismo con sus guerras y sobreexplotaci\u00f3n de los recursos, ha dejado un impacto muy negativo en el planeta. Ya se acerca el fen\u00f3meno climatol\u00f3gico denominado La Ni\u00f1a, nos toca atender lo que trae consigo abundantes lluvias que afectan cultivos y aumentan el volumen de agua en los r\u00edos y sus afluentes. Toca estar alerta en ciudades y pueblos.<\/span><\/span><\/p>\n<p class=\"western\" align=\"justify\"><span style=\"font-family: Cambria, serif;\"><span style=\"font-size: x-large;\"><b>Consulta Popular Nacional.-<\/b><\/span><\/span><span style=\"font-family: Cambria, serif;\"><span style=\"font-size: x-large;\"> Vivimos un hecho hist\u00f3rico. Por primera vez se le consulta al pueblo el proyecto a ejecutar en su comunidad, con participaci\u00f3n directa de quienes viven all\u00ed, junto a las instituciones del Estado para ejecutar el proyecto aprobado. En el caso de PPT, su militancia y dirigentes estuvieron muy activos para acudir a este llamado y decidirlo a trav\u00e9s del voto con una participaci\u00f3n aproximada del 35%.<\/span><\/span><\/p>\n<p class=\"western\" align=\"justify\"><span style=\"font-family: Cambria, serif;\"><span style=\"font-size: x-large;\">Recae una vez m\u00e1s en el pueblo la soberan\u00eda con una Democracia Protag\u00f3nica y Participativa. Ellos son los garantes que sus comunidades ejecuten los proyectos y tambi\u00e9n har\u00e1n control de gesti\u00f3n. La contralor\u00eda social, popular y democr\u00e1tica que permite profundizar a\u00fan m\u00e1s nuestro sistema pol\u00edtico en revoluci\u00f3n.<\/span><\/span><\/p>\n<p class=\"western\" align=\"justify\"><span style=\"font-family: Cambria, serif;\"><span style=\"font-size: x-large;\">Ilenia Medina aprovech\u00f3 este hecho para referirse tambi\u00e9n a la consulta desarrollada este domingo en Ecuador, donde el pueblo de ese pa\u00eds vot\u00f3 en contra del proyecto que pretende entregar los recursos ecuatorianos a las grandes transnacionales. La parlamentaria indic\u00f3 que el acto, en el caso venezolano, llena de orgullo a su organizaci\u00f3n; agregando que los espacios de consulta deben ser m\u00e1s sistem\u00e1ticos, de all\u00ed la importancia de los Consejos Locales de Planificaci\u00f3n P\u00fablica, bandera de lucha de PPT.<\/span><\/span><\/p>\n<p class=\"western\" align=\"justify\"><span style=\"font-family: Cambria, serif;\"><span style=\"font-size: x-large;\"><b>Batalla contra la Corrupci\u00f3n.-<\/b><\/span><\/span><span style=\"font-family: Cambria, serif;\"><span style=\"font-size: x-large;\"> El compromiso asumido por los trabajadores de PDVSA para defenderla y luchar contra la corrupci\u00f3n petrolera, fue calificado por Medina como una experiencia de madurez pol\u00edtica y revolucionaria de la clase trabajadora comprometida en llevar adelante una gesti\u00f3n sana, eficiente y transparente.<\/span><\/span><\/p>\n<p class=\"western\" align=\"justify\"><span style=\"font-family: Cambria, serif;\"><span style=\"font-size: x-large;\"><b>En lo electoral.-<\/b><\/span><\/span><span style=\"font-family: Cambria, serif;\"><span style=\"font-size: x-large;\"> Con la participaci\u00f3n de 37 organizaciones pol\u00edticas para los comicios presidenciales, la Secretaria General de PPT present\u00f3 el tarjet\u00f3n electoral con la ubicaci\u00f3n de cada partido y consider\u00f3 que hay organizaciones que no deber\u00edan estar all\u00ed ya que en las \u00faltimas elecciones no hab\u00edan participado, esto tras un an\u00e1lisis exhaustivo de este aspecto hecho por el Secretariado Pol\u00edtico de Patria Para Todos.<\/span><\/span><\/p>\n<p class=\"western\" align=\"justify\"><span style=\"font-family: Cambria, serif;\"><span style=\"font-size: x-large;\">Record\u00f3 Medina que de todas las organizaciones que participar\u00e1n en la elecci\u00f3n, las 13 organizaciones revolucionarias van en unidad con un solo candidato: Nicol\u00e1s Maduro. Mientras el resto va dividida y viven pele\u00e1ndose entre s\u00ed. No hay forma que se pongan de acuerdo. Sus contradicciones son enormes. Medina consider\u00f3 que el Consejo Nacional Electoral ha sido muy flexible con ellos en sus demandas, a pesar de no tener un proyecto de pa\u00eds. En cambio el Gran Polo Patri\u00f3tico Sim\u00f3n Bol\u00edvar sabe defender sus diferencias y avanza con un proyecto pol\u00edtico: la Constituci\u00f3n. <\/span><\/span><\/p>\n<p class=\"western\" align=\"justify\"><span style=\"font-family: Cambria, serif;\"><span style=\"font-size: x-large;\"><b>Comando de Campa\u00f1a PPT.-<\/b><\/span><\/span><span style=\"font-family: Cambria, serif;\"><span style=\"font-size: x-large;\"> De cara a los comicios presidenciales, PPT como organizaci\u00f3n de vanguardia presentar\u00e1 los cuadros pol\u00edticos que conformar\u00e1n el Comando Nacional Electoral a juramentarse este martes 23 de abril a las 10:00 de la ma\u00f1ana en la Sala 1 de Parque Central para afinar la participaci\u00f3n de las estructuras pol\u00edticas de PPT, su militancia y simpatizantes en la elecci\u00f3n del 28 de julio.<\/span><\/span><\/p>\n<p class=\"western\" align=\"justify\"><span style=\"font-family: Cambria, serif;\"><span style=\"font-size: x-large;\">El Comando Nacional Electoral tiene como prop\u00f3sito explicar por qu\u00e9 elegir a Nicol\u00e1s Maduro Moros nuevamente como presidente, por qu\u00e9 votar por \u00e9l en la tarjeta de PPT con su hist\u00f3rica trayectoria impecable en la gesti\u00f3n de gobierno cuando le ha tocado asumir responsabilidades, ejemplo de ello Al\u00ed Rodr\u00edguez Araque en PDVSA y Arist\u00f3bulo Ist\u00fariz en el Ministerio de Educaci\u00f3n.<\/span><\/span><\/p>\n<p class=\"western\" align=\"justify\"><span style=\"font-family: Cambria, serif;\"><span style=\"font-size: x-large;\"><b>Consejo de Seguridad ONU.-<\/b><\/span><\/span><span style=\"font-family: Cambria, serif;\"><span style=\"font-size: x-large;\"> Es impensable que Estados Unidos haya bloqueado la posibilidad de Palestina ser Estado miembro de Naciones Unidas. Su oposici\u00f3n y veto es una aberraci\u00f3n ante los cr\u00edmenes que hoy se hacen contra ese pueblo. Ilenia Medina pidi\u00f3 a Mar\u00eda Corina Machado y a todos los que est\u00e1n en la n\u00f3mina de Estados Unidos, que expliquen qu\u00e9 significa eso, al referirse a la decisi\u00f3n de la delegaci\u00f3n norteamericana de impedir el ingreso de Palestina a la ONU.<\/span><\/span><\/p>\n<p class=\"western\" align=\"justify\"><span style=\"font-family: Cambria, serif;\"><span style=\"font-size: x-large;\">Para Venezuela y para el mundo es terrible, nadie lo entiende, indic\u00f3 la diplom\u00e1tica; adem\u00e1s agreg\u00f3 que el Embajador de Estados Unidos s\u00f3lo levant\u00f3 la mano, no fue capaz de alzar su mirada. PPT le pidi\u00f3 al Embajador de Venezuela que los pa\u00edses miembros del grupo de amigos promover una resoluci\u00f3n en Asamblea General de la ONU para que esta instancia pida la rescisi\u00f3n de la resoluci\u00f3n del Consejo de Seguridad. <\/span><\/span><\/p>\n<p class=\"western\" align=\"justify\"><span style=\"font-family: Cambria, serif;\"><span style=\"font-size: x-large;\"><b>Visita de Karim Khan.-<\/b><\/span><\/span><span style=\"font-family: Cambria, serif;\"><span style=\"font-size: x-large;\"> El Fiscal General de la Corte Penal Internacional, Karim Kahn, se encuentra en territorio venezolano. Ese se\u00f1or hasta ahora se ha hecho el loco con la denuncia que present\u00f3 Venezuela por el da\u00f1o que le han ocasionado la derecha y sus jefes del imperio, afectando el normal desenvolvimiento de la sociedad, entre ellos los derechos econ\u00f3micos, la alimentaci\u00f3n, la salud y adem\u00e1s provocando una migraci\u00f3n inducida.<\/span><\/span><\/p>\n<p class=\"western\" align=\"justify\"><span style=\"font-family: Cambria, serif;\"><span style=\"font-size: x-large;\"><b>En candidato de la PUD.-<\/b><\/span><\/span><span style=\"font-family: Cambria, serif;\"><span style=\"font-size: x-large;\"> Ilenia Medina, diplom\u00e1tica de carrera, en sus declaraciones expres\u00f3 que conoce muy bien a ese sujeto con toda su verborrea criminal y grosera; al referirse a Edmundo Gonz\u00e1lez Urritua, candidato de la extrema derecha venezolana. Calific\u00f3 como una inmundicia la llamada que cercanos a \u00e9l ventilaron, donde descalifica a la mujer, los afrodescendientes, los ind\u00edgenas y homosexuales. Todo ello se convierte en un desprecio abierto sobre cada uno de estos sectores de la sociedad. Nos preocupa enormemente. No podemos permitir que alguien as\u00ed llegue a gobernar este pa\u00eds.<\/span><\/span><\/p>\n<p class=\"western\" align=\"justify\"><span style=\"font-family: Cambria, serif;\"><span style=\"font-size: x-large;\">Gonz\u00e1lez Urrutia es el candidato del imperio norteamericano, de Mar\u00eda Corina Machado y los fascistas venezolanos. Por eso alertamos, sabemos lo que hicieron con Milei en Argentina con la activaci\u00f3n de una maquinaria en grandes medios y redes sociales para garantizar su victoria: eso no va a pasar en Venezuela. Ilenia Medina, acompa\u00f1ada en sus declaraciones por un grupo de mujeres, cuestionaron la candidatura de Gonz\u00e1lez Urrutia y est\u00e1n evaluando las acciones que van a tomar una vez ventilada la llamada en la que descalifica a la mujer venezolana y a otros grupos.<\/span><\/span><\/p>\n<p class=\"western\" align=\"justify\"><span style=\"font-family: Cambria, serif;\"><span style=\"font-size: x-large;\"><b>Enmienda Constitucional.-<\/b><\/span><\/span><span style=\"font-family: Cambria, serif;\"><span style=\"font-size: x-large;\"> Al cierre de sus declaraciones, la Diputada Ilenia Medina se refiri\u00f3 a la propuesta del Dr. Herm\u00e1n Escarr\u00e1 de realizar una enmienda a la Constituci\u00f3n en 7 de sus Art\u00edculos. Se\u00f1al\u00f3 que es necesaria y agreg\u00f3 que deber\u00eda incluir las causas de la p\u00e9rdida de la nacionalidad y todo ello no significar\u00eda una reforma por ser parte del esp\u00edritu de la Constituci\u00f3n.<\/span><\/span><\/p>\n","protected":false},"excerpt":{"rendered":"<p>PPT considera que CNE ha sido bastante flexible con la oposici\u00f3n y sus demandas muy a pesar de no tener proyecto de pa\u00eds: el nuestro es la Constituci\u00f3n (Prensa PPT-Caracas, 22 de abril de 2024) Desde la Oficina Parlamentaria de PPT su Secretaria General, Diputada Ilenia Medina, present\u00f3 un balance a los medios de comunicaci\u00f3n [&hellip;]<\/p>\n","protected":false},"author":3,"featured_media":1883,"comment_status":"closed","ping_status":"open","sticky":false,"template":"","format":"standard","meta":{"footnotes":""},"categories":[7],"tags":[],"class_list":["post-1882","post","type-post","status-publish","format-standard","has-post-thumbnail","hentry","category-notas-de-prensa"],"yoast_head":"<!-- This site is optimized with the Yoast SEO plugin v23.3 - https:\/\/yoast.com\/wordpress\/plugins\/seo\/ -->\n<title>Ilenia Medina: Por verborrea criminal y grosera PPT tomar\u00e1 acciones contra Gonz\u00e1lez Urrutia - La Mecha Azul<\/title>\n<meta name=\"robots\" content=\"index, follow, max-snippet:-1, max-image-preview:large, max-video-preview:-1\" \/>\n<link rel=\"canonical\" href=\"https:\/\/patriaparatodos.com.ve\/?p=1882\" \/>\n<meta property=\"og:locale\" content=\"es_ES\" \/>\n<meta property=\"og:type\" content=\"article\" \/>\n<meta property=\"og:title\" content=\"Ilenia Medina: Por verborrea criminal y grosera PPT tomar\u00e1 acciones contra Gonz\u00e1lez Urrutia - La Mecha Azul\" \/>\n<meta property=\"og:description\" content=\"PPT considera que CNE ha sido bastante flexible con la oposici\u00f3n y sus demandas muy a pesar de no tener proyecto de pa\u00eds: el nuestro es la Constituci\u00f3n (Prensa PPT-Caracas, 22 de abril de 2024) Desde la Oficina Parlamentaria de PPT su Secretaria General, Diputada Ilenia Medina, present\u00f3 un balance a los medios de comunicaci\u00f3n [&hellip;]\" \/>\n<meta property=\"og:url\" content=\"https:\/\/patriaparatodos.com.ve\/?p=1882\" \/>\n<meta property=\"og:site_name\" content=\"La Mecha Azul\" \/>\n<meta property=\"article:published_time\" content=\"2024-04-24T17:46:37+00:00\" \/>\n<meta property=\"og:image\" content=\"https:\/\/patriaparatodos.com.ve\/wp-content\/uploads\/2024\/04\/0-2-e1713980124173.jpg\" \/>\n\t<meta property=\"og:image:width\" content=\"1077\" \/>\n\t<meta property=\"og:image:height\" content=\"491\" \/>\n\t<meta property=\"og:image:type\" content=\"image\/jpeg\" \/>\n<meta name=\"author\" content=\"Ana Gonzalez\" \/>\n<meta name=\"twitter:card\" content=\"summary_large_image\" \/>\n<meta name=\"twitter:label1\" content=\"Escrito por\" \/>\n\t<meta name=\"twitter:data1\" content=\"Ana Gonzalez\" \/>\n\t<meta name=\"twitter:label2\" content=\"Tiempo de lectura\" \/>\n\t<meta name=\"twitter:data2\" content=\"6 minutos\" \/>\n<script type=\"application\/ld+json\" class=\"yoast-schema-graph\">{\"@context\":\"https:\/\/schema.org\",\"@graph\":[{\"@type\":\"Article\",\"@id\":\"https:\/\/patriaparatodos.com.ve\/?p=1882#article\",\"isPartOf\":{\"@id\":\"https:\/\/patriaparatodos.com.ve\/?p=1882\"},\"author\":{\"name\":\"Ana Gonzalez\",\"@id\":\"https:\/\/patriaparatodos.com.ve\/#\/schema\/person\/fa39a49638b83519fd822cacb44f5844\"},\"headline\":\"Ilenia Medina: Por verborrea criminal y grosera PPT tomar\u00e1 acciones contra Gonz\u00e1lez Urrutia\",\"datePublished\":\"2024-04-24T17:46:37+00:00\",\"dateModified\":\"2024-04-24T17:46:37+00:00\",\"mainEntityOfPage\":{\"@id\":\"https:\/\/patriaparatodos.com.ve\/?p=1882\"},\"wordCount\":1298,\"publisher\":{\"@id\":\"https:\/\/patriaparatodos.com.ve\/#organization\"},\"image\":{\"@id\":\"https:\/\/patriaparatodos.com.ve\/?p=1882#primaryimage\"},\"thumbnailUrl\":\"https:\/\/patriaparatodos.com.ve\/wp-content\/uploads\/2024\/04\/0-2-e1713980124173.jpg\",\"articleSection\":[\"Notas de Prensa\"],\"inLanguage\":\"es\"},{\"@type\":\"WebPage\",\"@id\":\"https:\/\/patriaparatodos.com.ve\/?p=1882\",\"url\":\"https:\/\/patriaparatodos.com.ve\/?p=1882\",\"name\":\"Ilenia Medina: Por verborrea criminal y grosera PPT tomar\u00e1 acciones contra Gonz\u00e1lez Urrutia - La Mecha Azul\",\"isPartOf\":{\"@id\":\"https:\/\/patriaparatodos.com.ve\/#website\"},\"primaryImageOfPage\":{\"@id\":\"https:\/\/patriaparatodos.com.ve\/?p=1882#primaryimage\"},\"image\":{\"@id\":\"https:\/\/patriaparatodos.com.ve\/?p=1882#primaryimage\"},\"thumbnailUrl\":\"https:\/\/patriaparatodos.com.ve\/wp-content\/uploads\/2024\/04\/0-2-e1713980124173.jpg\",\"datePublished\":\"2024-04-24T17:46:37+00:00\",\"dateModified\":\"2024-04-24T17:46:37+00:00\",\"breadcrumb\":{\"@id\":\"https:\/\/patriaparatodos.com.ve\/?p=1882#breadcrumb\"},\"inLanguage\":\"es\",\"potentialAction\":[{\"@type\":\"ReadAction\",\"target\":[\"https:\/\/patriaparatodos.com.ve\/?p=1882\"]}]},{\"@type\":\"ImageObject\",\"inLanguage\":\"es\",\"@id\":\"https:\/\/patriaparatodos.com.ve\/?p=1882#primaryimage\",\"url\":\"https:\/\/patriaparatodos.com.ve\/wp-content\/uploads\/2024\/04\/0-2-e1713980124173.jpg\",\"contentUrl\":\"https:\/\/patriaparatodos.com.ve\/wp-content\/uploads\/2024\/04\/0-2-e1713980124173.jpg\",\"width\":1077,\"height\":491},{\"@type\":\"BreadcrumbList\",\"@id\":\"https:\/\/patriaparatodos.com.ve\/?p=1882#breadcrumb\",\"itemListElement\":[{\"@type\":\"ListItem\",\"position\":1,\"name\":\"Portada\",\"item\":\"https:\/\/patriaparatodos.com.ve\/\"},{\"@type\":\"ListItem\",\"position\":2,\"name\":\"Ilenia Medina: Por verborrea criminal y grosera PPT tomar\u00e1 acciones contra Gonz\u00e1lez Urrutia\"}]},{\"@type\":\"WebSite\",\"@id\":\"https:\/\/patriaparatodos.com.ve\/#website\",\"url\":\"https:\/\/patriaparatodos.com.ve\/\",\"name\":\"La Mecha Azul\",\"description\":\"Por la \u00c9tica, Valor de la Palabra\",\"publisher\":{\"@id\":\"https:\/\/patriaparatodos.com.ve\/#organization\"},\"potentialAction\":[{\"@type\":\"SearchAction\",\"target\":{\"@type\":\"EntryPoint\",\"urlTemplate\":\"https:\/\/patriaparatodos.com.ve\/?s={search_term_string}\"},\"query-input\":\"required name=search_term_string\"}],\"inLanguage\":\"es\"},{\"@type\":\"Organization\",\"@id\":\"https:\/\/patriaparatodos.com.ve\/#organization\",\"name\":\"La Mecha Azul\",\"url\":\"https:\/\/patriaparatodos.com.ve\/\",\"logo\":{\"@type\":\"ImageObject\",\"inLanguage\":\"es\",\"@id\":\"https:\/\/patriaparatodos.com.ve\/#\/schema\/logo\/image\/\",\"url\":\"https:\/\/patriaparatodos.com.ve\/wp-content\/uploads\/2023\/02\/cropped-logo-La-mecha-Azul-n.png\",\"contentUrl\":\"https:\/\/patriaparatodos.com.ve\/wp-content\/uploads\/2023\/02\/cropped-logo-La-mecha-Azul-n.png\",\"width\":5884,\"height\":3318,\"caption\":\"La Mecha Azul\"},\"image\":{\"@id\":\"https:\/\/patriaparatodos.com.ve\/#\/schema\/logo\/image\/\"}},{\"@type\":\"Person\",\"@id\":\"https:\/\/patriaparatodos.com.ve\/#\/schema\/person\/fa39a49638b83519fd822cacb44f5844\",\"name\":\"Ana Gonzalez\",\"image\":{\"@type\":\"ImageObject\",\"inLanguage\":\"es\",\"@id\":\"https:\/\/patriaparatodos.com.ve\/#\/schema\/person\/image\/\",\"url\":\"https:\/\/secure.gravatar.com\/avatar\/ef0a71a129594a408c20318531deb64b0ee4a6d35f0864a2e33aea8b4d3481be?s=96&d=mm&r=g\",\"contentUrl\":\"https:\/\/secure.gravatar.com\/avatar\/ef0a71a129594a408c20318531deb64b0ee4a6d35f0864a2e33aea8b4d3481be?s=96&d=mm&r=g\",\"caption\":\"Ana Gonzalez\"},\"url\":\"https:\/\/patriaparatodos.com.ve\/?author=3\"}]}<\/script>\n<!-- \/ Yoast SEO plugin. -->","yoast_head_json":{"title":"Ilenia Medina: Por verborrea criminal y grosera PPT tomar\u00e1 acciones contra Gonz\u00e1lez Urrutia - La Mecha Azul","robots":{"index":"index","follow":"follow","max-snippet":"max-snippet:-1","max-image-preview":"max-image-preview:large","max-video-preview":"max-video-preview:-1"},"canonical":"https:\/\/patriaparatodos.com.ve\/?p=1882","og_locale":"es_ES","og_type":"article","og_title":"Ilenia Medina: Por verborrea criminal y grosera PPT tomar\u00e1 acciones contra Gonz\u00e1lez Urrutia - La Mecha Azul","og_description":"PPT considera que CNE ha sido bastante flexible con la oposici\u00f3n y sus demandas muy a pesar de no tener proyecto de pa\u00eds: el nuestro es la Constituci\u00f3n (Prensa PPT-Caracas, 22 de abril de 2024) Desde la Oficina Parlamentaria de PPT su Secretaria General, Diputada Ilenia Medina, present\u00f3 un balance a los medios de comunicaci\u00f3n [&hellip;]","og_url":"https:\/\/patriaparatodos.com.ve\/?p=1882","og_site_name":"La Mecha Azul","article_published_time":"2024-04-24T17:46:37+00:00","og_image":[{"width":1077,"height":491,"url":"https:\/\/patriaparatodos.com.ve\/wp-content\/uploads\/2024\/04\/0-2-e1713980124173.jpg","type":"image\/jpeg"}],"author":"Ana Gonzalez","twitter_card":"summary_large_image","twitter_misc":{"Escrito por":"Ana Gonzalez","Tiempo de lectura":"6 minutos"},"schema":{"@context":"https:\/\/schema.org","@graph":[{"@type":"Article","@id":"https:\/\/patriaparatodos.com.ve\/?p=1882#article","isPartOf":{"@id":"https:\/\/patriaparatodos.com.ve\/?p=1882"},"author":{"name":"Ana Gonzalez","@id":"https:\/\/patriaparatodos.com.ve\/#\/schema\/person\/fa39a49638b83519fd822cacb44f5844"},"headline":"Ilenia Medina: Por verborrea criminal y grosera PPT tomar\u00e1 acciones contra Gonz\u00e1lez Urrutia","datePublished":"2024-04-24T17:46:37+00:00","dateModified":"2024-04-24T17:46:37+00:00","mainEntityOfPage":{"@id":"https:\/\/patriaparatodos.com.ve\/?p=1882"},"wordCount":1298,"publisher":{"@id":"https:\/\/patriaparatodos.com.ve\/#organization"},"image":{"@id":"https:\/\/patriaparatodos.com.ve\/?p=1882#primaryimage"},"thumbnailUrl":"https:\/\/patriaparatodos.com.ve\/wp-content\/uploads\/2024\/04\/0-2-e1713980124173.jpg","articleSection":["Notas de Prensa"],"inLanguage":"es"},{"@type":"WebPage","@id":"https:\/\/patriaparatodos.com.ve\/?p=1882","url":"https:\/\/patriaparatodos.com.ve\/?p=1882","name":"Ilenia Medina: Por verborrea criminal y grosera PPT tomar\u00e1 acciones contra Gonz\u00e1lez Urrutia - La Mecha Azul","isPartOf":{"@id":"https:\/\/patriaparatodos.com.ve\/#website"},"primaryImageOfPage":{"@id":"https:\/\/patriaparatodos.com.ve\/?p=1882#primaryimage"},"image":{"@id":"https:\/\/patriaparatodos.com.ve\/?p=1882#primaryimage"},"thumbnailUrl":"https:\/\/patriaparatodos.com.ve\/wp-content\/uploads\/2024\/04\/0-2-e1713980124173.jpg","datePublished":"2024-04-24T17:46:37+00:00","dateModified":"2024-04-24T17:46:37+00:00","breadcrumb":{"@id":"https:\/\/patriaparatodos.com.ve\/?p=1882#breadcrumb"},"inLanguage":"es","potentialAction":[{"@type":"ReadAction","target":["https:\/\/patriaparatodos.com.ve\/?p=1882"]}]},{"@type":"ImageObject","inLanguage":"es","@id":"https:\/\/patriaparatodos.com.ve\/?p=1882#primaryimage","url":"https:\/\/patriaparatodos.com.ve\/wp-content\/uploads\/2024\/04\/0-2-e1713980124173.jpg","contentUrl":"https:\/\/patriaparatodos.com.ve\/wp-content\/uploads\/2024\/04\/0-2-e1713980124173.jpg","width":1077,"height":491},{"@type":"BreadcrumbList","@id":"https:\/\/patriaparatodos.com.ve\/?p=1882#breadcrumb","itemListElement":[{"@type":"ListItem","position":1,"name":"Portada","item":"https:\/\/patriaparatodos.com.ve\/"},{"@type":"ListItem","position":2,"name":"Ilenia Medina: Por verborrea criminal y grosera PPT tomar\u00e1 acciones contra Gonz\u00e1lez Urrutia"}]},{"@type":"WebSite","@id":"https:\/\/patriaparatodos.com.ve\/#website","url":"https:\/\/patriaparatodos.com.ve\/","name":"La Mecha Azul","description":"Por la \u00c9tica, Valor de la Palabra","publisher":{"@id":"https:\/\/patriaparatodos.com.ve\/#organization"},"potentialAction":[{"@type":"SearchAction","target":{"@type":"EntryPoint","urlTemplate":"https:\/\/patriaparatodos.com.ve\/?s={search_term_string}"},"query-input":"required name=search_term_string"}],"inLanguage":"es"},{"@type":"Organization","@id":"https:\/\/patriaparatodos.com.ve\/#organization","name":"La Mecha Azul","url":"https:\/\/patriaparatodos.com.ve\/","logo":{"@type":"ImageObject","inLanguage":"es","@id":"https:\/\/patriaparatodos.com.ve\/#\/schema\/logo\/image\/","url":"https:\/\/patriaparatodos.com.ve\/wp-content\/uploads\/2023\/02\/cropped-logo-La-mecha-Azul-n.png","contentUrl":"https:\/\/patriaparatodos.com.ve\/wp-content\/uploads\/2023\/02\/cropped-logo-La-mecha-Azul-n.png","width":5884,"height":3318,"caption":"La Mecha Azul"},"image":{"@id":"https:\/\/patriaparatodos.com.ve\/#\/schema\/logo\/image\/"}},{"@type":"Person","@id":"https:\/\/patriaparatodos.com.ve\/#\/schema\/person\/fa39a49638b83519fd822cacb44f5844","name":"Ana Gonzalez","image":{"@type":"ImageObject","inLanguage":"es","@id":"https:\/\/patriaparatodos.com.ve\/#\/schema\/person\/image\/","url":"https:\/\/secure.gravatar.com\/avatar\/ef0a71a129594a408c20318531deb64b0ee4a6d35f0864a2e33aea8b4d3481be?s=96&d=mm&r=g","contentUrl":"https:\/\/secure.gravatar.com\/avatar\/ef0a71a129594a408c20318531deb64b0ee4a6d35f0864a2e33aea8b4d3481be?s=96&d=mm&r=g","caption":"Ana Gonzalez"},"url":"https:\/\/patriaparatodos.com.ve\/?author=3"}]}},"_links":{"self":[{"href":"https:\/\/patriaparatodos.com.ve\/index.php?rest_route=\/wp\/v2\/posts\/1882","targetHints":{"allow":["GET"]}}],"collection":[{"href":"https:\/\/patriaparatodos.com.ve\/index.php?rest_route=\/wp\/v2\/posts"}],"about":[{"href":"https:\/\/patriaparatodos.com.ve\/index.php?rest_route=\/wp\/v2\/types\/post"}],"author":[{"embeddable":true,"href":"https:\/\/patriaparatodos.com.ve\/index.php?rest_route=\/wp\/v2\/users\/3"}],"replies":[{"embeddable":true,"href":"https:\/\/patriaparatodos.com.ve\/index.php?rest_route=%2Fwp%2Fv2%2Fcomments&post=1882"}],"version-history":[{"count":1,"href":"https:\/\/patriaparatodos.com.ve\/index.php?rest_route=\/wp\/v2\/posts\/1882\/revisions"}],"predecessor-version":[{"id":1884,"href":"https:\/\/patriaparatodos.com.ve\/index.php?rest_route=\/wp\/v2\/posts\/1882\/revisions\/1884"}],"wp:featuredmedia":[{"embeddable":true,"href":"https:\/\/patriaparatodos.com.ve\/index.php?rest_route=\/wp\/v2\/media\/1883"}],"wp:attachment":[{"href":"https:\/\/patriaparatodos.com.ve\/index.php?rest_route=%2Fwp%2Fv2%2Fmedia&parent=1882"}],"wp:term":[{"taxonomy":"category","embeddable":true,"href":"https:\/\/patriaparatodos.com.ve\/index.php?rest_route=%2Fwp%2Fv2%2Fcategories&post=1882"},{"taxonomy":"post_tag","embeddable":true,"href":"https:\/\/patriaparatodos.com.ve\/index.php?rest_route=%2Fwp%2Fv2%2Ftags&post=1882"}],"curies":[{"name":"wp","href":"https:\/\/api.w.org\/{rel}","templated":true}]}}