{"id":1910,"date":"2024-05-07T18:06:59","date_gmt":"2024-05-07T18:06:59","guid":{"rendered":"https:\/\/patriaparatodos.com.ve\/?p=1910"},"modified":"2024-05-07T18:06:59","modified_gmt":"2024-05-07T18:06:59","slug":"ilenia-medina-ppt-alerta-ante-oferta-enganosa-de-gonzalez-urrutia","status":"publish","type":"post","link":"https:\/\/patriaparatodos.com.ve\/?p=1910","title":{"rendered":"Ilenia Medina: PPT alerta ante oferta enga\u00f1osa de Gonz\u00e1lez Urrutia"},"content":{"rendered":"<p class=\"western\" align=\"justify\"><span style=\"font-family: Cambria, serif;\"><span style=\"font-size: large;\"><b>No se puede permitir que el candidato de la derecha extrema siga diciendo que la candidata es Mar\u00eda Corina Machado, por eso solicitamos reuni\u00f3n con Rectores del CNE<\/b><\/span><\/span><\/p>\n<p class=\"western\" align=\"justify\"><span style=\"font-family: Cambria, serif;\"><span style=\"font-size: large;\">(Prensa PPT-Caracas, 6 de mayo de 2024) Este lunes 6 de mayo la Secretaria General de Patria Para Todos (PPT), Diputada Ilenia Medina, rindi\u00f3 declaraciones a los medios de comunicaci\u00f3n en la Oficina Parlamentaria de la organizaci\u00f3n que dirige, luego de discutir y aprobar la agenda junto a la Direcci\u00f3n Pol\u00edtica Nacional y las regiones conectadas v\u00eda online, presentando el acostumbrado balance pol\u00edtico de cada semana.<\/span><\/span><\/p>\n<p class=\"western\" align=\"justify\"><span style=\"font-family: Cambria, serif;\"><span style=\"font-size: large;\">Las declaraciones iniciaron recordando el Primero de Mayo, D\u00eda Internacional del Trabajador, que cont\u00f3 con una marcha multitudinaria calificada como maravillosa, que m\u00e1s all\u00e1 de la celebraci\u00f3n y conmemoraci\u00f3n, es una expresi\u00f3n de la defensa de la soberan\u00eda econ\u00f3mica y pol\u00edtica de Venezuela. Esta expresi\u00f3n es la clara evidencia que el pueblo venezolano es quien decide su destino, seguir con la Revoluci\u00f3n Bolivariana reeligiendo a Nicol\u00e1s Maduro Moros para un nuevo mandato.<\/span><\/span><\/p>\n<p class=\"western\" align=\"justify\"><span style=\"font-family: Cambria, serif;\"><span style=\"font-size: large;\"><b>Constituyente de los Trabajadores.-<\/b><\/span><\/span><span style=\"font-family: Cambria, serif;\"><span style=\"font-size: large;\"> Con el aumento del Bono de Guerra indexado, se fortalece la capacidad del trabajador y su familia, explic\u00f3 Ilenia Medina; quien adem\u00e1s resalt\u00f3 que no ha sido f\u00e1cil por distintas variables, entre ellas las Medidas Coercitivas Unilaterales, robo y fraude perpetrado por altos funcionarios en el caso PDVSA-Cripto.<\/span><\/span><\/p>\n<p class=\"western\" align=\"justify\"><span style=\"font-family: Cambria, serif;\"><span style=\"font-size: large;\">La parlamentaria reiter\u00f3 la propuesta formulada por PPT, la Constituyente de los Trabajadores en las empresas p\u00fablica de car\u00e1cter estrat\u00e9gico del pa\u00eds. La consolidaci\u00f3n de esta Constituyente har\u00e1 que los trabajadores se pongan al frente y sean parte del control y seguimiento de la gesti\u00f3n, pudiendo tener informaci\u00f3n sobre sus ingresos y egresos econ\u00f3micos para atender las necesidades organizacionales y las que se derivan del proceso social del trabajo, permitiendo as\u00ed beneficios econ\u00f3micos para el pa\u00eds.<\/span><\/span><\/p>\n<p class=\"western\" align=\"justify\"><span style=\"font-family: Cambria, serif;\"><span style=\"font-size: large;\">Consider\u00f3 que est\u00e1n dadas las condiciones para desarrollar este proceso constituyente porque permitir\u00eda el saneamiento en la gesti\u00f3n p\u00fablica, alertar\u00eda cualquier causa que genere corrupci\u00f3n o actividades que afecten la producci\u00f3n y productividad en las operaciones de las empresas estrat\u00e9gicas, considerando que cada una de ellas es fundamental para el desarrollo de Venezuela y sus trabajadores deben estar dirigi\u00e9ndolas.<\/span><\/span><\/p>\n<p class=\"western\" align=\"justify\"><span style=\"font-family: Cambria, serif;\"><span style=\"font-size: large;\">Medina coloc\u00f3 como ejemplo a la Empresa Nacional de Transporte (ENT-PDVSA), donde sus trabajadores manten\u00edan en pie las unidades para poder abastecer el combustible a nivel nacional, muy a pesar que en ese momento el Presidente de PDVSA y Ministro de Petr\u00f3leo Tareck El Aissami no hizo las inversiones necesarias para el sostenimiento de esta empresa, alegando no contar con recursos y sus trabajadores lo lograron con esfuerzo propio.<\/span><\/span><\/p>\n<p class=\"western\" align=\"justify\"><span style=\"font-family: Cambria, serif;\"><span style=\"font-size: large;\">Para PPT, refundar el proceso revolucionario pasa por hacer la Constituyente de los Trabajadores, por esa raz\u00f3n Ilenia Medina inform\u00f3 que en los pr\u00f3ximos d\u00edas se har\u00e1 en el estado Zulia un evento sobre la instalaci\u00f3n de este proceso con los trabajadores de PDVSA, resaltando que el Presidente tiene en sus manos la propuesta que adem\u00e1s cuenta con un reglamento donde se expresa c\u00f3mo desarrollarla sin generar gastos para las empresas ni afectar sus procesos productivos.<\/span><\/span><\/p>\n<p class=\"western\" align=\"justify\"><span style=\"font-family: Cambria, serif;\"><span style=\"font-size: large;\"><b>Servicios P\u00fablicos.-<\/b><\/span><\/span><span style=\"font-family: Cambria, serif;\"><span style=\"font-size: large;\"> Patria Para Todos considera que los servicios p\u00fablicos deben tener rango constitucional, todo ello considerando el sabotaje que han recibido los servicios m\u00e1s importantes para el funcionamiento de Venezuela, entre ellos la electricidad, las telecomunicaciones, los servicios de salud, todos ellos desde la perspectiva de los Derechos Humanos. Al afectarlo, vulnera a la sociedad.<\/span><\/span><\/p>\n<p class=\"western\" align=\"justify\"><span style=\"font-family: Cambria, serif;\"><span style=\"font-size: large;\">El impacto por sus fallas afecta la econom\u00eda, y la seguridad y defensa de la naci\u00f3n. La m\u00e1s dura expresi\u00f3n de esto fue el apag\u00f3n el\u00e9ctrico en marzo de 2017. Este hecho es uno de los que nos motivan a proponer el rango constitucional. Con ello se impedir\u00eda que ocurra algo semejante o peor, con ese servicio o cualquier otro, porque se trata de proteger al ciudadano, la sociedad, las empresas y las instituciones.<\/span><\/span><\/p>\n<p class=\"western\" align=\"justify\"><span style=\"font-family: Cambria, serif;\"><span style=\"font-size: large;\"><b>Plan Electoral de PPT.-<\/b><\/span><\/span><span style=\"font-family: Cambria, serif;\"><span style=\"font-size: large;\"> El desarrollo del plan va a buen ritmo, con el compromiso que caracteriza al partido y sus dirigentes. PPT junto a los partidos del Gran Polo Patri\u00f3tico Sim\u00f3n Bol\u00edvar (GPPSB) hace grandes esfuerzos para garantizar la victoria de Nicol\u00e1s Maduro en las elecciones presidenciales, por ello ya instalamos el Comando Electoral Nacional, integrado por la representaci\u00f3n pol\u00edtica del partido y nuevas caras de distintos sectores y movimientos que aun cuando no son miembros del partido, se suman al trabajo pol\u00edtico en estas elecciones.<\/span><\/span><\/p>\n<p class=\"western\" align=\"justify\"><span style=\"font-family: Cambria, serif;\"><span style=\"font-size: large;\">Por otro lado, en cada regi\u00f3n los equipos pol\u00edticos y los movimientos que hacen vida en cada entidad est\u00e1n activos y preparados para la juramentaci\u00f3n de los comandos regionales, muestra de ello fue el recorrido efectuado en los estados Anzo\u00e1tegui, Monagas y Delta Amacuro este fin de semana, donde se juramentaron los comandos electorales, con presencia de mucha juventud y referentes sociales.<\/span><\/span><\/p>\n<p class=\"western\" align=\"justify\"><span style=\"font-family: Cambria, serif;\"><span style=\"font-size: large;\">La tarea es dar la batalla para consolidar a\u00fan m\u00e1s la Revoluci\u00f3n Bolivariana, ir en busca de los iguales, de quienes est\u00e9n confundidos por alguna raz\u00f3n, con el mensaje claro, \u00bfpor qu\u00e9 reelegir a Nicol\u00e1s Maduro Moros?, a quien calific\u00f3 como el hombre m\u00e1s valiente despu\u00e9s de Bol\u00edvar y Ch\u00e1vez. Ilenia Medina explic\u00f3 que para este proceso PPT tiene como bandera, adem\u00e1s de la Constituyente de los Trabajadores, realzar la aplicaci\u00f3n de los Consejos Locales de Planificaci\u00f3n P\u00fablica (CLPP).<\/span><\/span><\/p>\n<p class=\"western\" align=\"justify\"><span style=\"font-family: Cambria, serif;\"><span style=\"font-size: large;\"><b>La Revoluci\u00f3n en el Delta.-<\/b><\/span><\/span><span style=\"font-family: Cambria, serif;\"><span style=\"font-size: large;\"> Al referirse a la visita a Tucupita, estado Delta Amacuro, Ilenia Medina explic\u00f3 que sostuvieron ella y el Secretario Nacional de Organizaci\u00f3n, Diputado Carlos Mart\u00ednez, un encuentro con la Gobernadora de la entidad Lizeta Hern\u00e1ndez, quien les present\u00f3 el alcance que tiene el Hospital Fluvial para atender las distintas poblaciones ubicadas en ca\u00f1os e islas de la entidad, en su mayor\u00eda pueblos ind\u00edgenas, acotando su sensibilidad como mujer y m\u00e9dico en esta noble causa.<\/span><\/span><\/p>\n<p class=\"western\" align=\"justify\"><span style=\"font-family: Cambria, serif;\"><span style=\"font-size: large;\">As\u00ed mismo, la Gobernadora les present\u00f3 c\u00f3mo se prepara para la atenci\u00f3n para el periodo de lluvias en la entidad, considerando que Tucupita hist\u00f3ricamente es afectada en sus drenajes y red de aguas negras, por esa raz\u00f3n la Gobernaci\u00f3n adquiri\u00f3 recientemente un cami\u00f3n vactor. Cosas como estas hay que decirlas, el pa\u00eds debe conocerlas. <\/span><\/span><\/p>\n<p class=\"western\" align=\"justify\"><span style=\"font-family: Cambria, serif;\"><span style=\"font-size: large;\"><b>Propuesta enga\u00f1osa de la derecha.-<\/b><\/span><\/span><span style=\"font-family: Cambria, serif;\"><span style=\"font-size: large;\"> Nos quieren vender una idea errada. A diferencia del Presidente Maduro con un gobierno abocado a su pueblo, el presidente argentino que es indiferente, cortando las partidas presupuestarias en materia social, con mayor hincapi\u00e9 en la salud, recreaci\u00f3n, seguridad social y cultura. Esa es la idea que nos propone la derecha en Venezuela y no lo podemos permitir.<\/span><\/span><\/p>\n<p class=\"western\" align=\"justify\"><span style=\"font-family: Cambria, serif;\"><span style=\"font-size: large;\">Para PPT su esfuerzo no es solamente la reelecci\u00f3n del Presidente Maduro, sino mantener las transformaciones con la Revoluci\u00f3n Bolivariana para el bienestar de nuestro pueblo. Medina se\u00f1al\u00f3 que abordaba este tema por lo delicado y por ser una expresi\u00f3n que distorsiona el proceso democr\u00e1tico venezolano con un candidato perezoso que ni siquiera conoce el pa\u00eds y que ser\u00eda el Milei de Venezuela.<\/span><\/span><\/p>\n<p class=\"western\" align=\"justify\"><span style=\"font-family: Cambria, serif;\"><span style=\"font-size: large;\"><b>CNE debe estar alerta.-<\/b><\/span><\/span><span style=\"font-family: Cambria, serif;\"><span style=\"font-size: large;\"> Patria Para Todos solicit\u00f3 una reuni\u00f3n con los rectores del Poder Electoral para explicar las razones por las cuales alerta sobre el candidato Edmundo Gonz\u00e1lez Urrutia que hace ver que la candidata presidencial es Mar\u00eda Corina Machado a sabiendas que est\u00e1 inhabilitada. Esto es extra\u00f1o y a nuestro modo de entender, trata de repetir el mismo episodio de Guaid\u00f3. <\/span><\/span><\/p>\n<p class=\"western\" align=\"justify\"><span style=\"font-family: Cambria, serif;\"><span style=\"font-size: large;\">Ilenia Medina indic\u00f3 que si Gonz\u00e1lez es el candidato inscrito ante el CNE, \u00e9ste organismo debe exigirle que no puede promocionar o decir que la candidatura recae sobre otra figura, mucho menos por todo lo que representa esa innombrable para el pa\u00eds, adem\u00e1s, la candidatura no se puede delegar, s\u00f3lo ser\u00eda posible renunciar para apoyar a otro candidato previamente admitido para participar en los comicios.<\/span><\/span><\/p>\n<p class=\"western\" align=\"justify\"><span style=\"font-family: Cambria, serif;\"><span style=\"font-size: large;\">No puede ser la ungida de las primarias hechas por la derecha. Eso fue un fraude. Invitamos a que cada quien haga seguimiento y para ello, una vez se publique el Registro Electoral para estas elecciones, revisen cu\u00e1ntos son los electores inscritos o que cambiaron residencia fuera del pa\u00eds, y podr\u00e1n ver que el supuesto apoyo recibido en el extranjero no es tal y a eso se suma que queda entredicho el n\u00famero de migrantes que ellos dicen hay de venezolanos en otras latitudes. <\/span><\/span><\/p>\n<p class=\"western\" align=\"justify\"><span style=\"font-family: Cambria, serif;\"><span style=\"font-size: large;\"><b>Propuesta de protecci\u00f3n al pensionado.-<\/b><\/span><\/span><span style=\"font-family: Cambria, serif;\"><span style=\"font-size: large;\"> La Justicia Social ha sido la impronta de la Revoluci\u00f3n Bolivariana, record\u00f3 la Diputada Ilenia Medina al explicar que con la llegada de Ch\u00e1vez s\u00f3lo hab\u00eda 300 mil pensionados en todo el pa\u00eds, hoy son m\u00e1s de cinco millones de venezolanos los que disfrutan de este derecho, por esta raz\u00f3n PPT apoya el Proyecto de Ley presentado por la Vicepresidente Ejecutiva de la naci\u00f3n a la Asamblea Nacional, cuyo enfoque se ajusta a los requerimientos que exige este momento hist\u00f3rico para la protecci\u00f3n de los adultos mayores.<\/span><\/span><\/p>\n<p class=\"western\" align=\"justify\"><span style=\"font-family: Cambria, serif;\"><span style=\"font-size: large;\">La Ley pretende llegar al mayor n\u00famero de venezolanos y para efectos del sector privado no representar\u00e1 una erogaci\u00f3n mayor ni una nueva deducci\u00f3n, ya que el impuesto que antes pagaban anualmente, ahora deber\u00e1n declararlo y pagarlo cada mes sin afectar su estructura de costo. PPT considera debe existir un Comit\u00e9 de Usuarios que haga contralor\u00eda, seguimiento y promueva la correcta aplicaci\u00f3n de la Ley.<\/span><\/span><\/p>\n<p class=\"western\" align=\"justify\"><span style=\"font-family: Cambria, serif;\"><span style=\"font-size: large;\"><b>Marcha de la juventud a favor de Palestina.-<\/b><\/span><\/span><span style=\"font-family: Cambria, serif;\"><span style=\"font-size: large;\"> Al cierre de sus declaraciones, Ilenia Medina, se refiri\u00f3 al desarrollo de la marcha de la juventud desarrollada la semana pasada a favor del pueblo palestino, que junto a otros j\u00f3venes de distintos pa\u00edses, incluido Estados Unidos, suman sus voces para renunciar el genocidio y la violaci\u00f3n de los Derechos Humanos que desarrolla Israel en Gaza.<\/span><\/span><\/p>\n","protected":false},"excerpt":{"rendered":"<p>No se puede permitir que el candidato de la derecha extrema siga diciendo que la candidata es Mar\u00eda Corina Machado, por eso solicitamos reuni\u00f3n con Rectores del CNE (Prensa PPT-Caracas, 6 de mayo de 2024) Este lunes 6 de mayo la Secretaria General de Patria Para Todos (PPT), Diputada Ilenia Medina, rindi\u00f3 declaraciones a los [&hellip;]<\/p>\n","protected":false},"author":3,"featured_media":1914,"comment_status":"closed","ping_status":"open","sticky":false,"template":"","format":"standard","meta":{"footnotes":""},"categories":[7],"tags":[],"class_list":["post-1910","post","type-post","status-publish","format-standard","has-post-thumbnail","hentry","category-notas-de-prensa"],"yoast_head":"<!-- This site is optimized with the Yoast SEO plugin v23.3 - https:\/\/yoast.com\/wordpress\/plugins\/seo\/ -->\n<title>Ilenia Medina: PPT alerta ante oferta enga\u00f1osa de Gonz\u00e1lez Urrutia - La Mecha Azul<\/title>\n<meta name=\"description\" content=\"PPT alerta ante oferta enga\u00f1osa de Gonz\u00e1lez Urrutia\" \/>\n<meta name=\"robots\" content=\"index, follow, max-snippet:-1, max-image-preview:large, max-video-preview:-1\" \/>\n<link rel=\"canonical\" href=\"https:\/\/patriaparatodos.com.ve\/?p=1910\" \/>\n<meta property=\"og:locale\" content=\"es_ES\" \/>\n<meta property=\"og:type\" content=\"article\" \/>\n<meta property=\"og:title\" content=\"Ilenia Medina: PPT alerta ante oferta enga\u00f1osa de Gonz\u00e1lez Urrutia - La Mecha Azul\" \/>\n<meta property=\"og:description\" content=\"PPT alerta ante oferta enga\u00f1osa de Gonz\u00e1lez Urrutia\" \/>\n<meta property=\"og:url\" content=\"https:\/\/patriaparatodos.com.ve\/?p=1910\" \/>\n<meta property=\"og:site_name\" content=\"La Mecha Azul\" \/>\n<meta property=\"article:published_time\" content=\"2024-05-07T18:06:59+00:00\" \/>\n<meta property=\"og:image\" content=\"https:\/\/patriaparatodos.com.ve\/wp-content\/uploads\/2024\/05\/0-1-e1715105146981.jpg\" \/>\n\t<meta property=\"og:image:width\" content=\"855\" \/>\n\t<meta property=\"og:image:height\" content=\"411\" \/>\n\t<meta property=\"og:image:type\" content=\"image\/jpeg\" \/>\n<meta name=\"author\" content=\"Ana Gonzalez\" \/>\n<meta name=\"twitter:card\" content=\"summary_large_image\" \/>\n<meta name=\"twitter:label1\" content=\"Escrito por\" \/>\n\t<meta name=\"twitter:data1\" content=\"Ana Gonzalez\" \/>\n\t<meta name=\"twitter:label2\" content=\"Tiempo de lectura\" \/>\n\t<meta name=\"twitter:data2\" content=\"8 minutos\" \/>\n<script type=\"application\/ld+json\" class=\"yoast-schema-graph\">{\"@context\":\"https:\/\/schema.org\",\"@graph\":[{\"@type\":\"Article\",\"@id\":\"https:\/\/patriaparatodos.com.ve\/?p=1910#article\",\"isPartOf\":{\"@id\":\"https:\/\/patriaparatodos.com.ve\/?p=1910\"},\"author\":{\"name\":\"Ana Gonzalez\",\"@id\":\"https:\/\/patriaparatodos.com.ve\/#\/schema\/person\/fa39a49638b83519fd822cacb44f5844\"},\"headline\":\"Ilenia Medina: PPT alerta ante oferta enga\u00f1osa de Gonz\u00e1lez Urrutia\",\"datePublished\":\"2024-05-07T18:06:59+00:00\",\"dateModified\":\"2024-05-07T18:06:59+00:00\",\"mainEntityOfPage\":{\"@id\":\"https:\/\/patriaparatodos.com.ve\/?p=1910\"},\"wordCount\":1704,\"publisher\":{\"@id\":\"https:\/\/patriaparatodos.com.ve\/#organization\"},\"image\":{\"@id\":\"https:\/\/patriaparatodos.com.ve\/?p=1910#primaryimage\"},\"thumbnailUrl\":\"https:\/\/patriaparatodos.com.ve\/wp-content\/uploads\/2024\/05\/0-1-e1715105146981.jpg\",\"articleSection\":[\"Notas de Prensa\"],\"inLanguage\":\"es\"},{\"@type\":\"WebPage\",\"@id\":\"https:\/\/patriaparatodos.com.ve\/?p=1910\",\"url\":\"https:\/\/patriaparatodos.com.ve\/?p=1910\",\"name\":\"Ilenia Medina: PPT alerta ante oferta enga\u00f1osa de Gonz\u00e1lez Urrutia - La Mecha Azul\",\"isPartOf\":{\"@id\":\"https:\/\/patriaparatodos.com.ve\/#website\"},\"primaryImageOfPage\":{\"@id\":\"https:\/\/patriaparatodos.com.ve\/?p=1910#primaryimage\"},\"image\":{\"@id\":\"https:\/\/patriaparatodos.com.ve\/?p=1910#primaryimage\"},\"thumbnailUrl\":\"https:\/\/patriaparatodos.com.ve\/wp-content\/uploads\/2024\/05\/0-1-e1715105146981.jpg\",\"datePublished\":\"2024-05-07T18:06:59+00:00\",\"dateModified\":\"2024-05-07T18:06:59+00:00\",\"description\":\"PPT alerta ante oferta enga\u00f1osa de Gonz\u00e1lez Urrutia\",\"breadcrumb\":{\"@id\":\"https:\/\/patriaparatodos.com.ve\/?p=1910#breadcrumb\"},\"inLanguage\":\"es\",\"potentialAction\":[{\"@type\":\"ReadAction\",\"target\":[\"https:\/\/patriaparatodos.com.ve\/?p=1910\"]}]},{\"@type\":\"ImageObject\",\"inLanguage\":\"es\",\"@id\":\"https:\/\/patriaparatodos.com.ve\/?p=1910#primaryimage\",\"url\":\"https:\/\/patriaparatodos.com.ve\/wp-content\/uploads\/2024\/05\/0-1-e1715105146981.jpg\",\"contentUrl\":\"https:\/\/patriaparatodos.com.ve\/wp-content\/uploads\/2024\/05\/0-1-e1715105146981.jpg\",\"width\":855,\"height\":411},{\"@type\":\"BreadcrumbList\",\"@id\":\"https:\/\/patriaparatodos.com.ve\/?p=1910#breadcrumb\",\"itemListElement\":[{\"@type\":\"ListItem\",\"position\":1,\"name\":\"Portada\",\"item\":\"https:\/\/patriaparatodos.com.ve\/\"},{\"@type\":\"ListItem\",\"position\":2,\"name\":\"Ilenia Medina: PPT alerta ante oferta enga\u00f1osa de Gonz\u00e1lez Urrutia\"}]},{\"@type\":\"WebSite\",\"@id\":\"https:\/\/patriaparatodos.com.ve\/#website\",\"url\":\"https:\/\/patriaparatodos.com.ve\/\",\"name\":\"La Mecha Azul\",\"description\":\"Por la \u00c9tica, Valor de la Palabra\",\"publisher\":{\"@id\":\"https:\/\/patriaparatodos.com.ve\/#organization\"},\"potentialAction\":[{\"@type\":\"SearchAction\",\"target\":{\"@type\":\"EntryPoint\",\"urlTemplate\":\"https:\/\/patriaparatodos.com.ve\/?s={search_term_string}\"},\"query-input\":\"required name=search_term_string\"}],\"inLanguage\":\"es\"},{\"@type\":\"Organization\",\"@id\":\"https:\/\/patriaparatodos.com.ve\/#organization\",\"name\":\"La Mecha Azul\",\"url\":\"https:\/\/patriaparatodos.com.ve\/\",\"logo\":{\"@type\":\"ImageObject\",\"inLanguage\":\"es\",\"@id\":\"https:\/\/patriaparatodos.com.ve\/#\/schema\/logo\/image\/\",\"url\":\"https:\/\/patriaparatodos.com.ve\/wp-content\/uploads\/2023\/02\/cropped-logo-La-mecha-Azul-n.png\",\"contentUrl\":\"https:\/\/patriaparatodos.com.ve\/wp-content\/uploads\/2023\/02\/cropped-logo-La-mecha-Azul-n.png\",\"width\":5884,\"height\":3318,\"caption\":\"La Mecha Azul\"},\"image\":{\"@id\":\"https:\/\/patriaparatodos.com.ve\/#\/schema\/logo\/image\/\"}},{\"@type\":\"Person\",\"@id\":\"https:\/\/patriaparatodos.com.ve\/#\/schema\/person\/fa39a49638b83519fd822cacb44f5844\",\"name\":\"Ana Gonzalez\",\"image\":{\"@type\":\"ImageObject\",\"inLanguage\":\"es\",\"@id\":\"https:\/\/patriaparatodos.com.ve\/#\/schema\/person\/image\/\",\"url\":\"https:\/\/secure.gravatar.com\/avatar\/ef0a71a129594a408c20318531deb64b0ee4a6d35f0864a2e33aea8b4d3481be?s=96&d=mm&r=g\",\"contentUrl\":\"https:\/\/secure.gravatar.com\/avatar\/ef0a71a129594a408c20318531deb64b0ee4a6d35f0864a2e33aea8b4d3481be?s=96&d=mm&r=g\",\"caption\":\"Ana Gonzalez\"},\"url\":\"https:\/\/patriaparatodos.com.ve\/?author=3\"}]}<\/script>\n<!-- \/ Yoast SEO plugin. -->","yoast_head_json":{"title":"Ilenia Medina: PPT alerta ante oferta enga\u00f1osa de Gonz\u00e1lez Urrutia - La Mecha Azul","description":"PPT alerta ante oferta enga\u00f1osa de Gonz\u00e1lez Urrutia","robots":{"index":"index","follow":"follow","max-snippet":"max-snippet:-1","max-image-preview":"max-image-preview:large","max-video-preview":"max-video-preview:-1"},"canonical":"https:\/\/patriaparatodos.com.ve\/?p=1910","og_locale":"es_ES","og_type":"article","og_title":"Ilenia Medina: PPT alerta ante oferta enga\u00f1osa de Gonz\u00e1lez Urrutia - La Mecha Azul","og_description":"PPT alerta ante oferta enga\u00f1osa de Gonz\u00e1lez Urrutia","og_url":"https:\/\/patriaparatodos.com.ve\/?p=1910","og_site_name":"La Mecha Azul","article_published_time":"2024-05-07T18:06:59+00:00","og_image":[{"width":855,"height":411,"url":"https:\/\/patriaparatodos.com.ve\/wp-content\/uploads\/2024\/05\/0-1-e1715105146981.jpg","type":"image\/jpeg"}],"author":"Ana Gonzalez","twitter_card":"summary_large_image","twitter_misc":{"Escrito por":"Ana Gonzalez","Tiempo de lectura":"8 minutos"},"schema":{"@context":"https:\/\/schema.org","@graph":[{"@type":"Article","@id":"https:\/\/patriaparatodos.com.ve\/?p=1910#article","isPartOf":{"@id":"https:\/\/patriaparatodos.com.ve\/?p=1910"},"author":{"name":"Ana Gonzalez","@id":"https:\/\/patriaparatodos.com.ve\/#\/schema\/person\/fa39a49638b83519fd822cacb44f5844"},"headline":"Ilenia Medina: PPT alerta ante oferta enga\u00f1osa de Gonz\u00e1lez Urrutia","datePublished":"2024-05-07T18:06:59+00:00","dateModified":"2024-05-07T18:06:59+00:00","mainEntityOfPage":{"@id":"https:\/\/patriaparatodos.com.ve\/?p=1910"},"wordCount":1704,"publisher":{"@id":"https:\/\/patriaparatodos.com.ve\/#organization"},"image":{"@id":"https:\/\/patriaparatodos.com.ve\/?p=1910#primaryimage"},"thumbnailUrl":"https:\/\/patriaparatodos.com.ve\/wp-content\/uploads\/2024\/05\/0-1-e1715105146981.jpg","articleSection":["Notas de Prensa"],"inLanguage":"es"},{"@type":"WebPage","@id":"https:\/\/patriaparatodos.com.ve\/?p=1910","url":"https:\/\/patriaparatodos.com.ve\/?p=1910","name":"Ilenia Medina: PPT alerta ante oferta enga\u00f1osa de Gonz\u00e1lez Urrutia - La Mecha Azul","isPartOf":{"@id":"https:\/\/patriaparatodos.com.ve\/#website"},"primaryImageOfPage":{"@id":"https:\/\/patriaparatodos.com.ve\/?p=1910#primaryimage"},"image":{"@id":"https:\/\/patriaparatodos.com.ve\/?p=1910#primaryimage"},"thumbnailUrl":"https:\/\/patriaparatodos.com.ve\/wp-content\/uploads\/2024\/05\/0-1-e1715105146981.jpg","datePublished":"2024-05-07T18:06:59+00:00","dateModified":"2024-05-07T18:06:59+00:00","description":"PPT alerta ante oferta enga\u00f1osa de Gonz\u00e1lez Urrutia","breadcrumb":{"@id":"https:\/\/patriaparatodos.com.ve\/?p=1910#breadcrumb"},"inLanguage":"es","potentialAction":[{"@type":"ReadAction","target":["https:\/\/patriaparatodos.com.ve\/?p=1910"]}]},{"@type":"ImageObject","inLanguage":"es","@id":"https:\/\/patriaparatodos.com.ve\/?p=1910#primaryimage","url":"https:\/\/patriaparatodos.com.ve\/wp-content\/uploads\/2024\/05\/0-1-e1715105146981.jpg","contentUrl":"https:\/\/patriaparatodos.com.ve\/wp-content\/uploads\/2024\/05\/0-1-e1715105146981.jpg","width":855,"height":411},{"@type":"BreadcrumbList","@id":"https:\/\/patriaparatodos.com.ve\/?p=1910#breadcrumb","itemListElement":[{"@type":"ListItem","position":1,"name":"Portada","item":"https:\/\/patriaparatodos.com.ve\/"},{"@type":"ListItem","position":2,"name":"Ilenia Medina: PPT alerta ante oferta enga\u00f1osa de Gonz\u00e1lez Urrutia"}]},{"@type":"WebSite","@id":"https:\/\/patriaparatodos.com.ve\/#website","url":"https:\/\/patriaparatodos.com.ve\/","name":"La Mecha Azul","description":"Por la \u00c9tica, Valor de la Palabra","publisher":{"@id":"https:\/\/patriaparatodos.com.ve\/#organization"},"potentialAction":[{"@type":"SearchAction","target":{"@type":"EntryPoint","urlTemplate":"https:\/\/patriaparatodos.com.ve\/?s={search_term_string}"},"query-input":"required name=search_term_string"}],"inLanguage":"es"},{"@type":"Organization","@id":"https:\/\/patriaparatodos.com.ve\/#organization","name":"La Mecha Azul","url":"https:\/\/patriaparatodos.com.ve\/","logo":{"@type":"ImageObject","inLanguage":"es","@id":"https:\/\/patriaparatodos.com.ve\/#\/schema\/logo\/image\/","url":"https:\/\/patriaparatodos.com.ve\/wp-content\/uploads\/2023\/02\/cropped-logo-La-mecha-Azul-n.png","contentUrl":"https:\/\/patriaparatodos.com.ve\/wp-content\/uploads\/2023\/02\/cropped-logo-La-mecha-Azul-n.png","width":5884,"height":3318,"caption":"La Mecha Azul"},"image":{"@id":"https:\/\/patriaparatodos.com.ve\/#\/schema\/logo\/image\/"}},{"@type":"Person","@id":"https:\/\/patriaparatodos.com.ve\/#\/schema\/person\/fa39a49638b83519fd822cacb44f5844","name":"Ana Gonzalez","image":{"@type":"ImageObject","inLanguage":"es","@id":"https:\/\/patriaparatodos.com.ve\/#\/schema\/person\/image\/","url":"https:\/\/secure.gravatar.com\/avatar\/ef0a71a129594a408c20318531deb64b0ee4a6d35f0864a2e33aea8b4d3481be?s=96&d=mm&r=g","contentUrl":"https:\/\/secure.gravatar.com\/avatar\/ef0a71a129594a408c20318531deb64b0ee4a6d35f0864a2e33aea8b4d3481be?s=96&d=mm&r=g","caption":"Ana Gonzalez"},"url":"https:\/\/patriaparatodos.com.ve\/?author=3"}]}},"_links":{"self":[{"href":"https:\/\/patriaparatodos.com.ve\/index.php?rest_route=\/wp\/v2\/posts\/1910","targetHints":{"allow":["GET"]}}],"collection":[{"href":"https:\/\/patriaparatodos.com.ve\/index.php?rest_route=\/wp\/v2\/posts"}],"about":[{"href":"https:\/\/patriaparatodos.com.ve\/index.php?rest_route=\/wp\/v2\/types\/post"}],"author":[{"embeddable":true,"href":"https:\/\/patriaparatodos.com.ve\/index.php?rest_route=\/wp\/v2\/users\/3"}],"replies":[{"embeddable":true,"href":"https:\/\/patriaparatodos.com.ve\/index.php?rest_route=%2Fwp%2Fv2%2Fcomments&post=1910"}],"version-history":[{"count":1,"href":"https:\/\/patriaparatodos.com.ve\/index.php?rest_route=\/wp\/v2\/posts\/1910\/revisions"}],"predecessor-version":[{"id":1913,"href":"https:\/\/patriaparatodos.com.ve\/index.php?rest_route=\/wp\/v2\/posts\/1910\/revisions\/1913"}],"wp:featuredmedia":[{"embeddable":true,"href":"https:\/\/patriaparatodos.com.ve\/index.php?rest_route=\/wp\/v2\/media\/1914"}],"wp:attachment":[{"href":"https:\/\/patriaparatodos.com.ve\/index.php?rest_route=%2Fwp%2Fv2%2Fmedia&parent=1910"}],"wp:term":[{"taxonomy":"category","embeddable":true,"href":"https:\/\/patriaparatodos.com.ve\/index.php?rest_route=%2Fwp%2Fv2%2Fcategories&post=1910"},{"taxonomy":"post_tag","embeddable":true,"href":"https:\/\/patriaparatodos.com.ve\/index.php?rest_route=%2Fwp%2Fv2%2Ftags&post=1910"}],"curies":[{"name":"wp","href":"https:\/\/api.w.org\/{rel}","templated":true}]}}