{"id":1944,"date":"2024-05-22T16:05:37","date_gmt":"2024-05-22T16:05:37","guid":{"rendered":"https:\/\/patriaparatodos.com.ve\/?p=1944"},"modified":"2024-05-22T16:05:37","modified_gmt":"2024-05-22T16:05:37","slug":"conspiracion","status":"publish","type":"post","link":"https:\/\/patriaparatodos.com.ve\/?p=1944","title":{"rendered":"Ilenia Medina: PPT activa estrategias electorales rumbo a las presidenciales"},"content":{"rendered":"<p class=\"western\" align=\"justify\"><span style=\"font-family: Cambria, serif;\"><span style=\"font-size: large;\"><b>Tras la instalaci\u00f3n del Comando Electoral de PPT Zulia la tolda azul afina propuesta Constituyente de Trabajadores con debate abierto de la clase trabajadora en taller central de PDVSA en Cabimas<\/b><\/span><\/span><\/p>\n<p class=\"western\" align=\"justify\"><span style=\"font-family: Cambria, serif;\"><span style=\"font-size: large;\">(Prensa PPT-Caracas, 20 de mayo de 2024) Como desde hace casi 27 a\u00f1os, PPT present\u00f3 este lunes su rueda de prensa con declaraciones de la Diputada Ilenia Medina, Secretaria General, quien desde la Oficina Parlamentaria present\u00f3 un balance de los acontecimientos m\u00e1s significativos analizados por la organizaci\u00f3n que dirige.<\/span><\/span><\/p>\n<p class=\"western\" align=\"justify\"><span style=\"font-family: Cambria, serif;\"><span style=\"font-size: large;\">La parlamentaria record\u00f3 la conmemoraci\u00f3n de los seis a\u00f1os de la reelecci\u00f3n de Nicol\u00e1s Maduro Moros como Presidente Constitucional de la Rep\u00fablica Bolivariana de Venezuela, acotando que sin lugar a dudas, este a\u00f1o se repetir\u00e1 esa gesta heroica al referirse a los comicios presidenciales pautados para el pr\u00f3ximo 28 de julio. <\/span><\/span><\/p>\n<p class=\"western\" align=\"justify\"><span style=\"font-family: Cambria, serif;\"><span style=\"font-size: large;\">Son muchos los avatares y los obst\u00e1culos que la Revoluci\u00f3n Bolivariana ha tenido que enfrentar y superar durante este sexenio, se\u00f1al\u00f3 Medina, por eso somos una referencia en Am\u00e9rica Latina y el mundo, por nuestra constancia, por la lucha para la defensa de la soberan\u00eda de la Patria y adem\u00e1s por la autodeterminaci\u00f3n del pueblo venezolano a darse un modelo democr\u00e1tico protag\u00f3nico y participativo.<\/span><\/span><\/p>\n<p class=\"western\" align=\"justify\"><span style=\"font-family: Cambria, serif;\"><span style=\"font-size: large;\"><b>En lo electoral.-<\/b><\/span><\/span><span style=\"font-family: Cambria, serif;\"><span style=\"font-size: large;\"> El pasado jueves se instal\u00f3 el Comando Nacional Venezuela Nuestra, estructurado con un Comit\u00e9 Central y siete comisiones de trabajo. Ilenia Medina, en nombre de Patria Para Todos, agradeci\u00f3 la responsabilidad asignada como integrante de la comisi\u00f3n de estrategia electoral, especificando que desde el mismo momento de la designaci\u00f3n ha estado trabajando junto a todo el partido para presentar algunas ideas.<\/span><\/span><\/p>\n<p class=\"western\" align=\"justify\"><span style=\"font-family: Cambria, serif;\"><span style=\"font-size: large;\">Los aportes presentados para la campa\u00f1a por PPT surgen del an\u00e1lisis y la discusi\u00f3n de su Direcci\u00f3n Pol\u00edtica Nacional. El bloqueo en redes sociales contra el Presidente Nicol\u00e1s Maduro es abismal, limitan los contenidos que publica por ejemplo en Tik Tok mientras se favorece a cuentas que atacan a Venezuela y a la Revoluci\u00f3n Bolivariana.<\/span><\/span><\/p>\n<p class=\"western\" align=\"justify\"><span style=\"font-family: Cambria, serif;\"><span style=\"font-size: large;\">Esas redes que atacan buscan enga\u00f1ar al pueblo para evitar la victoria contundente del Presidente Maduro, ahora nuestra tarea es lograr disciplinadamente superar este cerco con la activaci\u00f3n de un ej\u00e9rcito en redes para el contra ataque defendiendo al Presidente Maduro y a nuestra patria, por eso es necesario seguirlo en cada red, replicar sus mensajes, darle \u201cme gusta\u201d y hacer comentarios.<\/span><\/span><\/p>\n<p class=\"western\" align=\"justify\"><span style=\"font-family: Cambria, serif;\"><span style=\"font-size: large;\">Medina record\u00f3 la instalaci\u00f3n de su comando de campa\u00f1a el pasado 25 de abril. Este comando se ha replicado en distintas partes del pa\u00eds, siendo la \u00faltima el estado Zulia el pasado 16 de mayo, actividad que se sum\u00f3 a la presentaci\u00f3n de la Constituyente de las Trabajadoras y los Trabajadores con trabajadores de taller central de PDVSA en Cabimas.<\/span><\/span><\/p>\n<p class=\"western\" align=\"justify\"><span style=\"font-family: Cambria, serif;\"><span style=\"font-size: large;\">La Constituyente de los Trabajadores no s\u00f3lo fue presentada, sino que gener\u00f3 un debate significativo tanto por los miembros del sindicato de talleres centrales de PDVSA como por los trabajadores de la estatal petrolera all\u00ed presentes, quienes se sumar\u00e1n a la promoci\u00f3n de esta propuesta de la mano con el Presidente Nicol\u00e1s Maduro Moros.<\/span><\/span><\/p>\n<p class=\"western\" align=\"justify\"><span style=\"font-family: Cambria, serif;\"><span style=\"font-size: large;\">Para este s\u00e1bado, rese\u00f1\u00f3 Ilenia Medina, PPT Caracas plantea instalar su comando electoral regional, mientras que el Movimiento de J\u00f3venes por la Patria tambi\u00e9n se prepara para crear e instalar una instancia nacional de cara a las elecciones presidenciales bajo la consigna por el derecho a tener patria, por estarse jugando su futuro y el del pa\u00eds.<\/span><\/span><\/p>\n<p class=\"western\" align=\"justify\"><span style=\"font-family: Cambria, serif;\"><span style=\"font-size: large;\"><b>Conspiraci\u00f3n y Servicios P\u00fablicos.-<\/b><\/span><\/span><span style=\"font-family: Cambria, serif;\"><span style=\"font-size: large;\"> PPT cuenta con un observatorio de servicios p\u00fablicos para revisar en tiempo real el comportamiento de este sector en el pa\u00eds, a trav\u00e9s de los informes presentados por los equipos regionales se corrobor\u00f3 que desde hace dos semanas hay interrupciones del servicio el\u00e9ctrico que no son programadas, por lo tanto no est\u00e1n dentro de los par\u00e1metros de las operaciones en la prestaci\u00f3n de servicios.<\/span><\/span><\/p>\n<p class=\"western\" align=\"justify\"><span style=\"font-family: Cambria, serif;\"><span style=\"font-size: large;\">Por esta raz\u00f3n alertamos lo que ya denunciamos la semana pasada, est\u00e1n trabajando desde el extranjero actores que conocen el sistema el\u00e9ctrico nacional para incidir en su funcionamiento y crear malestar en el electorado, buscan incidir en el voto o en perjudicar el proceso electoral. Se saben perdidos y se est\u00e1n valiendo de cualquier artima\u00f1a, entre ellas \u00e9sta; detr\u00e1s est\u00e1n Andr\u00e9s Gluski y Mar\u00eda Corina Machado.<\/span><\/span><\/p>\n<p class=\"western\" align=\"justify\"><span style=\"font-family: Cambria, serif;\"><span style=\"font-size: large;\">Por otro lado, el abastecimiento de gasolina y gasoil es otro de los aspectos que llama poderosamente la atenci\u00f3n. Ilenia Medina se\u00f1al\u00f3 que en distintos estados ahora est\u00e1n presentes largas colas para el abastecimiento de combustible. En los reportes presentados, Zulia y Anzo\u00e1tegui son los que presentan mayores dificultades. Creemos, dijo Medina, esto es parte de la conspiraci\u00f3n de la auto-inhabilitada y el candidato de los gringos en Venezuela.<\/span><\/span><\/p>\n<p class=\"western\" align=\"justify\"><span style=\"font-family: Cambria, serif;\"><span style=\"font-size: large;\">PPT denuncia que tambi\u00e9n existen funcionarios en Corpoelec que est\u00e1n ligados a la conspiraci\u00f3n, por ello deben abrirse las investigaciones necesarias para establecer responsabilidades y evitar que aumente el malestar de la poblaci\u00f3n por la afectaci\u00f3n en el servicio el\u00e9ctrico. As\u00ed mismo, habr\u00eda que investigar qu\u00e9 v\u00ednculos existen entre estos funcionarios y la embajada norteamericana en Colombia, por otro lado, establecer por qu\u00e9 raz\u00f3n ahora se inician nuevas colas para el abastecimiento de combustible.<\/span><\/span><\/p>\n<p class=\"western\" align=\"justify\"><span style=\"font-family: Cambria, serif;\"><span style=\"font-size: large;\"><b>Delitos de opositores.-<\/b><\/span><\/span><span style=\"font-family: Cambria, serif;\"><span style=\"font-size: large;\"> La Diputada Ilenia Medina explic\u00f3 que hace algunas semanas su organizaci\u00f3n envi\u00f3 una comunicaci\u00f3n al Poder Electoral para solicitar reuni\u00f3n con sus Rectores, para alertar sobre las implicaciones que genera la participaci\u00f3n delictiva en el proceso electoral de Edmundo Gonz\u00e1lez Urrutia, candidato del imperio norteamericano, con la auto-inhabilitada al frente y apoyados por distintos partidos de la derecha venezolana, quienes tambi\u00e9n son responsables de atentar contra los intereses de la rep\u00fablica.<\/span><\/span><\/p>\n<p class=\"western\" align=\"justify\"><span style=\"font-family: Cambria, serif;\"><span style=\"font-size: large;\">Para Medina el CNE debe convocar a las organizaciones pol\u00edticas que apoyan estos factores a una reuni\u00f3n con la intenci\u00f3n de conocer si ellos continuar\u00e1n respaldando este tipo de acci\u00f3n en contra del pa\u00eds. PPT est\u00e1 en condiciones de mediar este encuentro en aras de develar c\u00f3mo se afectan los intereses de la naci\u00f3n y c\u00f3mo el candidato gringo junto a la auto-inhabilitada pretende cuestionar el resultado electoral.<\/span><\/span><\/p>\n<p class=\"western\" align=\"justify\"><span style=\"font-family: Cambria, serif;\"><span style=\"font-size: large;\">Ilenia Medina record\u00f3 que durante las elecciones presidenciales del a\u00f1o 2018 el candidato de la derecha, Henry Falc\u00f3n, apenas a pocas horas de iniciado el proceso electoral desconoci\u00f3 su resultado con apoyo de la Uni\u00f3n Europea, organismo que hoy anda por el mismo camino. En su momento lo advertimos dentro del Poder Electoral en una reuni\u00f3n donde estaban presentes todas las organizaciones pol\u00edticas que participaron en esa elecci\u00f3n.<\/span><\/span><\/p>\n<p class=\"western\" align=\"justify\"><span style=\"font-family: Cambria, serif;\"><span style=\"font-size: large;\">Es un show, por eso lo advertimos con tiempo y para muestra la evidencia que la auto-inhabilitada nunca estuvo interesada en legalizar su organizaci\u00f3n pol\u00edtica, que de ser cierta la participaci\u00f3n en las fraudulentas elecciones primarias, le sobrar\u00edan firmas para haber inscrito su partido ante el CNE, cosa que no hizo. <\/span><\/span><\/p>\n<p class=\"western\" align=\"justify\"><span style=\"font-family: Cambria, serif;\"><span style=\"font-size: large;\"><b>Condolencias al pueblo iran\u00ed.-<\/b><\/span><\/span><span style=\"font-family: Cambria, serif;\"><span style=\"font-size: large;\"> PPT coincide con el comunicado del gobierno venezolano tras el fallecimiento del presidente de la Rep\u00fablica Isl\u00e1mica de Ir\u00e1n, Ebrahim Raisi, un ser humano a toda prueba a quien Venezuela le debe mucho. Record\u00f3 la Diputada Ilenia Medina que cuando no hab\u00eda combustible en nuestro pa\u00eds, el noble pueblo iran\u00ed lo envi\u00f3 primero en uno y finalmente tres buques que hoy agradecemos. Seguimos unidos en la lucha y PPT ya cuenta con un Comunicado que ser\u00e1 consignado ante la embajada iran\u00ed en el momento que lo dispongan. Estamos de luto por la partida de un amigo de Patria de Bol\u00edvar y de las causas justas.<\/span><\/span><\/p>\n<p class=\"western\" align=\"justify\"><span style=\"font-family: Cambria, serif;\"><span style=\"font-size: large;\"><b>Decisi\u00f3n de la Corte Penal Internacional sobre Gaza.-<\/b><\/span><\/span><span style=\"font-family: Cambria, serif;\"><span style=\"font-size: large;\"> Al parecer la Corte Penal Internacional, finalmente, est\u00e1 dispuesta a detener al genocida Benjam\u00edn Netanyahu; lo que no se entiende es que tambi\u00e9n se pretenda detener a tres dirigentes de Ham\u00e1s, \u201cnos parece absurdo, nos parece cobarde; porque si Palestina no tiene derecho, porque as\u00ed lo plantea el gobierno norteamericano, de ser miembro de Naciones Unidas, \u00bfc\u00f3mo es que van a detener a un pa\u00eds, a una naci\u00f3n que desde hace 73 a\u00f1os es v\u00edctima de la maldad, de la crueldad de los sionistas? Nos parece absurdo, nos parece grosero, una bofetada para la humanidad\u201d. <\/span><\/span><\/p>\n<p class=\"western\" align=\"justify\"><span style=\"font-family: Cambria, serif;\"><span style=\"font-size: large;\">Por \u00faltimo, exhort\u00f3 al grupo de amigos de la Carta de Naciones Unidas del cual Venezuela fue impulsor, a exigir desde la Asamblea General al Consejo de Seguridad que le remita el informe se\u00f1alando qui\u00e9nes votaron a favor y en contra; porque en el derecho internacional los t\u00e9rminos son absolutamente importantes, porque no es lo mismo que el Consejo de Seguridad recomiende y la Asamblea Nacional tome la decisi\u00f3n, por lo tanto esa dependencia no puede abrogarse el derecho a decidir que corresponde a la m\u00e1xima instancia. <\/span><\/span><\/p>\n<p class=\"western\" align=\"justify\"><span style=\"font-family: Cambria, serif;\"><span style=\"font-size: large;\">Ellos s\u00f3lo recomiendan mediante informe, no emiten resoluciones. All\u00ed no corresponde aplicar veto porque es un tema procedimental, las decisiones se toman por mayor\u00eda. Tenemos que hacer posible que Palestina sea miembro ONU de pleno derecho y hay que recordar que Venezuela tiene el derecho a votar y no permiten materializarlo porque no nos permiten pagar las cuotas. \u00a1La ONU debe pronunciarse al respecto!<\/span><\/span><\/p>\n","protected":false},"excerpt":{"rendered":"<p>Tras la instalaci\u00f3n del Comando Electoral de PPT Zulia la tolda azul afina propuesta Constituyente de Trabajadores con debate abierto de la clase trabajadora en taller central de PDVSA en Cabimas (Prensa PPT-Caracas, 20 de mayo de 2024) Como desde hace casi 27 a\u00f1os, PPT present\u00f3 este lunes su rueda de prensa con declaraciones de [&hellip;]<\/p>\n","protected":false},"author":3,"featured_media":1945,"comment_status":"closed","ping_status":"open","sticky":false,"template":"","format":"standard","meta":{"footnotes":""},"categories":[7],"tags":[],"class_list":["post-1944","post","type-post","status-publish","format-standard","has-post-thumbnail","hentry","category-notas-de-prensa"],"yoast_head":"<!-- This site is optimized with the Yoast SEO plugin v23.3 - https:\/\/yoast.com\/wordpress\/plugins\/seo\/ -->\n<title>Ilenia Medina: PPT activa estrategias electorales rumbo a las presidenciales - La Mecha Azul<\/title>\n<meta name=\"description\" content=\"PPT denuncia que tambi\u00e9n existen funcionarios en Corpoelec que est\u00e1n ligados a la conspiraci\u00f3n\" \/>\n<meta name=\"robots\" content=\"index, follow, max-snippet:-1, max-image-preview:large, max-video-preview:-1\" \/>\n<link rel=\"canonical\" href=\"https:\/\/patriaparatodos.com.ve\/?p=1944\" \/>\n<meta property=\"og:locale\" content=\"es_ES\" \/>\n<meta property=\"og:type\" content=\"article\" \/>\n<meta property=\"og:title\" content=\"Ilenia Medina: PPT activa estrategias electorales rumbo a las presidenciales - La Mecha Azul\" \/>\n<meta property=\"og:description\" content=\"PPT denuncia que tambi\u00e9n existen funcionarios en Corpoelec que est\u00e1n ligados a la conspiraci\u00f3n\" \/>\n<meta property=\"og:url\" content=\"https:\/\/patriaparatodos.com.ve\/?p=1944\" \/>\n<meta property=\"og:site_name\" content=\"La Mecha Azul\" \/>\n<meta property=\"article:published_time\" content=\"2024-05-22T16:05:37+00:00\" \/>\n<meta property=\"og:image\" content=\"https:\/\/patriaparatodos.com.ve\/wp-content\/uploads\/2024\/05\/0-2-e1716393450830.jpg\" \/>\n\t<meta property=\"og:image:width\" content=\"832\" \/>\n\t<meta property=\"og:image:height\" content=\"427\" \/>\n\t<meta property=\"og:image:type\" content=\"image\/jpeg\" \/>\n<meta name=\"author\" content=\"Ana Gonzalez\" \/>\n<meta name=\"twitter:card\" content=\"summary_large_image\" \/>\n<meta name=\"twitter:label1\" content=\"Escrito por\" \/>\n\t<meta name=\"twitter:data1\" content=\"Ana Gonzalez\" \/>\n\t<meta name=\"twitter:label2\" content=\"Tiempo de lectura\" \/>\n\t<meta name=\"twitter:data2\" content=\"7 minutos\" \/>\n<script type=\"application\/ld+json\" class=\"yoast-schema-graph\">{\"@context\":\"https:\/\/schema.org\",\"@graph\":[{\"@type\":\"Article\",\"@id\":\"https:\/\/patriaparatodos.com.ve\/?p=1944#article\",\"isPartOf\":{\"@id\":\"https:\/\/patriaparatodos.com.ve\/?p=1944\"},\"author\":{\"name\":\"Ana Gonzalez\",\"@id\":\"https:\/\/patriaparatodos.com.ve\/#\/schema\/person\/fa39a49638b83519fd822cacb44f5844\"},\"headline\":\"Ilenia Medina: PPT activa estrategias electorales rumbo a las presidenciales\",\"datePublished\":\"2024-05-22T16:05:37+00:00\",\"dateModified\":\"2024-05-22T16:05:37+00:00\",\"mainEntityOfPage\":{\"@id\":\"https:\/\/patriaparatodos.com.ve\/?p=1944\"},\"wordCount\":1579,\"publisher\":{\"@id\":\"https:\/\/patriaparatodos.com.ve\/#organization\"},\"image\":{\"@id\":\"https:\/\/patriaparatodos.com.ve\/?p=1944#primaryimage\"},\"thumbnailUrl\":\"https:\/\/patriaparatodos.com.ve\/wp-content\/uploads\/2024\/05\/0-2-e1716394008216.jpg\",\"articleSection\":[\"Notas de Prensa\"],\"inLanguage\":\"es\"},{\"@type\":\"WebPage\",\"@id\":\"https:\/\/patriaparatodos.com.ve\/?p=1944\",\"url\":\"https:\/\/patriaparatodos.com.ve\/?p=1944\",\"name\":\"Ilenia Medina: PPT activa estrategias electorales rumbo a las presidenciales - La Mecha Azul\",\"isPartOf\":{\"@id\":\"https:\/\/patriaparatodos.com.ve\/#website\"},\"primaryImageOfPage\":{\"@id\":\"https:\/\/patriaparatodos.com.ve\/?p=1944#primaryimage\"},\"image\":{\"@id\":\"https:\/\/patriaparatodos.com.ve\/?p=1944#primaryimage\"},\"thumbnailUrl\":\"https:\/\/patriaparatodos.com.ve\/wp-content\/uploads\/2024\/05\/0-2-e1716394008216.jpg\",\"datePublished\":\"2024-05-22T16:05:37+00:00\",\"dateModified\":\"2024-05-22T16:05:37+00:00\",\"description\":\"PPT denuncia que tambi\u00e9n existen funcionarios en Corpoelec que est\u00e1n ligados a la conspiraci\u00f3n\",\"breadcrumb\":{\"@id\":\"https:\/\/patriaparatodos.com.ve\/?p=1944#breadcrumb\"},\"inLanguage\":\"es\",\"potentialAction\":[{\"@type\":\"ReadAction\",\"target\":[\"https:\/\/patriaparatodos.com.ve\/?p=1944\"]}]},{\"@type\":\"ImageObject\",\"inLanguage\":\"es\",\"@id\":\"https:\/\/patriaparatodos.com.ve\/?p=1944#primaryimage\",\"url\":\"https:\/\/patriaparatodos.com.ve\/wp-content\/uploads\/2024\/05\/0-2-e1716394008216.jpg\",\"contentUrl\":\"https:\/\/patriaparatodos.com.ve\/wp-content\/uploads\/2024\/05\/0-2-e1716394008216.jpg\",\"width\":832,\"height\":400,\"caption\":\"Rueda de prensa de PPT, ESTRATEGIA ELECTORAL RUMBO A LA PRESIDENCIAL\"},{\"@type\":\"BreadcrumbList\",\"@id\":\"https:\/\/patriaparatodos.com.ve\/?p=1944#breadcrumb\",\"itemListElement\":[{\"@type\":\"ListItem\",\"position\":1,\"name\":\"Portada\",\"item\":\"https:\/\/patriaparatodos.com.ve\/\"},{\"@type\":\"ListItem\",\"position\":2,\"name\":\"Ilenia Medina: PPT activa estrategias electorales rumbo a las presidenciales\"}]},{\"@type\":\"WebSite\",\"@id\":\"https:\/\/patriaparatodos.com.ve\/#website\",\"url\":\"https:\/\/patriaparatodos.com.ve\/\",\"name\":\"La Mecha Azul\",\"description\":\"Por la \u00c9tica, Valor de la Palabra\",\"publisher\":{\"@id\":\"https:\/\/patriaparatodos.com.ve\/#organization\"},\"potentialAction\":[{\"@type\":\"SearchAction\",\"target\":{\"@type\":\"EntryPoint\",\"urlTemplate\":\"https:\/\/patriaparatodos.com.ve\/?s={search_term_string}\"},\"query-input\":\"required name=search_term_string\"}],\"inLanguage\":\"es\"},{\"@type\":\"Organization\",\"@id\":\"https:\/\/patriaparatodos.com.ve\/#organization\",\"name\":\"La Mecha Azul\",\"url\":\"https:\/\/patriaparatodos.com.ve\/\",\"logo\":{\"@type\":\"ImageObject\",\"inLanguage\":\"es\",\"@id\":\"https:\/\/patriaparatodos.com.ve\/#\/schema\/logo\/image\/\",\"url\":\"https:\/\/patriaparatodos.com.ve\/wp-content\/uploads\/2023\/02\/cropped-logo-La-mecha-Azul-n.png\",\"contentUrl\":\"https:\/\/patriaparatodos.com.ve\/wp-content\/uploads\/2023\/02\/cropped-logo-La-mecha-Azul-n.png\",\"width\":5884,\"height\":3318,\"caption\":\"La Mecha Azul\"},\"image\":{\"@id\":\"https:\/\/patriaparatodos.com.ve\/#\/schema\/logo\/image\/\"}},{\"@type\":\"Person\",\"@id\":\"https:\/\/patriaparatodos.com.ve\/#\/schema\/person\/fa39a49638b83519fd822cacb44f5844\",\"name\":\"Ana Gonzalez\",\"image\":{\"@type\":\"ImageObject\",\"inLanguage\":\"es\",\"@id\":\"https:\/\/patriaparatodos.com.ve\/#\/schema\/person\/image\/\",\"url\":\"https:\/\/secure.gravatar.com\/avatar\/ef0a71a129594a408c20318531deb64b0ee4a6d35f0864a2e33aea8b4d3481be?s=96&d=mm&r=g\",\"contentUrl\":\"https:\/\/secure.gravatar.com\/avatar\/ef0a71a129594a408c20318531deb64b0ee4a6d35f0864a2e33aea8b4d3481be?s=96&d=mm&r=g\",\"caption\":\"Ana Gonzalez\"},\"url\":\"https:\/\/patriaparatodos.com.ve\/?author=3\"}]}<\/script>\n<!-- \/ Yoast SEO plugin. -->","yoast_head_json":{"title":"Ilenia Medina: PPT activa estrategias electorales rumbo a las presidenciales - La Mecha Azul","description":"PPT denuncia que tambi\u00e9n existen funcionarios en Corpoelec que est\u00e1n ligados a la conspiraci\u00f3n","robots":{"index":"index","follow":"follow","max-snippet":"max-snippet:-1","max-image-preview":"max-image-preview:large","max-video-preview":"max-video-preview:-1"},"canonical":"https:\/\/patriaparatodos.com.ve\/?p=1944","og_locale":"es_ES","og_type":"article","og_title":"Ilenia Medina: PPT activa estrategias electorales rumbo a las presidenciales - La Mecha Azul","og_description":"PPT denuncia que tambi\u00e9n existen funcionarios en Corpoelec que est\u00e1n ligados a la conspiraci\u00f3n","og_url":"https:\/\/patriaparatodos.com.ve\/?p=1944","og_site_name":"La Mecha Azul","article_published_time":"2024-05-22T16:05:37+00:00","og_image":[{"width":832,"height":427,"url":"https:\/\/patriaparatodos.com.ve\/wp-content\/uploads\/2024\/05\/0-2-e1716393450830.jpg","type":"image\/jpeg"}],"author":"Ana Gonzalez","twitter_card":"summary_large_image","twitter_misc":{"Escrito por":"Ana Gonzalez","Tiempo de lectura":"7 minutos"},"schema":{"@context":"https:\/\/schema.org","@graph":[{"@type":"Article","@id":"https:\/\/patriaparatodos.com.ve\/?p=1944#article","isPartOf":{"@id":"https:\/\/patriaparatodos.com.ve\/?p=1944"},"author":{"name":"Ana Gonzalez","@id":"https:\/\/patriaparatodos.com.ve\/#\/schema\/person\/fa39a49638b83519fd822cacb44f5844"},"headline":"Ilenia Medina: PPT activa estrategias electorales rumbo a las presidenciales","datePublished":"2024-05-22T16:05:37+00:00","dateModified":"2024-05-22T16:05:37+00:00","mainEntityOfPage":{"@id":"https:\/\/patriaparatodos.com.ve\/?p=1944"},"wordCount":1579,"publisher":{"@id":"https:\/\/patriaparatodos.com.ve\/#organization"},"image":{"@id":"https:\/\/patriaparatodos.com.ve\/?p=1944#primaryimage"},"thumbnailUrl":"https:\/\/patriaparatodos.com.ve\/wp-content\/uploads\/2024\/05\/0-2-e1716394008216.jpg","articleSection":["Notas de Prensa"],"inLanguage":"es"},{"@type":"WebPage","@id":"https:\/\/patriaparatodos.com.ve\/?p=1944","url":"https:\/\/patriaparatodos.com.ve\/?p=1944","name":"Ilenia Medina: PPT activa estrategias electorales rumbo a las presidenciales - La Mecha Azul","isPartOf":{"@id":"https:\/\/patriaparatodos.com.ve\/#website"},"primaryImageOfPage":{"@id":"https:\/\/patriaparatodos.com.ve\/?p=1944#primaryimage"},"image":{"@id":"https:\/\/patriaparatodos.com.ve\/?p=1944#primaryimage"},"thumbnailUrl":"https:\/\/patriaparatodos.com.ve\/wp-content\/uploads\/2024\/05\/0-2-e1716394008216.jpg","datePublished":"2024-05-22T16:05:37+00:00","dateModified":"2024-05-22T16:05:37+00:00","description":"PPT denuncia que tambi\u00e9n existen funcionarios en Corpoelec que est\u00e1n ligados a la conspiraci\u00f3n","breadcrumb":{"@id":"https:\/\/patriaparatodos.com.ve\/?p=1944#breadcrumb"},"inLanguage":"es","potentialAction":[{"@type":"ReadAction","target":["https:\/\/patriaparatodos.com.ve\/?p=1944"]}]},{"@type":"ImageObject","inLanguage":"es","@id":"https:\/\/patriaparatodos.com.ve\/?p=1944#primaryimage","url":"https:\/\/patriaparatodos.com.ve\/wp-content\/uploads\/2024\/05\/0-2-e1716394008216.jpg","contentUrl":"https:\/\/patriaparatodos.com.ve\/wp-content\/uploads\/2024\/05\/0-2-e1716394008216.jpg","width":832,"height":400,"caption":"Rueda de prensa de PPT, ESTRATEGIA ELECTORAL RUMBO A LA PRESIDENCIAL"},{"@type":"BreadcrumbList","@id":"https:\/\/patriaparatodos.com.ve\/?p=1944#breadcrumb","itemListElement":[{"@type":"ListItem","position":1,"name":"Portada","item":"https:\/\/patriaparatodos.com.ve\/"},{"@type":"ListItem","position":2,"name":"Ilenia Medina: PPT activa estrategias electorales rumbo a las presidenciales"}]},{"@type":"WebSite","@id":"https:\/\/patriaparatodos.com.ve\/#website","url":"https:\/\/patriaparatodos.com.ve\/","name":"La Mecha Azul","description":"Por la \u00c9tica, Valor de la Palabra","publisher":{"@id":"https:\/\/patriaparatodos.com.ve\/#organization"},"potentialAction":[{"@type":"SearchAction","target":{"@type":"EntryPoint","urlTemplate":"https:\/\/patriaparatodos.com.ve\/?s={search_term_string}"},"query-input":"required name=search_term_string"}],"inLanguage":"es"},{"@type":"Organization","@id":"https:\/\/patriaparatodos.com.ve\/#organization","name":"La Mecha Azul","url":"https:\/\/patriaparatodos.com.ve\/","logo":{"@type":"ImageObject","inLanguage":"es","@id":"https:\/\/patriaparatodos.com.ve\/#\/schema\/logo\/image\/","url":"https:\/\/patriaparatodos.com.ve\/wp-content\/uploads\/2023\/02\/cropped-logo-La-mecha-Azul-n.png","contentUrl":"https:\/\/patriaparatodos.com.ve\/wp-content\/uploads\/2023\/02\/cropped-logo-La-mecha-Azul-n.png","width":5884,"height":3318,"caption":"La Mecha Azul"},"image":{"@id":"https:\/\/patriaparatodos.com.ve\/#\/schema\/logo\/image\/"}},{"@type":"Person","@id":"https:\/\/patriaparatodos.com.ve\/#\/schema\/person\/fa39a49638b83519fd822cacb44f5844","name":"Ana Gonzalez","image":{"@type":"ImageObject","inLanguage":"es","@id":"https:\/\/patriaparatodos.com.ve\/#\/schema\/person\/image\/","url":"https:\/\/secure.gravatar.com\/avatar\/ef0a71a129594a408c20318531deb64b0ee4a6d35f0864a2e33aea8b4d3481be?s=96&d=mm&r=g","contentUrl":"https:\/\/secure.gravatar.com\/avatar\/ef0a71a129594a408c20318531deb64b0ee4a6d35f0864a2e33aea8b4d3481be?s=96&d=mm&r=g","caption":"Ana Gonzalez"},"url":"https:\/\/patriaparatodos.com.ve\/?author=3"}]}},"_links":{"self":[{"href":"https:\/\/patriaparatodos.com.ve\/index.php?rest_route=\/wp\/v2\/posts\/1944","targetHints":{"allow":["GET"]}}],"collection":[{"href":"https:\/\/patriaparatodos.com.ve\/index.php?rest_route=\/wp\/v2\/posts"}],"about":[{"href":"https:\/\/patriaparatodos.com.ve\/index.php?rest_route=\/wp\/v2\/types\/post"}],"author":[{"embeddable":true,"href":"https:\/\/patriaparatodos.com.ve\/index.php?rest_route=\/wp\/v2\/users\/3"}],"replies":[{"embeddable":true,"href":"https:\/\/patriaparatodos.com.ve\/index.php?rest_route=%2Fwp%2Fv2%2Fcomments&post=1944"}],"version-history":[{"count":1,"href":"https:\/\/patriaparatodos.com.ve\/index.php?rest_route=\/wp\/v2\/posts\/1944\/revisions"}],"predecessor-version":[{"id":1946,"href":"https:\/\/patriaparatodos.com.ve\/index.php?rest_route=\/wp\/v2\/posts\/1944\/revisions\/1946"}],"wp:featuredmedia":[{"embeddable":true,"href":"https:\/\/patriaparatodos.com.ve\/index.php?rest_route=\/wp\/v2\/media\/1945"}],"wp:attachment":[{"href":"https:\/\/patriaparatodos.com.ve\/index.php?rest_route=%2Fwp%2Fv2%2Fmedia&parent=1944"}],"wp:term":[{"taxonomy":"category","embeddable":true,"href":"https:\/\/patriaparatodos.com.ve\/index.php?rest_route=%2Fwp%2Fv2%2Fcategories&post=1944"},{"taxonomy":"post_tag","embeddable":true,"href":"https:\/\/patriaparatodos.com.ve\/index.php?rest_route=%2Fwp%2Fv2%2Ftags&post=1944"}],"curies":[{"name":"wp","href":"https:\/\/api.w.org\/{rel}","templated":true}]}}