{"id":1964,"date":"2024-08-13T14:11:43","date_gmt":"2024-08-13T14:11:43","guid":{"rendered":"https:\/\/patriaparatodos.com.ve\/?p=1964"},"modified":"2024-08-13T14:11:43","modified_gmt":"2024-08-13T14:11:43","slug":"contencioso-electoral","status":"publish","type":"post","link":"https:\/\/patriaparatodos.com.ve\/?p=1964","title":{"rendered":"Ilenia Medina: GPPSB debe analizar el odio y fascismo inoculado por la derecha"},"content":{"rendered":"<p class=\"western\" align=\"justify\"><span style=\"font-family: Cambria, serif;\"><span style=\"font-size: large;\"><b>Es responsabilidad de los partidos atender las demandas de la sociedad, hoy PPT plantea discutir todo lo ocurrido antes y durante el proceso electoral<\/b><\/span><\/span><\/p>\n<p class=\"western\" align=\"justify\"><span style=\"font-family: Cambria, serif;\"><span style=\"font-size: large;\">(Prensa PPT-Caracas, 5 de agosto de 2024) Este lunes 5 de agosto, la Secretaria General de Patria Para Todos (PPT), Diputada Ilenia Medina, acompa\u00f1ada por el Movimiento de J\u00f3venes por la Patria (JPP) present\u00f3 a los medios de comunicaci\u00f3n un balance del acontecer pol\u00edtico informativo, analizado por la organizaci\u00f3n que dirige.<\/span><\/span><\/p>\n<p class=\"western\" align=\"justify\"><span style=\"font-family: Cambria, serif;\"><span style=\"font-size: large;\">Resalt\u00f3 dos efem\u00e9rides, primero el D\u00eda Nacional de la Bandera, celebrado el 3 de agosto en recuerdo de la llegada del tricolor patrio a suelo venezolano en manos del General\u00edsimo Francisco de Miranda; y el aniversario de la Guardia Nacional Bolivariana (GNB), cuarto componente de nuestra Fuerza Armada Nacional Bolivariana (FANB), que ha logrado en todo estos a\u00f1os cumplir sus desaf\u00edos junto al pueblo.<\/span><\/span><\/p>\n<p class=\"western\" align=\"justify\"><span style=\"font-family: Cambria, serif;\"><span style=\"font-size: large;\">Con relaci\u00f3n a la bandera, Medina enfatiz\u00f3 que quienes la voltean est\u00e1n pidiendo intervenci\u00f3n extranjera, \u201co lo hacen intencionalmente o son unos ignorantes\u201d. Es grave que se atente contra la Patria de Bol\u00edvar. Hizo tambi\u00e9n alusi\u00f3n al intento de magnicidio contra el Presidente Maduro ocurrido hace seis a\u00f1os.<\/span><\/span><\/p>\n<p class=\"western\" align=\"justify\"><span style=\"font-family: Cambria, serif;\"><span style=\"font-size: large;\"><b>Contencioso Electoral.-<\/b><\/span><\/span><span style=\"font-family: Cambria, serif;\"><span style=\"font-size: large;\"> Patria Para Todos (PPT) respalda la firmeza del Presidente Nicol\u00e1s Maduro Moros para mantener el pa\u00eds en paz al solicitar al m\u00e1ximo tribunal del pa\u00eds (TSJ), un Contencioso Electoral para esclarecer el resultado de las elecciones presidenciales a trav\u00e9s de la Sala Electoral del Poder Judicial. Para Medina, tiene que ser este Poder, que dirima a trav\u00e9s de un proceso de investigaci\u00f3n profunda el resultado y el ataque contra el sistema electoral.<\/span><\/span><\/p>\n<p class=\"western\" align=\"justify\"><span style=\"font-family: Cambria, serif;\"><span style=\"font-size: large;\">Se\u00f1al\u00f3 que hubo fallas producto de la vulneraci\u00f3n del sistema electoral, y aun as\u00ed no se dej\u00f3 de transmitir las actas y escrutinio electoral. PPT alert\u00f3 de ataques al sistema el\u00e9ctrico nacional y a la estatal petrolera, en el caso del ataque al CNE, no estaba en el radar de la informaci\u00f3n que manej\u00e1bamos sobre la afectaci\u00f3n de servicios y ataque como objetivo desestabilizador en el pa\u00eds.<\/span><\/span><\/p>\n<p class=\"western\" align=\"justify\"><span style=\"font-family: Cambria, serif;\"><span style=\"font-size: large;\">Sin embargo, en distintos momentos PPT dijo, que apenas iniciado el proceso electoral, la extrema derecha encabezada por la se\u00f1ora Machado, ya estaba hablando de fraude. Por esa raz\u00f3n, le solicitamos p\u00fablicamente al CNE una reuni\u00f3n para plantear se atendiera esa situaci\u00f3n que consideramos grave y que los partidos que apoyaron a ese candidato (Gonz\u00e1lez Urrutia), manifestaran si apoyaban la violencia y la conspiraci\u00f3n contra las instituciones venezolanas e iniciaron una campa\u00f1a de odio.<\/span><\/span><\/p>\n<p class=\"western\" align=\"justify\"><span style=\"font-family: Cambria, serif;\"><span style=\"font-size: large;\">Por otro lado, la Secretaria General de PPT explic\u00f3 que el CNE hizo su trabajo con todo lo que corresponde al proceso electoral, por esta raz\u00f3n es oportuno el Contencioso Electoral para que un tercero establezca la claridad sobre lo que ya es p\u00fablico, el ciber ataque al sistema electoral, sobre manera cuando la oposici\u00f3n se dio a la tarea de decir que hay fraude. Lament\u00f3 que precisamente el candidato que dice que hay fraude, no acudi\u00f3 al TSJ, mientras todos los dem\u00e1s estuvieron presentes. \u00bfPor qu\u00e9 perdieron el chance de restregarle al pueblo chavista que hab\u00edan ganado? \u00bfPor qu\u00e9 no entregaron las actas?<\/span><\/span><\/p>\n<p class=\"western\" align=\"justify\"><span style=\"font-family: Cambria, serif;\"><span style=\"font-size: large;\">La visita al TSJ de la extrema derecha no tiene c\u00f3mo decir y sostener, de verdad, su denuncia de fraude. No ganaron. No tienen actas. S\u00f3lo han montado un bodrio con una p\u00e1gina web que a todas luces desconoce la institucionalidad del pa\u00eds y para cerrar con broche de oro, la no comparecencia en la Sala Electoral representa otra evidencia de no estar apegados a la ruta electoral y mucho menos de reconocer nuestra Constituci\u00f3n y las Leyes.<\/span><\/span><\/p>\n<p class=\"western\" align=\"justify\"><span style=\"font-family: Cambria, serif;\"><span style=\"font-size: large;\"><b>PPT pone al servicio expertos en tecnolog\u00eda.-<\/b><\/span><\/span><span style=\"font-family: Cambria, serif;\"><span style=\"font-size: large;\"> PPT trabaja con la vanguardia tecnol\u00f3gica del partido para brindar apoyo al Consejo Nacional Electoral (CNE), as\u00ed mismo, est\u00e1 a disposici\u00f3n del Estado venezolano toda la experticia de un grupo de j\u00f3venes profesionales en este \u00e1mbito. Cabe destacar que estamos atentos, en caso de ser requeridos por la Sala Electoral del TSJ, para coadyuvar en la investigaci\u00f3n que est\u00e1 en pleno desarrollo con el Contencioso Electoral. <\/span><\/span><\/p>\n<p class=\"western\" align=\"justify\"><span style=\"font-family: Cambria, serif;\"><span style=\"font-size: large;\"><b>Comunidad Internacional.-<\/b><\/span><\/span><span style=\"font-family: Cambria, serif;\"><span style=\"font-size: large;\"> Ante las incesantes declaraciones de un grupo de organismos internacionales y pa\u00edses contra el resultado de las elecciones presidenciales, Ilenia Medina les hizo un llamado, \u201csi quieren ayudar, pidan respeto por la Constituci\u00f3n de la rep\u00fablica venezolana, pidan respeto por las leyes y act\u00faen de buena fe\u201d, no pueden imponer la visi\u00f3n de la extrema derecha venezolana.<\/span><\/span><\/p>\n<p class=\"western\" align=\"justify\"><span style=\"font-family: Cambria, serif;\"><span style=\"font-size: large;\">Ilenia Medina salud\u00f3 la propuesta de los presidentes de M\u00e9xico, Colombia y Brasil, quienes han actuado con sensatez, muy distinto a otros actores de la regi\u00f3n que buscan enlodar el proceso electoral y su resultado. El pueblo chavista sali\u00f3 a votar y lo hizo temprano, tambi\u00e9n con ello protegi\u00f3 cada centro electoral, ya sab\u00edamos que la extrema derecha planeaba algo y era atacar esos centros electorales con sus \u201cComanditos\u201d. Debe saberlo la Comunidad Internacional para no apoyar el ataque contra la democracia venezolana que hacen estos opositores.<\/span><\/span><\/p>\n<p class=\"western\" align=\"justify\"><span style=\"font-family: Cambria, serif;\"><span style=\"font-size: large;\"><b>Ataques y destrozos.-<\/b><\/span><\/span><span style=\"font-family: Cambria, serif;\"><span style=\"font-size: large;\"> La oposici\u00f3n fascista y sus \u201cComanditos\u201d atacaron distintas instalaciones p\u00fablicas y privadas con una afectaci\u00f3n alta, entre las que se destacan 12 universidades, 7 escuelas de educaci\u00f3n inicial, 21 escuelas primarias, 34 liceos, 6 Centros de Diagn\u00f3stico Integral, 1 Centro de Salud del Ata Tecnolog\u00eda, 30 ambulatorios, 1 farmacia. Esto en el \u00e1mbito educativo y de salud, pero hay m\u00e1s. <\/span><\/span><\/p>\n<p class=\"western\" align=\"justify\"><span style=\"font-family: Cambria, serif;\"><span style=\"font-size: large;\">Esos \u201cComanditos\u201d tambi\u00e9n destrozaron 6 centros de almacenamiento de alimentos, 1 radio comunitaria, 11 estaciones del Metro de Caracas, incendiaron un tren en Valencia, 38 autobuses, 27 monumentos y estatuas, entre ellas de nuestro Libertador Sim\u00f3n Bol\u00edvar, el Comandante Ch\u00e1vez, el Cacique Coromoto y del santo Dr. Jos\u00e9 Gregorio Hern\u00e1ndez.<\/span><\/span><\/p>\n<p class=\"western\" align=\"justify\"><span style=\"font-family: Cambria, serif;\"><span style=\"font-size: large;\">Adem\u00e1s 10 sedes del PSUV, un centro de aguas servidas en Nueva Esparta, 10 instalaciones militares, sede del Ministerio de H\u00e1bitat y Vivienda, 10 sedes del CNE, por s\u00f3lo mencionar las m\u00e1s importantes, pero la lista es larga. Esto debe saberlo la Comunidad Internacional. <\/span><\/span><\/p>\n<p class=\"western\" align=\"justify\"><span style=\"font-family: Cambria, serif;\"><span style=\"font-size: large;\">Todos estos hechos fueron perpetrados por delincuentes, el pueblo cuando sale, sale a defender sus derechos y esta vez no fue as\u00ed. Fueron los \u201cComanditos\u201d de la derecha fascista los que salieron a destrozar todo y en esta lista no estoy mencionando los negocios saqueados por esta gente sin escr\u00fapulos, es m\u00e1s, hasta la sede principal del CNE fue atacada. Hubo que salvarle la vida a 60 veedores internacionales y esto no puede quedar impune; la justicia es fundamental y hay que avanzar m\u00e1s all\u00e1.<\/span><\/span><\/p>\n<p class=\"western\" align=\"justify\"><span style=\"font-family: Cambria, serif;\"><span style=\"font-size: large;\">PPT plantea una reuni\u00f3n del Gran Polo Patri\u00f3tico para analizar profundamente esta situaci\u00f3n, cuyos focos no pueden repetirse y adem\u00e1s las investigaciones tienen que esclarecerlo todo y generar las responsabilidades directas e indirectas de todo lo ocurrido. En esa reuni\u00f3n tenemos que evaluar por qu\u00e9 se dejaron arrastrar muchos j\u00f3venes a la violencia, considerando que muchos de ellos ni siquiera votaron. Hay que atenderlos desde lo sociol\u00f3gico, lo psicol\u00f3gico y los aspectos sociales que sean necesarios. Con esto podemos reforzar nuestra Revoluci\u00f3n Bolivariana como un proceso de transformaci\u00f3n del nuevo hombre y la nueva mujer.<\/span><\/span><\/p>\n<p class=\"western\" align=\"justify\"><span style=\"font-family: Cambria, serif;\"><span style=\"font-size: large;\">Ante los destrozos y los ataques, la Diputada Ilenia Medina se pregunt\u00f3, \u00bfqui\u00e9n va a pagar todo esto? Por ello hizo el llamado a la justicia y propuso que se le aplique a la auto-inhabilitada y al candidato gringo la Ley de Extinci\u00f3n de Dominio, muy \u00fatil para resarcir los da\u00f1os materiales que puedan cubrirse en t\u00e9rminos financieros, \u00bfpero c\u00f3mo se recuperan las vidas? Debe aplicarse la responsabilidad penal, en el marco del debido proceso.<\/span><\/span><\/p>\n<p class=\"western\" align=\"justify\"><span style=\"font-family: Cambria, serif;\"><span style=\"font-size: large;\"><b>Posici\u00f3n de Cristina Fern\u00e1ndez de Kirchner.-<\/b><\/span><\/span><span style=\"font-family: Cambria, serif;\"><span style=\"font-size: large;\"> Ante las recientes declaraciones de la ex presidenta de Argentina, Ilenia Medina se\u00f1al\u00f3 que el legado de Ch\u00e1vez est\u00e1 en buenas manos y dijo que mientras a ella (Cristina Fern\u00e1ndez) una vez la amenazaron con una pistola, contra Nicol\u00e1s se lo han hecho m\u00e1s de cien veces y siguen haci\u00e9ndolo, y ha salido a la calle para orientar al pueblo y no dejarse rendir; mientras el peronismo dej\u00f3 que Miley llegara al poder siendo ella la vicepresidenta de la rep\u00fablica que no sali\u00f3 m\u00e1s a darle la cara al pueblo. <\/span><\/span><\/p>\n<p class=\"western\" align=\"justify\"><span style=\"font-family: Cambria, serif;\"><span style=\"font-size: large;\"><b>Seguridad Ciudadana.-<\/b><\/span><\/span><span style=\"font-family: Cambria, serif;\"><span style=\"font-size: large;\"> Ilenia Medina resalt\u00f3 la importancia de la \u201cOperaci\u00f3n T\u00fan-T\u00fan\u201d para garantizar la paz, cada quien debe ser responsable ante la Ley de lo que hace y dice, por ello esta operaci\u00f3n evita males mayores. No se puede amenazar de muerte a una persona y mucho m\u00e1s cuando esta tiene responsabilidades de Estado. Eso no es democracia. <\/span><\/span><\/p>\n<p class=\"western\" align=\"justify\"><span style=\"font-family: Cambria, serif;\"><span style=\"font-size: large;\">Al cierre de sus declaraciones, Medina explic\u00f3 que la actuaci\u00f3n de los \u00f3rganos de seguridad ciudadana en el pa\u00eds est\u00e1 apegada al debido proceso, debe de estar acompa\u00f1ado de una investigaci\u00f3n que devele c\u00f3mo sectores de la sociedad fueron penetrados por el odio y el fascismo. Debemos de ir hacia la b\u00fasqueda y la reconciliaci\u00f3n de todos los venezolanos. <\/span><\/span><\/p>\n","protected":false},"excerpt":{"rendered":"<p>Es responsabilidad de los partidos atender las demandas de la sociedad, hoy PPT plantea discutir todo lo ocurrido antes y durante el proceso electoral (Prensa PPT-Caracas, 5 de agosto de 2024) Este lunes 5 de agosto, la Secretaria General de Patria Para Todos (PPT), Diputada Ilenia Medina, acompa\u00f1ada por el Movimiento de J\u00f3venes por la [&hellip;]<\/p>\n","protected":false},"author":3,"featured_media":1965,"comment_status":"closed","ping_status":"open","sticky":false,"template":"","format":"standard","meta":{"footnotes":""},"categories":[7],"tags":[],"class_list":["post-1964","post","type-post","status-publish","format-standard","has-post-thumbnail","hentry","category-notas-de-prensa"],"yoast_head":"<!-- This site is optimized with the Yoast SEO plugin v23.3 - https:\/\/yoast.com\/wordpress\/plugins\/seo\/ -->\n<title>Ilenia Medina: GPPSB debe analizar el odio y fascismo inoculado por la derecha - La Mecha Azul<\/title>\n<meta name=\"description\" content=\"Es responsabilidad de los partidos atender las demandas de la sociedad,\" \/>\n<meta name=\"robots\" content=\"index, follow, max-snippet:-1, max-image-preview:large, max-video-preview:-1\" \/>\n<link rel=\"canonical\" href=\"https:\/\/patriaparatodos.com.ve\/?p=1964\" \/>\n<meta property=\"og:locale\" content=\"es_ES\" \/>\n<meta property=\"og:type\" content=\"article\" \/>\n<meta property=\"og:title\" content=\"Ilenia Medina: GPPSB debe analizar el odio y fascismo inoculado por la derecha - La Mecha Azul\" \/>\n<meta property=\"og:description\" content=\"Es responsabilidad de los partidos atender las demandas de la sociedad,\" \/>\n<meta property=\"og:url\" content=\"https:\/\/patriaparatodos.com.ve\/?p=1964\" \/>\n<meta property=\"og:site_name\" content=\"La Mecha Azul\" \/>\n<meta property=\"article:published_time\" content=\"2024-08-13T14:11:43+00:00\" \/>\n<meta property=\"og:image\" content=\"https:\/\/patriaparatodos.com.ve\/wp-content\/uploads\/2024\/08\/1.jpg\" \/>\n\t<meta property=\"og:image:width\" content=\"1350\" \/>\n\t<meta property=\"og:image:height\" content=\"589\" \/>\n\t<meta property=\"og:image:type\" content=\"image\/jpeg\" \/>\n<meta name=\"author\" content=\"Ana Gonzalez\" \/>\n<meta name=\"twitter:card\" content=\"summary_large_image\" \/>\n<meta name=\"twitter:label1\" content=\"Escrito por\" \/>\n\t<meta name=\"twitter:data1\" content=\"Ana Gonzalez\" \/>\n\t<meta name=\"twitter:label2\" content=\"Tiempo de lectura\" \/>\n\t<meta name=\"twitter:data2\" content=\"7 minutos\" \/>\n<script type=\"application\/ld+json\" class=\"yoast-schema-graph\">{\"@context\":\"https:\/\/schema.org\",\"@graph\":[{\"@type\":\"Article\",\"@id\":\"https:\/\/patriaparatodos.com.ve\/?p=1964#article\",\"isPartOf\":{\"@id\":\"https:\/\/patriaparatodos.com.ve\/?p=1964\"},\"author\":{\"name\":\"Ana Gonzalez\",\"@id\":\"https:\/\/patriaparatodos.com.ve\/#\/schema\/person\/fa39a49638b83519fd822cacb44f5844\"},\"headline\":\"Ilenia Medina: GPPSB debe analizar el odio y fascismo inoculado por la derecha\",\"datePublished\":\"2024-08-13T14:11:43+00:00\",\"dateModified\":\"2024-08-13T14:11:43+00:00\",\"mainEntityOfPage\":{\"@id\":\"https:\/\/patriaparatodos.com.ve\/?p=1964\"},\"wordCount\":1545,\"publisher\":{\"@id\":\"https:\/\/patriaparatodos.com.ve\/#organization\"},\"image\":{\"@id\":\"https:\/\/patriaparatodos.com.ve\/?p=1964#primaryimage\"},\"thumbnailUrl\":\"https:\/\/patriaparatodos.com.ve\/wp-content\/uploads\/2024\/08\/1.jpg\",\"articleSection\":[\"Notas de Prensa\"],\"inLanguage\":\"es\"},{\"@type\":\"WebPage\",\"@id\":\"https:\/\/patriaparatodos.com.ve\/?p=1964\",\"url\":\"https:\/\/patriaparatodos.com.ve\/?p=1964\",\"name\":\"Ilenia Medina: GPPSB debe analizar el odio y fascismo inoculado por la derecha - La Mecha Azul\",\"isPartOf\":{\"@id\":\"https:\/\/patriaparatodos.com.ve\/#website\"},\"primaryImageOfPage\":{\"@id\":\"https:\/\/patriaparatodos.com.ve\/?p=1964#primaryimage\"},\"image\":{\"@id\":\"https:\/\/patriaparatodos.com.ve\/?p=1964#primaryimage\"},\"thumbnailUrl\":\"https:\/\/patriaparatodos.com.ve\/wp-content\/uploads\/2024\/08\/1.jpg\",\"datePublished\":\"2024-08-13T14:11:43+00:00\",\"dateModified\":\"2024-08-13T14:11:43+00:00\",\"description\":\"Es responsabilidad de los partidos atender las demandas de la sociedad,\",\"breadcrumb\":{\"@id\":\"https:\/\/patriaparatodos.com.ve\/?p=1964#breadcrumb\"},\"inLanguage\":\"es\",\"potentialAction\":[{\"@type\":\"ReadAction\",\"target\":[\"https:\/\/patriaparatodos.com.ve\/?p=1964\"]}]},{\"@type\":\"ImageObject\",\"inLanguage\":\"es\",\"@id\":\"https:\/\/patriaparatodos.com.ve\/?p=1964#primaryimage\",\"url\":\"https:\/\/patriaparatodos.com.ve\/wp-content\/uploads\/2024\/08\/1.jpg\",\"contentUrl\":\"https:\/\/patriaparatodos.com.ve\/wp-content\/uploads\/2024\/08\/1.jpg\",\"width\":1350,\"height\":589,\"caption\":\"ppt realiza su rueda de prensa\"},{\"@type\":\"BreadcrumbList\",\"@id\":\"https:\/\/patriaparatodos.com.ve\/?p=1964#breadcrumb\",\"itemListElement\":[{\"@type\":\"ListItem\",\"position\":1,\"name\":\"Portada\",\"item\":\"https:\/\/patriaparatodos.com.ve\/\"},{\"@type\":\"ListItem\",\"position\":2,\"name\":\"Ilenia Medina: GPPSB debe analizar el odio y fascismo inoculado por la derecha\"}]},{\"@type\":\"WebSite\",\"@id\":\"https:\/\/patriaparatodos.com.ve\/#website\",\"url\":\"https:\/\/patriaparatodos.com.ve\/\",\"name\":\"La Mecha Azul\",\"description\":\"Por la \u00c9tica, Valor de la Palabra\",\"publisher\":{\"@id\":\"https:\/\/patriaparatodos.com.ve\/#organization\"},\"potentialAction\":[{\"@type\":\"SearchAction\",\"target\":{\"@type\":\"EntryPoint\",\"urlTemplate\":\"https:\/\/patriaparatodos.com.ve\/?s={search_term_string}\"},\"query-input\":\"required name=search_term_string\"}],\"inLanguage\":\"es\"},{\"@type\":\"Organization\",\"@id\":\"https:\/\/patriaparatodos.com.ve\/#organization\",\"name\":\"La Mecha Azul\",\"url\":\"https:\/\/patriaparatodos.com.ve\/\",\"logo\":{\"@type\":\"ImageObject\",\"inLanguage\":\"es\",\"@id\":\"https:\/\/patriaparatodos.com.ve\/#\/schema\/logo\/image\/\",\"url\":\"https:\/\/patriaparatodos.com.ve\/wp-content\/uploads\/2023\/02\/cropped-logo-La-mecha-Azul-n.png\",\"contentUrl\":\"https:\/\/patriaparatodos.com.ve\/wp-content\/uploads\/2023\/02\/cropped-logo-La-mecha-Azul-n.png\",\"width\":5884,\"height\":3318,\"caption\":\"La Mecha Azul\"},\"image\":{\"@id\":\"https:\/\/patriaparatodos.com.ve\/#\/schema\/logo\/image\/\"}},{\"@type\":\"Person\",\"@id\":\"https:\/\/patriaparatodos.com.ve\/#\/schema\/person\/fa39a49638b83519fd822cacb44f5844\",\"name\":\"Ana Gonzalez\",\"image\":{\"@type\":\"ImageObject\",\"inLanguage\":\"es\",\"@id\":\"https:\/\/patriaparatodos.com.ve\/#\/schema\/person\/image\/\",\"url\":\"https:\/\/secure.gravatar.com\/avatar\/ef0a71a129594a408c20318531deb64b0ee4a6d35f0864a2e33aea8b4d3481be?s=96&d=mm&r=g\",\"contentUrl\":\"https:\/\/secure.gravatar.com\/avatar\/ef0a71a129594a408c20318531deb64b0ee4a6d35f0864a2e33aea8b4d3481be?s=96&d=mm&r=g\",\"caption\":\"Ana Gonzalez\"},\"url\":\"https:\/\/patriaparatodos.com.ve\/?author=3\"}]}<\/script>\n<!-- \/ Yoast SEO plugin. -->","yoast_head_json":{"title":"Ilenia Medina: GPPSB debe analizar el odio y fascismo inoculado por la derecha - La Mecha Azul","description":"Es responsabilidad de los partidos atender las demandas de la sociedad,","robots":{"index":"index","follow":"follow","max-snippet":"max-snippet:-1","max-image-preview":"max-image-preview:large","max-video-preview":"max-video-preview:-1"},"canonical":"https:\/\/patriaparatodos.com.ve\/?p=1964","og_locale":"es_ES","og_type":"article","og_title":"Ilenia Medina: GPPSB debe analizar el odio y fascismo inoculado por la derecha - La Mecha Azul","og_description":"Es responsabilidad de los partidos atender las demandas de la sociedad,","og_url":"https:\/\/patriaparatodos.com.ve\/?p=1964","og_site_name":"La Mecha Azul","article_published_time":"2024-08-13T14:11:43+00:00","og_image":[{"width":1350,"height":589,"url":"https:\/\/patriaparatodos.com.ve\/wp-content\/uploads\/2024\/08\/1.jpg","type":"image\/jpeg"}],"author":"Ana Gonzalez","twitter_card":"summary_large_image","twitter_misc":{"Escrito por":"Ana Gonzalez","Tiempo de lectura":"7 minutos"},"schema":{"@context":"https:\/\/schema.org","@graph":[{"@type":"Article","@id":"https:\/\/patriaparatodos.com.ve\/?p=1964#article","isPartOf":{"@id":"https:\/\/patriaparatodos.com.ve\/?p=1964"},"author":{"name":"Ana Gonzalez","@id":"https:\/\/patriaparatodos.com.ve\/#\/schema\/person\/fa39a49638b83519fd822cacb44f5844"},"headline":"Ilenia Medina: GPPSB debe analizar el odio y fascismo inoculado por la derecha","datePublished":"2024-08-13T14:11:43+00:00","dateModified":"2024-08-13T14:11:43+00:00","mainEntityOfPage":{"@id":"https:\/\/patriaparatodos.com.ve\/?p=1964"},"wordCount":1545,"publisher":{"@id":"https:\/\/patriaparatodos.com.ve\/#organization"},"image":{"@id":"https:\/\/patriaparatodos.com.ve\/?p=1964#primaryimage"},"thumbnailUrl":"https:\/\/patriaparatodos.com.ve\/wp-content\/uploads\/2024\/08\/1.jpg","articleSection":["Notas de Prensa"],"inLanguage":"es"},{"@type":"WebPage","@id":"https:\/\/patriaparatodos.com.ve\/?p=1964","url":"https:\/\/patriaparatodos.com.ve\/?p=1964","name":"Ilenia Medina: GPPSB debe analizar el odio y fascismo inoculado por la derecha - La Mecha Azul","isPartOf":{"@id":"https:\/\/patriaparatodos.com.ve\/#website"},"primaryImageOfPage":{"@id":"https:\/\/patriaparatodos.com.ve\/?p=1964#primaryimage"},"image":{"@id":"https:\/\/patriaparatodos.com.ve\/?p=1964#primaryimage"},"thumbnailUrl":"https:\/\/patriaparatodos.com.ve\/wp-content\/uploads\/2024\/08\/1.jpg","datePublished":"2024-08-13T14:11:43+00:00","dateModified":"2024-08-13T14:11:43+00:00","description":"Es responsabilidad de los partidos atender las demandas de la sociedad,","breadcrumb":{"@id":"https:\/\/patriaparatodos.com.ve\/?p=1964#breadcrumb"},"inLanguage":"es","potentialAction":[{"@type":"ReadAction","target":["https:\/\/patriaparatodos.com.ve\/?p=1964"]}]},{"@type":"ImageObject","inLanguage":"es","@id":"https:\/\/patriaparatodos.com.ve\/?p=1964#primaryimage","url":"https:\/\/patriaparatodos.com.ve\/wp-content\/uploads\/2024\/08\/1.jpg","contentUrl":"https:\/\/patriaparatodos.com.ve\/wp-content\/uploads\/2024\/08\/1.jpg","width":1350,"height":589,"caption":"ppt realiza su rueda de prensa"},{"@type":"BreadcrumbList","@id":"https:\/\/patriaparatodos.com.ve\/?p=1964#breadcrumb","itemListElement":[{"@type":"ListItem","position":1,"name":"Portada","item":"https:\/\/patriaparatodos.com.ve\/"},{"@type":"ListItem","position":2,"name":"Ilenia Medina: GPPSB debe analizar el odio y fascismo inoculado por la derecha"}]},{"@type":"WebSite","@id":"https:\/\/patriaparatodos.com.ve\/#website","url":"https:\/\/patriaparatodos.com.ve\/","name":"La Mecha Azul","description":"Por la \u00c9tica, Valor de la Palabra","publisher":{"@id":"https:\/\/patriaparatodos.com.ve\/#organization"},"potentialAction":[{"@type":"SearchAction","target":{"@type":"EntryPoint","urlTemplate":"https:\/\/patriaparatodos.com.ve\/?s={search_term_string}"},"query-input":"required name=search_term_string"}],"inLanguage":"es"},{"@type":"Organization","@id":"https:\/\/patriaparatodos.com.ve\/#organization","name":"La Mecha Azul","url":"https:\/\/patriaparatodos.com.ve\/","logo":{"@type":"ImageObject","inLanguage":"es","@id":"https:\/\/patriaparatodos.com.ve\/#\/schema\/logo\/image\/","url":"https:\/\/patriaparatodos.com.ve\/wp-content\/uploads\/2023\/02\/cropped-logo-La-mecha-Azul-n.png","contentUrl":"https:\/\/patriaparatodos.com.ve\/wp-content\/uploads\/2023\/02\/cropped-logo-La-mecha-Azul-n.png","width":5884,"height":3318,"caption":"La Mecha Azul"},"image":{"@id":"https:\/\/patriaparatodos.com.ve\/#\/schema\/logo\/image\/"}},{"@type":"Person","@id":"https:\/\/patriaparatodos.com.ve\/#\/schema\/person\/fa39a49638b83519fd822cacb44f5844","name":"Ana Gonzalez","image":{"@type":"ImageObject","inLanguage":"es","@id":"https:\/\/patriaparatodos.com.ve\/#\/schema\/person\/image\/","url":"https:\/\/secure.gravatar.com\/avatar\/ef0a71a129594a408c20318531deb64b0ee4a6d35f0864a2e33aea8b4d3481be?s=96&d=mm&r=g","contentUrl":"https:\/\/secure.gravatar.com\/avatar\/ef0a71a129594a408c20318531deb64b0ee4a6d35f0864a2e33aea8b4d3481be?s=96&d=mm&r=g","caption":"Ana Gonzalez"},"url":"https:\/\/patriaparatodos.com.ve\/?author=3"}]}},"_links":{"self":[{"href":"https:\/\/patriaparatodos.com.ve\/index.php?rest_route=\/wp\/v2\/posts\/1964","targetHints":{"allow":["GET"]}}],"collection":[{"href":"https:\/\/patriaparatodos.com.ve\/index.php?rest_route=\/wp\/v2\/posts"}],"about":[{"href":"https:\/\/patriaparatodos.com.ve\/index.php?rest_route=\/wp\/v2\/types\/post"}],"author":[{"embeddable":true,"href":"https:\/\/patriaparatodos.com.ve\/index.php?rest_route=\/wp\/v2\/users\/3"}],"replies":[{"embeddable":true,"href":"https:\/\/patriaparatodos.com.ve\/index.php?rest_route=%2Fwp%2Fv2%2Fcomments&post=1964"}],"version-history":[{"count":1,"href":"https:\/\/patriaparatodos.com.ve\/index.php?rest_route=\/wp\/v2\/posts\/1964\/revisions"}],"predecessor-version":[{"id":1966,"href":"https:\/\/patriaparatodos.com.ve\/index.php?rest_route=\/wp\/v2\/posts\/1964\/revisions\/1966"}],"wp:featuredmedia":[{"embeddable":true,"href":"https:\/\/patriaparatodos.com.ve\/index.php?rest_route=\/wp\/v2\/media\/1965"}],"wp:attachment":[{"href":"https:\/\/patriaparatodos.com.ve\/index.php?rest_route=%2Fwp%2Fv2%2Fmedia&parent=1964"}],"wp:term":[{"taxonomy":"category","embeddable":true,"href":"https:\/\/patriaparatodos.com.ve\/index.php?rest_route=%2Fwp%2Fv2%2Fcategories&post=1964"},{"taxonomy":"post_tag","embeddable":true,"href":"https:\/\/patriaparatodos.com.ve\/index.php?rest_route=%2Fwp%2Fv2%2Ftags&post=1964"}],"curies":[{"name":"wp","href":"https:\/\/api.w.org\/{rel}","templated":true}]}}