{"id":1977,"date":"2024-09-04T20:28:31","date_gmt":"2024-09-04T20:28:31","guid":{"rendered":"https:\/\/patriaparatodos.com.ve\/?p=1977"},"modified":"2024-09-04T20:28:31","modified_gmt":"2024-09-04T20:28:31","slug":"ilenia-medina-nuevo-modelo-de-gestion-publica-se-hace-con-constituyente","status":"publish","type":"post","link":"https:\/\/patriaparatodos.com.ve\/?p=1977","title":{"rendered":"Ilenia Medina: Nuevo modelo de gesti\u00f3n p\u00fablica se hace con Constituyente"},"content":{"rendered":"<p><strong>Tras el cambio ministerial PPT considera que la Constituyente de los Servidores P\u00fablicos aplicada en los ministerios ser\u00eda el m\u00e9todo m\u00e1s apropiado para una gesti\u00f3n revolucionaria <\/strong><\/p>\n<p>(Prensa PPT-Caracas, 2 de septiembre de 2024) Al iniciar la rueda de prensa de cada lunes, la Diputada Ilenia Medina, Secretaria General de PPT, resalt\u00f3 que septiembre es el mes aniversario de la tolda azul. Por ello el an\u00e1lisis y discusi\u00f3n hecho v\u00eda videoconferencia con el Secretariado y la militancia en las regiones, apunta al trabajo efectivo en torno a los 27 a\u00f1os que cumplir\u00e1 el partido.<\/p>\n<p>El nuevo PPT viene organiz\u00e1ndose con actividades poselectorales que realzan el trabajo hecho antes y durante las elecciones, con una filosof\u00eda apegada a los planteamientos de Alfredo Maneiro, es decir, c\u00f3mo hacer la revoluci\u00f3n desde la eficacia pol\u00edtica y calidad revolucionaria, que tras las elecciones presidenciales hoy m\u00e1s que nunca tiene plena vigencia bajo la orientaci\u00f3n de un nuevo modelo de gesti\u00f3n p\u00fablica.<\/p>\n<p>La dimensi\u00f3n hist\u00f3rica y los tiempos en los cuales vivimos requieren un an\u00e1lisis profundo para despertar la conciencia de quienes se dejaron enga\u00f1ar y manipular por la derecha extrema. Record\u00f3 que PPT no s\u00f3lo cuenta con estos 27 a\u00f1os de existencia, ya que su militancia viene de una larga lucha de la Causa R originaria de Alfredo Maneiro, por lo tanto, se suman a esa trayectoria el nacimiento de la Causa R.<\/p>\n<p><strong>Evaluaci\u00f3n postelectoral.-<\/strong>\u00a0El comportamiento c\u00edvico del pueblo es el principal referente del proceso electoral que apenas hace un mes reeligi\u00f3 al Presidente Nicol\u00e1s Maduro Moros para el sexenio 2025-2031. Hoy el pa\u00eds demanda que ante las arbitrariedades y los delitos en materia electoral, la violencia, el terrorismo y la usurpaci\u00f3n de instituciones, Gonz\u00e1lez Urrutia sea detenido.<\/p>\n<p>Los partidos que lo postularon deben desmarcarse de estos hechos, de lo contrario ser\u00edan corresponsables, alert\u00f3 Ilenia Medina. As\u00ed mismo, si Gonz\u00e1lez Urrutia no se desmarca de los actos terroristas y la violencia, es evidente que ser\u00eda el autor intelectual de ellos, que atentan contra la paz de la rep\u00fablica y el pueblo venezolano.<\/p>\n<p>En cuanto al ciberataque al sistema electoral venezolano, Ilenia Medina sentenci\u00f3, \u201cno nos imaginamos tanta crueldad, nunca pensamos que iban a hacer eso\u201d, aun cuando el candidato Gonz\u00e1lez Urrutia nunca acudi\u00f3 al ente electoral y mucho menos presentaron los partidos que los postularon su programa de gobierno. Por lo visto, a todas luces, su objetivo era eliminar todos los beneficios que ha logrado en pueblo venezolano privatizando todo.<\/p>\n<p><strong>Sabotaje el\u00e9ctrico.-<\/strong>\u00a0Desde nuestro an\u00e1lisis y discusi\u00f3n con las regiones, explic\u00f3 Ilenia Medina, la madurez del pueblo permiti\u00f3 junto a los trabajadores del sector el\u00e9ctrico y los organismos de seguridad superar esta adversidad. En promedio diez horas de afectaci\u00f3n sufri\u00f3 nuestro pa\u00eds con este apag\u00f3n, con gente tranquila y paciente confiando en el restablecimiento del sistema el\u00e9ctrico nacional.<\/p>\n<p>El sabotaje el\u00e9ctrico de 2019 sirvi\u00f3 de mucho ante la angustia de todos los sectores que hacen vida en el pa\u00eds y el Estado supo tomar medidas para revertir este apag\u00f3n, reduciendo las horas. Para Ilenia Medina es una acci\u00f3n terrorista penada por el Derecho Internacional y creemos que se debe aplicar justicia a trav\u00e9s de la Ley contra la delincuencia organizada y financiamiento al terrorismo.<\/p>\n<p>El Art\u00edculo 4 de ese instrumento legal define qu\u00e9 es un acto terrorista, de lo cual resaltamos un acto intencionado que perjudica al pa\u00eds, que en este caso afect\u00f3 un servicio p\u00fablico tan vital como el el\u00e9ctrico. PPT antes y durante la campa\u00f1a, alert\u00f3 sobre los ataques a los servicios p\u00fablicos y hace unos a\u00f1os planteamientos que estos deb\u00edan tener rango constitucional para su protecci\u00f3n y salvaguarda.<\/p>\n<p>Para Ilenia Medina es importante que esta Ley sea estudiada por el ciudadano com\u00fan para que el Poder Popular se empodere de ella, ya que todos somos corresponsables. El disfrute de los derechos implica cuidar nuestros servicios p\u00fablicos, por esa raz\u00f3n es necesario denunciar a quienes los violentan. En nuestro caso, los hemos denunciado desde el mes de marzo.<\/p>\n<p>Los servicios p\u00fablicos afectan los Derechos Humanos, la seguridad y defensa de la naci\u00f3n, y tienen otra dimensi\u00f3n y car\u00e1cter que los supera. La se\u00f1ora Machado hace apenas unas semanas habl\u00f3 que se afectar\u00eda el agua, el sistema el\u00e9ctrico, entre otros; esa declaraci\u00f3n es una evidencia contundente ante su responsabilidad.<\/p>\n<p>Hoy lo que s\u00ed est\u00e1 claro es que debemos felicitar a todos los trabajadores de Corpoelec y las instituciones que se pusieron al frente para la recuperaci\u00f3n del sistema el\u00e9ctrico nacional. Tambi\u00e9n saludamos los planes desarrollados para la protecci\u00f3n de la poblaci\u00f3n, entre ellos lo referido al sistema de salud y transporte urbano.<\/p>\n<p><strong>Libertad de j\u00f3venes.-<\/strong>\u00a0Tras la reciente liberaci\u00f3n de un grupo de j\u00f3venes menores de edad implicados en actos violentos los d\u00edas 28, 29 y 30 de julio, PPT sostiene que debe ser detenida la terrorista mayor Mar\u00eda Corina Machado, porque fue ella quien organiz\u00f3 sus \u201cComanditos\u201d para la violencia y el terrorismo.<\/p>\n<p><strong>Nuevo tren ministerial.-<\/strong>\u00a0PPT ve como una decisi\u00f3n oportuna la sustituci\u00f3n e incorporaci\u00f3n de nuevos miembros del tren ministerial, los cuales atender\u00e1n cuatro sectores: econ\u00f3mico, social, infraestructura y vivienda. En cuanto a la fusi\u00f3n de los ministerios de agricultura urbana y comunas, Ilenia Medina explic\u00f3 que su partido lo hab\u00eda propuesto hace un tiempo, ya que ello garantiza profundizar la organizaci\u00f3n social de las comunidades en torno a la producci\u00f3n agroalimentaria.<\/p>\n<p>La designaci\u00f3n de Diosdado Cabello como Ministro de Interior, Justicia y Paz, fue calificada por Ilenia Medina como estrat\u00e9gica, hoy cuando Venezuela demanda la paz. Cabello es un funcionario comprometido, que conoce los temas de seguridad por su formaci\u00f3n militar y por haber ocupado esta cartera hace m\u00e1s de dos d\u00e9cadas.<\/p>\n<p>PPT plantea, ante el llamado del Presidente de \u201cdarle la vuelta a la media\u201d para hacer los cambios necesarios en los ministerios, que para echarlos a andar se necesita una revisi\u00f3n interna y el m\u00e9todo es la Constituyente de las Trabajadoras y los Trabajadores, aplicable para los Servidores P\u00fablicos que hacen vida en \u00a0cada uno de estos ministerios, sus entes adscritos y desconcentrados.<\/p>\n<p>\u00bfQu\u00e9 hacer y c\u00f3mo mejorar cada instituci\u00f3n? \u00a1Es posible con una Constituyente! Este m\u00e9todo es revolucionario y se adapta al conocimiento que tiene cada hombre y mujer que con su trabajo y compromiso est\u00e1 en los ministerios. Son ellos los que conocen su realidad y pueden redimensionarla para un nuevo modelo de gesti\u00f3n p\u00fablica. Por ello seguiremos presentando esta propuesta.<\/p>\n<p><strong>La Patria Grande.-<\/strong>\u00a0Ilenia Medina se pregunt\u00f3, \u00bfpor qu\u00e9 no es noticia a nivel internacional que Venezuela haya vencido el sabotaje y el fascismo? \u00a1Pero s\u00ed lo fue la agresi\u00f3n multidimensional durante y despu\u00e9s de la elecci\u00f3n! Todos los l\u00edderes internacionales y pa\u00edses mostraban preocupaci\u00f3n por Venezuela sin hablar del pueblo palestino en Gaza.<\/p>\n<p>Venezuela se levanta y organiza en silencio ante el \u201cblackout\u201d internacional. Nuestro gobierno ha dado respuesta y el pueblo heroico ha defendido su derecho a estar en paz ante la agresi\u00f3n y el terrorismo de Mar\u00eda Corina Machado, su ex candidato t\u00edtere y los fascistas que le acompa\u00f1an.<\/p>\n<p>PPT agradece el apoyo al ALBA-TCP al reconocer al gobierno revolucionario y al pueblo venezolano, as\u00ed mismo a la OPEP, los BRICS, la Uni\u00f3n Africana, quienes han dado un apoyo contundente al Presidente Nicol\u00e1s Maduro Moros, al Estado venezolano y sus instituciones.<\/p>\n<p>Ilenia Medina lament\u00f3 que Lula haya perdido la dimensi\u00f3n hist\u00f3rica que tiene Brasil, creemos que su visi\u00f3n est\u00e1 limitada por algo personal que no queremos profundizar. Su rol hoy s\u00f3lo deja mucho que decir. En cambio, la Asociaci\u00f3n de Juristas brasile\u00f1os da fe de la victoria de la Revoluci\u00f3n Bolivariana.<\/p>\n<p>Mientras el Foro de Sao Paulo ha tenido una ca\u00edda que lamentamos, as\u00ed mismo el Presidente Petro de Colombia sufre del feroz ataque de la derecha extrema para derrocarlo. En Honduras su Presidente Xiomara Castro de Zelaya denunci\u00f3 un complot en su contra y suprimi\u00f3 el Tratado de Extradici\u00f3n con Estados Unidos. Mientras otros pa\u00edses de la regi\u00f3n se prestan para apoyar el golpismo, Cuba y Nicaragua siguen dando ejemplos de dignidad y \u00e9tica: palabras fuertes las del Comandante Daniel Ortega, pero es un dolor muy grande es el que lo llev\u00f3 a decirlas.<\/p>\n<p>Salud\u00f3 con benepl\u00e1cito la alocuci\u00f3n de Presidente Manuel L\u00f3pez Obrador de M\u00e9xico, que en su disertaci\u00f3n hizo un balance de su gesti\u00f3n de gobierno y dijo que entr\u00f3 por la puerta grande a hacer una gesti\u00f3n y sale por la puerta grande con m\u00e1s del 60% de aprobaci\u00f3n de su gobierno.<\/p>\n<p>PPT se prepara para volver a M\u00e9xico en el Seminario del PT M\u00e9xico. All\u00ed haremos un foro, dijo Medina, para presentar toda la verdad de Venezuela, su proceso electoral y c\u00f3mo se ha afectado la paz. Esta iniciativa busca presentarle a todos los partidos de izquierda que se dar\u00e1n cita en este encuentro, nuestra posici\u00f3n pol\u00edtica de apoyo contundente al Presidente Nicol\u00e1s Maduro Moros.<\/p>\n<p>Al cierre de sus declaraciones, la Diputada Ilenia Medina abord\u00f3 la confiscaci\u00f3n de una aeronave oficial venezolana que fue trasladada desde Rep\u00fablica Dominicana hasta Estados Unidos con apoyo del gobierno dominicano, lo cual calific\u00f3 como una acci\u00f3n terrorista que debe ser denunciada ante la Organizaci\u00f3n de Aviaci\u00f3n Civil Internacional.<\/p>\n","protected":false},"excerpt":{"rendered":"<p>Tras el cambio ministerial PPT considera que la Constituyente de los Servidores P\u00fablicos aplicada en los ministerios ser\u00eda el m\u00e9todo m\u00e1s apropiado para una gesti\u00f3n revolucionaria (Prensa PPT-Caracas, 2 de septiembre de 2024) Al iniciar la rueda de prensa de cada lunes, la Diputada Ilenia Medina, Secretaria General de PPT, resalt\u00f3 que septiembre es el [&hellip;]<\/p>\n","protected":false},"author":3,"featured_media":1979,"comment_status":"closed","ping_status":"open","sticky":false,"template":"","format":"standard","meta":{"footnotes":""},"categories":[7],"tags":[],"class_list":["post-1977","post","type-post","status-publish","format-standard","has-post-thumbnail","hentry","category-notas-de-prensa"],"yoast_head":"<!-- This site is optimized with the Yoast SEO plugin v23.3 - https:\/\/yoast.com\/wordpress\/plugins\/seo\/ -->\n<title>Ilenia Medina: Nuevo modelo de gesti\u00f3n p\u00fablica se hace con Constituyente - La Mecha Azul<\/title>\n<meta name=\"description\" content=\"El comportamiento c\u00edvico del pueblo es el principal referente del proceso electoral que apenas hace un mes reeligi\u00f3 al Presidente Nicol\u00e1s Maduro Moros para el sexenio 2025-2031.\" \/>\n<meta name=\"robots\" content=\"index, follow, max-snippet:-1, max-image-preview:large, max-video-preview:-1\" \/>\n<link rel=\"canonical\" href=\"https:\/\/patriaparatodos.com.ve\/?p=1977\" \/>\n<meta property=\"og:locale\" content=\"es_ES\" \/>\n<meta property=\"og:type\" content=\"article\" \/>\n<meta property=\"og:title\" content=\"Ilenia Medina: Nuevo modelo de gesti\u00f3n p\u00fablica se hace con Constituyente - La Mecha Azul\" \/>\n<meta property=\"og:description\" content=\"El comportamiento c\u00edvico del pueblo es el principal referente del proceso electoral que apenas hace un mes reeligi\u00f3 al Presidente Nicol\u00e1s Maduro Moros para el sexenio 2025-2031.\" \/>\n<meta property=\"og:url\" content=\"https:\/\/patriaparatodos.com.ve\/?p=1977\" \/>\n<meta property=\"og:site_name\" content=\"La Mecha Azul\" \/>\n<meta property=\"article:published_time\" content=\"2024-09-04T20:28:31+00:00\" \/>\n<meta property=\"og:image\" content=\"https:\/\/patriaparatodos.com.ve\/wp-content\/uploads\/2024\/09\/57e2d29f-d6cd-4de7-88b9-9ba8f927b607.jpg\" \/>\n\t<meta property=\"og:image:width\" content=\"855\" \/>\n\t<meta property=\"og:image:height\" content=\"399\" \/>\n\t<meta property=\"og:image:type\" content=\"image\/jpeg\" \/>\n<meta name=\"author\" content=\"Ana Gonzalez\" \/>\n<meta name=\"twitter:card\" content=\"summary_large_image\" \/>\n<meta name=\"twitter:label1\" content=\"Escrito por\" \/>\n\t<meta name=\"twitter:data1\" content=\"Ana Gonzalez\" \/>\n\t<meta name=\"twitter:label2\" content=\"Tiempo de lectura\" \/>\n\t<meta name=\"twitter:data2\" content=\"8 minutos\" \/>\n<script type=\"application\/ld+json\" class=\"yoast-schema-graph\">{\"@context\":\"https:\/\/schema.org\",\"@graph\":[{\"@type\":\"Article\",\"@id\":\"https:\/\/patriaparatodos.com.ve\/?p=1977#article\",\"isPartOf\":{\"@id\":\"https:\/\/patriaparatodos.com.ve\/?p=1977\"},\"author\":{\"name\":\"Ana Gonzalez\",\"@id\":\"https:\/\/patriaparatodos.com.ve\/#\/schema\/person\/fa39a49638b83519fd822cacb44f5844\"},\"headline\":\"Ilenia Medina: Nuevo modelo de gesti\u00f3n p\u00fablica se hace con Constituyente\",\"datePublished\":\"2024-09-04T20:28:31+00:00\",\"dateModified\":\"2024-09-04T20:28:31+00:00\",\"mainEntityOfPage\":{\"@id\":\"https:\/\/patriaparatodos.com.ve\/?p=1977\"},\"wordCount\":1660,\"publisher\":{\"@id\":\"https:\/\/patriaparatodos.com.ve\/#organization\"},\"image\":{\"@id\":\"https:\/\/patriaparatodos.com.ve\/?p=1977#primaryimage\"},\"thumbnailUrl\":\"https:\/\/patriaparatodos.com.ve\/wp-content\/uploads\/2024\/09\/57e2d29f-d6cd-4de7-88b9-9ba8f927b607.jpg\",\"articleSection\":[\"Notas de Prensa\"],\"inLanguage\":\"es\"},{\"@type\":\"WebPage\",\"@id\":\"https:\/\/patriaparatodos.com.ve\/?p=1977\",\"url\":\"https:\/\/patriaparatodos.com.ve\/?p=1977\",\"name\":\"Ilenia Medina: Nuevo modelo de gesti\u00f3n p\u00fablica se hace con Constituyente - La Mecha Azul\",\"isPartOf\":{\"@id\":\"https:\/\/patriaparatodos.com.ve\/#website\"},\"primaryImageOfPage\":{\"@id\":\"https:\/\/patriaparatodos.com.ve\/?p=1977#primaryimage\"},\"image\":{\"@id\":\"https:\/\/patriaparatodos.com.ve\/?p=1977#primaryimage\"},\"thumbnailUrl\":\"https:\/\/patriaparatodos.com.ve\/wp-content\/uploads\/2024\/09\/57e2d29f-d6cd-4de7-88b9-9ba8f927b607.jpg\",\"datePublished\":\"2024-09-04T20:28:31+00:00\",\"dateModified\":\"2024-09-04T20:28:31+00:00\",\"description\":\"El comportamiento c\u00edvico del pueblo es el principal referente del proceso electoral que apenas hace un mes reeligi\u00f3 al Presidente Nicol\u00e1s Maduro Moros para el sexenio 2025-2031.\",\"breadcrumb\":{\"@id\":\"https:\/\/patriaparatodos.com.ve\/?p=1977#breadcrumb\"},\"inLanguage\":\"es\",\"potentialAction\":[{\"@type\":\"ReadAction\",\"target\":[\"https:\/\/patriaparatodos.com.ve\/?p=1977\"]}]},{\"@type\":\"ImageObject\",\"inLanguage\":\"es\",\"@id\":\"https:\/\/patriaparatodos.com.ve\/?p=1977#primaryimage\",\"url\":\"https:\/\/patriaparatodos.com.ve\/wp-content\/uploads\/2024\/09\/57e2d29f-d6cd-4de7-88b9-9ba8f927b607.jpg\",\"contentUrl\":\"https:\/\/patriaparatodos.com.ve\/wp-content\/uploads\/2024\/09\/57e2d29f-d6cd-4de7-88b9-9ba8f927b607.jpg\",\"width\":855,\"height\":399,\"caption\":\"PATRIA PARA TODOS\"},{\"@type\":\"BreadcrumbList\",\"@id\":\"https:\/\/patriaparatodos.com.ve\/?p=1977#breadcrumb\",\"itemListElement\":[{\"@type\":\"ListItem\",\"position\":1,\"name\":\"Portada\",\"item\":\"https:\/\/patriaparatodos.com.ve\/\"},{\"@type\":\"ListItem\",\"position\":2,\"name\":\"Ilenia Medina: Nuevo modelo de gesti\u00f3n p\u00fablica se hace con Constituyente\"}]},{\"@type\":\"WebSite\",\"@id\":\"https:\/\/patriaparatodos.com.ve\/#website\",\"url\":\"https:\/\/patriaparatodos.com.ve\/\",\"name\":\"La Mecha Azul\",\"description\":\"Por la \u00c9tica, Valor de la Palabra\",\"publisher\":{\"@id\":\"https:\/\/patriaparatodos.com.ve\/#organization\"},\"potentialAction\":[{\"@type\":\"SearchAction\",\"target\":{\"@type\":\"EntryPoint\",\"urlTemplate\":\"https:\/\/patriaparatodos.com.ve\/?s={search_term_string}\"},\"query-input\":\"required name=search_term_string\"}],\"inLanguage\":\"es\"},{\"@type\":\"Organization\",\"@id\":\"https:\/\/patriaparatodos.com.ve\/#organization\",\"name\":\"La Mecha Azul\",\"url\":\"https:\/\/patriaparatodos.com.ve\/\",\"logo\":{\"@type\":\"ImageObject\",\"inLanguage\":\"es\",\"@id\":\"https:\/\/patriaparatodos.com.ve\/#\/schema\/logo\/image\/\",\"url\":\"https:\/\/patriaparatodos.com.ve\/wp-content\/uploads\/2023\/02\/cropped-logo-La-mecha-Azul-n.png\",\"contentUrl\":\"https:\/\/patriaparatodos.com.ve\/wp-content\/uploads\/2023\/02\/cropped-logo-La-mecha-Azul-n.png\",\"width\":5884,\"height\":3318,\"caption\":\"La Mecha Azul\"},\"image\":{\"@id\":\"https:\/\/patriaparatodos.com.ve\/#\/schema\/logo\/image\/\"}},{\"@type\":\"Person\",\"@id\":\"https:\/\/patriaparatodos.com.ve\/#\/schema\/person\/fa39a49638b83519fd822cacb44f5844\",\"name\":\"Ana Gonzalez\",\"image\":{\"@type\":\"ImageObject\",\"inLanguage\":\"es\",\"@id\":\"https:\/\/patriaparatodos.com.ve\/#\/schema\/person\/image\/\",\"url\":\"https:\/\/secure.gravatar.com\/avatar\/ef0a71a129594a408c20318531deb64b0ee4a6d35f0864a2e33aea8b4d3481be?s=96&d=mm&r=g\",\"contentUrl\":\"https:\/\/secure.gravatar.com\/avatar\/ef0a71a129594a408c20318531deb64b0ee4a6d35f0864a2e33aea8b4d3481be?s=96&d=mm&r=g\",\"caption\":\"Ana Gonzalez\"},\"url\":\"https:\/\/patriaparatodos.com.ve\/?author=3\"}]}<\/script>\n<!-- \/ Yoast SEO plugin. -->","yoast_head_json":{"title":"Ilenia Medina: Nuevo modelo de gesti\u00f3n p\u00fablica se hace con Constituyente - La Mecha Azul","description":"El comportamiento c\u00edvico del pueblo es el principal referente del proceso electoral que apenas hace un mes reeligi\u00f3 al Presidente Nicol\u00e1s Maduro Moros para el sexenio 2025-2031.","robots":{"index":"index","follow":"follow","max-snippet":"max-snippet:-1","max-image-preview":"max-image-preview:large","max-video-preview":"max-video-preview:-1"},"canonical":"https:\/\/patriaparatodos.com.ve\/?p=1977","og_locale":"es_ES","og_type":"article","og_title":"Ilenia Medina: Nuevo modelo de gesti\u00f3n p\u00fablica se hace con Constituyente - La Mecha Azul","og_description":"El comportamiento c\u00edvico del pueblo es el principal referente del proceso electoral que apenas hace un mes reeligi\u00f3 al Presidente Nicol\u00e1s Maduro Moros para el sexenio 2025-2031.","og_url":"https:\/\/patriaparatodos.com.ve\/?p=1977","og_site_name":"La Mecha Azul","article_published_time":"2024-09-04T20:28:31+00:00","og_image":[{"width":855,"height":399,"url":"https:\/\/patriaparatodos.com.ve\/wp-content\/uploads\/2024\/09\/57e2d29f-d6cd-4de7-88b9-9ba8f927b607.jpg","type":"image\/jpeg"}],"author":"Ana Gonzalez","twitter_card":"summary_large_image","twitter_misc":{"Escrito por":"Ana Gonzalez","Tiempo de lectura":"8 minutos"},"schema":{"@context":"https:\/\/schema.org","@graph":[{"@type":"Article","@id":"https:\/\/patriaparatodos.com.ve\/?p=1977#article","isPartOf":{"@id":"https:\/\/patriaparatodos.com.ve\/?p=1977"},"author":{"name":"Ana Gonzalez","@id":"https:\/\/patriaparatodos.com.ve\/#\/schema\/person\/fa39a49638b83519fd822cacb44f5844"},"headline":"Ilenia Medina: Nuevo modelo de gesti\u00f3n p\u00fablica se hace con Constituyente","datePublished":"2024-09-04T20:28:31+00:00","dateModified":"2024-09-04T20:28:31+00:00","mainEntityOfPage":{"@id":"https:\/\/patriaparatodos.com.ve\/?p=1977"},"wordCount":1660,"publisher":{"@id":"https:\/\/patriaparatodos.com.ve\/#organization"},"image":{"@id":"https:\/\/patriaparatodos.com.ve\/?p=1977#primaryimage"},"thumbnailUrl":"https:\/\/patriaparatodos.com.ve\/wp-content\/uploads\/2024\/09\/57e2d29f-d6cd-4de7-88b9-9ba8f927b607.jpg","articleSection":["Notas de Prensa"],"inLanguage":"es"},{"@type":"WebPage","@id":"https:\/\/patriaparatodos.com.ve\/?p=1977","url":"https:\/\/patriaparatodos.com.ve\/?p=1977","name":"Ilenia Medina: Nuevo modelo de gesti\u00f3n p\u00fablica se hace con Constituyente - La Mecha Azul","isPartOf":{"@id":"https:\/\/patriaparatodos.com.ve\/#website"},"primaryImageOfPage":{"@id":"https:\/\/patriaparatodos.com.ve\/?p=1977#primaryimage"},"image":{"@id":"https:\/\/patriaparatodos.com.ve\/?p=1977#primaryimage"},"thumbnailUrl":"https:\/\/patriaparatodos.com.ve\/wp-content\/uploads\/2024\/09\/57e2d29f-d6cd-4de7-88b9-9ba8f927b607.jpg","datePublished":"2024-09-04T20:28:31+00:00","dateModified":"2024-09-04T20:28:31+00:00","description":"El comportamiento c\u00edvico del pueblo es el principal referente del proceso electoral que apenas hace un mes reeligi\u00f3 al Presidente Nicol\u00e1s Maduro Moros para el sexenio 2025-2031.","breadcrumb":{"@id":"https:\/\/patriaparatodos.com.ve\/?p=1977#breadcrumb"},"inLanguage":"es","potentialAction":[{"@type":"ReadAction","target":["https:\/\/patriaparatodos.com.ve\/?p=1977"]}]},{"@type":"ImageObject","inLanguage":"es","@id":"https:\/\/patriaparatodos.com.ve\/?p=1977#primaryimage","url":"https:\/\/patriaparatodos.com.ve\/wp-content\/uploads\/2024\/09\/57e2d29f-d6cd-4de7-88b9-9ba8f927b607.jpg","contentUrl":"https:\/\/patriaparatodos.com.ve\/wp-content\/uploads\/2024\/09\/57e2d29f-d6cd-4de7-88b9-9ba8f927b607.jpg","width":855,"height":399,"caption":"PATRIA PARA TODOS"},{"@type":"BreadcrumbList","@id":"https:\/\/patriaparatodos.com.ve\/?p=1977#breadcrumb","itemListElement":[{"@type":"ListItem","position":1,"name":"Portada","item":"https:\/\/patriaparatodos.com.ve\/"},{"@type":"ListItem","position":2,"name":"Ilenia Medina: Nuevo modelo de gesti\u00f3n p\u00fablica se hace con Constituyente"}]},{"@type":"WebSite","@id":"https:\/\/patriaparatodos.com.ve\/#website","url":"https:\/\/patriaparatodos.com.ve\/","name":"La Mecha Azul","description":"Por la \u00c9tica, Valor de la Palabra","publisher":{"@id":"https:\/\/patriaparatodos.com.ve\/#organization"},"potentialAction":[{"@type":"SearchAction","target":{"@type":"EntryPoint","urlTemplate":"https:\/\/patriaparatodos.com.ve\/?s={search_term_string}"},"query-input":"required name=search_term_string"}],"inLanguage":"es"},{"@type":"Organization","@id":"https:\/\/patriaparatodos.com.ve\/#organization","name":"La Mecha Azul","url":"https:\/\/patriaparatodos.com.ve\/","logo":{"@type":"ImageObject","inLanguage":"es","@id":"https:\/\/patriaparatodos.com.ve\/#\/schema\/logo\/image\/","url":"https:\/\/patriaparatodos.com.ve\/wp-content\/uploads\/2023\/02\/cropped-logo-La-mecha-Azul-n.png","contentUrl":"https:\/\/patriaparatodos.com.ve\/wp-content\/uploads\/2023\/02\/cropped-logo-La-mecha-Azul-n.png","width":5884,"height":3318,"caption":"La Mecha Azul"},"image":{"@id":"https:\/\/patriaparatodos.com.ve\/#\/schema\/logo\/image\/"}},{"@type":"Person","@id":"https:\/\/patriaparatodos.com.ve\/#\/schema\/person\/fa39a49638b83519fd822cacb44f5844","name":"Ana Gonzalez","image":{"@type":"ImageObject","inLanguage":"es","@id":"https:\/\/patriaparatodos.com.ve\/#\/schema\/person\/image\/","url":"https:\/\/secure.gravatar.com\/avatar\/ef0a71a129594a408c20318531deb64b0ee4a6d35f0864a2e33aea8b4d3481be?s=96&d=mm&r=g","contentUrl":"https:\/\/secure.gravatar.com\/avatar\/ef0a71a129594a408c20318531deb64b0ee4a6d35f0864a2e33aea8b4d3481be?s=96&d=mm&r=g","caption":"Ana Gonzalez"},"url":"https:\/\/patriaparatodos.com.ve\/?author=3"}]}},"_links":{"self":[{"href":"https:\/\/patriaparatodos.com.ve\/index.php?rest_route=\/wp\/v2\/posts\/1977","targetHints":{"allow":["GET"]}}],"collection":[{"href":"https:\/\/patriaparatodos.com.ve\/index.php?rest_route=\/wp\/v2\/posts"}],"about":[{"href":"https:\/\/patriaparatodos.com.ve\/index.php?rest_route=\/wp\/v2\/types\/post"}],"author":[{"embeddable":true,"href":"https:\/\/patriaparatodos.com.ve\/index.php?rest_route=\/wp\/v2\/users\/3"}],"replies":[{"embeddable":true,"href":"https:\/\/patriaparatodos.com.ve\/index.php?rest_route=%2Fwp%2Fv2%2Fcomments&post=1977"}],"version-history":[{"count":2,"href":"https:\/\/patriaparatodos.com.ve\/index.php?rest_route=\/wp\/v2\/posts\/1977\/revisions"}],"predecessor-version":[{"id":1981,"href":"https:\/\/patriaparatodos.com.ve\/index.php?rest_route=\/wp\/v2\/posts\/1977\/revisions\/1981"}],"wp:featuredmedia":[{"embeddable":true,"href":"https:\/\/patriaparatodos.com.ve\/index.php?rest_route=\/wp\/v2\/media\/1979"}],"wp:attachment":[{"href":"https:\/\/patriaparatodos.com.ve\/index.php?rest_route=%2Fwp%2Fv2%2Fmedia&parent=1977"}],"wp:term":[{"taxonomy":"category","embeddable":true,"href":"https:\/\/patriaparatodos.com.ve\/index.php?rest_route=%2Fwp%2Fv2%2Fcategories&post=1977"},{"taxonomy":"post_tag","embeddable":true,"href":"https:\/\/patriaparatodos.com.ve\/index.php?rest_route=%2Fwp%2Fv2%2Ftags&post=1977"}],"curies":[{"name":"wp","href":"https:\/\/api.w.org\/{rel}","templated":true}]}}