{"id":1997,"date":"2024-09-09T20:19:23","date_gmt":"2024-09-09T20:19:23","guid":{"rendered":"https:\/\/patriaparatodos.com.ve\/?p=1997"},"modified":"2024-09-09T20:19:23","modified_gmt":"2024-09-09T20:19:23","slug":"ppt-activa-consejo-patriotico-por-la-paz","status":"publish","type":"post","link":"https:\/\/patriaparatodos.com.ve\/?p=1997","title":{"rendered":"PPT activa Consejo Patri\u00f3tico por La Paz"},"content":{"rendered":"<p><img fetchpriority=\"high\" decoding=\"async\" class=\"alignnone size-full wp-image-1998\" src=\"https:\/\/patriaparatodos.com.ve\/wp-content\/uploads\/2024\/09\/0f611c5b-de6f-4a41-8b4f-c34a13edcc7c.jpg\" alt=\"\" width=\"1080\" height=\"527\" \/><\/p>\n<p>Prensa PPT \u2013 Caracas, 6 de septiembre de 2024 \u2013 En la Sala Plenaria de Parque Central de la ciudad de Caracas, se llev\u00f3 a cabo la reinstalaci\u00f3n del Consejo Patri\u00f3tico por la Paz \u201cLa Refundaci\u00f3n de la revoluci\u00f3n al Socialismo \u00c9tico y Productivo\u201d, un evento organizado por el partido Patria Para Todos (PPT) d\u00e1ndole continuidad a lo realizado en el a\u00f1o 2016.<\/p>\n<p>La iniciativa es retomada debido a los recientes ataques terroristas y fascistas de la ultra derecha venezolana, as\u00ed lo indic\u00f3 la Secretaria General Nacional del PPT Dip. AN Ilenia Medina, \u201cEs necesario retomar este instrumento propiciado por el PPT, pero abierto a todos aquellos que tengan la misma preocupaci\u00f3n sobre los actos de violencia, fascistas y terroristas (\u2026) los objetivos son claros, como enfrentar el fascismo, como defender nuestro proyecto hist\u00f3rico contemplado en el plan de la patria, teniendo presentes los valores culturales y la identidad Bolivariana Chavista.<\/p>\n<p><img decoding=\"async\" class=\"alignnone size-full wp-image-1999\" src=\"https:\/\/patriaparatodos.com.ve\/wp-content\/uploads\/2024\/09\/DSC_0178.jpg\" alt=\"\" width=\"1200\" height=\"798\" \/><\/p>\n<p>Medina indic\u00f3 que esto es un pre\u00e1mbulo que se replicar\u00e1 en todas las circunscripciones regionales del pa\u00eds , con la finalidad de propiciar el debate, que posteriormente se convertir\u00e1n en propuestas y ser\u00e1n presentadas en el segundo \u201cCongreso del Bloque Hist\u00f3rico\u201d a realizarse en la primera semana de octubre.<\/p>\n<p>La ceremonia cont\u00f3 con la participaci\u00f3n del Comandante del 4F Yoel Acosta Chirinos, Eneida Laya, Jaime Gonz\u00e1lez, parte del secretariado nacional del PPT, Dip AN Pablo Alvarado, Dip AN Carlos Mart\u00ednez, Dip AN Carlos Pacheco, Dip AN Gisela Tovar y el Legislador Pedro Key junto con destacados l\u00edderes comunitarios, activistas y representantes de organizaciones sociales, Movimiento de j\u00f3venes por la Patria, Movimiento de Adultos Mayores, Movimiento de Trabajadores, Movimiento de Cultores, Movimiento de Productores por la Patria, Movimiento de Mujeres por la Patria.<\/p>\n<p><img decoding=\"async\" class=\"alignnone size-full wp-image-2000\" src=\"https:\/\/patriaparatodos.com.ve\/wp-content\/uploads\/2024\/09\/1-1.jpg\" alt=\"\" width=\"1280\" height=\"774\" \/><\/p>\n<p>El Dip. AN Jos\u00e9 Bracho fue el encargado de realizar un reencuentro de lo que ha sido el Consejo Patri\u00f3tico por la Paz el cual tiene sus or\u00edgenes en septiembre del 2016 cuando se presentaron los hechos terroristas y violencia en el pa\u00eds, por su parte El Dip. AN Carlos Pacheco present\u00f3 el tema El Fascismo: su origen hist\u00f3rico como instrumento para impedir, neutralizar y derrotar las revoluciones democr\u00e1ticas y populares. As\u00ed como El Dip. AN Carlos Mart\u00ednez disert\u00f3 sobre las 7 trasformaciones y el plan de la patria 2019-2025, finalmente el Dr. Juan Carlos Valdez expuso el tema \u201cEl Bloque hist\u00f3rico\u201d, original del te\u00f3rico y revolucionario italiano Antonio Gramsci.<\/p>\n<p><img loading=\"lazy\" decoding=\"async\" class=\"alignnone size-full wp-image-2001\" src=\"https:\/\/patriaparatodos.com.ve\/wp-content\/uploads\/2024\/09\/2.jpg\" alt=\"\" width=\"1200\" height=\"825\" \/><\/p>\n<p><img loading=\"lazy\" decoding=\"async\" class=\"alignnone size-full wp-image-2002\" src=\"https:\/\/patriaparatodos.com.ve\/wp-content\/uploads\/2024\/09\/3.jpg\" alt=\"\" width=\"1200\" height=\"798\" \/><\/p>\n<p>El Consejo Patri\u00f3tico por la Paz se presenta como una plataforma inclusiva y pluralista, destinada a articular esfuerzos en pro de la paz y el bienestar com\u00fan. La instalaci\u00f3n de este consejo marca un hito significativo en la lucha por la paz en Venezuela, reafirmando el compromiso del PPT y de los movimientos sociales con la construcci\u00f3n de una Venezuela revolucionaria, socialista, \u00c9tica y Productiva.<\/p>\n<p><img loading=\"lazy\" decoding=\"async\" class=\"alignnone size-full wp-image-2004\" src=\"https:\/\/patriaparatodos.com.ve\/wp-content\/uploads\/2024\/09\/6.jpg\" alt=\"\" width=\"1280\" height=\"817\" \/><\/p>\n<p><img loading=\"lazy\" decoding=\"async\" class=\"alignnone size-full wp-image-2006\" src=\"https:\/\/patriaparatodos.com.ve\/wp-content\/uploads\/2024\/09\/7.jpg\" alt=\"\" width=\"1200\" height=\"802\" \/><\/p>\n<p>&nbsp;<\/p>\n","protected":false},"excerpt":{"rendered":"<p>Prensa PPT \u2013 Caracas, 6 de septiembre de 2024 \u2013 En la Sala Plenaria de Parque Central de la ciudad de Caracas, se llev\u00f3 a cabo la reinstalaci\u00f3n del Consejo Patri\u00f3tico por la Paz \u201cLa Refundaci\u00f3n de la revoluci\u00f3n al Socialismo \u00c9tico y Productivo\u201d, un evento organizado por el partido Patria Para Todos (PPT) d\u00e1ndole [&hellip;]<\/p>\n","protected":false},"author":3,"featured_media":2009,"comment_status":"closed","ping_status":"open","sticky":false,"template":"","format":"standard","meta":{"footnotes":""},"categories":[7],"tags":[],"class_list":["post-1997","post","type-post","status-publish","format-standard","has-post-thumbnail","hentry","category-notas-de-prensa"],"yoast_head":"<!-- This site is optimized with the Yoast SEO plugin v23.3 - https:\/\/yoast.com\/wordpress\/plugins\/seo\/ -->\n<title>PPT activa Consejo Patri\u00f3tico por La Paz - La Mecha Azul<\/title>\n<meta name=\"description\" content=\"La iniciativa es retomada debido a los recientes ataques terroristas y fascistas de la ultra derecha venezolana\" \/>\n<meta name=\"robots\" content=\"index, follow, max-snippet:-1, max-image-preview:large, max-video-preview:-1\" \/>\n<link rel=\"canonical\" href=\"https:\/\/patriaparatodos.com.ve\/?p=1997\" \/>\n<meta property=\"og:locale\" content=\"es_ES\" \/>\n<meta property=\"og:type\" content=\"article\" \/>\n<meta property=\"og:title\" content=\"PPT activa Consejo Patri\u00f3tico por La Paz - La Mecha Azul\" \/>\n<meta property=\"og:description\" content=\"La iniciativa es retomada debido a los recientes ataques terroristas y fascistas de la ultra derecha venezolana\" \/>\n<meta property=\"og:url\" content=\"https:\/\/patriaparatodos.com.ve\/?p=1997\" \/>\n<meta property=\"og:site_name\" content=\"La Mecha Azul\" \/>\n<meta property=\"article:published_time\" content=\"2024-09-09T20:19:23+00:00\" \/>\n<meta property=\"og:image\" content=\"https:\/\/patriaparatodos.com.ve\/wp-content\/uploads\/2024\/09\/0f611c5b-de6f-4a41-8b4f-c34a13edcc7c-1.jpg\" \/>\n\t<meta property=\"og:image:width\" content=\"1080\" \/>\n\t<meta property=\"og:image:height\" content=\"527\" \/>\n\t<meta property=\"og:image:type\" content=\"image\/jpeg\" \/>\n<meta name=\"author\" content=\"Ana Gonzalez\" \/>\n<meta name=\"twitter:card\" content=\"summary_large_image\" \/>\n<meta name=\"twitter:label1\" content=\"Escrito por\" \/>\n\t<meta name=\"twitter:data1\" content=\"Ana Gonzalez\" \/>\n\t<meta name=\"twitter:label2\" content=\"Tiempo de lectura\" \/>\n\t<meta name=\"twitter:data2\" content=\"4 minutos\" \/>\n<script type=\"application\/ld+json\" class=\"yoast-schema-graph\">{\"@context\":\"https:\/\/schema.org\",\"@graph\":[{\"@type\":\"Article\",\"@id\":\"https:\/\/patriaparatodos.com.ve\/?p=1997#article\",\"isPartOf\":{\"@id\":\"https:\/\/patriaparatodos.com.ve\/?p=1997\"},\"author\":{\"name\":\"Ana Gonzalez\",\"@id\":\"https:\/\/patriaparatodos.com.ve\/#\/schema\/person\/fa39a49638b83519fd822cacb44f5844\"},\"headline\":\"PPT activa Consejo Patri\u00f3tico por La Paz\",\"datePublished\":\"2024-09-09T20:19:23+00:00\",\"dateModified\":\"2024-09-09T20:19:23+00:00\",\"mainEntityOfPage\":{\"@id\":\"https:\/\/patriaparatodos.com.ve\/?p=1997\"},\"wordCount\":488,\"publisher\":{\"@id\":\"https:\/\/patriaparatodos.com.ve\/#organization\"},\"image\":{\"@id\":\"https:\/\/patriaparatodos.com.ve\/?p=1997#primaryimage\"},\"thumbnailUrl\":\"https:\/\/patriaparatodos.com.ve\/wp-content\/uploads\/2024\/09\/0f611c5b-de6f-4a41-8b4f-c34a13edcc7c-1.jpg\",\"articleSection\":[\"Notas de Prensa\"],\"inLanguage\":\"es\"},{\"@type\":\"WebPage\",\"@id\":\"https:\/\/patriaparatodos.com.ve\/?p=1997\",\"url\":\"https:\/\/patriaparatodos.com.ve\/?p=1997\",\"name\":\"PPT activa Consejo Patri\u00f3tico por La Paz - La Mecha Azul\",\"isPartOf\":{\"@id\":\"https:\/\/patriaparatodos.com.ve\/#website\"},\"primaryImageOfPage\":{\"@id\":\"https:\/\/patriaparatodos.com.ve\/?p=1997#primaryimage\"},\"image\":{\"@id\":\"https:\/\/patriaparatodos.com.ve\/?p=1997#primaryimage\"},\"thumbnailUrl\":\"https:\/\/patriaparatodos.com.ve\/wp-content\/uploads\/2024\/09\/0f611c5b-de6f-4a41-8b4f-c34a13edcc7c-1.jpg\",\"datePublished\":\"2024-09-09T20:19:23+00:00\",\"dateModified\":\"2024-09-09T20:19:23+00:00\",\"description\":\"La iniciativa es retomada debido a los recientes ataques terroristas y fascistas de la ultra derecha venezolana\",\"breadcrumb\":{\"@id\":\"https:\/\/patriaparatodos.com.ve\/?p=1997#breadcrumb\"},\"inLanguage\":\"es\",\"potentialAction\":[{\"@type\":\"ReadAction\",\"target\":[\"https:\/\/patriaparatodos.com.ve\/?p=1997\"]}]},{\"@type\":\"ImageObject\",\"inLanguage\":\"es\",\"@id\":\"https:\/\/patriaparatodos.com.ve\/?p=1997#primaryimage\",\"url\":\"https:\/\/patriaparatodos.com.ve\/wp-content\/uploads\/2024\/09\/0f611c5b-de6f-4a41-8b4f-c34a13edcc7c-1.jpg\",\"contentUrl\":\"https:\/\/patriaparatodos.com.ve\/wp-content\/uploads\/2024\/09\/0f611c5b-de6f-4a41-8b4f-c34a13edcc7c-1.jpg\",\"width\":1080,\"height\":527},{\"@type\":\"BreadcrumbList\",\"@id\":\"https:\/\/patriaparatodos.com.ve\/?p=1997#breadcrumb\",\"itemListElement\":[{\"@type\":\"ListItem\",\"position\":1,\"name\":\"Portada\",\"item\":\"https:\/\/patriaparatodos.com.ve\/\"},{\"@type\":\"ListItem\",\"position\":2,\"name\":\"PPT activa Consejo Patri\u00f3tico por La Paz\"}]},{\"@type\":\"WebSite\",\"@id\":\"https:\/\/patriaparatodos.com.ve\/#website\",\"url\":\"https:\/\/patriaparatodos.com.ve\/\",\"name\":\"La Mecha Azul\",\"description\":\"Por la \u00c9tica, Valor de la Palabra\",\"publisher\":{\"@id\":\"https:\/\/patriaparatodos.com.ve\/#organization\"},\"potentialAction\":[{\"@type\":\"SearchAction\",\"target\":{\"@type\":\"EntryPoint\",\"urlTemplate\":\"https:\/\/patriaparatodos.com.ve\/?s={search_term_string}\"},\"query-input\":\"required name=search_term_string\"}],\"inLanguage\":\"es\"},{\"@type\":\"Organization\",\"@id\":\"https:\/\/patriaparatodos.com.ve\/#organization\",\"name\":\"La Mecha Azul\",\"url\":\"https:\/\/patriaparatodos.com.ve\/\",\"logo\":{\"@type\":\"ImageObject\",\"inLanguage\":\"es\",\"@id\":\"https:\/\/patriaparatodos.com.ve\/#\/schema\/logo\/image\/\",\"url\":\"https:\/\/patriaparatodos.com.ve\/wp-content\/uploads\/2023\/02\/cropped-logo-La-mecha-Azul-n.png\",\"contentUrl\":\"https:\/\/patriaparatodos.com.ve\/wp-content\/uploads\/2023\/02\/cropped-logo-La-mecha-Azul-n.png\",\"width\":5884,\"height\":3318,\"caption\":\"La Mecha Azul\"},\"image\":{\"@id\":\"https:\/\/patriaparatodos.com.ve\/#\/schema\/logo\/image\/\"}},{\"@type\":\"Person\",\"@id\":\"https:\/\/patriaparatodos.com.ve\/#\/schema\/person\/fa39a49638b83519fd822cacb44f5844\",\"name\":\"Ana Gonzalez\",\"image\":{\"@type\":\"ImageObject\",\"inLanguage\":\"es\",\"@id\":\"https:\/\/patriaparatodos.com.ve\/#\/schema\/person\/image\/\",\"url\":\"https:\/\/secure.gravatar.com\/avatar\/ef0a71a129594a408c20318531deb64b0ee4a6d35f0864a2e33aea8b4d3481be?s=96&d=mm&r=g\",\"contentUrl\":\"https:\/\/secure.gravatar.com\/avatar\/ef0a71a129594a408c20318531deb64b0ee4a6d35f0864a2e33aea8b4d3481be?s=96&d=mm&r=g\",\"caption\":\"Ana Gonzalez\"},\"url\":\"https:\/\/patriaparatodos.com.ve\/?author=3\"}]}<\/script>\n<!-- \/ Yoast SEO plugin. -->","yoast_head_json":{"title":"PPT activa Consejo Patri\u00f3tico por La Paz - La Mecha Azul","description":"La iniciativa es retomada debido a los recientes ataques terroristas y fascistas de la ultra derecha venezolana","robots":{"index":"index","follow":"follow","max-snippet":"max-snippet:-1","max-image-preview":"max-image-preview:large","max-video-preview":"max-video-preview:-1"},"canonical":"https:\/\/patriaparatodos.com.ve\/?p=1997","og_locale":"es_ES","og_type":"article","og_title":"PPT activa Consejo Patri\u00f3tico por La Paz - La Mecha Azul","og_description":"La iniciativa es retomada debido a los recientes ataques terroristas y fascistas de la ultra derecha venezolana","og_url":"https:\/\/patriaparatodos.com.ve\/?p=1997","og_site_name":"La Mecha Azul","article_published_time":"2024-09-09T20:19:23+00:00","og_image":[{"width":1080,"height":527,"url":"https:\/\/patriaparatodos.com.ve\/wp-content\/uploads\/2024\/09\/0f611c5b-de6f-4a41-8b4f-c34a13edcc7c-1.jpg","type":"image\/jpeg"}],"author":"Ana Gonzalez","twitter_card":"summary_large_image","twitter_misc":{"Escrito por":"Ana Gonzalez","Tiempo de lectura":"4 minutos"},"schema":{"@context":"https:\/\/schema.org","@graph":[{"@type":"Article","@id":"https:\/\/patriaparatodos.com.ve\/?p=1997#article","isPartOf":{"@id":"https:\/\/patriaparatodos.com.ve\/?p=1997"},"author":{"name":"Ana Gonzalez","@id":"https:\/\/patriaparatodos.com.ve\/#\/schema\/person\/fa39a49638b83519fd822cacb44f5844"},"headline":"PPT activa Consejo Patri\u00f3tico por La Paz","datePublished":"2024-09-09T20:19:23+00:00","dateModified":"2024-09-09T20:19:23+00:00","mainEntityOfPage":{"@id":"https:\/\/patriaparatodos.com.ve\/?p=1997"},"wordCount":488,"publisher":{"@id":"https:\/\/patriaparatodos.com.ve\/#organization"},"image":{"@id":"https:\/\/patriaparatodos.com.ve\/?p=1997#primaryimage"},"thumbnailUrl":"https:\/\/patriaparatodos.com.ve\/wp-content\/uploads\/2024\/09\/0f611c5b-de6f-4a41-8b4f-c34a13edcc7c-1.jpg","articleSection":["Notas de Prensa"],"inLanguage":"es"},{"@type":"WebPage","@id":"https:\/\/patriaparatodos.com.ve\/?p=1997","url":"https:\/\/patriaparatodos.com.ve\/?p=1997","name":"PPT activa Consejo Patri\u00f3tico por La Paz - La Mecha Azul","isPartOf":{"@id":"https:\/\/patriaparatodos.com.ve\/#website"},"primaryImageOfPage":{"@id":"https:\/\/patriaparatodos.com.ve\/?p=1997#primaryimage"},"image":{"@id":"https:\/\/patriaparatodos.com.ve\/?p=1997#primaryimage"},"thumbnailUrl":"https:\/\/patriaparatodos.com.ve\/wp-content\/uploads\/2024\/09\/0f611c5b-de6f-4a41-8b4f-c34a13edcc7c-1.jpg","datePublished":"2024-09-09T20:19:23+00:00","dateModified":"2024-09-09T20:19:23+00:00","description":"La iniciativa es retomada debido a los recientes ataques terroristas y fascistas de la ultra derecha venezolana","breadcrumb":{"@id":"https:\/\/patriaparatodos.com.ve\/?p=1997#breadcrumb"},"inLanguage":"es","potentialAction":[{"@type":"ReadAction","target":["https:\/\/patriaparatodos.com.ve\/?p=1997"]}]},{"@type":"ImageObject","inLanguage":"es","@id":"https:\/\/patriaparatodos.com.ve\/?p=1997#primaryimage","url":"https:\/\/patriaparatodos.com.ve\/wp-content\/uploads\/2024\/09\/0f611c5b-de6f-4a41-8b4f-c34a13edcc7c-1.jpg","contentUrl":"https:\/\/patriaparatodos.com.ve\/wp-content\/uploads\/2024\/09\/0f611c5b-de6f-4a41-8b4f-c34a13edcc7c-1.jpg","width":1080,"height":527},{"@type":"BreadcrumbList","@id":"https:\/\/patriaparatodos.com.ve\/?p=1997#breadcrumb","itemListElement":[{"@type":"ListItem","position":1,"name":"Portada","item":"https:\/\/patriaparatodos.com.ve\/"},{"@type":"ListItem","position":2,"name":"PPT activa Consejo Patri\u00f3tico por La Paz"}]},{"@type":"WebSite","@id":"https:\/\/patriaparatodos.com.ve\/#website","url":"https:\/\/patriaparatodos.com.ve\/","name":"La Mecha Azul","description":"Por la \u00c9tica, Valor de la Palabra","publisher":{"@id":"https:\/\/patriaparatodos.com.ve\/#organization"},"potentialAction":[{"@type":"SearchAction","target":{"@type":"EntryPoint","urlTemplate":"https:\/\/patriaparatodos.com.ve\/?s={search_term_string}"},"query-input":"required name=search_term_string"}],"inLanguage":"es"},{"@type":"Organization","@id":"https:\/\/patriaparatodos.com.ve\/#organization","name":"La Mecha Azul","url":"https:\/\/patriaparatodos.com.ve\/","logo":{"@type":"ImageObject","inLanguage":"es","@id":"https:\/\/patriaparatodos.com.ve\/#\/schema\/logo\/image\/","url":"https:\/\/patriaparatodos.com.ve\/wp-content\/uploads\/2023\/02\/cropped-logo-La-mecha-Azul-n.png","contentUrl":"https:\/\/patriaparatodos.com.ve\/wp-content\/uploads\/2023\/02\/cropped-logo-La-mecha-Azul-n.png","width":5884,"height":3318,"caption":"La Mecha Azul"},"image":{"@id":"https:\/\/patriaparatodos.com.ve\/#\/schema\/logo\/image\/"}},{"@type":"Person","@id":"https:\/\/patriaparatodos.com.ve\/#\/schema\/person\/fa39a49638b83519fd822cacb44f5844","name":"Ana Gonzalez","image":{"@type":"ImageObject","inLanguage":"es","@id":"https:\/\/patriaparatodos.com.ve\/#\/schema\/person\/image\/","url":"https:\/\/secure.gravatar.com\/avatar\/ef0a71a129594a408c20318531deb64b0ee4a6d35f0864a2e33aea8b4d3481be?s=96&d=mm&r=g","contentUrl":"https:\/\/secure.gravatar.com\/avatar\/ef0a71a129594a408c20318531deb64b0ee4a6d35f0864a2e33aea8b4d3481be?s=96&d=mm&r=g","caption":"Ana Gonzalez"},"url":"https:\/\/patriaparatodos.com.ve\/?author=3"}]}},"_links":{"self":[{"href":"https:\/\/patriaparatodos.com.ve\/index.php?rest_route=\/wp\/v2\/posts\/1997","targetHints":{"allow":["GET"]}}],"collection":[{"href":"https:\/\/patriaparatodos.com.ve\/index.php?rest_route=\/wp\/v2\/posts"}],"about":[{"href":"https:\/\/patriaparatodos.com.ve\/index.php?rest_route=\/wp\/v2\/types\/post"}],"author":[{"embeddable":true,"href":"https:\/\/patriaparatodos.com.ve\/index.php?rest_route=\/wp\/v2\/users\/3"}],"replies":[{"embeddable":true,"href":"https:\/\/patriaparatodos.com.ve\/index.php?rest_route=%2Fwp%2Fv2%2Fcomments&post=1997"}],"version-history":[{"count":3,"href":"https:\/\/patriaparatodos.com.ve\/index.php?rest_route=\/wp\/v2\/posts\/1997\/revisions"}],"predecessor-version":[{"id":2008,"href":"https:\/\/patriaparatodos.com.ve\/index.php?rest_route=\/wp\/v2\/posts\/1997\/revisions\/2008"}],"wp:featuredmedia":[{"embeddable":true,"href":"https:\/\/patriaparatodos.com.ve\/index.php?rest_route=\/wp\/v2\/media\/2009"}],"wp:attachment":[{"href":"https:\/\/patriaparatodos.com.ve\/index.php?rest_route=%2Fwp%2Fv2%2Fmedia&parent=1997"}],"wp:term":[{"taxonomy":"category","embeddable":true,"href":"https:\/\/patriaparatodos.com.ve\/index.php?rest_route=%2Fwp%2Fv2%2Fcategories&post=1997"},{"taxonomy":"post_tag","embeddable":true,"href":"https:\/\/patriaparatodos.com.ve\/index.php?rest_route=%2Fwp%2Fv2%2Ftags&post=1997"}],"curies":[{"name":"wp","href":"https:\/\/api.w.org\/{rel}","templated":true}]}}