{"id":2022,"date":"2024-09-24T15:23:59","date_gmt":"2024-09-24T15:23:59","guid":{"rendered":"https:\/\/patriaparatodos.com.ve\/?p=2022"},"modified":"2024-09-24T15:23:59","modified_gmt":"2024-09-24T15:23:59","slug":"carlos-martinez-alerta-pueblo-alerta-gobierno-ante-la-conspiracion","status":"publish","type":"post","link":"https:\/\/patriaparatodos.com.ve\/?p=2022","title":{"rendered":"Carlos Mart\u00ednez: Alerta pueblo, alerta gobierno ante la conspiraci\u00f3n"},"content":{"rendered":"<p>Ante los planes conspirativos en Venezuela, PPT hace el llamado a los venezolanos a no dejarse enga\u00f1ar. El objetivo va m\u00e1s all\u00e1 del imperialismo, obedece a un plan sionista.<\/p>\n<p>(Prensa PPT-Caracas, 16 de septiembre de 2024) Con presencia de militancia de distintas regiones, el Diputado Carlos Mart\u00ednez, Secretario Nacional de Organizaci\u00f3n de PPT, rindi\u00f3 declaraciones a los medios desde la Oficina Parlamentaria de la tolda azul ubicada en Parque Central.<br \/>\nRecord\u00f3 que el pr\u00f3ximo 19 de septiembre se celebrar\u00e1 el Natalicio del pr\u00f3cer venezolano Jos\u00e9 F\u00e9lix Ribas, quien dej\u00f3 una impronta libertaria que ilumina el camino de la juventud y de quienes luchan por la dignidad de los pueblos. Su estela es una llamarada para todos los j\u00f3venes revolucionarios venezolanos, por el derecho a tener Patria.<br \/>\nPPT en Cuba.- Mart\u00ednez salud\u00f3 el Seminario Internacional sobre Diplomacia Parlamentaria donde participar\u00e1 la Secretaria General de Patria Para Todos, Ilenia Medina, quien adem\u00e1s es Internacionalista y Diplom\u00e1tica, as\u00ed mismo, Primera Vicepresidenta de la Comisi\u00f3n Permanente de Pol\u00edtica Exterior, Soberan\u00eda e Integraci\u00f3n de la Asamblea Nacional.<br \/>\nLa presencia de Ilenia Medina en La Habana, permitir\u00e1 presentar la discusi\u00f3n sobre el fascismo que se ha dado en el pa\u00eds y adem\u00e1s nutrirse de informaci\u00f3n para el Congreso del Bloque Hist\u00f3rico el venidero mes de octubre, convocado por el Presidente Nicol\u00e1s Maduro Moros.<br \/>\nPlan del sionismo.- Ante el desespero del imperialismo y tras el an\u00e1lisis en el debate y la discusi\u00f3n en distintos foros internacionales, se hacen cada d\u00eda m\u00e1s evidente los objetivos sionistas en el mundo. Uno de ellos es lo que ocurre en Ucrania, una guerra que cada vez es m\u00e1s cr\u00edtica.<br \/>\nEn el conflicto Ucrania-Rusia, el gobierno de Vladimir Putin ha combatido el neo-nazismo apoyado por el imperialismo, la Uni\u00f3n Europea y vinculado al sionismo, que no es m\u00e1s que impedir la influencia econ\u00f3mica de Rusia en Europa y adem\u00e1s dinamitar a los pa\u00edses de Eurasia que est\u00e1n participando en los BRICS.<br \/>\nOtro aspecto es el d\u00e9ficit energ\u00e9tico internacional, producto de los conflictos en Medio Oriente, sobre todo el de la Franja de Gaza, que super\u00f3 la masacre para convertirse en un genocidio vil contra el pueblo palestino. Netanyahu est\u00e1 al frente de todo ello y sin pudor arremete contra ni\u00f1os y mujeres, asesin\u00e1ndolos sin ninguna piedad.<br \/>\nEl caso de Gaza es una pol\u00edtica de exterminio para ganar espacio, se\u00f1al\u00f3 el Diputado Carlos Mart\u00ednez, Secretario Nacional de Organizaci\u00f3n de PPT. Los tent\u00e1culos del sionismo, pr\u00e1cticamente nos llevan a una Tercera Guerra Mundial, la cual calificamos de h\u00edbrida.<br \/>\nEn el caso de Am\u00e9rica, tambi\u00e9n han hecho lo propio para implosionar los pa\u00edses a los pa\u00edses que se han dado gobiernos de izquierda. Lo hicieron en Brasil con Bolsonaro como experimento, y ahora han avanzado a otras latitudes, entre ellos Argentina con Javier Milei, y como cosa rara, ambos presidentes en su primera visita oficial al extranjero fueron a Israel.<br \/>\nEn Am\u00e9rica buscan liquidar la autodeterminaci\u00f3n de los pueblos, su independencia, por eso arremeten contra Venezuela, Colombia, Bolivia, Cuba, Nicaragua, Honduras, con distintas expresiones de ataque. Y se apoyan de la tecnolog\u00eda y servicios de las empresas aeroespaciales de Elon Musk.<br \/>\nEn Venezuela, con las elecciones presidenciales hicieron un ensayo, para desconocer el resultado electoral, las instituciones del Estado y atacar la paz. A ello le agregaron la publicaci\u00f3n, alteraci\u00f3n y forjamiento de actas electorales en una p\u00e1gina web.<br \/>\nPosterior a todo esto, se desarroll\u00f3 la violencia fascista pag\u00e1ndole a grupos delictivos para arremeter contra bienes p\u00fablicos y privados, y asesinar a m\u00e1s de 20 personas. Esto fue acompa\u00f1ado con influencers que en sus redes sociales llamaban a la \u201cprotesta\u201d y junto a los medios desconoc\u00edan a Nicol\u00e1s Maduro como Presidente reelecto para un nuevo mandato.<br \/>\nAhora sabemos que el plan no par\u00f3, se\u00f1al\u00f3 Carlos Mart\u00ednez, este fin de semana conocimos una nueva etapa de la mano del Ministro Diosdado Cabello, quien present\u00f3 al pa\u00eds el arsenal de armas militares y los detenidos implicados en actos terroristas planificados con apoyo de los gobiernos de Estados Unidos y Espa\u00f1a junto a la extrema derecha venezolana patrocinada por el sionismo internacional.<br \/>\nA juicio del Diputado Carlos Mart\u00ednez, la labor desempa\u00f1ada por el Ministro Cabello, a pocos d\u00edas de su designaci\u00f3n, demuestra su temple al lograr develar junto a los cuerpos de seguridad del Estado al plan conspirativo de golpe, all\u00ed que anunciaran este lunes como un d\u00eda crucial para la ultraderecha en Venezuela.<br \/>\nMart\u00ednez denunci\u00f3 que la presencia de tres ciudadanos norteamericanos vinculados a las Fuerzas Armadas de ese pa\u00eds, debe ser explicada por el gobierno norteamericano por violar todas las normativas y tratados internacionales. Sabemos que Estados Unidos y los sionistas, lo que quieren es el dominio de todos los pa\u00edses, estableciendo un gobierno mundial donde la Inteligencia Artificial y las Redes Sociales sean determinantes para desplazar la identidad nacional.<br \/>\nMart\u00ednez se pregunt\u00f3, \u00bfc\u00f3mo es posible que Mar\u00eda Cortina Machado ahora convoque concentraciones a las 06:00 de la tarde? Habr\u00eda que ver con qu\u00e9 intenci\u00f3n lo hace, luego de develarse el plan conspirativo. \u00bfAcaso esta convocatoria ser\u00eda parte del plan? Todo apunta a que s\u00ed.<br \/>\nMientras Joseph Borrel convoca al Europarlamento este martes, \u00bfacaso pensaban amanecer desde las 06:00 de la tarde hasta la sesi\u00f3n del Europarlamento para incendiar Venezuela con el objetivo de sentar las bases para que los gobiernos de europea reconozcan al t\u00edtere de Machado, buf\u00f3n de Espa\u00f1a, ahora como Presidente?<br \/>\nEl Diputado Carlo Mart\u00ednez dijo que todo ello apunta a que se remiten a los planes Santa Fe I y II, cuyos prop\u00f3sitos eran convertir a los pa\u00edses en clubes, controlados para expoliar sus recursos y utilizarlos como espacios para el descanso, la distracci\u00f3n. Por eso decimos que Borrel mande un avi\u00f3n militar para que se lleve a Mar\u00eda Corina y la nombre \u201cnana\u201d del buf\u00f3n.<br \/>\nCongreso Mundial contra el Fascismo.- PPT califica como correcto el llamado a este espacio de discusi\u00f3n que permita crear herramientas c\u00f3nsonas para atender lo que ocurre en nuestro pa\u00eds. Con la presencia de 200 delegados internacionales y m\u00e1s de 1000 venezolanos, se dio el debate sobre el fascismo y sus expresiones, al cual Mart\u00ednez calific\u00f3 como una corriente del capitalismo.<br \/>\nEl resultado del Congreso deja como saldo un nuevo tipo de relacionamiento para un mundo multipolar. En el debate tenemos coincidencias con Juan Carlos Monedero, de Espa\u00f1a, quien habla del fascismo como una puesta en escena de la violencia y el odio, incrementado por las tecnolog\u00edas aplicadas a las redes sociales para inocularlo en la poblaci\u00f3n.<br \/>\nEn Venezuela no se puede pretender que el fascismo sea parte del quehacer pol\u00edtico, la Constituci\u00f3n y las leyes deben respetarse para que esto no ocurra. Ya lo vivimos en 2002 y 2003, luego hubo una pol\u00edtica de pacificaci\u00f3n y perd\u00f3n, as\u00ed mismo ha pasado como en 2014 y 2017, esto no puede seguir ocurriendo, por eso PPT se declara como milicia comunicacional contra el fascismo.<br \/>\nConsejo Patri\u00f3tico.- PPT activ\u00f3 el Consejo Patri\u00f3tico por la Paz, instalado previamente en 2016 y ahora retomado para atender las distintas situaciones que buscan vulnerar la tranquilidad del pueblo venezolano con violencia, terrorismo y desestabilizaci\u00f3n. Iniciamos en Caracas, se sum\u00f3 Maracay y ahora avanzamos a otras regiones para constituir los Consejos Patri\u00f3ticos por la Paz regionales.<br \/>\nHemos hecho una revisi\u00f3n de las distintas variables que operan en contra de la paz, adem\u00e1s de alinearnos a las transformaciones presentadas por el Presidente Nicol\u00e1s Maduro Moros para su pr\u00f3ximo sexenio. Esto est\u00e1 acompa\u00f1ado por documentos que est\u00e1n circulando en las distintas regiones para el an\u00e1lisis y discusi\u00f3n, que sirvan como herramienta para el debate del Congreso en octubre.<br \/>\nHemos colocado en el debate sobre las 7 Transformaciones los gobiernos populares para redefinir las instancias de planificaci\u00f3n del pa\u00eds, los Consejos Locales de Planificaci\u00f3n, los Consejos Regionales de Planificaci\u00f3n y el Consejo Federal de Gobierno; con una participaci\u00f3n plena en las vocer\u00edas sociales de los Movimientos, que debe ser electa por voto secreto y universal.<br \/>\nEl gobierno popular queda supeditado al debate de las comunidades como vocer\u00edas presentes en las instancias de planificaci\u00f3n que accionen proyectos a favor del pueblo, garanticen su ejecuci\u00f3n y que la ciudadan\u00eda vea como un todo cada problema; ya que se repiten situaciones muy parecidas en distintos espacios del pa\u00eds, con el agua, la electricidad, la luz y otros servicios p\u00fablicos.<br \/>\nPara PPT no poder quedar supeditado a una figura como alcaldes y gobernadores la designaci\u00f3n de los Consejos Locales de Planificaci\u00f3n y los Consejos Regionales de Planificaci\u00f3n, por esa raz\u00f3n llevaremos al Congreso del Bloque Hist\u00f3rico esta propuesta de gobiernos populares para ir a la profundizaci\u00f3n de la democracia, en palabras de Maneiro. Al cierre, Mart\u00ednez record\u00f3 la frase de Ribas, \u201cno podemos optar entre vencer o morir, necesario es vencer\u201d.<\/p>\n","protected":false},"excerpt":{"rendered":"<p>Ante los planes conspirativos en Venezuela, PPT hace el llamado a los venezolanos a no dejarse enga\u00f1ar. El objetivo va m\u00e1s all\u00e1 del imperialismo, obedece a un plan sionista. (Prensa PPT-Caracas, 16 de septiembre de 2024) Con presencia de militancia de distintas regiones, el Diputado Carlos Mart\u00ednez, Secretario Nacional de Organizaci\u00f3n de PPT, rindi\u00f3 declaraciones [&hellip;]<\/p>\n","protected":false},"author":3,"featured_media":2024,"comment_status":"closed","ping_status":"open","sticky":false,"template":"","format":"standard","meta":{"footnotes":""},"categories":[7],"tags":[],"class_list":["post-2022","post","type-post","status-publish","format-standard","has-post-thumbnail","hentry","category-notas-de-prensa"],"yoast_head":"<!-- This site is optimized with the Yoast SEO plugin v23.3 - https:\/\/yoast.com\/wordpress\/plugins\/seo\/ -->\n<title>Carlos Mart\u00ednez: Alerta pueblo, alerta gobierno ante la conspiraci\u00f3n - La Mecha Azul<\/title>\n<meta name=\"description\" content=\"El llamado a los venezolanos a no dejarse enga\u00f1ar. El objetivo va m\u00e1s all\u00e1 del imperialismo, obedece a un plan sionista.\" \/>\n<meta name=\"robots\" content=\"index, follow, max-snippet:-1, max-image-preview:large, max-video-preview:-1\" \/>\n<link rel=\"canonical\" href=\"https:\/\/patriaparatodos.com.ve\/?p=2022\" \/>\n<meta property=\"og:locale\" content=\"es_ES\" \/>\n<meta property=\"og:type\" content=\"article\" \/>\n<meta property=\"og:title\" content=\"Carlos Mart\u00ednez: Alerta pueblo, alerta gobierno ante la conspiraci\u00f3n - La Mecha Azul\" \/>\n<meta property=\"og:description\" content=\"El llamado a los venezolanos a no dejarse enga\u00f1ar. El objetivo va m\u00e1s all\u00e1 del imperialismo, obedece a un plan sionista.\" \/>\n<meta property=\"og:url\" content=\"https:\/\/patriaparatodos.com.ve\/?p=2022\" \/>\n<meta property=\"og:site_name\" content=\"La Mecha Azul\" \/>\n<meta property=\"article:published_time\" content=\"2024-09-24T15:23:59+00:00\" \/>\n<meta property=\"og:image\" content=\"https:\/\/patriaparatodos.com.ve\/wp-content\/uploads\/2024\/09\/8094b6bb-00bf-4171-9f8a-749f7050a528.jpg\" \/>\n\t<meta property=\"og:image:width\" content=\"1080\" \/>\n\t<meta property=\"og:image:height\" content=\"495\" \/>\n\t<meta property=\"og:image:type\" content=\"image\/jpeg\" \/>\n<meta name=\"author\" content=\"Ana Gonzalez\" \/>\n<meta name=\"twitter:card\" content=\"summary_large_image\" \/>\n<meta name=\"twitter:label1\" content=\"Escrito por\" \/>\n\t<meta name=\"twitter:data1\" content=\"Ana Gonzalez\" \/>\n\t<meta name=\"twitter:label2\" content=\"Tiempo de lectura\" \/>\n\t<meta name=\"twitter:data2\" content=\"7 minutos\" \/>\n<script type=\"application\/ld+json\" class=\"yoast-schema-graph\">{\"@context\":\"https:\/\/schema.org\",\"@graph\":[{\"@type\":\"Article\",\"@id\":\"https:\/\/patriaparatodos.com.ve\/?p=2022#article\",\"isPartOf\":{\"@id\":\"https:\/\/patriaparatodos.com.ve\/?p=2022\"},\"author\":{\"name\":\"Ana Gonzalez\",\"@id\":\"https:\/\/patriaparatodos.com.ve\/#\/schema\/person\/fa39a49638b83519fd822cacb44f5844\"},\"headline\":\"Carlos Mart\u00ednez: Alerta pueblo, alerta gobierno ante la conspiraci\u00f3n\",\"datePublished\":\"2024-09-24T15:23:59+00:00\",\"dateModified\":\"2024-09-24T15:23:59+00:00\",\"mainEntityOfPage\":{\"@id\":\"https:\/\/patriaparatodos.com.ve\/?p=2022\"},\"wordCount\":1574,\"publisher\":{\"@id\":\"https:\/\/patriaparatodos.com.ve\/#organization\"},\"image\":{\"@id\":\"https:\/\/patriaparatodos.com.ve\/?p=2022#primaryimage\"},\"thumbnailUrl\":\"https:\/\/patriaparatodos.com.ve\/wp-content\/uploads\/2024\/09\/8094b6bb-00bf-4171-9f8a-749f7050a528.jpg\",\"articleSection\":[\"Notas de Prensa\"],\"inLanguage\":\"es\"},{\"@type\":\"WebPage\",\"@id\":\"https:\/\/patriaparatodos.com.ve\/?p=2022\",\"url\":\"https:\/\/patriaparatodos.com.ve\/?p=2022\",\"name\":\"Carlos Mart\u00ednez: Alerta pueblo, alerta gobierno ante la conspiraci\u00f3n - La Mecha Azul\",\"isPartOf\":{\"@id\":\"https:\/\/patriaparatodos.com.ve\/#website\"},\"primaryImageOfPage\":{\"@id\":\"https:\/\/patriaparatodos.com.ve\/?p=2022#primaryimage\"},\"image\":{\"@id\":\"https:\/\/patriaparatodos.com.ve\/?p=2022#primaryimage\"},\"thumbnailUrl\":\"https:\/\/patriaparatodos.com.ve\/wp-content\/uploads\/2024\/09\/8094b6bb-00bf-4171-9f8a-749f7050a528.jpg\",\"datePublished\":\"2024-09-24T15:23:59+00:00\",\"dateModified\":\"2024-09-24T15:23:59+00:00\",\"description\":\"El llamado a los venezolanos a no dejarse enga\u00f1ar. El objetivo va m\u00e1s all\u00e1 del imperialismo, obedece a un plan sionista.\",\"breadcrumb\":{\"@id\":\"https:\/\/patriaparatodos.com.ve\/?p=2022#breadcrumb\"},\"inLanguage\":\"es\",\"potentialAction\":[{\"@type\":\"ReadAction\",\"target\":[\"https:\/\/patriaparatodos.com.ve\/?p=2022\"]}]},{\"@type\":\"ImageObject\",\"inLanguage\":\"es\",\"@id\":\"https:\/\/patriaparatodos.com.ve\/?p=2022#primaryimage\",\"url\":\"https:\/\/patriaparatodos.com.ve\/wp-content\/uploads\/2024\/09\/8094b6bb-00bf-4171-9f8a-749f7050a528.jpg\",\"contentUrl\":\"https:\/\/patriaparatodos.com.ve\/wp-content\/uploads\/2024\/09\/8094b6bb-00bf-4171-9f8a-749f7050a528.jpg\",\"width\":1080,\"height\":495,\"caption\":\"patria para todos\"},{\"@type\":\"BreadcrumbList\",\"@id\":\"https:\/\/patriaparatodos.com.ve\/?p=2022#breadcrumb\",\"itemListElement\":[{\"@type\":\"ListItem\",\"position\":1,\"name\":\"Portada\",\"item\":\"https:\/\/patriaparatodos.com.ve\/\"},{\"@type\":\"ListItem\",\"position\":2,\"name\":\"Carlos Mart\u00ednez: Alerta pueblo, alerta gobierno ante la conspiraci\u00f3n\"}]},{\"@type\":\"WebSite\",\"@id\":\"https:\/\/patriaparatodos.com.ve\/#website\",\"url\":\"https:\/\/patriaparatodos.com.ve\/\",\"name\":\"La Mecha Azul\",\"description\":\"Por la \u00c9tica, Valor de la Palabra\",\"publisher\":{\"@id\":\"https:\/\/patriaparatodos.com.ve\/#organization\"},\"potentialAction\":[{\"@type\":\"SearchAction\",\"target\":{\"@type\":\"EntryPoint\",\"urlTemplate\":\"https:\/\/patriaparatodos.com.ve\/?s={search_term_string}\"},\"query-input\":\"required name=search_term_string\"}],\"inLanguage\":\"es\"},{\"@type\":\"Organization\",\"@id\":\"https:\/\/patriaparatodos.com.ve\/#organization\",\"name\":\"La Mecha Azul\",\"url\":\"https:\/\/patriaparatodos.com.ve\/\",\"logo\":{\"@type\":\"ImageObject\",\"inLanguage\":\"es\",\"@id\":\"https:\/\/patriaparatodos.com.ve\/#\/schema\/logo\/image\/\",\"url\":\"https:\/\/patriaparatodos.com.ve\/wp-content\/uploads\/2023\/02\/cropped-logo-La-mecha-Azul-n.png\",\"contentUrl\":\"https:\/\/patriaparatodos.com.ve\/wp-content\/uploads\/2023\/02\/cropped-logo-La-mecha-Azul-n.png\",\"width\":5884,\"height\":3318,\"caption\":\"La Mecha Azul\"},\"image\":{\"@id\":\"https:\/\/patriaparatodos.com.ve\/#\/schema\/logo\/image\/\"}},{\"@type\":\"Person\",\"@id\":\"https:\/\/patriaparatodos.com.ve\/#\/schema\/person\/fa39a49638b83519fd822cacb44f5844\",\"name\":\"Ana Gonzalez\",\"image\":{\"@type\":\"ImageObject\",\"inLanguage\":\"es\",\"@id\":\"https:\/\/patriaparatodos.com.ve\/#\/schema\/person\/image\/\",\"url\":\"https:\/\/secure.gravatar.com\/avatar\/ef0a71a129594a408c20318531deb64b0ee4a6d35f0864a2e33aea8b4d3481be?s=96&d=mm&r=g\",\"contentUrl\":\"https:\/\/secure.gravatar.com\/avatar\/ef0a71a129594a408c20318531deb64b0ee4a6d35f0864a2e33aea8b4d3481be?s=96&d=mm&r=g\",\"caption\":\"Ana Gonzalez\"},\"url\":\"https:\/\/patriaparatodos.com.ve\/?author=3\"}]}<\/script>\n<!-- \/ Yoast SEO plugin. -->","yoast_head_json":{"title":"Carlos Mart\u00ednez: Alerta pueblo, alerta gobierno ante la conspiraci\u00f3n - La Mecha Azul","description":"El llamado a los venezolanos a no dejarse enga\u00f1ar. El objetivo va m\u00e1s all\u00e1 del imperialismo, obedece a un plan sionista.","robots":{"index":"index","follow":"follow","max-snippet":"max-snippet:-1","max-image-preview":"max-image-preview:large","max-video-preview":"max-video-preview:-1"},"canonical":"https:\/\/patriaparatodos.com.ve\/?p=2022","og_locale":"es_ES","og_type":"article","og_title":"Carlos Mart\u00ednez: Alerta pueblo, alerta gobierno ante la conspiraci\u00f3n - La Mecha Azul","og_description":"El llamado a los venezolanos a no dejarse enga\u00f1ar. El objetivo va m\u00e1s all\u00e1 del imperialismo, obedece a un plan sionista.","og_url":"https:\/\/patriaparatodos.com.ve\/?p=2022","og_site_name":"La Mecha Azul","article_published_time":"2024-09-24T15:23:59+00:00","og_image":[{"width":1080,"height":495,"url":"https:\/\/patriaparatodos.com.ve\/wp-content\/uploads\/2024\/09\/8094b6bb-00bf-4171-9f8a-749f7050a528.jpg","type":"image\/jpeg"}],"author":"Ana Gonzalez","twitter_card":"summary_large_image","twitter_misc":{"Escrito por":"Ana Gonzalez","Tiempo de lectura":"7 minutos"},"schema":{"@context":"https:\/\/schema.org","@graph":[{"@type":"Article","@id":"https:\/\/patriaparatodos.com.ve\/?p=2022#article","isPartOf":{"@id":"https:\/\/patriaparatodos.com.ve\/?p=2022"},"author":{"name":"Ana Gonzalez","@id":"https:\/\/patriaparatodos.com.ve\/#\/schema\/person\/fa39a49638b83519fd822cacb44f5844"},"headline":"Carlos Mart\u00ednez: Alerta pueblo, alerta gobierno ante la conspiraci\u00f3n","datePublished":"2024-09-24T15:23:59+00:00","dateModified":"2024-09-24T15:23:59+00:00","mainEntityOfPage":{"@id":"https:\/\/patriaparatodos.com.ve\/?p=2022"},"wordCount":1574,"publisher":{"@id":"https:\/\/patriaparatodos.com.ve\/#organization"},"image":{"@id":"https:\/\/patriaparatodos.com.ve\/?p=2022#primaryimage"},"thumbnailUrl":"https:\/\/patriaparatodos.com.ve\/wp-content\/uploads\/2024\/09\/8094b6bb-00bf-4171-9f8a-749f7050a528.jpg","articleSection":["Notas de Prensa"],"inLanguage":"es"},{"@type":"WebPage","@id":"https:\/\/patriaparatodos.com.ve\/?p=2022","url":"https:\/\/patriaparatodos.com.ve\/?p=2022","name":"Carlos Mart\u00ednez: Alerta pueblo, alerta gobierno ante la conspiraci\u00f3n - La Mecha Azul","isPartOf":{"@id":"https:\/\/patriaparatodos.com.ve\/#website"},"primaryImageOfPage":{"@id":"https:\/\/patriaparatodos.com.ve\/?p=2022#primaryimage"},"image":{"@id":"https:\/\/patriaparatodos.com.ve\/?p=2022#primaryimage"},"thumbnailUrl":"https:\/\/patriaparatodos.com.ve\/wp-content\/uploads\/2024\/09\/8094b6bb-00bf-4171-9f8a-749f7050a528.jpg","datePublished":"2024-09-24T15:23:59+00:00","dateModified":"2024-09-24T15:23:59+00:00","description":"El llamado a los venezolanos a no dejarse enga\u00f1ar. El objetivo va m\u00e1s all\u00e1 del imperialismo, obedece a un plan sionista.","breadcrumb":{"@id":"https:\/\/patriaparatodos.com.ve\/?p=2022#breadcrumb"},"inLanguage":"es","potentialAction":[{"@type":"ReadAction","target":["https:\/\/patriaparatodos.com.ve\/?p=2022"]}]},{"@type":"ImageObject","inLanguage":"es","@id":"https:\/\/patriaparatodos.com.ve\/?p=2022#primaryimage","url":"https:\/\/patriaparatodos.com.ve\/wp-content\/uploads\/2024\/09\/8094b6bb-00bf-4171-9f8a-749f7050a528.jpg","contentUrl":"https:\/\/patriaparatodos.com.ve\/wp-content\/uploads\/2024\/09\/8094b6bb-00bf-4171-9f8a-749f7050a528.jpg","width":1080,"height":495,"caption":"patria para todos"},{"@type":"BreadcrumbList","@id":"https:\/\/patriaparatodos.com.ve\/?p=2022#breadcrumb","itemListElement":[{"@type":"ListItem","position":1,"name":"Portada","item":"https:\/\/patriaparatodos.com.ve\/"},{"@type":"ListItem","position":2,"name":"Carlos Mart\u00ednez: Alerta pueblo, alerta gobierno ante la conspiraci\u00f3n"}]},{"@type":"WebSite","@id":"https:\/\/patriaparatodos.com.ve\/#website","url":"https:\/\/patriaparatodos.com.ve\/","name":"La Mecha Azul","description":"Por la \u00c9tica, Valor de la Palabra","publisher":{"@id":"https:\/\/patriaparatodos.com.ve\/#organization"},"potentialAction":[{"@type":"SearchAction","target":{"@type":"EntryPoint","urlTemplate":"https:\/\/patriaparatodos.com.ve\/?s={search_term_string}"},"query-input":"required name=search_term_string"}],"inLanguage":"es"},{"@type":"Organization","@id":"https:\/\/patriaparatodos.com.ve\/#organization","name":"La Mecha Azul","url":"https:\/\/patriaparatodos.com.ve\/","logo":{"@type":"ImageObject","inLanguage":"es","@id":"https:\/\/patriaparatodos.com.ve\/#\/schema\/logo\/image\/","url":"https:\/\/patriaparatodos.com.ve\/wp-content\/uploads\/2023\/02\/cropped-logo-La-mecha-Azul-n.png","contentUrl":"https:\/\/patriaparatodos.com.ve\/wp-content\/uploads\/2023\/02\/cropped-logo-La-mecha-Azul-n.png","width":5884,"height":3318,"caption":"La Mecha Azul"},"image":{"@id":"https:\/\/patriaparatodos.com.ve\/#\/schema\/logo\/image\/"}},{"@type":"Person","@id":"https:\/\/patriaparatodos.com.ve\/#\/schema\/person\/fa39a49638b83519fd822cacb44f5844","name":"Ana Gonzalez","image":{"@type":"ImageObject","inLanguage":"es","@id":"https:\/\/patriaparatodos.com.ve\/#\/schema\/person\/image\/","url":"https:\/\/secure.gravatar.com\/avatar\/ef0a71a129594a408c20318531deb64b0ee4a6d35f0864a2e33aea8b4d3481be?s=96&d=mm&r=g","contentUrl":"https:\/\/secure.gravatar.com\/avatar\/ef0a71a129594a408c20318531deb64b0ee4a6d35f0864a2e33aea8b4d3481be?s=96&d=mm&r=g","caption":"Ana Gonzalez"},"url":"https:\/\/patriaparatodos.com.ve\/?author=3"}]}},"_links":{"self":[{"href":"https:\/\/patriaparatodos.com.ve\/index.php?rest_route=\/wp\/v2\/posts\/2022","targetHints":{"allow":["GET"]}}],"collection":[{"href":"https:\/\/patriaparatodos.com.ve\/index.php?rest_route=\/wp\/v2\/posts"}],"about":[{"href":"https:\/\/patriaparatodos.com.ve\/index.php?rest_route=\/wp\/v2\/types\/post"}],"author":[{"embeddable":true,"href":"https:\/\/patriaparatodos.com.ve\/index.php?rest_route=\/wp\/v2\/users\/3"}],"replies":[{"embeddable":true,"href":"https:\/\/patriaparatodos.com.ve\/index.php?rest_route=%2Fwp%2Fv2%2Fcomments&post=2022"}],"version-history":[{"count":1,"href":"https:\/\/patriaparatodos.com.ve\/index.php?rest_route=\/wp\/v2\/posts\/2022\/revisions"}],"predecessor-version":[{"id":2025,"href":"https:\/\/patriaparatodos.com.ve\/index.php?rest_route=\/wp\/v2\/posts\/2022\/revisions\/2025"}],"wp:featuredmedia":[{"embeddable":true,"href":"https:\/\/patriaparatodos.com.ve\/index.php?rest_route=\/wp\/v2\/media\/2024"}],"wp:attachment":[{"href":"https:\/\/patriaparatodos.com.ve\/index.php?rest_route=%2Fwp%2Fv2%2Fmedia&parent=2022"}],"wp:term":[{"taxonomy":"category","embeddable":true,"href":"https:\/\/patriaparatodos.com.ve\/index.php?rest_route=%2Fwp%2Fv2%2Fcategories&post=2022"},{"taxonomy":"post_tag","embeddable":true,"href":"https:\/\/patriaparatodos.com.ve\/index.php?rest_route=%2Fwp%2Fv2%2Ftags&post=2022"}],"curies":[{"name":"wp","href":"https:\/\/api.w.org\/{rel}","templated":true}]}}