{"id":2026,"date":"2024-09-24T15:37:05","date_gmt":"2024-09-24T15:37:05","guid":{"rendered":"https:\/\/patriaparatodos.com.ve\/?p=2026"},"modified":"2024-09-24T15:43:54","modified_gmt":"2024-09-24T15:43:54","slug":"jose-bracho-ppt-continua-en-la-busqueda-de-los-iguales","status":"publish","type":"post","link":"https:\/\/patriaparatodos.com.ve\/?p=2026","title":{"rendered":"Jos\u00e9 Bracho: PPT contin\u00faa en la b\u00fasqueda de los iguales"},"content":{"rendered":"<p><strong>En su semana aniversario, Patria Para Todos se plantea hacer presencia activa en cada Plaza Bol\u00edvar del pa\u00eds y adem\u00e1s presentar foros sobre el fascismo.<\/strong><\/p>\n<p>(Prensa PPT-Caracas, 23 de septiembre de 2024) En la Oficina Parlamentaria de PPT, como cada lunes se rindieron declaraciones a los medios de comunicaci\u00f3n nacionales, contando con la vocer\u00eda del Diputado Jos\u00e9 Bracho, miembro del Secretariado Nacional de Patria Para Todos (PPT), quien \u00a0abord\u00f3 los temas de inter\u00e9s discutidos en agenda para ser presentados a la opini\u00f3n nacional.<\/p>\n<p><strong>27 a\u00f1os de PPT.-<\/strong>\u00a0A pocos d\u00edas de cumplirse el aniversario de la tolda azul, Jos\u00e9 Bracho los calific\u00f3 como 27 a\u00f1os de lucha para con ello invitar a los actos de celebraci\u00f3n que se desarrollar\u00e1n como de costumbre en las Plazas Bol\u00edvar de cada ciudad y pueblo del pa\u00eds. En el caso de Caracas, la semana aniversario contempla un sinn\u00famero de actividades.<\/p>\n<p>La agenda se caracteriza por el debate entre los iguales de acuerdo a los principios de Alfredo Maneiro, mentor pol\u00edtico de PPT, de cara al Congreso Patri\u00f3tico del mes de octubre de las fuerzas revolucionarias; por ello, discutiremos sobre el fascismo en todos los territorios donde hacemos presencia. En el caso de Caracas, se desarrollar\u00e1 un foro denominado \u201c\u00bfEs el fascismo una ideolog\u00eda o no?\u201d, con un grupo de expertos.<\/p>\n<p><strong>Ferias en Caracas.-<\/strong>\u00a0Dos actividades trascendieron en la capital venezolana, la primera de ellas la XV Feria del Libro Caracas organizada por la Alcald\u00eda de Caracas que est\u00e1 en desarrollo hasta el pr\u00f3ximo domingo en la Galer\u00eda de Arte Nacional y la Plaza de la Juventud. La otra actividad, fue la II FITVEN en el Poliedro de Caracas, donde se present\u00f3 las pol\u00edticas que desarrolla en el \u00e1mbito de las tecnolog\u00edas, su innovaci\u00f3n y desarrollo. Destac\u00f3 los acuerdos suscritos por Venezuela con empresas extranjeras para el crecimiento del sector.<\/p>\n<p><strong>Cobro con tasa BCV.-<\/strong>\u00a0El Diputado Jos\u00e9 Bracho reiter\u00f3 la campa\u00f1a que desarrolla PPT para exigir a los prestadores de servicio y comerciales el cobro de sus servicios en divisas a tasa del Banco Central de Venezuela y el pueblo est\u00e1 llamado a no permitir que le sobren con otra tasa por ser un acto fascista y con ello se contribuye a desestabilizar la econom\u00eda en el pa\u00eds, por eso, desde el partido lo recordamos en cada declaraci\u00f3n.<\/p>\n<p><strong>Calidad de servicio en el Metro.-<\/strong>\u00a0Como experto en el \u00e1rea de servicios p\u00fablicos, Bracho plante\u00f3 que el Metro de Caracas desarrolla un m\u00e9todo m\u00e1s eficiente para la venta de las tarjetas inteligentes para el pago del sistema, no puede ser que permanezcan grandes colas, sobre todo para los adultos mayores; por esta raz\u00f3n, desde PPT creemos necesario el desarrollo de un concurso de ideas para conseguir mecanismos que superen esta situaci\u00f3n y adem\u00e1s atienda otros requerimientos en la prestaci\u00f3n del servicio.<\/p>\n<p>Dentro de los requerimientos, est\u00e1 crear instalaci\u00f3n forzada o mecanizada en los vagones del metro de Caracas para su ventilaci\u00f3n, mejorando as\u00ed la calidad del servicio y su eficiencia. Desde PPT nos sumamos a generar el debate y aportar planteamientos apropiados para desarrollarlos de acuerdo a las necesidades que satisfagan los usuarios del principal sistema de transporte capitalino.<\/p>\n<p><strong>\u00bfQui\u00e9nes son los ap\u00e1tridas?<\/strong>\u00a0PPT hace un llamado de alerta a las fuerzas revolucionarias, para que con car\u00e1cter de urgencia se publiquen los nombres de los venezolanos y sus aliados que perjudican al pa\u00eds tras la infame campa\u00f1a contra Venezuela. Calific\u00f3 a Erik Prince como mercenario de la guerra al estar recaudando dinero en Estados Unidos para asesinar al Presidente Nicol\u00e1s Maduro y destruir la Revoluci\u00f3n Bolivariana.<\/p>\n<p>Esto es un atentado contra la paz de la patria. PPT cierra filas contra este infame mercenario y todos aquellos que se prestan para atacar a Venezuela. Y propone que los ap\u00e1tridas sean identificados p\u00fablicamente para evitar que sigan colaborando y convirti\u00e9ndose en c\u00f3mplices.<\/p>\n<p><strong>Huida de Gonz\u00e1lez Urrutia.-<\/strong>\u00a0A juicio de Jos\u00e9 Bracho, el ex candidato de la extrema derecha venezolana, \u201clo que hizo fue irse para su casa, ya que viv\u00eda en Espa\u00f1a y vino a cumplir una labor en Venezuela que le pagaron:\u201d ser candidato presidencial y prestarse para un plan desestabilizador. Su huida es un tema de inter\u00e9s nacional que sigue siendo utilizado por la extrema derecha para perturbar la tranquilidad y la paz.<\/p>\n<p><strong>Asamblea de la ONU.-<\/strong>\u00a0PPT orienta a toda su militancia y simpatizantes a estar pendientes este martes en la instalaci\u00f3n de la Asamblea donde hablar\u00e1 por Venezuela el Canciller Yv\u00e1n Gil con apoyo de la representaci\u00f3n de nuestro Embajador ante las Naciones Unidas, denunciando el plan sistem\u00e1tico y continuado de los factores de derecha que est\u00e1n presentes en Naciones Unidas.<\/p>\n<p>Ante la reciente comunicaci\u00f3n entre el Presidente \u00a0Nicol\u00e1s Maduro Moros y el Secretario General de la ONU Ant\u00f3nio Guterres, el presidente venezolano ha recordado los ataques sistem\u00e1ticos en contra de la Patria Grande en el marco del respeto para que este funcionario entienda que no es s\u00f3lo Venezuela el pa\u00eds afectado, existen otros territorios de Nuestra Am\u00e9rica que son atacados constantemente.<\/p>\n<p>Adelant\u00f3 Bracho que otro de los temas a tocar en este foro internacional ser\u00e1 la Agenda 2030 y sus 17 Objetivos. En el caso venezolano, destac\u00f3 que Venezuela tiene avances significativos en el Objetivo N\u00famero 6, referido al agua. Los Objetivos de Desarrollo Sostenible, en este marco tienen un tiempo finito; nuestro pa\u00eds, integrado al sistema internacional, hace lo propio para alcanzarlos y cumplir con las garant\u00edas necesarias para la vida y la preservaci\u00f3n del planeta.<\/p>\n<p><strong>PPT en La Habana.-<\/strong>\u00a0Con la representaci\u00f3n de nuestra Secretaria General, Diputada Ilenia Medina, PPT estuvo presente en el I Seminario Internacional sobre Diplomacia Parlamentaria, desarrollado en la capital de Cuba; presentando aportes significativos en la declaraci\u00f3n final. Bracho record\u00f3 que la Embajadora Ilenia Medina es diplom\u00e1tica de carrera, y cuenta con una amplia experiencia en este tipo de foros multilaterales marcados por la solidaridad y el encuentro por un mundo mejor, y enmarcado en los 66 a\u00f1os de la Revoluci\u00f3n Cubana.<\/p>\n<p><strong>Banderas a favor de Palestina.-<\/strong>\u00a0La tolda azul saluda todo el esfuerzo de Hind\u00fa Anderi a favor de Palestina en Venezuela. Nos solidarizamos con un trabajo arduo y m\u00edstica que consiste en la denuncia permanente ante el mundo, por el genocidio y exterminio que sufren los palestinos en Gaza. Ante el silencio del mundo, esperamos que en la asamblea anual de Naciones Unidas surjan nuevas voces que denuncien esta arbitrariedad, porque \u201cPalestina vive.\u201d<\/p>\n<p><strong>Partidos y una nueva sociedad.-<\/strong>\u00a0Al cierre de sus declaraciones, Jos\u00e9 Bracho se\u00f1al\u00f3 que PPT estar\u00e9 presente en la ciudad de M\u00e9xico atendiendo la invitaci\u00f3n del Partido de los Trabajadores de ese pa\u00eds en el XXVIII Seminario Internacional \u00abLos Partidos Pol\u00edticos y una Nueva Sociedad\u00bb, a celebrarse del 26 al 28 de septiembre. En este encuentro, la comitiva de Patria Para Todos presentar\u00e1 las distintas expresiones del fascismo y neofascismo en Venezuela: \u201cen Venezuela le volvimos a ver la cara al fascismo\u201d.<\/p>\n","protected":false},"excerpt":{"rendered":"<p>En su semana aniversario, Patria Para Todos se plantea hacer presencia activa en cada Plaza Bol\u00edvar del pa\u00eds y adem\u00e1s presentar foros sobre el fascismo. (Prensa PPT-Caracas, 23 de septiembre de 2024) En la Oficina Parlamentaria de PPT, como cada lunes se rindieron declaraciones a los medios de comunicaci\u00f3n nacionales, contando con la vocer\u00eda del [&hellip;]<\/p>\n","protected":false},"author":3,"featured_media":2028,"comment_status":"closed","ping_status":"open","sticky":false,"template":"","format":"standard","meta":{"footnotes":""},"categories":[7],"tags":[],"class_list":["post-2026","post","type-post","status-publish","format-standard","has-post-thumbnail","hentry","category-notas-de-prensa"],"yoast_head":"<!-- This site is optimized with the Yoast SEO plugin v23.3 - https:\/\/yoast.com\/wordpress\/plugins\/seo\/ -->\n<title>Jos\u00e9 Bracho: PPT contin\u00faa en la b\u00fasqueda de los iguales - La Mecha Azul<\/title>\n<meta name=\"description\" content=\"a los prestadores de servicio y comerciales el cobro de sus servicios en divisas a tasa del Banco Central de Venezuela\" \/>\n<meta name=\"robots\" content=\"index, follow, max-snippet:-1, max-image-preview:large, max-video-preview:-1\" \/>\n<link rel=\"canonical\" href=\"https:\/\/patriaparatodos.com.ve\/?p=2026\" \/>\n<meta property=\"og:locale\" content=\"es_ES\" \/>\n<meta property=\"og:type\" content=\"article\" \/>\n<meta property=\"og:title\" content=\"Jos\u00e9 Bracho: PPT contin\u00faa en la b\u00fasqueda de los iguales - La Mecha Azul\" \/>\n<meta property=\"og:description\" content=\"a los prestadores de servicio y comerciales el cobro de sus servicios en divisas a tasa del Banco Central de Venezuela\" \/>\n<meta property=\"og:url\" content=\"https:\/\/patriaparatodos.com.ve\/?p=2026\" \/>\n<meta property=\"og:site_name\" content=\"La Mecha Azul\" \/>\n<meta property=\"article:published_time\" content=\"2024-09-24T15:37:05+00:00\" \/>\n<meta property=\"article:modified_time\" content=\"2024-09-24T15:43:54+00:00\" \/>\n<meta property=\"og:image\" content=\"https:\/\/patriaparatodos.com.ve\/wp-content\/uploads\/2024\/09\/1-2.jpg\" \/>\n\t<meta property=\"og:image:width\" content=\"1366\" \/>\n\t<meta property=\"og:image:height\" content=\"596\" \/>\n\t<meta property=\"og:image:type\" content=\"image\/jpeg\" \/>\n<meta name=\"author\" content=\"Ana Gonzalez\" \/>\n<meta name=\"twitter:card\" content=\"summary_large_image\" \/>\n<meta name=\"twitter:label1\" content=\"Escrito por\" \/>\n\t<meta name=\"twitter:data1\" content=\"Ana Gonzalez\" \/>\n\t<meta name=\"twitter:label2\" content=\"Tiempo de lectura\" \/>\n\t<meta name=\"twitter:data2\" content=\"6 minutos\" \/>\n<script type=\"application\/ld+json\" class=\"yoast-schema-graph\">{\"@context\":\"https:\/\/schema.org\",\"@graph\":[{\"@type\":\"Article\",\"@id\":\"https:\/\/patriaparatodos.com.ve\/?p=2026#article\",\"isPartOf\":{\"@id\":\"https:\/\/patriaparatodos.com.ve\/?p=2026\"},\"author\":{\"name\":\"Ana Gonzalez\",\"@id\":\"https:\/\/patriaparatodos.com.ve\/#\/schema\/person\/fa39a49638b83519fd822cacb44f5844\"},\"headline\":\"Jos\u00e9 Bracho: PPT contin\u00faa en la b\u00fasqueda de los iguales\",\"datePublished\":\"2024-09-24T15:37:05+00:00\",\"dateModified\":\"2024-09-24T15:43:54+00:00\",\"mainEntityOfPage\":{\"@id\":\"https:\/\/patriaparatodos.com.ve\/?p=2026\"},\"wordCount\":1231,\"publisher\":{\"@id\":\"https:\/\/patriaparatodos.com.ve\/#organization\"},\"image\":{\"@id\":\"https:\/\/patriaparatodos.com.ve\/?p=2026#primaryimage\"},\"thumbnailUrl\":\"https:\/\/patriaparatodos.com.ve\/wp-content\/uploads\/2024\/09\/1-2.jpg\",\"articleSection\":[\"Notas de Prensa\"],\"inLanguage\":\"es\"},{\"@type\":\"WebPage\",\"@id\":\"https:\/\/patriaparatodos.com.ve\/?p=2026\",\"url\":\"https:\/\/patriaparatodos.com.ve\/?p=2026\",\"name\":\"Jos\u00e9 Bracho: PPT contin\u00faa en la b\u00fasqueda de los iguales - La Mecha Azul\",\"isPartOf\":{\"@id\":\"https:\/\/patriaparatodos.com.ve\/#website\"},\"primaryImageOfPage\":{\"@id\":\"https:\/\/patriaparatodos.com.ve\/?p=2026#primaryimage\"},\"image\":{\"@id\":\"https:\/\/patriaparatodos.com.ve\/?p=2026#primaryimage\"},\"thumbnailUrl\":\"https:\/\/patriaparatodos.com.ve\/wp-content\/uploads\/2024\/09\/1-2.jpg\",\"datePublished\":\"2024-09-24T15:37:05+00:00\",\"dateModified\":\"2024-09-24T15:43:54+00:00\",\"description\":\"a los prestadores de servicio y comerciales el cobro de sus servicios en divisas a tasa del Banco Central de Venezuela\",\"breadcrumb\":{\"@id\":\"https:\/\/patriaparatodos.com.ve\/?p=2026#breadcrumb\"},\"inLanguage\":\"es\",\"potentialAction\":[{\"@type\":\"ReadAction\",\"target\":[\"https:\/\/patriaparatodos.com.ve\/?p=2026\"]}]},{\"@type\":\"ImageObject\",\"inLanguage\":\"es\",\"@id\":\"https:\/\/patriaparatodos.com.ve\/?p=2026#primaryimage\",\"url\":\"https:\/\/patriaparatodos.com.ve\/wp-content\/uploads\/2024\/09\/1-2.jpg\",\"contentUrl\":\"https:\/\/patriaparatodos.com.ve\/wp-content\/uploads\/2024\/09\/1-2.jpg\",\"width\":1366,\"height\":596,\"caption\":\"PATRIA PARA TODOS RUEDA DE PRENSA\"},{\"@type\":\"BreadcrumbList\",\"@id\":\"https:\/\/patriaparatodos.com.ve\/?p=2026#breadcrumb\",\"itemListElement\":[{\"@type\":\"ListItem\",\"position\":1,\"name\":\"Portada\",\"item\":\"https:\/\/patriaparatodos.com.ve\/\"},{\"@type\":\"ListItem\",\"position\":2,\"name\":\"Jos\u00e9 Bracho: PPT contin\u00faa en la b\u00fasqueda de los iguales\"}]},{\"@type\":\"WebSite\",\"@id\":\"https:\/\/patriaparatodos.com.ve\/#website\",\"url\":\"https:\/\/patriaparatodos.com.ve\/\",\"name\":\"La Mecha Azul\",\"description\":\"Por la \u00c9tica, Valor de la Palabra\",\"publisher\":{\"@id\":\"https:\/\/patriaparatodos.com.ve\/#organization\"},\"potentialAction\":[{\"@type\":\"SearchAction\",\"target\":{\"@type\":\"EntryPoint\",\"urlTemplate\":\"https:\/\/patriaparatodos.com.ve\/?s={search_term_string}\"},\"query-input\":\"required name=search_term_string\"}],\"inLanguage\":\"es\"},{\"@type\":\"Organization\",\"@id\":\"https:\/\/patriaparatodos.com.ve\/#organization\",\"name\":\"La Mecha Azul\",\"url\":\"https:\/\/patriaparatodos.com.ve\/\",\"logo\":{\"@type\":\"ImageObject\",\"inLanguage\":\"es\",\"@id\":\"https:\/\/patriaparatodos.com.ve\/#\/schema\/logo\/image\/\",\"url\":\"https:\/\/patriaparatodos.com.ve\/wp-content\/uploads\/2023\/02\/cropped-logo-La-mecha-Azul-n.png\",\"contentUrl\":\"https:\/\/patriaparatodos.com.ve\/wp-content\/uploads\/2023\/02\/cropped-logo-La-mecha-Azul-n.png\",\"width\":5884,\"height\":3318,\"caption\":\"La Mecha Azul\"},\"image\":{\"@id\":\"https:\/\/patriaparatodos.com.ve\/#\/schema\/logo\/image\/\"}},{\"@type\":\"Person\",\"@id\":\"https:\/\/patriaparatodos.com.ve\/#\/schema\/person\/fa39a49638b83519fd822cacb44f5844\",\"name\":\"Ana Gonzalez\",\"image\":{\"@type\":\"ImageObject\",\"inLanguage\":\"es\",\"@id\":\"https:\/\/patriaparatodos.com.ve\/#\/schema\/person\/image\/\",\"url\":\"https:\/\/secure.gravatar.com\/avatar\/ef0a71a129594a408c20318531deb64b0ee4a6d35f0864a2e33aea8b4d3481be?s=96&d=mm&r=g\",\"contentUrl\":\"https:\/\/secure.gravatar.com\/avatar\/ef0a71a129594a408c20318531deb64b0ee4a6d35f0864a2e33aea8b4d3481be?s=96&d=mm&r=g\",\"caption\":\"Ana Gonzalez\"},\"url\":\"https:\/\/patriaparatodos.com.ve\/?author=3\"}]}<\/script>\n<!-- \/ Yoast SEO plugin. -->","yoast_head_json":{"title":"Jos\u00e9 Bracho: PPT contin\u00faa en la b\u00fasqueda de los iguales - La Mecha Azul","description":"a los prestadores de servicio y comerciales el cobro de sus servicios en divisas a tasa del Banco Central de Venezuela","robots":{"index":"index","follow":"follow","max-snippet":"max-snippet:-1","max-image-preview":"max-image-preview:large","max-video-preview":"max-video-preview:-1"},"canonical":"https:\/\/patriaparatodos.com.ve\/?p=2026","og_locale":"es_ES","og_type":"article","og_title":"Jos\u00e9 Bracho: PPT contin\u00faa en la b\u00fasqueda de los iguales - La Mecha Azul","og_description":"a los prestadores de servicio y comerciales el cobro de sus servicios en divisas a tasa del Banco Central de Venezuela","og_url":"https:\/\/patriaparatodos.com.ve\/?p=2026","og_site_name":"La Mecha Azul","article_published_time":"2024-09-24T15:37:05+00:00","article_modified_time":"2024-09-24T15:43:54+00:00","og_image":[{"width":1366,"height":596,"url":"https:\/\/patriaparatodos.com.ve\/wp-content\/uploads\/2024\/09\/1-2.jpg","type":"image\/jpeg"}],"author":"Ana Gonzalez","twitter_card":"summary_large_image","twitter_misc":{"Escrito por":"Ana Gonzalez","Tiempo de lectura":"6 minutos"},"schema":{"@context":"https:\/\/schema.org","@graph":[{"@type":"Article","@id":"https:\/\/patriaparatodos.com.ve\/?p=2026#article","isPartOf":{"@id":"https:\/\/patriaparatodos.com.ve\/?p=2026"},"author":{"name":"Ana Gonzalez","@id":"https:\/\/patriaparatodos.com.ve\/#\/schema\/person\/fa39a49638b83519fd822cacb44f5844"},"headline":"Jos\u00e9 Bracho: PPT contin\u00faa en la b\u00fasqueda de los iguales","datePublished":"2024-09-24T15:37:05+00:00","dateModified":"2024-09-24T15:43:54+00:00","mainEntityOfPage":{"@id":"https:\/\/patriaparatodos.com.ve\/?p=2026"},"wordCount":1231,"publisher":{"@id":"https:\/\/patriaparatodos.com.ve\/#organization"},"image":{"@id":"https:\/\/patriaparatodos.com.ve\/?p=2026#primaryimage"},"thumbnailUrl":"https:\/\/patriaparatodos.com.ve\/wp-content\/uploads\/2024\/09\/1-2.jpg","articleSection":["Notas de Prensa"],"inLanguage":"es"},{"@type":"WebPage","@id":"https:\/\/patriaparatodos.com.ve\/?p=2026","url":"https:\/\/patriaparatodos.com.ve\/?p=2026","name":"Jos\u00e9 Bracho: PPT contin\u00faa en la b\u00fasqueda de los iguales - La Mecha Azul","isPartOf":{"@id":"https:\/\/patriaparatodos.com.ve\/#website"},"primaryImageOfPage":{"@id":"https:\/\/patriaparatodos.com.ve\/?p=2026#primaryimage"},"image":{"@id":"https:\/\/patriaparatodos.com.ve\/?p=2026#primaryimage"},"thumbnailUrl":"https:\/\/patriaparatodos.com.ve\/wp-content\/uploads\/2024\/09\/1-2.jpg","datePublished":"2024-09-24T15:37:05+00:00","dateModified":"2024-09-24T15:43:54+00:00","description":"a los prestadores de servicio y comerciales el cobro de sus servicios en divisas a tasa del Banco Central de Venezuela","breadcrumb":{"@id":"https:\/\/patriaparatodos.com.ve\/?p=2026#breadcrumb"},"inLanguage":"es","potentialAction":[{"@type":"ReadAction","target":["https:\/\/patriaparatodos.com.ve\/?p=2026"]}]},{"@type":"ImageObject","inLanguage":"es","@id":"https:\/\/patriaparatodos.com.ve\/?p=2026#primaryimage","url":"https:\/\/patriaparatodos.com.ve\/wp-content\/uploads\/2024\/09\/1-2.jpg","contentUrl":"https:\/\/patriaparatodos.com.ve\/wp-content\/uploads\/2024\/09\/1-2.jpg","width":1366,"height":596,"caption":"PATRIA PARA TODOS RUEDA DE PRENSA"},{"@type":"BreadcrumbList","@id":"https:\/\/patriaparatodos.com.ve\/?p=2026#breadcrumb","itemListElement":[{"@type":"ListItem","position":1,"name":"Portada","item":"https:\/\/patriaparatodos.com.ve\/"},{"@type":"ListItem","position":2,"name":"Jos\u00e9 Bracho: PPT contin\u00faa en la b\u00fasqueda de los iguales"}]},{"@type":"WebSite","@id":"https:\/\/patriaparatodos.com.ve\/#website","url":"https:\/\/patriaparatodos.com.ve\/","name":"La Mecha Azul","description":"Por la \u00c9tica, Valor de la Palabra","publisher":{"@id":"https:\/\/patriaparatodos.com.ve\/#organization"},"potentialAction":[{"@type":"SearchAction","target":{"@type":"EntryPoint","urlTemplate":"https:\/\/patriaparatodos.com.ve\/?s={search_term_string}"},"query-input":"required name=search_term_string"}],"inLanguage":"es"},{"@type":"Organization","@id":"https:\/\/patriaparatodos.com.ve\/#organization","name":"La Mecha Azul","url":"https:\/\/patriaparatodos.com.ve\/","logo":{"@type":"ImageObject","inLanguage":"es","@id":"https:\/\/patriaparatodos.com.ve\/#\/schema\/logo\/image\/","url":"https:\/\/patriaparatodos.com.ve\/wp-content\/uploads\/2023\/02\/cropped-logo-La-mecha-Azul-n.png","contentUrl":"https:\/\/patriaparatodos.com.ve\/wp-content\/uploads\/2023\/02\/cropped-logo-La-mecha-Azul-n.png","width":5884,"height":3318,"caption":"La Mecha Azul"},"image":{"@id":"https:\/\/patriaparatodos.com.ve\/#\/schema\/logo\/image\/"}},{"@type":"Person","@id":"https:\/\/patriaparatodos.com.ve\/#\/schema\/person\/fa39a49638b83519fd822cacb44f5844","name":"Ana Gonzalez","image":{"@type":"ImageObject","inLanguage":"es","@id":"https:\/\/patriaparatodos.com.ve\/#\/schema\/person\/image\/","url":"https:\/\/secure.gravatar.com\/avatar\/ef0a71a129594a408c20318531deb64b0ee4a6d35f0864a2e33aea8b4d3481be?s=96&d=mm&r=g","contentUrl":"https:\/\/secure.gravatar.com\/avatar\/ef0a71a129594a408c20318531deb64b0ee4a6d35f0864a2e33aea8b4d3481be?s=96&d=mm&r=g","caption":"Ana Gonzalez"},"url":"https:\/\/patriaparatodos.com.ve\/?author=3"}]}},"_links":{"self":[{"href":"https:\/\/patriaparatodos.com.ve\/index.php?rest_route=\/wp\/v2\/posts\/2026","targetHints":{"allow":["GET"]}}],"collection":[{"href":"https:\/\/patriaparatodos.com.ve\/index.php?rest_route=\/wp\/v2\/posts"}],"about":[{"href":"https:\/\/patriaparatodos.com.ve\/index.php?rest_route=\/wp\/v2\/types\/post"}],"author":[{"embeddable":true,"href":"https:\/\/patriaparatodos.com.ve\/index.php?rest_route=\/wp\/v2\/users\/3"}],"replies":[{"embeddable":true,"href":"https:\/\/patriaparatodos.com.ve\/index.php?rest_route=%2Fwp%2Fv2%2Fcomments&post=2026"}],"version-history":[{"count":1,"href":"https:\/\/patriaparatodos.com.ve\/index.php?rest_route=\/wp\/v2\/posts\/2026\/revisions"}],"predecessor-version":[{"id":2029,"href":"https:\/\/patriaparatodos.com.ve\/index.php?rest_route=\/wp\/v2\/posts\/2026\/revisions\/2029"}],"wp:featuredmedia":[{"embeddable":true,"href":"https:\/\/patriaparatodos.com.ve\/index.php?rest_route=\/wp\/v2\/media\/2028"}],"wp:attachment":[{"href":"https:\/\/patriaparatodos.com.ve\/index.php?rest_route=%2Fwp%2Fv2%2Fmedia&parent=2026"}],"wp:term":[{"taxonomy":"category","embeddable":true,"href":"https:\/\/patriaparatodos.com.ve\/index.php?rest_route=%2Fwp%2Fv2%2Fcategories&post=2026"},{"taxonomy":"post_tag","embeddable":true,"href":"https:\/\/patriaparatodos.com.ve\/index.php?rest_route=%2Fwp%2Fv2%2Ftags&post=2026"}],"curies":[{"name":"wp","href":"https:\/\/api.w.org\/{rel}","templated":true}]}}