{"id":2091,"date":"2025-02-04T00:06:10","date_gmt":"2025-02-04T00:06:10","guid":{"rendered":"https:\/\/patriaparatodos.com.ve\/?p=2091"},"modified":"2025-02-04T00:06:10","modified_gmt":"2025-02-04T00:06:10","slug":"ilenia-medina-ppt-no-quiere-arbitrariedades-ni-injusticias","status":"publish","type":"post","link":"https:\/\/patriaparatodos.com.ve\/?p=2091","title":{"rendered":"Ilenia Medina: PPT no quiere arbitrariedades ni injusticias"},"content":{"rendered":"<p><strong>Tras la liberaci\u00f3n de un grupo de personas se\u00f1aladas por actividades violentas de los d\u00edas 28, 29 y 30 de julio, se aplica la Ley y el debido proceso, la justicia debe ser justa<\/strong><\/p>\n<p>(Prensa PPT-Caracas, 18 de noviembre de 2024) La Diputada Ilenia Medina, Secretaria General de PPT, tras un profundo an\u00e1lisis y debate con dirigentes y militantes del partido, en el d\u00eda de la patrona de los zulianos, la Virgen de Chiquinquir\u00e1, present\u00f3 un balance de las informaciones de inter\u00e9s nacional.<\/p>\n<p>Explic\u00f3 el pasado viernes que el sistema de justicia venezolano liber\u00f3 a ciudadanos aplicando el principio del debido proceso, adem\u00e1s destac\u00f3 que su partido semanas antes hab\u00eda solicitado la revisi\u00f3n de los casos para determinar la responsabilidad o no de los detenidos, ya que no se pueden permitir arbitrariedades ni injusticias; sin embargo, todos aquellos que atentaron contra la paz, generando violencia, afectando bienes e incluso asesinando, deben ser castigados con todo el peso de la ley.<\/p>\n<p>Medina apoy\u00f3 las recientes declaraciones de Fiscal General Tareck William Saab sobre los menores de edad, que seg\u00fan distintas matrices, est\u00e1n privados de libertad; en este sentido, explic\u00f3 que la justicia en Venezuela contempla el tratamiento que debe d\u00e1rsele a un menor de edad cuando incurre en un delito. Todo esto est\u00e1 tipificado en la LOPNA.<\/p>\n<p>En cuanto a la justicia de paz, explic\u00f3 que PPT promover\u00e1 mediante foros y talleres la formaci\u00f3n de quienes aspiren ser jueces de paz y sean propuestos como candidatos para las venideras elecciones populares del 15 de diciembre. Esto lo hizo en atenci\u00f3n a que todo aquel ciudadano que desee incorporarse puede hacerlo, ya que no se requiere ser abogado.<\/p>\n<p>En cuanto al Congreso del Bloque Hist\u00f3rico, desarrollado este fin de semana, Ilenia Medina se\u00f1al\u00f3 que el primero fue hecho en 2020 tras la propuesta del partido que dirige; hoy vemos resultados tangibles con la incorporaci\u00f3n de propuestas a lo que va a ser el nuevo Plan de la Patria para el pr\u00f3ximo sexenio.<\/p>\n<p>Hablamos de valores y principios comunes, basados en la pluralidad y diversidad de la sociedad; de all\u00ed la importancia de los partidos, la comuna y el territorio: anillos presentados por el Presidente Nicol\u00e1s Maduro para la discusi\u00f3n de las propuestas.<\/p>\n<p>En el caso de PPT, planteamos la Constituyente de las y los Trabajadores, tanto en empresas p\u00fablicas y privadas como en las instituciones de Estado; as\u00ed mismo, darle rango constitucional a los servicios p\u00fablicos y adecuar el sistema de salud a las necesidades reales que requiere el pa\u00eds.<\/p>\n<p>Tras ser nombrado Marco Rubio como el nuevo Secretario de Estado del gobierno de Trump, la tambi\u00e9n Internacionalista Ilenia Medina, exclam\u00f3: \u00a1el imperio contraataca! Debemos estar atentos en Venezuela, Cuba y Nicaragua ante las amenazas de Marco Rubio, muy a pesar de que Trump ha dicho que acabar\u00e1 con las guerras; sobre todo con las tensiones que se dan tras el permiso a Ucrania de utilizar misiles norteamericanos de largo alcance. Estas tensiones son parecidas a la crisis de los misiles.<\/p>\n<p>Al cierre de sus declaraciones, la Diputada Ilenia Medina se\u00f1al\u00f3 que la tolda azul se incorpora a la campa\u00f1a \u201c100 bol\u00edvares por Cuba\u201d, para apoyar al gobierno y al pueblo cubano tras la afectaci\u00f3n que ha recibido en las \u00faltimas semanas. As\u00ed mismo, aprovech\u00f3 la ocasi\u00f3n para referirse a las elecciones estudiantiles y de egresados de la UCV, no se pueden permitir hechos violentos y mucho menos fascismo. La UCV es parte de la sociedad, por eso se debe revisar este tipo de situaciones.<\/p>\n","protected":false},"excerpt":{"rendered":"<p>Tras la liberaci\u00f3n de un grupo de personas se\u00f1aladas por actividades violentas de los d\u00edas 28, 29 y 30 de julio, se aplica la Ley y el debido proceso, la justicia debe ser justa (Prensa PPT-Caracas, 18 de noviembre de 2024) La Diputada Ilenia Medina, Secretaria General de PPT, tras un profundo an\u00e1lisis y debate [&hellip;]<\/p>\n","protected":false},"author":3,"featured_media":2092,"comment_status":"closed","ping_status":"open","sticky":false,"template":"","format":"standard","meta":{"footnotes":""},"categories":[7],"tags":[],"class_list":["post-2091","post","type-post","status-publish","format-standard","has-post-thumbnail","hentry","category-notas-de-prensa"],"yoast_head":"<!-- This site is optimized with the Yoast SEO plugin v23.3 - https:\/\/yoast.com\/wordpress\/plugins\/seo\/ -->\n<title>Ilenia Medina: PPT no quiere arbitrariedades ni injusticias - La Mecha Azul<\/title>\n<meta name=\"description\" content=\"PPT promover\u00e1 mediante foros y talleres la formaci\u00f3n de quienes aspiren ser jueces de paz y sean propuestos como candidatos para las venideras elecciones populares del 15 de diciembre.\" \/>\n<meta name=\"robots\" content=\"index, follow, max-snippet:-1, max-image-preview:large, max-video-preview:-1\" \/>\n<link rel=\"canonical\" href=\"https:\/\/patriaparatodos.com.ve\/?p=2091\" \/>\n<meta property=\"og:locale\" content=\"es_ES\" \/>\n<meta property=\"og:type\" content=\"article\" \/>\n<meta property=\"og:title\" content=\"Ilenia Medina: PPT no quiere arbitrariedades ni injusticias - La Mecha Azul\" \/>\n<meta property=\"og:description\" content=\"PPT promover\u00e1 mediante foros y talleres la formaci\u00f3n de quienes aspiren ser jueces de paz y sean propuestos como candidatos para las venideras elecciones populares del 15 de diciembre.\" \/>\n<meta property=\"og:url\" content=\"https:\/\/patriaparatodos.com.ve\/?p=2091\" \/>\n<meta property=\"og:site_name\" content=\"La Mecha Azul\" \/>\n<meta property=\"article:published_time\" content=\"2025-02-04T00:06:10+00:00\" \/>\n<meta property=\"og:image\" content=\"https:\/\/patriaparatodos.com.ve\/wp-content\/uploads\/2025\/02\/rueda-3.jpeg\" \/>\n\t<meta property=\"og:image:width\" content=\"1020\" \/>\n\t<meta property=\"og:image:height\" content=\"445\" \/>\n\t<meta property=\"og:image:type\" content=\"image\/jpeg\" \/>\n<meta name=\"author\" content=\"Ana Gonzalez\" \/>\n<meta name=\"twitter:card\" content=\"summary_large_image\" \/>\n<meta name=\"twitter:label1\" content=\"Escrito por\" \/>\n\t<meta name=\"twitter:data1\" content=\"Ana Gonzalez\" \/>\n\t<meta name=\"twitter:label2\" content=\"Tiempo de lectura\" \/>\n\t<meta name=\"twitter:data2\" content=\"3 minutos\" \/>\n<script type=\"application\/ld+json\" class=\"yoast-schema-graph\">{\"@context\":\"https:\/\/schema.org\",\"@graph\":[{\"@type\":\"Article\",\"@id\":\"https:\/\/patriaparatodos.com.ve\/?p=2091#article\",\"isPartOf\":{\"@id\":\"https:\/\/patriaparatodos.com.ve\/?p=2091\"},\"author\":{\"name\":\"Ana Gonzalez\",\"@id\":\"https:\/\/patriaparatodos.com.ve\/#\/schema\/person\/fa39a49638b83519fd822cacb44f5844\"},\"headline\":\"Ilenia Medina: PPT no quiere arbitrariedades ni injusticias\",\"datePublished\":\"2025-02-04T00:06:10+00:00\",\"dateModified\":\"2025-02-04T00:06:10+00:00\",\"mainEntityOfPage\":{\"@id\":\"https:\/\/patriaparatodos.com.ve\/?p=2091\"},\"wordCount\":612,\"publisher\":{\"@id\":\"https:\/\/patriaparatodos.com.ve\/#organization\"},\"image\":{\"@id\":\"https:\/\/patriaparatodos.com.ve\/?p=2091#primaryimage\"},\"thumbnailUrl\":\"https:\/\/patriaparatodos.com.ve\/wp-content\/uploads\/2025\/02\/rueda-3.jpeg\",\"articleSection\":[\"Notas de Prensa\"],\"inLanguage\":\"es\"},{\"@type\":\"WebPage\",\"@id\":\"https:\/\/patriaparatodos.com.ve\/?p=2091\",\"url\":\"https:\/\/patriaparatodos.com.ve\/?p=2091\",\"name\":\"Ilenia Medina: PPT no quiere arbitrariedades ni injusticias - La Mecha Azul\",\"isPartOf\":{\"@id\":\"https:\/\/patriaparatodos.com.ve\/#website\"},\"primaryImageOfPage\":{\"@id\":\"https:\/\/patriaparatodos.com.ve\/?p=2091#primaryimage\"},\"image\":{\"@id\":\"https:\/\/patriaparatodos.com.ve\/?p=2091#primaryimage\"},\"thumbnailUrl\":\"https:\/\/patriaparatodos.com.ve\/wp-content\/uploads\/2025\/02\/rueda-3.jpeg\",\"datePublished\":\"2025-02-04T00:06:10+00:00\",\"dateModified\":\"2025-02-04T00:06:10+00:00\",\"description\":\"PPT promover\u00e1 mediante foros y talleres la formaci\u00f3n de quienes aspiren ser jueces de paz y sean propuestos como candidatos para las venideras elecciones populares del 15 de diciembre.\",\"breadcrumb\":{\"@id\":\"https:\/\/patriaparatodos.com.ve\/?p=2091#breadcrumb\"},\"inLanguage\":\"es\",\"potentialAction\":[{\"@type\":\"ReadAction\",\"target\":[\"https:\/\/patriaparatodos.com.ve\/?p=2091\"]}]},{\"@type\":\"ImageObject\",\"inLanguage\":\"es\",\"@id\":\"https:\/\/patriaparatodos.com.ve\/?p=2091#primaryimage\",\"url\":\"https:\/\/patriaparatodos.com.ve\/wp-content\/uploads\/2025\/02\/rueda-3.jpeg\",\"contentUrl\":\"https:\/\/patriaparatodos.com.ve\/wp-content\/uploads\/2025\/02\/rueda-3.jpeg\",\"width\":1020,\"height\":445},{\"@type\":\"BreadcrumbList\",\"@id\":\"https:\/\/patriaparatodos.com.ve\/?p=2091#breadcrumb\",\"itemListElement\":[{\"@type\":\"ListItem\",\"position\":1,\"name\":\"Portada\",\"item\":\"https:\/\/patriaparatodos.com.ve\/\"},{\"@type\":\"ListItem\",\"position\":2,\"name\":\"Ilenia Medina: PPT no quiere arbitrariedades ni injusticias\"}]},{\"@type\":\"WebSite\",\"@id\":\"https:\/\/patriaparatodos.com.ve\/#website\",\"url\":\"https:\/\/patriaparatodos.com.ve\/\",\"name\":\"La Mecha Azul\",\"description\":\"Por la \u00c9tica, Valor de la Palabra\",\"publisher\":{\"@id\":\"https:\/\/patriaparatodos.com.ve\/#organization\"},\"potentialAction\":[{\"@type\":\"SearchAction\",\"target\":{\"@type\":\"EntryPoint\",\"urlTemplate\":\"https:\/\/patriaparatodos.com.ve\/?s={search_term_string}\"},\"query-input\":\"required name=search_term_string\"}],\"inLanguage\":\"es\"},{\"@type\":\"Organization\",\"@id\":\"https:\/\/patriaparatodos.com.ve\/#organization\",\"name\":\"La Mecha Azul\",\"url\":\"https:\/\/patriaparatodos.com.ve\/\",\"logo\":{\"@type\":\"ImageObject\",\"inLanguage\":\"es\",\"@id\":\"https:\/\/patriaparatodos.com.ve\/#\/schema\/logo\/image\/\",\"url\":\"https:\/\/patriaparatodos.com.ve\/wp-content\/uploads\/2023\/02\/cropped-logo-La-mecha-Azul-n.png\",\"contentUrl\":\"https:\/\/patriaparatodos.com.ve\/wp-content\/uploads\/2023\/02\/cropped-logo-La-mecha-Azul-n.png\",\"width\":5884,\"height\":3318,\"caption\":\"La Mecha Azul\"},\"image\":{\"@id\":\"https:\/\/patriaparatodos.com.ve\/#\/schema\/logo\/image\/\"}},{\"@type\":\"Person\",\"@id\":\"https:\/\/patriaparatodos.com.ve\/#\/schema\/person\/fa39a49638b83519fd822cacb44f5844\",\"name\":\"Ana Gonzalez\",\"image\":{\"@type\":\"ImageObject\",\"inLanguage\":\"es\",\"@id\":\"https:\/\/patriaparatodos.com.ve\/#\/schema\/person\/image\/\",\"url\":\"https:\/\/secure.gravatar.com\/avatar\/ef0a71a129594a408c20318531deb64b0ee4a6d35f0864a2e33aea8b4d3481be?s=96&d=mm&r=g\",\"contentUrl\":\"https:\/\/secure.gravatar.com\/avatar\/ef0a71a129594a408c20318531deb64b0ee4a6d35f0864a2e33aea8b4d3481be?s=96&d=mm&r=g\",\"caption\":\"Ana Gonzalez\"},\"url\":\"https:\/\/patriaparatodos.com.ve\/?author=3\"}]}<\/script>\n<!-- \/ Yoast SEO plugin. -->","yoast_head_json":{"title":"Ilenia Medina: PPT no quiere arbitrariedades ni injusticias - La Mecha Azul","description":"PPT promover\u00e1 mediante foros y talleres la formaci\u00f3n de quienes aspiren ser jueces de paz y sean propuestos como candidatos para las venideras elecciones populares del 15 de diciembre.","robots":{"index":"index","follow":"follow","max-snippet":"max-snippet:-1","max-image-preview":"max-image-preview:large","max-video-preview":"max-video-preview:-1"},"canonical":"https:\/\/patriaparatodos.com.ve\/?p=2091","og_locale":"es_ES","og_type":"article","og_title":"Ilenia Medina: PPT no quiere arbitrariedades ni injusticias - La Mecha Azul","og_description":"PPT promover\u00e1 mediante foros y talleres la formaci\u00f3n de quienes aspiren ser jueces de paz y sean propuestos como candidatos para las venideras elecciones populares del 15 de diciembre.","og_url":"https:\/\/patriaparatodos.com.ve\/?p=2091","og_site_name":"La Mecha Azul","article_published_time":"2025-02-04T00:06:10+00:00","og_image":[{"width":1020,"height":445,"url":"https:\/\/patriaparatodos.com.ve\/wp-content\/uploads\/2025\/02\/rueda-3.jpeg","type":"image\/jpeg"}],"author":"Ana Gonzalez","twitter_card":"summary_large_image","twitter_misc":{"Escrito por":"Ana Gonzalez","Tiempo de lectura":"3 minutos"},"schema":{"@context":"https:\/\/schema.org","@graph":[{"@type":"Article","@id":"https:\/\/patriaparatodos.com.ve\/?p=2091#article","isPartOf":{"@id":"https:\/\/patriaparatodos.com.ve\/?p=2091"},"author":{"name":"Ana Gonzalez","@id":"https:\/\/patriaparatodos.com.ve\/#\/schema\/person\/fa39a49638b83519fd822cacb44f5844"},"headline":"Ilenia Medina: PPT no quiere arbitrariedades ni injusticias","datePublished":"2025-02-04T00:06:10+00:00","dateModified":"2025-02-04T00:06:10+00:00","mainEntityOfPage":{"@id":"https:\/\/patriaparatodos.com.ve\/?p=2091"},"wordCount":612,"publisher":{"@id":"https:\/\/patriaparatodos.com.ve\/#organization"},"image":{"@id":"https:\/\/patriaparatodos.com.ve\/?p=2091#primaryimage"},"thumbnailUrl":"https:\/\/patriaparatodos.com.ve\/wp-content\/uploads\/2025\/02\/rueda-3.jpeg","articleSection":["Notas de Prensa"],"inLanguage":"es"},{"@type":"WebPage","@id":"https:\/\/patriaparatodos.com.ve\/?p=2091","url":"https:\/\/patriaparatodos.com.ve\/?p=2091","name":"Ilenia Medina: PPT no quiere arbitrariedades ni injusticias - La Mecha Azul","isPartOf":{"@id":"https:\/\/patriaparatodos.com.ve\/#website"},"primaryImageOfPage":{"@id":"https:\/\/patriaparatodos.com.ve\/?p=2091#primaryimage"},"image":{"@id":"https:\/\/patriaparatodos.com.ve\/?p=2091#primaryimage"},"thumbnailUrl":"https:\/\/patriaparatodos.com.ve\/wp-content\/uploads\/2025\/02\/rueda-3.jpeg","datePublished":"2025-02-04T00:06:10+00:00","dateModified":"2025-02-04T00:06:10+00:00","description":"PPT promover\u00e1 mediante foros y talleres la formaci\u00f3n de quienes aspiren ser jueces de paz y sean propuestos como candidatos para las venideras elecciones populares del 15 de diciembre.","breadcrumb":{"@id":"https:\/\/patriaparatodos.com.ve\/?p=2091#breadcrumb"},"inLanguage":"es","potentialAction":[{"@type":"ReadAction","target":["https:\/\/patriaparatodos.com.ve\/?p=2091"]}]},{"@type":"ImageObject","inLanguage":"es","@id":"https:\/\/patriaparatodos.com.ve\/?p=2091#primaryimage","url":"https:\/\/patriaparatodos.com.ve\/wp-content\/uploads\/2025\/02\/rueda-3.jpeg","contentUrl":"https:\/\/patriaparatodos.com.ve\/wp-content\/uploads\/2025\/02\/rueda-3.jpeg","width":1020,"height":445},{"@type":"BreadcrumbList","@id":"https:\/\/patriaparatodos.com.ve\/?p=2091#breadcrumb","itemListElement":[{"@type":"ListItem","position":1,"name":"Portada","item":"https:\/\/patriaparatodos.com.ve\/"},{"@type":"ListItem","position":2,"name":"Ilenia Medina: PPT no quiere arbitrariedades ni injusticias"}]},{"@type":"WebSite","@id":"https:\/\/patriaparatodos.com.ve\/#website","url":"https:\/\/patriaparatodos.com.ve\/","name":"La Mecha Azul","description":"Por la \u00c9tica, Valor de la Palabra","publisher":{"@id":"https:\/\/patriaparatodos.com.ve\/#organization"},"potentialAction":[{"@type":"SearchAction","target":{"@type":"EntryPoint","urlTemplate":"https:\/\/patriaparatodos.com.ve\/?s={search_term_string}"},"query-input":"required name=search_term_string"}],"inLanguage":"es"},{"@type":"Organization","@id":"https:\/\/patriaparatodos.com.ve\/#organization","name":"La Mecha Azul","url":"https:\/\/patriaparatodos.com.ve\/","logo":{"@type":"ImageObject","inLanguage":"es","@id":"https:\/\/patriaparatodos.com.ve\/#\/schema\/logo\/image\/","url":"https:\/\/patriaparatodos.com.ve\/wp-content\/uploads\/2023\/02\/cropped-logo-La-mecha-Azul-n.png","contentUrl":"https:\/\/patriaparatodos.com.ve\/wp-content\/uploads\/2023\/02\/cropped-logo-La-mecha-Azul-n.png","width":5884,"height":3318,"caption":"La Mecha Azul"},"image":{"@id":"https:\/\/patriaparatodos.com.ve\/#\/schema\/logo\/image\/"}},{"@type":"Person","@id":"https:\/\/patriaparatodos.com.ve\/#\/schema\/person\/fa39a49638b83519fd822cacb44f5844","name":"Ana Gonzalez","image":{"@type":"ImageObject","inLanguage":"es","@id":"https:\/\/patriaparatodos.com.ve\/#\/schema\/person\/image\/","url":"https:\/\/secure.gravatar.com\/avatar\/ef0a71a129594a408c20318531deb64b0ee4a6d35f0864a2e33aea8b4d3481be?s=96&d=mm&r=g","contentUrl":"https:\/\/secure.gravatar.com\/avatar\/ef0a71a129594a408c20318531deb64b0ee4a6d35f0864a2e33aea8b4d3481be?s=96&d=mm&r=g","caption":"Ana Gonzalez"},"url":"https:\/\/patriaparatodos.com.ve\/?author=3"}]}},"_links":{"self":[{"href":"https:\/\/patriaparatodos.com.ve\/index.php?rest_route=\/wp\/v2\/posts\/2091","targetHints":{"allow":["GET"]}}],"collection":[{"href":"https:\/\/patriaparatodos.com.ve\/index.php?rest_route=\/wp\/v2\/posts"}],"about":[{"href":"https:\/\/patriaparatodos.com.ve\/index.php?rest_route=\/wp\/v2\/types\/post"}],"author":[{"embeddable":true,"href":"https:\/\/patriaparatodos.com.ve\/index.php?rest_route=\/wp\/v2\/users\/3"}],"replies":[{"embeddable":true,"href":"https:\/\/patriaparatodos.com.ve\/index.php?rest_route=%2Fwp%2Fv2%2Fcomments&post=2091"}],"version-history":[{"count":1,"href":"https:\/\/patriaparatodos.com.ve\/index.php?rest_route=\/wp\/v2\/posts\/2091\/revisions"}],"predecessor-version":[{"id":2093,"href":"https:\/\/patriaparatodos.com.ve\/index.php?rest_route=\/wp\/v2\/posts\/2091\/revisions\/2093"}],"wp:featuredmedia":[{"embeddable":true,"href":"https:\/\/patriaparatodos.com.ve\/index.php?rest_route=\/wp\/v2\/media\/2092"}],"wp:attachment":[{"href":"https:\/\/patriaparatodos.com.ve\/index.php?rest_route=%2Fwp%2Fv2%2Fmedia&parent=2091"}],"wp:term":[{"taxonomy":"category","embeddable":true,"href":"https:\/\/patriaparatodos.com.ve\/index.php?rest_route=%2Fwp%2Fv2%2Fcategories&post=2091"},{"taxonomy":"post_tag","embeddable":true,"href":"https:\/\/patriaparatodos.com.ve\/index.php?rest_route=%2Fwp%2Fv2%2Ftags&post=2091"}],"curies":[{"name":"wp","href":"https:\/\/api.w.org\/{rel}","templated":true}]}}