{"id":2174,"date":"2025-02-04T22:31:26","date_gmt":"2025-02-04T22:31:26","guid":{"rendered":"https:\/\/patriaparatodos.com.ve\/?p=2174"},"modified":"2025-02-04T22:31:26","modified_gmt":"2025-02-04T22:31:26","slug":"ilenia-medina-ppt-esta-listo-para-las-elecciones-del-27-de-abril","status":"publish","type":"post","link":"https:\/\/patriaparatodos.com.ve\/?p=2174","title":{"rendered":"Ilenia Medina: PPT est\u00e1 listo para las elecciones del 27 de abril"},"content":{"rendered":"<p><strong>El anuncio del CNE para elecciones parlamentarias, gobernaciones y legislaturas, ser\u00e1 abordado en Congreso del GPPSB y PPT considera deben respetarse los espacios logrados por cada organizaci\u00f3n<\/strong><\/p>\n<p>(Prensa PPT-Caracas, 27 de enero de 2025) Desde la Oficina Parlamentaria de Patria Para Todos, este lunes 27 de enero; la Secretaria General de Patria Para Todos (PPT), Diputada Ilenia Medina, tras la discusi\u00f3n con la dirigencia y militancia del partido v\u00eda videoconferencia, present\u00f3 el balance de los temas de inter\u00e9s para la organizaci\u00f3n que dirige.<\/p>\n<p><strong>Natalicio de Maneiro.-<\/strong>\u00a0En la apertura de sus declaraciones invit\u00f3 a las actividades que se desarrollar\u00e1n el jueves 30 de enero, con motivo de los 88 a\u00f1os del Natalicio de Alfredo Maneiro, mentor pol\u00edtico de PPT. Actividad central que se llevar\u00e1 a cabo en la Plaza Bol\u00edvar de Caracas, replic\u00e1ndose a lo ancho y largo del pa\u00eds. y el viernes un Foro en Parque Central, sobre el pensamiento de Maneiro, Precursor de la Democracia Participativa y Protag\u00f3nica en Venezuela, de all\u00ed su impronta en la Constituci\u00f3n de 1999.<\/p>\n<p>PPT esta semana la Semana de Maneiro, por la ampliaci\u00f3n y profundizaci\u00f3n de la Democracia. Por eso PPT trabaja con el pueblo organizado. Ya lo hicimos el fin de semana en Caracas, atendiendo los temas de inter\u00e9s de cada regi\u00f3n; en el caso de la capital, lo referido a la salud. Esta mesa de trabajo permite organizar el m\u00e9todo, ir a las comunidades e invitar a las instituciones implicadas en el tema.<\/p>\n<p>Conocer la problem\u00e1tica y profundizar en c\u00f3mo atenderla, es posible con la acci\u00f3n del pueblo organizado; y a ello, si le sumamos una Constituyente en las instituciones que atienden la salud, se podr\u00e1 evaluar c\u00f3mo resolver, c\u00f3mo crear proyectos de envergadura y c\u00f3mo disminuir los riesgos asociados al sector salud. No puede ser excusa recurrente la falta de insumos o equipos. PPT est\u00e1 haciendo su trabajo como organizaci\u00f3n pol\u00edtica: atender el reclamo y el sentir del pueblo, acompa\u00f1ar sus denuncias e inquietudes para buscar respuestas oportunas e id\u00f3neas que superen el malestar y los problemas que aquejen a la sociedad.<\/p>\n<p>Alineado al pensamiento de Maneiro, PPT est\u00e1 trabajando en los municipios las propuestas a ser presentadas en la Reforma Constitucional para blindar nuestra Carta Magna. Sabemos que hay una Comisi\u00f3n Nacional, sin embargo, como organizaci\u00f3n pol\u00edtica estamos en la calle recabando y discutiendo con la gente las nuevas propuestas.<\/p>\n<p><strong>Juan Vives Suri\u00e1.-<\/strong>\u00a0Al cumplirse un a\u00f1o m\u00e1s del nacimiento de este insigne sacerdote, Ilenia Medina resalt\u00f3 que fue un hombre religioso que desarroll\u00f3 su actividad para defender los derechos de los despose\u00eddos; de all\u00ed su obra en la Fundaci\u00f3n Latinoamericana por los Derechos Humanos y el Desarrollo Social (Fundalatin), defensor de la \u201cdeuda eterna\u201d.<\/p>\n<p><strong>Jueces de Paz.-<\/strong>\u00a0Con el inicio del proceso de formaci\u00f3n de los Jueces de Paz Comunales, PPT considera que es un mecanismo para fortalecer el modelo de participaci\u00f3n pol\u00edtica y garantizar que Venezuela sea un territorio de paz, al estar la justicia en la comunidad para atender problemas de manera directa, buscar su resoluci\u00f3n o canalizar ad\u00f3nde direccionar su atenci\u00f3n. Ilenia Medina, agreg\u00f3 que el principio de corresponsabilidad tambi\u00e9n debe estar presente en su formaci\u00f3n, sobremanera para la integridad del territorio. De all\u00ed que PPT estar\u00e1 atento a todo el proceso.<\/p>\n<p><strong>Elecciones 2025.-<\/strong>\u00a0Tras el anuncio de la fecha de los pr\u00f3ximos comicios, por el Presidente del CNE Elvis Amoroso; en PPT estamos listos para presentar los candidatos m\u00e1s id\u00f3neos a Asamblea Nacional, Gobernaciones y Consejos Legislativos regionales. Por esta raz\u00f3n, estaremos en el Congreso del Gran Polo Patri\u00f3tico para elegir el m\u00e9todo de selecci\u00f3n para los candidatos de las fuerzas revolucionarias, consideramos que uno de los criterios que debe prevalecer son las cuotas ganadas a pulso en los procesos anteriores.<\/p>\n<p>Adem\u00e1s, consider\u00f3 la pertinencia de la fecha para desarrollar este proceso electoral determinado por el Poder Electoral, y ahora como partido estaremos atentos al cronograma electoral para poder desarrollar las acciones de cara a los procesos administrativos y la campa\u00f1a electoral. Medina mostr\u00f3 satisfacci\u00f3n con la determinaci\u00f3n del CNE, al solicitar que todos los partidos firmen un documento de respeto al \u00f3rgano electoral, a las leyes, las instituciones y al resultado que surja de dicho proceso.<\/p>\n<p>En las elecciones presidenciales de 2024, iniciado el proceso electoral, solicitamos al CNE que exigiera esa firma de un compromiso a los actores de la derecha extrema; porque sab\u00edamos cu\u00e1l era su plan: la violencia y el no reconocimiento de los resultados.<\/p>\n<p><strong>PPT se solidariza con Diosdado Cabello.-<\/strong>\u00a0Tras los ataques que se han dado contra el Primer Vicepresidente del PSUV, adem\u00e1s de Ministro de Relaciones Interiores, Justicia y Paz, Capit\u00e1n Diosdado Cabello Rond\u00f3n; nunca antes hechos por la medi\u00e1tica internacional, PPT sale a la defensa de este l\u00edder de la Revoluci\u00f3n Bolivariana, hoy convertido en un objetivo para mancillar su nombre y dignidad.<\/p>\n<p>Nos preocupa que pretendan convertir a Diosdado Cabello en objetivo de guerra, y reconocemos su esfuerzo tras asumir el Ministerio, por las acciones tomadas y emprendidas para garantizar la paz; que se suman a su impronta revolucionaria. No podr\u00e1n manchar su imagen p\u00fablica.<\/p>\n<p><strong>Cubre CELAC.-<\/strong>\u00a0En la convocatoria extraordinaria de la CELAC hecha por Honduras, consideramos oportuno que adem\u00e1s de abordarse el plan de amenaza de Donald Trump iniciado con la deportaci\u00f3n de migrantes bajo coacci\u00f3n, debe analizarse la unidad latinoamericana y caribe\u00f1a como principio integrador que respete la diversidad, y que evite el ataque entre nuestros pa\u00edses: ejemplo de ello la arremetida de Chile contra Venezuela.<\/p>\n<p>PPT considera que puede hacerse un plan conjunto entre los pa\u00edses afectados por el tema migratorio, ante las amenazas de Trump. Acot\u00f3 que M\u00e9xico est\u00e1 haciendo lo propio con apoyo jur\u00eddico en sus Embajadas y Consultados; en el caso venezolano no es posible por las sanciones. Por esta raz\u00f3n, M\u00e9xico pudiera apoyar a otros Estados mediante plan complementario.<\/p>\n<p>Ese plan complementario puede desarrollarse, como una forma de internacionalizaci\u00f3n del Plan Vuelta a la Patria, que ya Venezuela ha desarrollado y tiene experiencia; ahora direccionado a toda Am\u00e9rica Latina. Con ello se puede enfrentar al \u201cemperador\u201d.<\/p>\n<p>Otro de los temas que considera Ilenia Medina debe atender la CELAC, es el cambio clim\u00e1tico; las connotaciones del cambio ambiental para nuestra regi\u00f3n y c\u00f3mo atender los ecosistemas de nuestros pa\u00edses.<\/p>\n<p><strong>Colombia-Estados Unidos.-<\/strong>\u00a0Ilenia Medina, diplom\u00e1tica de carrera, expres\u00f3 que el reclamo hecho por el Presidente Gustavo Petro es digno; hecho con un arranque de sinceridad para desafiar a Trump, nuevo \u201cemperador\u201d norteamericano; al no aceptar el maltrato a sus connacionales colombianos. Por eso PPT felicita a Petro y su empe\u00f1o por dignificar a su gente y retomar la negociaci\u00f3n que permita que sea as\u00ed.<\/p>\n<p><strong>Feminicidio en Argentina.-<\/strong>\u00a0Ante la decisi\u00f3n de Javier Milei, presidente argentino, de eliminar las medidas y programas para atender la violencia de g\u00e9nero en mujeres argentinas; Ilenia Medina consider\u00f3 que Milei es un peligro para el pueblo argentino. Resalt\u00f3 la parlamentaria que la constituci\u00f3n argentina compila los tratados internacionales suscrito por el pa\u00eds, entre ellos los que atienden la violencia contra la mujer, por eso es una aberraci\u00f3n esa decisi\u00f3n.<\/p>\n<p>Al cierre de sus declaraciones, Ilenia Medina se\u00f1al\u00f3 que los tribunales argentinos deber\u00edan accionar en contra de la decisi\u00f3n tomada por \u201cese se\u00f1or\u201d Milei; adem\u00e1s, Cristina Fern\u00e1ndez de Kirchner, como l\u00edder, est\u00e1 llamada a defender los derechos de la mujer y enfrentar este acto vil en contra del pueblo argentino.<\/p>\n","protected":false},"excerpt":{"rendered":"<p>El anuncio del CNE para elecciones parlamentarias, gobernaciones y legislaturas, ser\u00e1 abordado en Congreso del GPPSB y PPT considera deben respetarse los espacios logrados por cada organizaci\u00f3n (Prensa PPT-Caracas, 27 de enero de 2025) Desde la Oficina Parlamentaria de Patria Para Todos, este lunes 27 de enero; la Secretaria General de Patria Para Todos (PPT), [&hellip;]<\/p>\n","protected":false},"author":3,"featured_media":2175,"comment_status":"closed","ping_status":"open","sticky":false,"template":"","format":"standard","meta":{"footnotes":""},"categories":[7],"tags":[],"class_list":["post-2174","post","type-post","status-publish","format-standard","has-post-thumbnail","hentry","category-notas-de-prensa"],"yoast_head":"<!-- This site is optimized with the Yoast SEO plugin v23.3 - https:\/\/yoast.com\/wordpress\/plugins\/seo\/ -->\n<title>Ilenia Medina: PPT est\u00e1 listo para las elecciones del 27 de abril - La Mecha Azul<\/title>\n<meta name=\"robots\" content=\"index, follow, max-snippet:-1, max-image-preview:large, max-video-preview:-1\" \/>\n<link rel=\"canonical\" href=\"https:\/\/patriaparatodos.com.ve\/?p=2174\" \/>\n<meta property=\"og:locale\" content=\"es_ES\" \/>\n<meta property=\"og:type\" content=\"article\" \/>\n<meta property=\"og:title\" content=\"Ilenia Medina: PPT est\u00e1 listo para las elecciones del 27 de abril - La Mecha Azul\" \/>\n<meta property=\"og:description\" content=\"El anuncio del CNE para elecciones parlamentarias, gobernaciones y legislaturas, ser\u00e1 abordado en Congreso del GPPSB y PPT considera deben respetarse los espacios logrados por cada organizaci\u00f3n (Prensa PPT-Caracas, 27 de enero de 2025) Desde la Oficina Parlamentaria de Patria Para Todos, este lunes 27 de enero; la Secretaria General de Patria Para Todos (PPT), [&hellip;]\" \/>\n<meta property=\"og:url\" content=\"https:\/\/patriaparatodos.com.ve\/?p=2174\" \/>\n<meta property=\"og:site_name\" content=\"La Mecha Azul\" \/>\n<meta property=\"article:published_time\" content=\"2025-02-04T22:31:26+00:00\" \/>\n<meta property=\"og:image\" content=\"https:\/\/patriaparatodos.com.ve\/wp-content\/uploads\/2025\/02\/rueda-ilenia.jpg\" \/>\n\t<meta property=\"og:image:width\" content=\"852\" \/>\n\t<meta property=\"og:image:height\" content=\"329\" \/>\n\t<meta property=\"og:image:type\" content=\"image\/jpeg\" \/>\n<meta name=\"author\" content=\"Ana Gonzalez\" \/>\n<meta name=\"twitter:card\" content=\"summary_large_image\" \/>\n<meta name=\"twitter:label1\" content=\"Escrito por\" \/>\n\t<meta name=\"twitter:data1\" content=\"Ana Gonzalez\" \/>\n\t<meta name=\"twitter:label2\" content=\"Tiempo de lectura\" \/>\n\t<meta name=\"twitter:data2\" content=\"6 minutos\" \/>\n<script type=\"application\/ld+json\" class=\"yoast-schema-graph\">{\"@context\":\"https:\/\/schema.org\",\"@graph\":[{\"@type\":\"Article\",\"@id\":\"https:\/\/patriaparatodos.com.ve\/?p=2174#article\",\"isPartOf\":{\"@id\":\"https:\/\/patriaparatodos.com.ve\/?p=2174\"},\"author\":{\"name\":\"Ana Gonzalez\",\"@id\":\"https:\/\/patriaparatodos.com.ve\/#\/schema\/person\/fa39a49638b83519fd822cacb44f5844\"},\"headline\":\"Ilenia Medina: PPT est\u00e1 listo para las elecciones del 27 de abril\",\"datePublished\":\"2025-02-04T22:31:26+00:00\",\"dateModified\":\"2025-02-04T22:31:26+00:00\",\"mainEntityOfPage\":{\"@id\":\"https:\/\/patriaparatodos.com.ve\/?p=2174\"},\"wordCount\":1323,\"publisher\":{\"@id\":\"https:\/\/patriaparatodos.com.ve\/#organization\"},\"image\":{\"@id\":\"https:\/\/patriaparatodos.com.ve\/?p=2174#primaryimage\"},\"thumbnailUrl\":\"https:\/\/patriaparatodos.com.ve\/wp-content\/uploads\/2025\/02\/rueda-ilenia.jpg\",\"articleSection\":[\"Notas de Prensa\"],\"inLanguage\":\"es\"},{\"@type\":\"WebPage\",\"@id\":\"https:\/\/patriaparatodos.com.ve\/?p=2174\",\"url\":\"https:\/\/patriaparatodos.com.ve\/?p=2174\",\"name\":\"Ilenia Medina: PPT est\u00e1 listo para las elecciones del 27 de abril - La Mecha Azul\",\"isPartOf\":{\"@id\":\"https:\/\/patriaparatodos.com.ve\/#website\"},\"primaryImageOfPage\":{\"@id\":\"https:\/\/patriaparatodos.com.ve\/?p=2174#primaryimage\"},\"image\":{\"@id\":\"https:\/\/patriaparatodos.com.ve\/?p=2174#primaryimage\"},\"thumbnailUrl\":\"https:\/\/patriaparatodos.com.ve\/wp-content\/uploads\/2025\/02\/rueda-ilenia.jpg\",\"datePublished\":\"2025-02-04T22:31:26+00:00\",\"dateModified\":\"2025-02-04T22:31:26+00:00\",\"breadcrumb\":{\"@id\":\"https:\/\/patriaparatodos.com.ve\/?p=2174#breadcrumb\"},\"inLanguage\":\"es\",\"potentialAction\":[{\"@type\":\"ReadAction\",\"target\":[\"https:\/\/patriaparatodos.com.ve\/?p=2174\"]}]},{\"@type\":\"ImageObject\",\"inLanguage\":\"es\",\"@id\":\"https:\/\/patriaparatodos.com.ve\/?p=2174#primaryimage\",\"url\":\"https:\/\/patriaparatodos.com.ve\/wp-content\/uploads\/2025\/02\/rueda-ilenia.jpg\",\"contentUrl\":\"https:\/\/patriaparatodos.com.ve\/wp-content\/uploads\/2025\/02\/rueda-ilenia.jpg\",\"width\":852,\"height\":329},{\"@type\":\"BreadcrumbList\",\"@id\":\"https:\/\/patriaparatodos.com.ve\/?p=2174#breadcrumb\",\"itemListElement\":[{\"@type\":\"ListItem\",\"position\":1,\"name\":\"Portada\",\"item\":\"https:\/\/patriaparatodos.com.ve\/\"},{\"@type\":\"ListItem\",\"position\":2,\"name\":\"Ilenia Medina: PPT est\u00e1 listo para las elecciones del 27 de abril\"}]},{\"@type\":\"WebSite\",\"@id\":\"https:\/\/patriaparatodos.com.ve\/#website\",\"url\":\"https:\/\/patriaparatodos.com.ve\/\",\"name\":\"La Mecha Azul\",\"description\":\"Por la \u00c9tica, Valor de la Palabra\",\"publisher\":{\"@id\":\"https:\/\/patriaparatodos.com.ve\/#organization\"},\"potentialAction\":[{\"@type\":\"SearchAction\",\"target\":{\"@type\":\"EntryPoint\",\"urlTemplate\":\"https:\/\/patriaparatodos.com.ve\/?s={search_term_string}\"},\"query-input\":\"required name=search_term_string\"}],\"inLanguage\":\"es\"},{\"@type\":\"Organization\",\"@id\":\"https:\/\/patriaparatodos.com.ve\/#organization\",\"name\":\"La Mecha Azul\",\"url\":\"https:\/\/patriaparatodos.com.ve\/\",\"logo\":{\"@type\":\"ImageObject\",\"inLanguage\":\"es\",\"@id\":\"https:\/\/patriaparatodos.com.ve\/#\/schema\/logo\/image\/\",\"url\":\"https:\/\/patriaparatodos.com.ve\/wp-content\/uploads\/2023\/02\/cropped-logo-La-mecha-Azul-n.png\",\"contentUrl\":\"https:\/\/patriaparatodos.com.ve\/wp-content\/uploads\/2023\/02\/cropped-logo-La-mecha-Azul-n.png\",\"width\":5884,\"height\":3318,\"caption\":\"La Mecha Azul\"},\"image\":{\"@id\":\"https:\/\/patriaparatodos.com.ve\/#\/schema\/logo\/image\/\"}},{\"@type\":\"Person\",\"@id\":\"https:\/\/patriaparatodos.com.ve\/#\/schema\/person\/fa39a49638b83519fd822cacb44f5844\",\"name\":\"Ana Gonzalez\",\"image\":{\"@type\":\"ImageObject\",\"inLanguage\":\"es\",\"@id\":\"https:\/\/patriaparatodos.com.ve\/#\/schema\/person\/image\/\",\"url\":\"https:\/\/secure.gravatar.com\/avatar\/ef0a71a129594a408c20318531deb64b0ee4a6d35f0864a2e33aea8b4d3481be?s=96&d=mm&r=g\",\"contentUrl\":\"https:\/\/secure.gravatar.com\/avatar\/ef0a71a129594a408c20318531deb64b0ee4a6d35f0864a2e33aea8b4d3481be?s=96&d=mm&r=g\",\"caption\":\"Ana Gonzalez\"},\"url\":\"https:\/\/patriaparatodos.com.ve\/?author=3\"}]}<\/script>\n<!-- \/ Yoast SEO plugin. -->","yoast_head_json":{"title":"Ilenia Medina: PPT est\u00e1 listo para las elecciones del 27 de abril - La Mecha Azul","robots":{"index":"index","follow":"follow","max-snippet":"max-snippet:-1","max-image-preview":"max-image-preview:large","max-video-preview":"max-video-preview:-1"},"canonical":"https:\/\/patriaparatodos.com.ve\/?p=2174","og_locale":"es_ES","og_type":"article","og_title":"Ilenia Medina: PPT est\u00e1 listo para las elecciones del 27 de abril - La Mecha Azul","og_description":"El anuncio del CNE para elecciones parlamentarias, gobernaciones y legislaturas, ser\u00e1 abordado en Congreso del GPPSB y PPT considera deben respetarse los espacios logrados por cada organizaci\u00f3n (Prensa PPT-Caracas, 27 de enero de 2025) Desde la Oficina Parlamentaria de Patria Para Todos, este lunes 27 de enero; la Secretaria General de Patria Para Todos (PPT), [&hellip;]","og_url":"https:\/\/patriaparatodos.com.ve\/?p=2174","og_site_name":"La Mecha Azul","article_published_time":"2025-02-04T22:31:26+00:00","og_image":[{"width":852,"height":329,"url":"https:\/\/patriaparatodos.com.ve\/wp-content\/uploads\/2025\/02\/rueda-ilenia.jpg","type":"image\/jpeg"}],"author":"Ana Gonzalez","twitter_card":"summary_large_image","twitter_misc":{"Escrito por":"Ana Gonzalez","Tiempo de lectura":"6 minutos"},"schema":{"@context":"https:\/\/schema.org","@graph":[{"@type":"Article","@id":"https:\/\/patriaparatodos.com.ve\/?p=2174#article","isPartOf":{"@id":"https:\/\/patriaparatodos.com.ve\/?p=2174"},"author":{"name":"Ana Gonzalez","@id":"https:\/\/patriaparatodos.com.ve\/#\/schema\/person\/fa39a49638b83519fd822cacb44f5844"},"headline":"Ilenia Medina: PPT est\u00e1 listo para las elecciones del 27 de abril","datePublished":"2025-02-04T22:31:26+00:00","dateModified":"2025-02-04T22:31:26+00:00","mainEntityOfPage":{"@id":"https:\/\/patriaparatodos.com.ve\/?p=2174"},"wordCount":1323,"publisher":{"@id":"https:\/\/patriaparatodos.com.ve\/#organization"},"image":{"@id":"https:\/\/patriaparatodos.com.ve\/?p=2174#primaryimage"},"thumbnailUrl":"https:\/\/patriaparatodos.com.ve\/wp-content\/uploads\/2025\/02\/rueda-ilenia.jpg","articleSection":["Notas de Prensa"],"inLanguage":"es"},{"@type":"WebPage","@id":"https:\/\/patriaparatodos.com.ve\/?p=2174","url":"https:\/\/patriaparatodos.com.ve\/?p=2174","name":"Ilenia Medina: PPT est\u00e1 listo para las elecciones del 27 de abril - La Mecha Azul","isPartOf":{"@id":"https:\/\/patriaparatodos.com.ve\/#website"},"primaryImageOfPage":{"@id":"https:\/\/patriaparatodos.com.ve\/?p=2174#primaryimage"},"image":{"@id":"https:\/\/patriaparatodos.com.ve\/?p=2174#primaryimage"},"thumbnailUrl":"https:\/\/patriaparatodos.com.ve\/wp-content\/uploads\/2025\/02\/rueda-ilenia.jpg","datePublished":"2025-02-04T22:31:26+00:00","dateModified":"2025-02-04T22:31:26+00:00","breadcrumb":{"@id":"https:\/\/patriaparatodos.com.ve\/?p=2174#breadcrumb"},"inLanguage":"es","potentialAction":[{"@type":"ReadAction","target":["https:\/\/patriaparatodos.com.ve\/?p=2174"]}]},{"@type":"ImageObject","inLanguage":"es","@id":"https:\/\/patriaparatodos.com.ve\/?p=2174#primaryimage","url":"https:\/\/patriaparatodos.com.ve\/wp-content\/uploads\/2025\/02\/rueda-ilenia.jpg","contentUrl":"https:\/\/patriaparatodos.com.ve\/wp-content\/uploads\/2025\/02\/rueda-ilenia.jpg","width":852,"height":329},{"@type":"BreadcrumbList","@id":"https:\/\/patriaparatodos.com.ve\/?p=2174#breadcrumb","itemListElement":[{"@type":"ListItem","position":1,"name":"Portada","item":"https:\/\/patriaparatodos.com.ve\/"},{"@type":"ListItem","position":2,"name":"Ilenia Medina: PPT est\u00e1 listo para las elecciones del 27 de abril"}]},{"@type":"WebSite","@id":"https:\/\/patriaparatodos.com.ve\/#website","url":"https:\/\/patriaparatodos.com.ve\/","name":"La Mecha Azul","description":"Por la \u00c9tica, Valor de la Palabra","publisher":{"@id":"https:\/\/patriaparatodos.com.ve\/#organization"},"potentialAction":[{"@type":"SearchAction","target":{"@type":"EntryPoint","urlTemplate":"https:\/\/patriaparatodos.com.ve\/?s={search_term_string}"},"query-input":"required name=search_term_string"}],"inLanguage":"es"},{"@type":"Organization","@id":"https:\/\/patriaparatodos.com.ve\/#organization","name":"La Mecha Azul","url":"https:\/\/patriaparatodos.com.ve\/","logo":{"@type":"ImageObject","inLanguage":"es","@id":"https:\/\/patriaparatodos.com.ve\/#\/schema\/logo\/image\/","url":"https:\/\/patriaparatodos.com.ve\/wp-content\/uploads\/2023\/02\/cropped-logo-La-mecha-Azul-n.png","contentUrl":"https:\/\/patriaparatodos.com.ve\/wp-content\/uploads\/2023\/02\/cropped-logo-La-mecha-Azul-n.png","width":5884,"height":3318,"caption":"La Mecha Azul"},"image":{"@id":"https:\/\/patriaparatodos.com.ve\/#\/schema\/logo\/image\/"}},{"@type":"Person","@id":"https:\/\/patriaparatodos.com.ve\/#\/schema\/person\/fa39a49638b83519fd822cacb44f5844","name":"Ana Gonzalez","image":{"@type":"ImageObject","inLanguage":"es","@id":"https:\/\/patriaparatodos.com.ve\/#\/schema\/person\/image\/","url":"https:\/\/secure.gravatar.com\/avatar\/ef0a71a129594a408c20318531deb64b0ee4a6d35f0864a2e33aea8b4d3481be?s=96&d=mm&r=g","contentUrl":"https:\/\/secure.gravatar.com\/avatar\/ef0a71a129594a408c20318531deb64b0ee4a6d35f0864a2e33aea8b4d3481be?s=96&d=mm&r=g","caption":"Ana Gonzalez"},"url":"https:\/\/patriaparatodos.com.ve\/?author=3"}]}},"_links":{"self":[{"href":"https:\/\/patriaparatodos.com.ve\/index.php?rest_route=\/wp\/v2\/posts\/2174","targetHints":{"allow":["GET"]}}],"collection":[{"href":"https:\/\/patriaparatodos.com.ve\/index.php?rest_route=\/wp\/v2\/posts"}],"about":[{"href":"https:\/\/patriaparatodos.com.ve\/index.php?rest_route=\/wp\/v2\/types\/post"}],"author":[{"embeddable":true,"href":"https:\/\/patriaparatodos.com.ve\/index.php?rest_route=\/wp\/v2\/users\/3"}],"replies":[{"embeddable":true,"href":"https:\/\/patriaparatodos.com.ve\/index.php?rest_route=%2Fwp%2Fv2%2Fcomments&post=2174"}],"version-history":[{"count":1,"href":"https:\/\/patriaparatodos.com.ve\/index.php?rest_route=\/wp\/v2\/posts\/2174\/revisions"}],"predecessor-version":[{"id":2176,"href":"https:\/\/patriaparatodos.com.ve\/index.php?rest_route=\/wp\/v2\/posts\/2174\/revisions\/2176"}],"wp:featuredmedia":[{"embeddable":true,"href":"https:\/\/patriaparatodos.com.ve\/index.php?rest_route=\/wp\/v2\/media\/2175"}],"wp:attachment":[{"href":"https:\/\/patriaparatodos.com.ve\/index.php?rest_route=%2Fwp%2Fv2%2Fmedia&parent=2174"}],"wp:term":[{"taxonomy":"category","embeddable":true,"href":"https:\/\/patriaparatodos.com.ve\/index.php?rest_route=%2Fwp%2Fv2%2Fcategories&post=2174"},{"taxonomy":"post_tag","embeddable":true,"href":"https:\/\/patriaparatodos.com.ve\/index.php?rest_route=%2Fwp%2Fv2%2Ftags&post=2174"}],"curies":[{"name":"wp","href":"https:\/\/api.w.org\/{rel}","templated":true}]}}