{"id":2177,"date":"2025-02-04T22:49:06","date_gmt":"2025-02-04T22:49:06","guid":{"rendered":"https:\/\/patriaparatodos.com.ve\/?p=2177"},"modified":"2025-02-04T22:51:17","modified_gmt":"2025-02-04T22:51:17","slug":"ilenia-medina-tras-su-exito-congreso-para-reforma-constitucional-se-replicara-en-regiones","status":"publish","type":"post","link":"https:\/\/patriaparatodos.com.ve\/?p=2177","title":{"rendered":"Ilenia Medina: Tras su \u00e9xito Congreso para Reforma Constitucional se replicar\u00e1 en regiones"},"content":{"rendered":"<p class=\"western\" align=\"justify\"><span style=\"font-family: Cambria, serif;\"><span style=\"font-size: x-large;\"><b>Patria Para Todos efectuar\u00e1 nuevos an\u00e1lisis y discusiones de propuestas para reforma constitucional en las regiones del pa\u00eds, iniciando con la regi\u00f3n capital <\/b><\/span><\/span><\/p>\n<p class=\"western\" align=\"justify\"><span style=\"font-family: Cambria, serif;\"><span style=\"font-size: x-large;\">(Prensa PPT-Caracas, 3 de febrero de 2025) Como cada lunes, desde la Oficina Parlamentaria de Patria Para Todos (PPT), se present\u00f3 el balance pol\u00edtico informativo de esta organizaci\u00f3n bajo la vocer\u00eda de su Secretaria General, Diputada Ilenia Medina; quien hizo \u00e9nfasis en que el an\u00e1lisis pol\u00edtico se dio tras la discusi\u00f3n hecha en ese espacio y v\u00eda videoconferencia.<\/span><\/span><\/p>\n<p class=\"western\" align=\"justify\"><span style=\"font-family: Cambria, serif;\"><span style=\"font-size: x-large;\">La parlamentaria resalt\u00f3 el natalicio de Ezequiel Zamora, Cecilio Acosta, del Gran Mariscal Antonio Jos\u00e9 de Sucre y Fabricio Ojeda. De igual manera record\u00f3 el 2 de febrero de 1999, fecha en la cual el Comandante Hugo Ch\u00e1vez asume la presidencia constitucional de Venezuela; hecho de trascendencia para nuestro pa\u00eds y el mundo, con un proceso constituyente que model\u00f3 las transformaciones en Latinoam\u00e9rica.<\/span><\/span><\/p>\n<p class=\"western\" align=\"justify\"><span style=\"font-family: Cambria, serif;\"><span style=\"font-size: x-large;\">As\u00ed mismo, habl\u00f3 de la rebeli\u00f3n militar del 4 de febrero de 1992, liderada por el Comandante Ch\u00e1vez, quien con su \u201cpor ahora\u201d, despert\u00f3 la esperanza para su posterior elecci\u00f3n como presidente. Hecho que PPT acompa\u00f1\u00f3, primero como Causa R y luego con el nombre de Patria Para Todos.<\/span><\/span><\/p>\n<p class=\"western\" align=\"justify\"><span style=\"font-family: Cambria, serif;\"><span style=\"font-size: x-large;\"><b>Cumbre CELAC.-<\/b><\/span><\/span><span style=\"font-family: Cambria, serif;\"><span style=\"font-size: x-large;\"> Luego del llamado de la Presidente Pro Tempore de la CELAC, Xiomara Castro (Honduras), y no haberse concretado la reuni\u00f3n por el boicot hecho por gobiernos de la derecha en la regi\u00f3n; Ilenia Medina resalt\u00f3 que debe avanzarse en puntos que fortalezcan la organizaci\u00f3n. Desde su perspectiva como Internacionalista, la CELAC debe ser un polo de poder, sobremanera cuando se ha buscado destruirla y e impedir la unidad latinoamericana y caribe\u00f1a a trav\u00e9s de la divisi\u00f3n, desvirtu\u00e1ndose el principio de Sim\u00f3n Bol\u00edvar de equilibrio internacional.<\/span><\/span><\/p>\n<p class=\"western\" align=\"justify\"><span style=\"font-family: Cambria, serif;\"><span style=\"font-size: x-large;\"><b>Congreso para la Reforma Constitucional de PPT.-<\/b><\/span><\/span><span style=\"font-family: Cambria, serif;\"><span style=\"font-size: x-large;\"> El pasado 31 de enero en la Sala Plenaria de Parque Central, Patria para Todos desarroll\u00f3 el Congreso Reforma Constitucional y el Pensamiento Democr\u00e1tico de Alfredo Maneiro, donde las distintas regiones de la tolda azul abordaron los elementos para enriquecer la venidera reforma constitucional que se replicar\u00e1 en las regiones.<\/span><\/span><\/p>\n<p class=\"western\" align=\"justify\"><span style=\"font-family: Cambria, serif;\"><span style=\"font-size: x-large;\">La discusi\u00f3n se desarroll\u00f3 desde la perspectiva de Alfredo Maneiro, padre de la Democracia Participativa y Protag\u00f3nica; guiados por PPT como organizaci\u00f3n de vanguardia revolucionaria que se vincula con la gente y construye con la gente. En este encuentro, voceros del Poder Popular presentaron sus propuestas, que ser\u00e1n desarrolladas junto a las otras 7 que ha venido trabajando el partido.<\/span><\/span><\/p>\n<p class=\"western\" align=\"justify\"><span style=\"font-family: Cambria, serif;\"><span style=\"font-size: x-large;\">Cada una de esas propuestas se enriquece, e ir\u00e1n a fortalecer la discusi\u00f3n regional, con la idea de profundizar a\u00fan m\u00e1s la democracia para que surja el gobierno popular a trav\u00e9s de la Comuna, y fortalecida con los Consejos Locales de Planificaci\u00f3n P\u00fablica (CLPP); que incida en la sociedad y en el nuevo Estado.<\/span><\/span><\/p>\n<p class=\"western\" align=\"justify\"><span style=\"font-family: Cambria, serif;\"><span style=\"font-size: x-large;\">Dentro de los planteamientos expuestos en el Congreso, la Diputada Ilenia Medina se\u00f1al\u00f3 que el conuco contribuye a una econom\u00eda liberadora y soberana, para producir alimentos sanos y de calidad, que garanticen la vida saludable, centrada en el poder creador de nuestro pueblo.<\/span><\/span><\/p>\n<p class=\"western\" align=\"justify\"><span style=\"font-family: Cambria, serif;\"><span style=\"font-size: x-large;\">As\u00ed mismo, explic\u00f3 que la Constituyente de los Trabajadores es otra propuesta para un nuevo modelo de gesti\u00f3n p\u00fablica: \u00e9tico, soberano, seguro y productivo; que garantice a todos los trabajadores el control real de las empresas e instituciones, y coadyuve al desarrollo nacional y transformaci\u00f3n hacia un nuevo Estado revolucionario.<\/span><\/span><\/p>\n<p class=\"western\" align=\"justify\"><span style=\"font-family: Cambria, serif;\"><span style=\"font-size: x-large;\">Medina puso como ejemplo la empresa privada SURAL (Bol\u00edvar), dedicada a la construcci\u00f3n de transmisores el\u00e9ctricos, que se ha visto afectada porque sus due\u00f1os han venido desmantel\u00e1ndola y los trabajadores vienen adelantando un proceso de gesti\u00f3n para impedir que esta empresa se destruya y con el control obrero reactivar todos sus procesos operativos y de gesti\u00f3n administrativa y financiera bajo un nuevo proceso de control de la gesti\u00f3n.<\/span><\/span><\/p>\n<p class=\"western\" align=\"justify\"><span style=\"font-family: Cambria, serif;\"><span style=\"font-size: x-large;\">Tambi\u00e9n la nueva econom\u00eda, fue calificada por Ilenia Medina como fundamenta, ya que se trata de ir a una econom\u00eda local que debe ser desarrollada mediante las potencialidades presentes en cada municipio, considerando el desarrollo de pol\u00edticas p\u00fablicas, empresas privadas e inversi\u00f3n extranjera. <\/span><\/span><\/p>\n<p class=\"western\" align=\"justify\"><span style=\"font-family: Cambria, serif;\"><span style=\"font-size: x-large;\"><b>Primera Consulta Popular 2025.-<\/b><\/span><\/span><span style=\"font-family: Cambria, serif;\"><span style=\"font-size: x-large;\"> Con una participaci\u00f3n significativa, los circuitos comunales eligieron los nuevos proyectos a ser desarrollados en los pr\u00f3ximos meses en sus comunidades. Ilenia Medina explic\u00f3 que la cantidad de proyectos seleccionados superan los 36.000 y est\u00e1n orientados en buena proporci\u00f3n a recuperar los servicios p\u00fablicos de las comunidades.<\/span><\/span><\/p>\n<p class=\"western\" align=\"justify\"><span style=\"font-family: Cambria, serif;\"><span style=\"font-size: x-large;\">Para PPT es necesario que el CNE inserte las m\u00e1quinas electorales en los procesos venideros, para hacer que la escogencia sea m\u00e1s fluida; as\u00ed se evitar\u00edan las colas percibidas este domingo 2 de febrero en muchos centros electorales del pa\u00eds.<\/span><\/span><\/p>\n<p class=\"western\" align=\"justify\"><span style=\"font-family: Cambria, serif;\"><span style=\"font-size: x-large;\">La apertura de las Salas de Gobierno propuestas por el Presidente Nicol\u00e1s Maduro Moros, a juicio de PPT, son de inter\u00e9s para el autogobierno popular en los circuitos comunales; que a su vez se servir\u00e1n del 1&#215;10 del buen gobierno para lograr una atenci\u00f3n integral y expedita. A ello deber\u00edan sumarse los CLPP para enriquecer la Democracia Protag\u00f3nica y Participativa.<\/span><\/span><\/p>\n<p class=\"western\" align=\"justify\"><span style=\"font-family: Cambria, serif;\"><span style=\"font-size: x-large;\"><b>Enviado especial de Estados Unidos a Venezuela.-<\/b><\/span><\/span><span style=\"font-family: Cambria, serif;\"><span style=\"font-size: x-large;\"> Con la llegada de Richard Grenell al pa\u00eds y su posterior reuni\u00f3n con el Presidente Nicol\u00e1s Maduro Moros para iniciar la \u201cagenda cero\u201d. Con ello se respeta la decisi\u00f3n del pueblo venezolano, que eligi\u00f3 al Presidente Maduro para un tercer mandato y se evita, a juicio de Medina, volver a caer en aquella \u201ctrampa caza bobos\u201d del \u201cinterinato\u201d.<\/span><\/span><\/p>\n<p class=\"western\" align=\"justify\"><span style=\"font-family: Cambria, serif;\"><span style=\"font-size: x-large;\">Donald Trump no se puede permitir que lo vuelva a enga\u00f1ar la ultraderecha venezolana, quienes no s\u00f3lo se hicieron de activos venezolanos, sino tambi\u00e9n de recursos de los contribuyentes norteamericanos otorgados por la USAID.<\/span><\/span><\/p>\n<p class=\"western\" align=\"justify\"><span style=\"font-family: Cambria, serif;\"><span style=\"font-size: x-large;\">La \u201cagenda cero\u201d debe significar el levantamiento progresivo de las Medidas Coercitivas Unilaterales. Como gesto de buena voluntad, el gobierno venezolano entreg\u00f3 a seis norteamericanos que se encontraban privados de libertad en nuestra patria, quienes hab\u00edan sido vinculados a hechos que atentaban contra la paz de la rep\u00fablica.<\/span><\/span><\/p>\n<p class=\"western\" align=\"justify\"><span style=\"font-family: Cambria, serif;\"><span style=\"font-size: x-large;\">La tambi\u00e9n Internacionalista, se\u00f1al\u00f3 que las serias contradicciones de Donald Trump con la regi\u00f3n har\u00e1n que la unidad latinoamericana sea el escudo para protegernos de las aberraciones contra los pa\u00edses del hemisferio. Debe evitarse caer en las rupturas innecesarias que gobiernos de la derecha han hecho a los mecanismos de integraci\u00f3n regional.<\/span><\/span><\/p>\n<p class=\"western\" align=\"justify\"><span style=\"font-family: Cambria, serif;\"><span style=\"font-size: x-large;\">Y en este sentido, PPT destaca la actuaci\u00f3n del Presidente colombiano Gustavo Petro, al insistir que los colombianos deben ser tratados con dignidad en el proceso de extradici\u00f3n desde Estados Unidos. De igual forma la Presidenta de M\u00e9xico, Claudia Sheinbaum, quien exigi\u00f3 respeto al Derecho Internacional y la protecci\u00f3n de los Derechos Humanos de los ciudadanos mexicanos que est\u00e1n en Estados Unidos. <\/span><\/span><\/p>\n<p class=\"western\" align=\"justify\"><span style=\"font-family: Cambria, serif;\"><span style=\"font-size: x-large;\">Trump no puede imponer su agenda a pa\u00edses soberanos. No es posible que pueda poner de rodillas a los pa\u00edses del continente. Es un acto violatorio de las convenciones internacionales. Por eso hoy en Estados Unidos la comunidad mexicana y latinoamericana est\u00e1 de brazos ca\u00eddos. No acudi\u00f3 a jornadas laborales, no hizo compras, ni envi\u00f3 a sus hijos a clases para hacer sentir la fuerza que tienen en ese pa\u00eds.<\/span><\/span><\/p>\n<p class=\"western\" align=\"justify\"><span style=\"font-family: Cambria, serif;\"><span style=\"font-size: x-large;\">Para Medina el Plan Vuelta a la Patria es una pol\u00edtica de Estado para el retorno de los connacionales, experiencia \u00fanica en el mundo, hecha con bloqueo y sanciones internacionales.<\/span><\/span><\/p>\n<p class=\"western\" align=\"justify\"><span style=\"font-family: Cambria, serif;\"><span style=\"font-size: x-large;\">Esta experiencia puede ser hoy usada por los hermanos latinoamericanos, para garantizar el retorno de sus connacionales sin humillaci\u00f3n, tras la arremetida xen\u00f3foba de Donald Trump. Medina sentenci\u00f3 que esta realidad, lamentablemente a la derecha extrema venezolana no le duele. <\/span><\/span><\/p>\n<p class=\"western\" align=\"justify\"><span style=\"font-family: Cambria, serif;\"><span style=\"font-size: x-large;\">Al cierre de sus declaraciones, la Diputada Ilenia Medina explic\u00f3 que es vital que Latinoam\u00e9rica se una para atender las deportaciones y la humillaci\u00f3n que se hace a los latinoamericanos. Ya vemos algunas acciones, la de M\u00e9xico y Canad\u00e1, que no pertenece a Latinoam\u00e9rica pero sin embargo se ve afectada por la arbitrariedad del gobierno de Trump. <\/span><\/span><\/p>\n","protected":false},"excerpt":{"rendered":"<p>Patria Para Todos efectuar\u00e1 nuevos an\u00e1lisis y discusiones de propuestas para reforma constitucional en las regiones del pa\u00eds, iniciando con la regi\u00f3n capital (Prensa PPT-Caracas, 3 de febrero de 2025) Como cada lunes, desde la Oficina Parlamentaria de Patria Para Todos (PPT), se present\u00f3 el balance pol\u00edtico informativo de esta organizaci\u00f3n bajo la vocer\u00eda de [&hellip;]<\/p>\n","protected":false},"author":3,"featured_media":2178,"comment_status":"closed","ping_status":"open","sticky":false,"template":"","format":"standard","meta":{"footnotes":""},"categories":[7],"tags":[],"class_list":["post-2177","post","type-post","status-publish","format-standard","has-post-thumbnail","hentry","category-notas-de-prensa"],"yoast_head":"<!-- This site is optimized with the Yoast SEO plugin v23.3 - https:\/\/yoast.com\/wordpress\/plugins\/seo\/ -->\n<title>Ilenia Medina: Tras su \u00e9xito Congreso para Reforma Constitucional se replicar\u00e1 en regiones - La Mecha Azul<\/title>\n<meta name=\"robots\" content=\"index, follow, max-snippet:-1, max-image-preview:large, max-video-preview:-1\" \/>\n<link rel=\"canonical\" href=\"https:\/\/patriaparatodos.com.ve\/?p=2177\" \/>\n<meta property=\"og:locale\" content=\"es_ES\" \/>\n<meta property=\"og:type\" content=\"article\" \/>\n<meta property=\"og:title\" content=\"Ilenia Medina: Tras su \u00e9xito Congreso para Reforma Constitucional se replicar\u00e1 en regiones - La Mecha Azul\" \/>\n<meta property=\"og:description\" content=\"Patria Para Todos efectuar\u00e1 nuevos an\u00e1lisis y discusiones de propuestas para reforma constitucional en las regiones del pa\u00eds, iniciando con la regi\u00f3n capital (Prensa PPT-Caracas, 3 de febrero de 2025) Como cada lunes, desde la Oficina Parlamentaria de Patria Para Todos (PPT), se present\u00f3 el balance pol\u00edtico informativo de esta organizaci\u00f3n bajo la vocer\u00eda de [&hellip;]\" \/>\n<meta property=\"og:url\" content=\"https:\/\/patriaparatodos.com.ve\/?p=2177\" \/>\n<meta property=\"og:site_name\" content=\"La Mecha Azul\" \/>\n<meta property=\"article:published_time\" content=\"2025-02-04T22:49:06+00:00\" \/>\n<meta property=\"article:modified_time\" content=\"2025-02-04T22:51:17+00:00\" \/>\n<meta property=\"og:image\" content=\"https:\/\/patriaparatodos.com.ve\/wp-content\/uploads\/2025\/02\/44.jpg\" \/>\n\t<meta property=\"og:image:width\" content=\"953\" \/>\n\t<meta property=\"og:image:height\" content=\"424\" \/>\n\t<meta property=\"og:image:type\" content=\"image\/jpeg\" \/>\n<meta name=\"author\" content=\"Ana Gonzalez\" \/>\n<meta name=\"twitter:card\" content=\"summary_large_image\" \/>\n<meta name=\"twitter:label1\" content=\"Escrito por\" \/>\n\t<meta name=\"twitter:data1\" content=\"Ana Gonzalez\" \/>\n\t<meta name=\"twitter:label2\" content=\"Tiempo de lectura\" \/>\n\t<meta name=\"twitter:data2\" content=\"6 minutos\" \/>\n<script type=\"application\/ld+json\" class=\"yoast-schema-graph\">{\"@context\":\"https:\/\/schema.org\",\"@graph\":[{\"@type\":\"Article\",\"@id\":\"https:\/\/patriaparatodos.com.ve\/?p=2177#article\",\"isPartOf\":{\"@id\":\"https:\/\/patriaparatodos.com.ve\/?p=2177\"},\"author\":{\"name\":\"Ana Gonzalez\",\"@id\":\"https:\/\/patriaparatodos.com.ve\/#\/schema\/person\/fa39a49638b83519fd822cacb44f5844\"},\"headline\":\"Ilenia Medina: Tras su \u00e9xito Congreso para Reforma Constitucional se replicar\u00e1 en regiones\",\"datePublished\":\"2025-02-04T22:49:06+00:00\",\"dateModified\":\"2025-02-04T22:51:17+00:00\",\"mainEntityOfPage\":{\"@id\":\"https:\/\/patriaparatodos.com.ve\/?p=2177\"},\"wordCount\":1372,\"publisher\":{\"@id\":\"https:\/\/patriaparatodos.com.ve\/#organization\"},\"image\":{\"@id\":\"https:\/\/patriaparatodos.com.ve\/?p=2177#primaryimage\"},\"thumbnailUrl\":\"https:\/\/patriaparatodos.com.ve\/wp-content\/uploads\/2025\/02\/44.jpg\",\"articleSection\":[\"Notas de Prensa\"],\"inLanguage\":\"es\"},{\"@type\":\"WebPage\",\"@id\":\"https:\/\/patriaparatodos.com.ve\/?p=2177\",\"url\":\"https:\/\/patriaparatodos.com.ve\/?p=2177\",\"name\":\"Ilenia Medina: Tras su \u00e9xito Congreso para Reforma Constitucional se replicar\u00e1 en regiones - La Mecha Azul\",\"isPartOf\":{\"@id\":\"https:\/\/patriaparatodos.com.ve\/#website\"},\"primaryImageOfPage\":{\"@id\":\"https:\/\/patriaparatodos.com.ve\/?p=2177#primaryimage\"},\"image\":{\"@id\":\"https:\/\/patriaparatodos.com.ve\/?p=2177#primaryimage\"},\"thumbnailUrl\":\"https:\/\/patriaparatodos.com.ve\/wp-content\/uploads\/2025\/02\/44.jpg\",\"datePublished\":\"2025-02-04T22:49:06+00:00\",\"dateModified\":\"2025-02-04T22:51:17+00:00\",\"breadcrumb\":{\"@id\":\"https:\/\/patriaparatodos.com.ve\/?p=2177#breadcrumb\"},\"inLanguage\":\"es\",\"potentialAction\":[{\"@type\":\"ReadAction\",\"target\":[\"https:\/\/patriaparatodos.com.ve\/?p=2177\"]}]},{\"@type\":\"ImageObject\",\"inLanguage\":\"es\",\"@id\":\"https:\/\/patriaparatodos.com.ve\/?p=2177#primaryimage\",\"url\":\"https:\/\/patriaparatodos.com.ve\/wp-content\/uploads\/2025\/02\/44.jpg\",\"contentUrl\":\"https:\/\/patriaparatodos.com.ve\/wp-content\/uploads\/2025\/02\/44.jpg\",\"width\":953,\"height\":424},{\"@type\":\"BreadcrumbList\",\"@id\":\"https:\/\/patriaparatodos.com.ve\/?p=2177#breadcrumb\",\"itemListElement\":[{\"@type\":\"ListItem\",\"position\":1,\"name\":\"Portada\",\"item\":\"https:\/\/patriaparatodos.com.ve\/\"},{\"@type\":\"ListItem\",\"position\":2,\"name\":\"Ilenia Medina: Tras su \u00e9xito Congreso para Reforma Constitucional se replicar\u00e1 en regiones\"}]},{\"@type\":\"WebSite\",\"@id\":\"https:\/\/patriaparatodos.com.ve\/#website\",\"url\":\"https:\/\/patriaparatodos.com.ve\/\",\"name\":\"La Mecha Azul\",\"description\":\"Por la \u00c9tica, Valor de la Palabra\",\"publisher\":{\"@id\":\"https:\/\/patriaparatodos.com.ve\/#organization\"},\"potentialAction\":[{\"@type\":\"SearchAction\",\"target\":{\"@type\":\"EntryPoint\",\"urlTemplate\":\"https:\/\/patriaparatodos.com.ve\/?s={search_term_string}\"},\"query-input\":\"required name=search_term_string\"}],\"inLanguage\":\"es\"},{\"@type\":\"Organization\",\"@id\":\"https:\/\/patriaparatodos.com.ve\/#organization\",\"name\":\"La Mecha Azul\",\"url\":\"https:\/\/patriaparatodos.com.ve\/\",\"logo\":{\"@type\":\"ImageObject\",\"inLanguage\":\"es\",\"@id\":\"https:\/\/patriaparatodos.com.ve\/#\/schema\/logo\/image\/\",\"url\":\"https:\/\/patriaparatodos.com.ve\/wp-content\/uploads\/2023\/02\/cropped-logo-La-mecha-Azul-n.png\",\"contentUrl\":\"https:\/\/patriaparatodos.com.ve\/wp-content\/uploads\/2023\/02\/cropped-logo-La-mecha-Azul-n.png\",\"width\":5884,\"height\":3318,\"caption\":\"La Mecha Azul\"},\"image\":{\"@id\":\"https:\/\/patriaparatodos.com.ve\/#\/schema\/logo\/image\/\"}},{\"@type\":\"Person\",\"@id\":\"https:\/\/patriaparatodos.com.ve\/#\/schema\/person\/fa39a49638b83519fd822cacb44f5844\",\"name\":\"Ana Gonzalez\",\"image\":{\"@type\":\"ImageObject\",\"inLanguage\":\"es\",\"@id\":\"https:\/\/patriaparatodos.com.ve\/#\/schema\/person\/image\/\",\"url\":\"https:\/\/secure.gravatar.com\/avatar\/ef0a71a129594a408c20318531deb64b0ee4a6d35f0864a2e33aea8b4d3481be?s=96&d=mm&r=g\",\"contentUrl\":\"https:\/\/secure.gravatar.com\/avatar\/ef0a71a129594a408c20318531deb64b0ee4a6d35f0864a2e33aea8b4d3481be?s=96&d=mm&r=g\",\"caption\":\"Ana Gonzalez\"},\"url\":\"https:\/\/patriaparatodos.com.ve\/?author=3\"}]}<\/script>\n<!-- \/ Yoast SEO plugin. -->","yoast_head_json":{"title":"Ilenia Medina: Tras su \u00e9xito Congreso para Reforma Constitucional se replicar\u00e1 en regiones - La Mecha Azul","robots":{"index":"index","follow":"follow","max-snippet":"max-snippet:-1","max-image-preview":"max-image-preview:large","max-video-preview":"max-video-preview:-1"},"canonical":"https:\/\/patriaparatodos.com.ve\/?p=2177","og_locale":"es_ES","og_type":"article","og_title":"Ilenia Medina: Tras su \u00e9xito Congreso para Reforma Constitucional se replicar\u00e1 en regiones - La Mecha Azul","og_description":"Patria Para Todos efectuar\u00e1 nuevos an\u00e1lisis y discusiones de propuestas para reforma constitucional en las regiones del pa\u00eds, iniciando con la regi\u00f3n capital (Prensa PPT-Caracas, 3 de febrero de 2025) Como cada lunes, desde la Oficina Parlamentaria de Patria Para Todos (PPT), se present\u00f3 el balance pol\u00edtico informativo de esta organizaci\u00f3n bajo la vocer\u00eda de [&hellip;]","og_url":"https:\/\/patriaparatodos.com.ve\/?p=2177","og_site_name":"La Mecha Azul","article_published_time":"2025-02-04T22:49:06+00:00","article_modified_time":"2025-02-04T22:51:17+00:00","og_image":[{"width":953,"height":424,"url":"https:\/\/patriaparatodos.com.ve\/wp-content\/uploads\/2025\/02\/44.jpg","type":"image\/jpeg"}],"author":"Ana Gonzalez","twitter_card":"summary_large_image","twitter_misc":{"Escrito por":"Ana Gonzalez","Tiempo de lectura":"6 minutos"},"schema":{"@context":"https:\/\/schema.org","@graph":[{"@type":"Article","@id":"https:\/\/patriaparatodos.com.ve\/?p=2177#article","isPartOf":{"@id":"https:\/\/patriaparatodos.com.ve\/?p=2177"},"author":{"name":"Ana Gonzalez","@id":"https:\/\/patriaparatodos.com.ve\/#\/schema\/person\/fa39a49638b83519fd822cacb44f5844"},"headline":"Ilenia Medina: Tras su \u00e9xito Congreso para Reforma Constitucional se replicar\u00e1 en regiones","datePublished":"2025-02-04T22:49:06+00:00","dateModified":"2025-02-04T22:51:17+00:00","mainEntityOfPage":{"@id":"https:\/\/patriaparatodos.com.ve\/?p=2177"},"wordCount":1372,"publisher":{"@id":"https:\/\/patriaparatodos.com.ve\/#organization"},"image":{"@id":"https:\/\/patriaparatodos.com.ve\/?p=2177#primaryimage"},"thumbnailUrl":"https:\/\/patriaparatodos.com.ve\/wp-content\/uploads\/2025\/02\/44.jpg","articleSection":["Notas de Prensa"],"inLanguage":"es"},{"@type":"WebPage","@id":"https:\/\/patriaparatodos.com.ve\/?p=2177","url":"https:\/\/patriaparatodos.com.ve\/?p=2177","name":"Ilenia Medina: Tras su \u00e9xito Congreso para Reforma Constitucional se replicar\u00e1 en regiones - La Mecha Azul","isPartOf":{"@id":"https:\/\/patriaparatodos.com.ve\/#website"},"primaryImageOfPage":{"@id":"https:\/\/patriaparatodos.com.ve\/?p=2177#primaryimage"},"image":{"@id":"https:\/\/patriaparatodos.com.ve\/?p=2177#primaryimage"},"thumbnailUrl":"https:\/\/patriaparatodos.com.ve\/wp-content\/uploads\/2025\/02\/44.jpg","datePublished":"2025-02-04T22:49:06+00:00","dateModified":"2025-02-04T22:51:17+00:00","breadcrumb":{"@id":"https:\/\/patriaparatodos.com.ve\/?p=2177#breadcrumb"},"inLanguage":"es","potentialAction":[{"@type":"ReadAction","target":["https:\/\/patriaparatodos.com.ve\/?p=2177"]}]},{"@type":"ImageObject","inLanguage":"es","@id":"https:\/\/patriaparatodos.com.ve\/?p=2177#primaryimage","url":"https:\/\/patriaparatodos.com.ve\/wp-content\/uploads\/2025\/02\/44.jpg","contentUrl":"https:\/\/patriaparatodos.com.ve\/wp-content\/uploads\/2025\/02\/44.jpg","width":953,"height":424},{"@type":"BreadcrumbList","@id":"https:\/\/patriaparatodos.com.ve\/?p=2177#breadcrumb","itemListElement":[{"@type":"ListItem","position":1,"name":"Portada","item":"https:\/\/patriaparatodos.com.ve\/"},{"@type":"ListItem","position":2,"name":"Ilenia Medina: Tras su \u00e9xito Congreso para Reforma Constitucional se replicar\u00e1 en regiones"}]},{"@type":"WebSite","@id":"https:\/\/patriaparatodos.com.ve\/#website","url":"https:\/\/patriaparatodos.com.ve\/","name":"La Mecha Azul","description":"Por la \u00c9tica, Valor de la Palabra","publisher":{"@id":"https:\/\/patriaparatodos.com.ve\/#organization"},"potentialAction":[{"@type":"SearchAction","target":{"@type":"EntryPoint","urlTemplate":"https:\/\/patriaparatodos.com.ve\/?s={search_term_string}"},"query-input":"required name=search_term_string"}],"inLanguage":"es"},{"@type":"Organization","@id":"https:\/\/patriaparatodos.com.ve\/#organization","name":"La Mecha Azul","url":"https:\/\/patriaparatodos.com.ve\/","logo":{"@type":"ImageObject","inLanguage":"es","@id":"https:\/\/patriaparatodos.com.ve\/#\/schema\/logo\/image\/","url":"https:\/\/patriaparatodos.com.ve\/wp-content\/uploads\/2023\/02\/cropped-logo-La-mecha-Azul-n.png","contentUrl":"https:\/\/patriaparatodos.com.ve\/wp-content\/uploads\/2023\/02\/cropped-logo-La-mecha-Azul-n.png","width":5884,"height":3318,"caption":"La Mecha Azul"},"image":{"@id":"https:\/\/patriaparatodos.com.ve\/#\/schema\/logo\/image\/"}},{"@type":"Person","@id":"https:\/\/patriaparatodos.com.ve\/#\/schema\/person\/fa39a49638b83519fd822cacb44f5844","name":"Ana Gonzalez","image":{"@type":"ImageObject","inLanguage":"es","@id":"https:\/\/patriaparatodos.com.ve\/#\/schema\/person\/image\/","url":"https:\/\/secure.gravatar.com\/avatar\/ef0a71a129594a408c20318531deb64b0ee4a6d35f0864a2e33aea8b4d3481be?s=96&d=mm&r=g","contentUrl":"https:\/\/secure.gravatar.com\/avatar\/ef0a71a129594a408c20318531deb64b0ee4a6d35f0864a2e33aea8b4d3481be?s=96&d=mm&r=g","caption":"Ana Gonzalez"},"url":"https:\/\/patriaparatodos.com.ve\/?author=3"}]}},"_links":{"self":[{"href":"https:\/\/patriaparatodos.com.ve\/index.php?rest_route=\/wp\/v2\/posts\/2177","targetHints":{"allow":["GET"]}}],"collection":[{"href":"https:\/\/patriaparatodos.com.ve\/index.php?rest_route=\/wp\/v2\/posts"}],"about":[{"href":"https:\/\/patriaparatodos.com.ve\/index.php?rest_route=\/wp\/v2\/types\/post"}],"author":[{"embeddable":true,"href":"https:\/\/patriaparatodos.com.ve\/index.php?rest_route=\/wp\/v2\/users\/3"}],"replies":[{"embeddable":true,"href":"https:\/\/patriaparatodos.com.ve\/index.php?rest_route=%2Fwp%2Fv2%2Fcomments&post=2177"}],"version-history":[{"count":2,"href":"https:\/\/patriaparatodos.com.ve\/index.php?rest_route=\/wp\/v2\/posts\/2177\/revisions"}],"predecessor-version":[{"id":2180,"href":"https:\/\/patriaparatodos.com.ve\/index.php?rest_route=\/wp\/v2\/posts\/2177\/revisions\/2180"}],"wp:featuredmedia":[{"embeddable":true,"href":"https:\/\/patriaparatodos.com.ve\/index.php?rest_route=\/wp\/v2\/media\/2178"}],"wp:attachment":[{"href":"https:\/\/patriaparatodos.com.ve\/index.php?rest_route=%2Fwp%2Fv2%2Fmedia&parent=2177"}],"wp:term":[{"taxonomy":"category","embeddable":true,"href":"https:\/\/patriaparatodos.com.ve\/index.php?rest_route=%2Fwp%2Fv2%2Fcategories&post=2177"},{"taxonomy":"post_tag","embeddable":true,"href":"https:\/\/patriaparatodos.com.ve\/index.php?rest_route=%2Fwp%2Fv2%2Ftags&post=2177"}],"curies":[{"name":"wp","href":"https:\/\/api.w.org\/{rel}","templated":true}]}}