{"id":539,"date":"2022-08-11T15:46:42","date_gmt":"2022-08-11T15:46:42","guid":{"rendered":"https:\/\/patriaparatodos.com.ve\/?p=539"},"modified":"2023-07-14T01:25:39","modified_gmt":"2023-07-14T01:25:39","slug":"ilenia-medina-monomeros-es-un-tema-de-suma-importancia-para-la-tolda-azul","status":"publish","type":"post","link":"https:\/\/patriaparatodos.com.ve\/?p=539","title":{"rendered":"Ilenia Medina: Mon\u00f3meros es un tema de suma importancia para la tolda azul"},"content":{"rendered":"<p><strong>Prensa PPT. &#8211;<\/strong>\u00a0 En la acostumbra Rueda de Prensa semanal de Patria Para Todos, la Diputada Ilenia Medina ejerci\u00f3 la vocer\u00eda de la organizaci\u00f3n en su condici\u00f3n de Presidenta de la Junta Directiva Ad Hoc y Secretaria General en funciones, recordando en primer momento la importancia hist\u00f3rica de tres fechas de especial consideraci\u00f3n: los 239 a\u00f1os del Natalicio del Padre de la Patria, Libertador Sim\u00f3n Bol\u00edvar; los 199 a\u00f1os de la Batalla Naval del Lago de Maracaibo; y los 455 a\u00f1os de rebelde existencia de la ciudad de Caracas.<\/p>\n<p>En materia del quehacer pepetista, destac\u00f3 que durante este fin de semana fueron celebradas tres Asambleas Regionales (Miranda, Caracas y Trujillo), con lo cual ya fueron designadas los nuevos equipos regionales de siete entidades federales; quedando pautado para este pr\u00f3ximo fin de semana la celebraci\u00f3n de otros cuatro plenos asamblearios regionales: \u00a1PPT no se rinde!<\/p>\n<p>Medina destac\u00f3 que la empresa colombiana de capital estatal venezolano, Mon\u00f3meros Colombo Venezolanos, S. A., es un tema de suma importancia para la tolda azul porque representa un baluarte de la normalizaci\u00f3n de las relaciones binacionales con la disposici\u00f3n del recientemente electo Presidente colombiano de restituir los leg\u00edtimos derechos del Gobierno Bolivariano en nombre del pueblo de la Rep\u00fablica Bolivariana de Venezuela.<\/p>\n<p>En este orden de ideas, es importante recordar la complicidad de la oposici\u00f3n, el gobierno de Duque y los Estados Unidos: \u00a1Debe haber un juicio contra Iv\u00e1n Duque por haber sido el responsable directo de la entrega de la empresa! \u00a1Venezuela debe activarse para hacer una profunda investigaci\u00f3n al respecto!<\/p>\n<p>En materia nacional, destac\u00f3 todos los esfuerzos realizados por el Presidente Obrero Nicol\u00e1s Maduro Moros por proteger el pueblo trabajador y por la reactivaci\u00f3n del aparato productivo nacional; de all\u00ed que es importante la atenci\u00f3n del tema salarial desde una perspectiva integral en la que confluyan el crecimiento empresarial con las mejoras en el ingreso del trabajador\u00a0 que en el sector privado, que indiscutiblemente ha incrementado sus haberes financieros, pueden apoyar a sus trabajadores mediante bonificaciones y otros est\u00edmulos monetarios.<\/p>\n<p>Ya en el caso de las empresas estatales, los Consejos de Trabajadores deben reactivarse junto a los legisladores y diputados para debatir y buscar f\u00f3rmulas de atenci\u00f3n al inter\u00e9s colectivo: lo salarial, el crecimiento de la productividad y el encadenamiento productivo con el sector privado. F\u00f3rmulas que pueden animar m\u00e1s la econom\u00eda para reactivar el aparato productivo.<\/p>\n<p>Espec\u00edficamente en materia de las luchas por la estabilidad laboral y el derecho al trabajo, record\u00f3 la Diputada Ilenia Medina que est\u00e1 prevista una reuni\u00f3n con el Ministro del Poder Popular para el Proceso Social del Trabajo para analizar en profundidad una serie de casos de trabajadores despedidos injustificadamente a quienes las Inspector\u00edas del Trabajo les han emitido orden de reengancha y hasta el momento las empresas permanecen en desacato de esta decisi\u00f3n gubernamental.<\/p>\n<p>Con su tradicional apuesta por el trabajador y la trabajadora como sujeto social de la Revoluci\u00f3n Bolivariana, reiter\u00f3 la Presidenta de la Junta Directiva Ad Hoc de Patria Para Todos, que la clase obrera es la que ha mantenido en pie a la Rep\u00fablica y por ello deben hacerse todos los esfuerzos para garantizarle la plena dignidad y la conquista de sus luchas. \u00a1PPT con la clase obrera!\u00a0 \u00a1PPT no se rinde!<\/p>\n","protected":false},"excerpt":{"rendered":"<p>Prensa PPT. &#8211;\u00a0 En la acostumbra Rueda de Prensa semanal de Patria Para Todos, la Diputada Ilenia Medina ejerci\u00f3 la vocer\u00eda de la organizaci\u00f3n en su condici\u00f3n de Presidenta de la Junta Directiva Ad Hoc y Secretaria General en funciones, recordando en primer momento la importancia hist\u00f3rica de tres fechas de especial consideraci\u00f3n: los 239 [&hellip;]<\/p>\n","protected":false},"author":1,"featured_media":540,"comment_status":"closed","ping_status":"open","sticky":false,"template":"","format":"standard","meta":{"footnotes":""},"categories":[7],"tags":[],"class_list":["post-539","post","type-post","status-publish","format-standard","has-post-thumbnail","hentry","category-notas-de-prensa"],"yoast_head":"<!-- This site is optimized with the Yoast SEO plugin v23.3 - https:\/\/yoast.com\/wordpress\/plugins\/seo\/ -->\n<title>Ilenia Medina: Mon\u00f3meros es un tema de suma importancia para la tolda azul - La Mecha Azul<\/title>\n<meta name=\"robots\" content=\"index, follow, max-snippet:-1, max-image-preview:large, max-video-preview:-1\" \/>\n<link rel=\"canonical\" href=\"https:\/\/patriaparatodos.com.ve\/?p=539\" \/>\n<meta property=\"og:locale\" content=\"es_ES\" \/>\n<meta property=\"og:type\" content=\"article\" \/>\n<meta property=\"og:title\" content=\"Ilenia Medina: Mon\u00f3meros es un tema de suma importancia para la tolda azul - La Mecha Azul\" \/>\n<meta property=\"og:description\" content=\"Prensa PPT. &#8211;\u00a0 En la acostumbra Rueda de Prensa semanal de Patria Para Todos, la Diputada Ilenia Medina ejerci\u00f3 la vocer\u00eda de la organizaci\u00f3n en su condici\u00f3n de Presidenta de la Junta Directiva Ad Hoc y Secretaria General en funciones, recordando en primer momento la importancia hist\u00f3rica de tres fechas de especial consideraci\u00f3n: los 239 [&hellip;]\" \/>\n<meta property=\"og:url\" content=\"https:\/\/patriaparatodos.com.ve\/?p=539\" \/>\n<meta property=\"og:site_name\" content=\"La Mecha Azul\" \/>\n<meta property=\"article:published_time\" content=\"2022-08-11T15:46:42+00:00\" \/>\n<meta property=\"article:modified_time\" content=\"2023-07-14T01:25:39+00:00\" \/>\n<meta property=\"og:image\" content=\"https:\/\/patriaparatodos.com.ve\/wp-content\/uploads\/2022\/08\/4.jpg\" \/>\n\t<meta property=\"og:image:width\" content=\"869\" \/>\n\t<meta property=\"og:image:height\" content=\"558\" \/>\n\t<meta property=\"og:image:type\" content=\"image\/jpeg\" \/>\n<meta name=\"author\" content=\"admin\" \/>\n<meta name=\"twitter:card\" content=\"summary_large_image\" \/>\n<meta name=\"twitter:label1\" content=\"Escrito por\" \/>\n\t<meta name=\"twitter:data1\" content=\"admin\" \/>\n\t<meta name=\"twitter:label2\" content=\"Tiempo de lectura\" \/>\n\t<meta name=\"twitter:data2\" content=\"3 minutos\" \/>\n<script type=\"application\/ld+json\" class=\"yoast-schema-graph\">{\"@context\":\"https:\/\/schema.org\",\"@graph\":[{\"@type\":\"Article\",\"@id\":\"https:\/\/patriaparatodos.com.ve\/?p=539#article\",\"isPartOf\":{\"@id\":\"https:\/\/patriaparatodos.com.ve\/?p=539\"},\"author\":{\"name\":\"admin\",\"@id\":\"https:\/\/patriaparatodos.com.ve\/#\/schema\/person\/5f87d17351c27386e48e4f8927996b15\"},\"headline\":\"Ilenia Medina: Mon\u00f3meros es un tema de suma importancia para la tolda azul\",\"datePublished\":\"2022-08-11T15:46:42+00:00\",\"dateModified\":\"2023-07-14T01:25:39+00:00\",\"mainEntityOfPage\":{\"@id\":\"https:\/\/patriaparatodos.com.ve\/?p=539\"},\"wordCount\":586,\"publisher\":{\"@id\":\"https:\/\/patriaparatodos.com.ve\/#organization\"},\"image\":{\"@id\":\"https:\/\/patriaparatodos.com.ve\/?p=539#primaryimage\"},\"thumbnailUrl\":\"https:\/\/patriaparatodos.com.ve\/wp-content\/uploads\/2022\/08\/4.jpg\",\"articleSection\":[\"Notas de Prensa\"],\"inLanguage\":\"es\"},{\"@type\":\"WebPage\",\"@id\":\"https:\/\/patriaparatodos.com.ve\/?p=539\",\"url\":\"https:\/\/patriaparatodos.com.ve\/?p=539\",\"name\":\"Ilenia Medina: Mon\u00f3meros es un tema de suma importancia para la tolda azul - La Mecha Azul\",\"isPartOf\":{\"@id\":\"https:\/\/patriaparatodos.com.ve\/#website\"},\"primaryImageOfPage\":{\"@id\":\"https:\/\/patriaparatodos.com.ve\/?p=539#primaryimage\"},\"image\":{\"@id\":\"https:\/\/patriaparatodos.com.ve\/?p=539#primaryimage\"},\"thumbnailUrl\":\"https:\/\/patriaparatodos.com.ve\/wp-content\/uploads\/2022\/08\/4.jpg\",\"datePublished\":\"2022-08-11T15:46:42+00:00\",\"dateModified\":\"2023-07-14T01:25:39+00:00\",\"breadcrumb\":{\"@id\":\"https:\/\/patriaparatodos.com.ve\/?p=539#breadcrumb\"},\"inLanguage\":\"es\",\"potentialAction\":[{\"@type\":\"ReadAction\",\"target\":[\"https:\/\/patriaparatodos.com.ve\/?p=539\"]}]},{\"@type\":\"ImageObject\",\"inLanguage\":\"es\",\"@id\":\"https:\/\/patriaparatodos.com.ve\/?p=539#primaryimage\",\"url\":\"https:\/\/patriaparatodos.com.ve\/wp-content\/uploads\/2022\/08\/4.jpg\",\"contentUrl\":\"https:\/\/patriaparatodos.com.ve\/wp-content\/uploads\/2022\/08\/4.jpg\",\"width\":869,\"height\":558},{\"@type\":\"BreadcrumbList\",\"@id\":\"https:\/\/patriaparatodos.com.ve\/?p=539#breadcrumb\",\"itemListElement\":[{\"@type\":\"ListItem\",\"position\":1,\"name\":\"Portada\",\"item\":\"https:\/\/patriaparatodos.com.ve\/\"},{\"@type\":\"ListItem\",\"position\":2,\"name\":\"Ilenia Medina: Mon\u00f3meros es un tema de suma importancia para la tolda azul\"}]},{\"@type\":\"WebSite\",\"@id\":\"https:\/\/patriaparatodos.com.ve\/#website\",\"url\":\"https:\/\/patriaparatodos.com.ve\/\",\"name\":\"La Mecha Azul\",\"description\":\"Por la \u00c9tica, Valor de la Palabra\",\"publisher\":{\"@id\":\"https:\/\/patriaparatodos.com.ve\/#organization\"},\"potentialAction\":[{\"@type\":\"SearchAction\",\"target\":{\"@type\":\"EntryPoint\",\"urlTemplate\":\"https:\/\/patriaparatodos.com.ve\/?s={search_term_string}\"},\"query-input\":\"required name=search_term_string\"}],\"inLanguage\":\"es\"},{\"@type\":\"Organization\",\"@id\":\"https:\/\/patriaparatodos.com.ve\/#organization\",\"name\":\"La Mecha Azul\",\"url\":\"https:\/\/patriaparatodos.com.ve\/\",\"logo\":{\"@type\":\"ImageObject\",\"inLanguage\":\"es\",\"@id\":\"https:\/\/patriaparatodos.com.ve\/#\/schema\/logo\/image\/\",\"url\":\"https:\/\/patriaparatodos.com.ve\/wp-content\/uploads\/2023\/02\/cropped-logo-La-mecha-Azul-n.png\",\"contentUrl\":\"https:\/\/patriaparatodos.com.ve\/wp-content\/uploads\/2023\/02\/cropped-logo-La-mecha-Azul-n.png\",\"width\":5884,\"height\":3318,\"caption\":\"La Mecha Azul\"},\"image\":{\"@id\":\"https:\/\/patriaparatodos.com.ve\/#\/schema\/logo\/image\/\"}},{\"@type\":\"Person\",\"@id\":\"https:\/\/patriaparatodos.com.ve\/#\/schema\/person\/5f87d17351c27386e48e4f8927996b15\",\"name\":\"admin\",\"image\":{\"@type\":\"ImageObject\",\"inLanguage\":\"es\",\"@id\":\"https:\/\/patriaparatodos.com.ve\/#\/schema\/person\/image\/\",\"url\":\"https:\/\/secure.gravatar.com\/avatar\/a29766c0fc2cc324b9ccbc693fd8f1dab0cb4ddfb34bbebb23c71d73ecfa35b7?s=96&d=mm&r=g\",\"contentUrl\":\"https:\/\/secure.gravatar.com\/avatar\/a29766c0fc2cc324b9ccbc693fd8f1dab0cb4ddfb34bbebb23c71d73ecfa35b7?s=96&d=mm&r=g\",\"caption\":\"admin\"},\"sameAs\":[\"https:\/\/patriaparatodos.com.ve\"],\"url\":\"https:\/\/patriaparatodos.com.ve\/?author=1\"}]}<\/script>\n<!-- \/ Yoast SEO plugin. -->","yoast_head_json":{"title":"Ilenia Medina: Mon\u00f3meros es un tema de suma importancia para la tolda azul - La Mecha Azul","robots":{"index":"index","follow":"follow","max-snippet":"max-snippet:-1","max-image-preview":"max-image-preview:large","max-video-preview":"max-video-preview:-1"},"canonical":"https:\/\/patriaparatodos.com.ve\/?p=539","og_locale":"es_ES","og_type":"article","og_title":"Ilenia Medina: Mon\u00f3meros es un tema de suma importancia para la tolda azul - La Mecha Azul","og_description":"Prensa PPT. &#8211;\u00a0 En la acostumbra Rueda de Prensa semanal de Patria Para Todos, la Diputada Ilenia Medina ejerci\u00f3 la vocer\u00eda de la organizaci\u00f3n en su condici\u00f3n de Presidenta de la Junta Directiva Ad Hoc y Secretaria General en funciones, recordando en primer momento la importancia hist\u00f3rica de tres fechas de especial consideraci\u00f3n: los 239 [&hellip;]","og_url":"https:\/\/patriaparatodos.com.ve\/?p=539","og_site_name":"La Mecha Azul","article_published_time":"2022-08-11T15:46:42+00:00","article_modified_time":"2023-07-14T01:25:39+00:00","og_image":[{"width":869,"height":558,"url":"https:\/\/patriaparatodos.com.ve\/wp-content\/uploads\/2022\/08\/4.jpg","type":"image\/jpeg"}],"author":"admin","twitter_card":"summary_large_image","twitter_misc":{"Escrito por":"admin","Tiempo de lectura":"3 minutos"},"schema":{"@context":"https:\/\/schema.org","@graph":[{"@type":"Article","@id":"https:\/\/patriaparatodos.com.ve\/?p=539#article","isPartOf":{"@id":"https:\/\/patriaparatodos.com.ve\/?p=539"},"author":{"name":"admin","@id":"https:\/\/patriaparatodos.com.ve\/#\/schema\/person\/5f87d17351c27386e48e4f8927996b15"},"headline":"Ilenia Medina: Mon\u00f3meros es un tema de suma importancia para la tolda azul","datePublished":"2022-08-11T15:46:42+00:00","dateModified":"2023-07-14T01:25:39+00:00","mainEntityOfPage":{"@id":"https:\/\/patriaparatodos.com.ve\/?p=539"},"wordCount":586,"publisher":{"@id":"https:\/\/patriaparatodos.com.ve\/#organization"},"image":{"@id":"https:\/\/patriaparatodos.com.ve\/?p=539#primaryimage"},"thumbnailUrl":"https:\/\/patriaparatodos.com.ve\/wp-content\/uploads\/2022\/08\/4.jpg","articleSection":["Notas de Prensa"],"inLanguage":"es"},{"@type":"WebPage","@id":"https:\/\/patriaparatodos.com.ve\/?p=539","url":"https:\/\/patriaparatodos.com.ve\/?p=539","name":"Ilenia Medina: Mon\u00f3meros es un tema de suma importancia para la tolda azul - La Mecha Azul","isPartOf":{"@id":"https:\/\/patriaparatodos.com.ve\/#website"},"primaryImageOfPage":{"@id":"https:\/\/patriaparatodos.com.ve\/?p=539#primaryimage"},"image":{"@id":"https:\/\/patriaparatodos.com.ve\/?p=539#primaryimage"},"thumbnailUrl":"https:\/\/patriaparatodos.com.ve\/wp-content\/uploads\/2022\/08\/4.jpg","datePublished":"2022-08-11T15:46:42+00:00","dateModified":"2023-07-14T01:25:39+00:00","breadcrumb":{"@id":"https:\/\/patriaparatodos.com.ve\/?p=539#breadcrumb"},"inLanguage":"es","potentialAction":[{"@type":"ReadAction","target":["https:\/\/patriaparatodos.com.ve\/?p=539"]}]},{"@type":"ImageObject","inLanguage":"es","@id":"https:\/\/patriaparatodos.com.ve\/?p=539#primaryimage","url":"https:\/\/patriaparatodos.com.ve\/wp-content\/uploads\/2022\/08\/4.jpg","contentUrl":"https:\/\/patriaparatodos.com.ve\/wp-content\/uploads\/2022\/08\/4.jpg","width":869,"height":558},{"@type":"BreadcrumbList","@id":"https:\/\/patriaparatodos.com.ve\/?p=539#breadcrumb","itemListElement":[{"@type":"ListItem","position":1,"name":"Portada","item":"https:\/\/patriaparatodos.com.ve\/"},{"@type":"ListItem","position":2,"name":"Ilenia Medina: Mon\u00f3meros es un tema de suma importancia para la tolda azul"}]},{"@type":"WebSite","@id":"https:\/\/patriaparatodos.com.ve\/#website","url":"https:\/\/patriaparatodos.com.ve\/","name":"La Mecha Azul","description":"Por la \u00c9tica, Valor de la Palabra","publisher":{"@id":"https:\/\/patriaparatodos.com.ve\/#organization"},"potentialAction":[{"@type":"SearchAction","target":{"@type":"EntryPoint","urlTemplate":"https:\/\/patriaparatodos.com.ve\/?s={search_term_string}"},"query-input":"required name=search_term_string"}],"inLanguage":"es"},{"@type":"Organization","@id":"https:\/\/patriaparatodos.com.ve\/#organization","name":"La Mecha Azul","url":"https:\/\/patriaparatodos.com.ve\/","logo":{"@type":"ImageObject","inLanguage":"es","@id":"https:\/\/patriaparatodos.com.ve\/#\/schema\/logo\/image\/","url":"https:\/\/patriaparatodos.com.ve\/wp-content\/uploads\/2023\/02\/cropped-logo-La-mecha-Azul-n.png","contentUrl":"https:\/\/patriaparatodos.com.ve\/wp-content\/uploads\/2023\/02\/cropped-logo-La-mecha-Azul-n.png","width":5884,"height":3318,"caption":"La Mecha Azul"},"image":{"@id":"https:\/\/patriaparatodos.com.ve\/#\/schema\/logo\/image\/"}},{"@type":"Person","@id":"https:\/\/patriaparatodos.com.ve\/#\/schema\/person\/5f87d17351c27386e48e4f8927996b15","name":"admin","image":{"@type":"ImageObject","inLanguage":"es","@id":"https:\/\/patriaparatodos.com.ve\/#\/schema\/person\/image\/","url":"https:\/\/secure.gravatar.com\/avatar\/a29766c0fc2cc324b9ccbc693fd8f1dab0cb4ddfb34bbebb23c71d73ecfa35b7?s=96&d=mm&r=g","contentUrl":"https:\/\/secure.gravatar.com\/avatar\/a29766c0fc2cc324b9ccbc693fd8f1dab0cb4ddfb34bbebb23c71d73ecfa35b7?s=96&d=mm&r=g","caption":"admin"},"sameAs":["https:\/\/patriaparatodos.com.ve"],"url":"https:\/\/patriaparatodos.com.ve\/?author=1"}]}},"_links":{"self":[{"href":"https:\/\/patriaparatodos.com.ve\/index.php?rest_route=\/wp\/v2\/posts\/539","targetHints":{"allow":["GET"]}}],"collection":[{"href":"https:\/\/patriaparatodos.com.ve\/index.php?rest_route=\/wp\/v2\/posts"}],"about":[{"href":"https:\/\/patriaparatodos.com.ve\/index.php?rest_route=\/wp\/v2\/types\/post"}],"author":[{"embeddable":true,"href":"https:\/\/patriaparatodos.com.ve\/index.php?rest_route=\/wp\/v2\/users\/1"}],"replies":[{"embeddable":true,"href":"https:\/\/patriaparatodos.com.ve\/index.php?rest_route=%2Fwp%2Fv2%2Fcomments&post=539"}],"version-history":[{"count":1,"href":"https:\/\/patriaparatodos.com.ve\/index.php?rest_route=\/wp\/v2\/posts\/539\/revisions"}],"predecessor-version":[{"id":541,"href":"https:\/\/patriaparatodos.com.ve\/index.php?rest_route=\/wp\/v2\/posts\/539\/revisions\/541"}],"wp:featuredmedia":[{"embeddable":true,"href":"https:\/\/patriaparatodos.com.ve\/index.php?rest_route=\/wp\/v2\/media\/540"}],"wp:attachment":[{"href":"https:\/\/patriaparatodos.com.ve\/index.php?rest_route=%2Fwp%2Fv2%2Fmedia&parent=539"}],"wp:term":[{"taxonomy":"category","embeddable":true,"href":"https:\/\/patriaparatodos.com.ve\/index.php?rest_route=%2Fwp%2Fv2%2Fcategories&post=539"},{"taxonomy":"post_tag","embeddable":true,"href":"https:\/\/patriaparatodos.com.ve\/index.php?rest_route=%2Fwp%2Fv2%2Ftags&post=539"}],"curies":[{"name":"wp","href":"https:\/\/api.w.org\/{rel}","templated":true}]}}