{"id":542,"date":"2022-08-11T15:58:55","date_gmt":"2022-08-11T15:58:55","guid":{"rendered":"https:\/\/patriaparatodos.com.ve\/?p=542"},"modified":"2023-07-14T01:15:15","modified_gmt":"2023-07-14T01:15:15","slug":"ilenia-medina-que-la-burguesia-pretenda-defender-a-la-clase-trabajadora-es-un-mal-chiste","status":"publish","type":"post","link":"https:\/\/patriaparatodos.com.ve\/?p=542","title":{"rendered":"\u00abQue la burgues\u00eda pretenda defender a la clase trabajadora es un mal chiste\u00bb"},"content":{"rendered":"<p><strong>(Prensa PPT-Caracas, 8 de agosto de 2022)<\/strong> Con profunda preocupaci\u00f3n por el leg\u00edtimo reclamo del pueblo trabajador por la mejora de la remuneraci\u00f3n salarial, la Diputada Ilenia Medina ratific\u00f3 en Rueda de Prensa del partido Patria Para Todos, la propuesta de promover un di\u00e1logo amplio, profundo y di\u00e1fano entre el personal de direcci\u00f3n de las instituciones p\u00fablicas venezolanas y sus trabajadores.<\/p>\n<p>Reconoci\u00f3 que el pueblo est\u00e1 consciente de los da\u00f1os ocasionados por las medidas coercitivas unilaterales, que no han cesado sino que persisten a pesar de todos los esfuerzos realizados por el Gobierno Bolivariano para superar las dificultades. Enfatiz\u00f3 que la urgencia del di\u00e1logo emana de la importancia de mantener el debate como instrumento para la construcci\u00f3n del consenso, \u201cporque no podemos permitir que se repita al triste desenlace de aquella \u00faltima cola con la que la oposici\u00f3n pretendi\u00f3 culpar a la Revoluci\u00f3n de los males por ella tra\u00eddos al pa\u00eds\u201d.<\/p>\n<p>Por ello se trata de un mal chiste que esa burgues\u00eda que ha pretendido entregarle la soberan\u00eda, las riquezas y la libertad de nuestro pa\u00eds a las potencias imperiales que han impuesto sobre Venezuela toda clase de medidas coercitivas unilaterales, ahora pretendan capitalizar el descontento popular y erigirse en voceros del sufrido trabajador que hoy reclama justas mejoras salariales.<\/p>\n<p>En este sentido, se reitera la propuesta de participaci\u00f3n en estos di\u00e1logos de ese tercero interesado que se sintetiza en los Diputados, Legisladores y Concejales que acompa\u00f1en estas conversaciones en las que los trabajadores expresen sus inquietudes y los directivos manifiesten sus posturas para avanzar hacia la claridad meridiana con relaci\u00f3n a la situaci\u00f3n salarial, productiva y laboral para la construcci\u00f3n colectiva de propuestas, alternativas y estrategias revolucionarias de actuaci\u00f3n.<\/p>\n<p>Tambi\u00e9n felicit\u00f3 la reciente condena judicial de los autores materiales del magnicidio en grado de frustraci\u00f3n contra el Presidente Constitucional de la Rep\u00fablica Bolivariana de Venezuela, Nicol\u00e1s Maduro Moros; sin embargo falta que sean aprehendidos y procesados los autores intelectuales ya plenamente identificados.<\/p>\n<p>En este caso aplica el principio jur\u00eddico de la cooperaci\u00f3n internacional en la luchas contra el crimen <em>Aut Dedere Aut Judicare<\/em>: la obligaci\u00f3n de extraditar o juzgar, para que sean entregados a la justicia venezolana o en su defecto sean procesados por estos cr\u00edmenes en los pa\u00edses en los que se encuentran para que no reine la impunidad y as\u00ed evitar que el delito se vuelva costumbre.<\/p>\n<p>Ello es esencial para evitar en el futuro cercano actuaciones ilegales como la cometida por el Reino Unido contra nuestro pa\u00eds, que retiene ileg\u00edtimamente las reservas internacionales en oro en el Banco de Inglaterra bajo argucias infundadas que se caen por su propio peso con la presentaci\u00f3n de las credenciales diplom\u00e1ticas de la delegaci\u00f3n inglesa en Venezuela y venezolana en Inglaterra, donde se reconoce el leg\u00edtimo ejercicio de la Jefatura de Estado por parte de Nicol\u00e1s Maduro Moros.<\/p>\n<p>En este sentido, inicia PPT una campa\u00f1a por el leg\u00edtimo reclamo del oro venezolano que tiene tres dimensiones: (a) se\u00f1alar al mundo que la corona brit\u00e1nica vuelve\u00a0 por los caminos de la pirater\u00eda, que sustituye a la pol\u00edtica exterior que deber\u00eda tener cualquier Estado del mundo miembro de Naciones Unidas; (b) denunciar que Reino Unido se coloca al margen de la Carta, al margen del Derecho y al margen de Naciones Unidas; y (c) que el Banco Central de Venezuela exija al Banco de Inglaterra una auditor\u00eda para verificar que realmente el oro venezolano depositado en sus b\u00f3vedas permanezca all\u00ed.<\/p>\n<p>PPT felicita que con el ascenso a la Casa de Nari\u00f1o de Gustavo Petro y Francia M\u00e1rquez, se renueva el c\u00e1ntico de \u201cAlerta, alerta que camina la espada de Bol\u00edvar por Am\u00e9rica Latina\u201d; porque la primera orden presidencial luego de su Juramento de Ley, fue solicitar la presencia de la r\u00e9plica de la Espada del Per\u00fa, como s\u00edmbolo del compromiso de su gobierno con los ideales de nuestro Libertador Sim\u00f3n Bol\u00edvar.<\/p>\n<p>Tambi\u00e9n inform\u00f3 que en los pr\u00f3ximos d\u00edas Patria Para Todos presentar\u00e1 ante la Embajada de la Rep\u00fablica de Cuba un comunicado de solidaridad con la naci\u00f3n antillana, capital latinoamericana de la solidaridad, que se ha visto afectada por el reciente accidente en la regi\u00f3n de Matanzas.<\/p>\n<p>Finalmente inform\u00f3 que el proceso de Refundaci\u00f3n Organizacional del partido avanza con firmeza, al haberse desarrollado el d\u00eda s\u00e1bado la Asamblea Regional del estado Portuguesa y el domingo la correspondiente al estado Aragua, siendo ratificados Beatriz Barr\u00e1ez y Freddy Silva en las Secretarias Generales de cada una de estas entidades federales.<\/p>\n","protected":false},"excerpt":{"rendered":"<p>(Prensa PPT-Caracas, 8 de agosto de 2022) Con profunda preocupaci\u00f3n por el leg\u00edtimo reclamo del pueblo trabajador por la mejora de la remuneraci\u00f3n salarial, la Diputada Ilenia Medina ratific\u00f3 en Rueda de Prensa del partido Patria Para Todos, la propuesta de promover un di\u00e1logo amplio, profundo y di\u00e1fano entre el personal de direcci\u00f3n de las [&hellip;]<\/p>\n","protected":false},"author":1,"featured_media":543,"comment_status":"closed","ping_status":"open","sticky":false,"template":"","format":"standard","meta":{"footnotes":""},"categories":[7],"tags":[],"class_list":["post-542","post","type-post","status-publish","format-standard","has-post-thumbnail","hentry","category-notas-de-prensa"],"yoast_head":"<!-- This site is optimized with the Yoast SEO plugin v23.3 - https:\/\/yoast.com\/wordpress\/plugins\/seo\/ -->\n<title>&quot;Que la burgues\u00eda pretenda defender a la clase trabajadora es un mal chiste&quot; - La Mecha Azul<\/title>\n<meta name=\"robots\" content=\"index, follow, max-snippet:-1, max-image-preview:large, max-video-preview:-1\" \/>\n<link rel=\"canonical\" href=\"https:\/\/patriaparatodos.com.ve\/?p=542\" \/>\n<meta property=\"og:locale\" content=\"es_ES\" \/>\n<meta property=\"og:type\" content=\"article\" \/>\n<meta property=\"og:title\" content=\"&quot;Que la burgues\u00eda pretenda defender a la clase trabajadora es un mal chiste&quot; - La Mecha Azul\" \/>\n<meta property=\"og:description\" content=\"(Prensa PPT-Caracas, 8 de agosto de 2022) Con profunda preocupaci\u00f3n por el leg\u00edtimo reclamo del pueblo trabajador por la mejora de la remuneraci\u00f3n salarial, la Diputada Ilenia Medina ratific\u00f3 en Rueda de Prensa del partido Patria Para Todos, la propuesta de promover un di\u00e1logo amplio, profundo y di\u00e1fano entre el personal de direcci\u00f3n de las [&hellip;]\" \/>\n<meta property=\"og:url\" content=\"https:\/\/patriaparatodos.com.ve\/?p=542\" \/>\n<meta property=\"og:site_name\" content=\"La Mecha Azul\" \/>\n<meta property=\"article:published_time\" content=\"2022-08-11T15:58:55+00:00\" \/>\n<meta property=\"article:modified_time\" content=\"2023-07-14T01:15:15+00:00\" \/>\n<meta property=\"og:image\" content=\"https:\/\/patriaparatodos.com.ve\/wp-content\/uploads\/2022\/08\/3.jpg\" \/>\n\t<meta property=\"og:image:width\" content=\"889\" \/>\n\t<meta property=\"og:image:height\" content=\"516\" \/>\n\t<meta property=\"og:image:type\" content=\"image\/jpeg\" \/>\n<meta name=\"author\" content=\"admin\" \/>\n<meta name=\"twitter:card\" content=\"summary_large_image\" \/>\n<meta name=\"twitter:label1\" content=\"Escrito por\" \/>\n\t<meta name=\"twitter:data1\" content=\"admin\" \/>\n\t<meta name=\"twitter:label2\" content=\"Tiempo de lectura\" \/>\n\t<meta name=\"twitter:data2\" content=\"4 minutos\" \/>\n<script type=\"application\/ld+json\" class=\"yoast-schema-graph\">{\"@context\":\"https:\/\/schema.org\",\"@graph\":[{\"@type\":\"Article\",\"@id\":\"https:\/\/patriaparatodos.com.ve\/?p=542#article\",\"isPartOf\":{\"@id\":\"https:\/\/patriaparatodos.com.ve\/?p=542\"},\"author\":{\"name\":\"admin\",\"@id\":\"https:\/\/patriaparatodos.com.ve\/#\/schema\/person\/5f87d17351c27386e48e4f8927996b15\"},\"headline\":\"\u00abQue la burgues\u00eda pretenda defender a la clase trabajadora es un mal chiste\u00bb\",\"datePublished\":\"2022-08-11T15:58:55+00:00\",\"dateModified\":\"2023-07-14T01:15:15+00:00\",\"mainEntityOfPage\":{\"@id\":\"https:\/\/patriaparatodos.com.ve\/?p=542\"},\"wordCount\":816,\"publisher\":{\"@id\":\"https:\/\/patriaparatodos.com.ve\/#organization\"},\"image\":{\"@id\":\"https:\/\/patriaparatodos.com.ve\/?p=542#primaryimage\"},\"thumbnailUrl\":\"https:\/\/patriaparatodos.com.ve\/wp-content\/uploads\/2022\/08\/3.jpg\",\"articleSection\":[\"Notas de Prensa\"],\"inLanguage\":\"es\"},{\"@type\":\"WebPage\",\"@id\":\"https:\/\/patriaparatodos.com.ve\/?p=542\",\"url\":\"https:\/\/patriaparatodos.com.ve\/?p=542\",\"name\":\"\\\"Que la burgues\u00eda pretenda defender a la clase trabajadora es un mal chiste\\\" - La Mecha Azul\",\"isPartOf\":{\"@id\":\"https:\/\/patriaparatodos.com.ve\/#website\"},\"primaryImageOfPage\":{\"@id\":\"https:\/\/patriaparatodos.com.ve\/?p=542#primaryimage\"},\"image\":{\"@id\":\"https:\/\/patriaparatodos.com.ve\/?p=542#primaryimage\"},\"thumbnailUrl\":\"https:\/\/patriaparatodos.com.ve\/wp-content\/uploads\/2022\/08\/3.jpg\",\"datePublished\":\"2022-08-11T15:58:55+00:00\",\"dateModified\":\"2023-07-14T01:15:15+00:00\",\"breadcrumb\":{\"@id\":\"https:\/\/patriaparatodos.com.ve\/?p=542#breadcrumb\"},\"inLanguage\":\"es\",\"potentialAction\":[{\"@type\":\"ReadAction\",\"target\":[\"https:\/\/patriaparatodos.com.ve\/?p=542\"]}]},{\"@type\":\"ImageObject\",\"inLanguage\":\"es\",\"@id\":\"https:\/\/patriaparatodos.com.ve\/?p=542#primaryimage\",\"url\":\"https:\/\/patriaparatodos.com.ve\/wp-content\/uploads\/2022\/08\/3.jpg\",\"contentUrl\":\"https:\/\/patriaparatodos.com.ve\/wp-content\/uploads\/2022\/08\/3.jpg\",\"width\":889,\"height\":516},{\"@type\":\"BreadcrumbList\",\"@id\":\"https:\/\/patriaparatodos.com.ve\/?p=542#breadcrumb\",\"itemListElement\":[{\"@type\":\"ListItem\",\"position\":1,\"name\":\"Portada\",\"item\":\"https:\/\/patriaparatodos.com.ve\/\"},{\"@type\":\"ListItem\",\"position\":2,\"name\":\"\u00abQue la burgues\u00eda pretenda defender a la clase trabajadora es un mal chiste\u00bb\"}]},{\"@type\":\"WebSite\",\"@id\":\"https:\/\/patriaparatodos.com.ve\/#website\",\"url\":\"https:\/\/patriaparatodos.com.ve\/\",\"name\":\"La Mecha Azul\",\"description\":\"Por la \u00c9tica, Valor de la Palabra\",\"publisher\":{\"@id\":\"https:\/\/patriaparatodos.com.ve\/#organization\"},\"potentialAction\":[{\"@type\":\"SearchAction\",\"target\":{\"@type\":\"EntryPoint\",\"urlTemplate\":\"https:\/\/patriaparatodos.com.ve\/?s={search_term_string}\"},\"query-input\":\"required name=search_term_string\"}],\"inLanguage\":\"es\"},{\"@type\":\"Organization\",\"@id\":\"https:\/\/patriaparatodos.com.ve\/#organization\",\"name\":\"La Mecha Azul\",\"url\":\"https:\/\/patriaparatodos.com.ve\/\",\"logo\":{\"@type\":\"ImageObject\",\"inLanguage\":\"es\",\"@id\":\"https:\/\/patriaparatodos.com.ve\/#\/schema\/logo\/image\/\",\"url\":\"https:\/\/patriaparatodos.com.ve\/wp-content\/uploads\/2023\/02\/cropped-logo-La-mecha-Azul-n.png\",\"contentUrl\":\"https:\/\/patriaparatodos.com.ve\/wp-content\/uploads\/2023\/02\/cropped-logo-La-mecha-Azul-n.png\",\"width\":5884,\"height\":3318,\"caption\":\"La Mecha Azul\"},\"image\":{\"@id\":\"https:\/\/patriaparatodos.com.ve\/#\/schema\/logo\/image\/\"}},{\"@type\":\"Person\",\"@id\":\"https:\/\/patriaparatodos.com.ve\/#\/schema\/person\/5f87d17351c27386e48e4f8927996b15\",\"name\":\"admin\",\"image\":{\"@type\":\"ImageObject\",\"inLanguage\":\"es\",\"@id\":\"https:\/\/patriaparatodos.com.ve\/#\/schema\/person\/image\/\",\"url\":\"https:\/\/secure.gravatar.com\/avatar\/a29766c0fc2cc324b9ccbc693fd8f1dab0cb4ddfb34bbebb23c71d73ecfa35b7?s=96&d=mm&r=g\",\"contentUrl\":\"https:\/\/secure.gravatar.com\/avatar\/a29766c0fc2cc324b9ccbc693fd8f1dab0cb4ddfb34bbebb23c71d73ecfa35b7?s=96&d=mm&r=g\",\"caption\":\"admin\"},\"sameAs\":[\"https:\/\/patriaparatodos.com.ve\"],\"url\":\"https:\/\/patriaparatodos.com.ve\/?author=1\"}]}<\/script>\n<!-- \/ Yoast SEO plugin. -->","yoast_head_json":{"title":"\"Que la burgues\u00eda pretenda defender a la clase trabajadora es un mal chiste\" - La Mecha Azul","robots":{"index":"index","follow":"follow","max-snippet":"max-snippet:-1","max-image-preview":"max-image-preview:large","max-video-preview":"max-video-preview:-1"},"canonical":"https:\/\/patriaparatodos.com.ve\/?p=542","og_locale":"es_ES","og_type":"article","og_title":"\"Que la burgues\u00eda pretenda defender a la clase trabajadora es un mal chiste\" - La Mecha Azul","og_description":"(Prensa PPT-Caracas, 8 de agosto de 2022) Con profunda preocupaci\u00f3n por el leg\u00edtimo reclamo del pueblo trabajador por la mejora de la remuneraci\u00f3n salarial, la Diputada Ilenia Medina ratific\u00f3 en Rueda de Prensa del partido Patria Para Todos, la propuesta de promover un di\u00e1logo amplio, profundo y di\u00e1fano entre el personal de direcci\u00f3n de las [&hellip;]","og_url":"https:\/\/patriaparatodos.com.ve\/?p=542","og_site_name":"La Mecha Azul","article_published_time":"2022-08-11T15:58:55+00:00","article_modified_time":"2023-07-14T01:15:15+00:00","og_image":[{"width":889,"height":516,"url":"https:\/\/patriaparatodos.com.ve\/wp-content\/uploads\/2022\/08\/3.jpg","type":"image\/jpeg"}],"author":"admin","twitter_card":"summary_large_image","twitter_misc":{"Escrito por":"admin","Tiempo de lectura":"4 minutos"},"schema":{"@context":"https:\/\/schema.org","@graph":[{"@type":"Article","@id":"https:\/\/patriaparatodos.com.ve\/?p=542#article","isPartOf":{"@id":"https:\/\/patriaparatodos.com.ve\/?p=542"},"author":{"name":"admin","@id":"https:\/\/patriaparatodos.com.ve\/#\/schema\/person\/5f87d17351c27386e48e4f8927996b15"},"headline":"\u00abQue la burgues\u00eda pretenda defender a la clase trabajadora es un mal chiste\u00bb","datePublished":"2022-08-11T15:58:55+00:00","dateModified":"2023-07-14T01:15:15+00:00","mainEntityOfPage":{"@id":"https:\/\/patriaparatodos.com.ve\/?p=542"},"wordCount":816,"publisher":{"@id":"https:\/\/patriaparatodos.com.ve\/#organization"},"image":{"@id":"https:\/\/patriaparatodos.com.ve\/?p=542#primaryimage"},"thumbnailUrl":"https:\/\/patriaparatodos.com.ve\/wp-content\/uploads\/2022\/08\/3.jpg","articleSection":["Notas de Prensa"],"inLanguage":"es"},{"@type":"WebPage","@id":"https:\/\/patriaparatodos.com.ve\/?p=542","url":"https:\/\/patriaparatodos.com.ve\/?p=542","name":"\"Que la burgues\u00eda pretenda defender a la clase trabajadora es un mal chiste\" - La Mecha Azul","isPartOf":{"@id":"https:\/\/patriaparatodos.com.ve\/#website"},"primaryImageOfPage":{"@id":"https:\/\/patriaparatodos.com.ve\/?p=542#primaryimage"},"image":{"@id":"https:\/\/patriaparatodos.com.ve\/?p=542#primaryimage"},"thumbnailUrl":"https:\/\/patriaparatodos.com.ve\/wp-content\/uploads\/2022\/08\/3.jpg","datePublished":"2022-08-11T15:58:55+00:00","dateModified":"2023-07-14T01:15:15+00:00","breadcrumb":{"@id":"https:\/\/patriaparatodos.com.ve\/?p=542#breadcrumb"},"inLanguage":"es","potentialAction":[{"@type":"ReadAction","target":["https:\/\/patriaparatodos.com.ve\/?p=542"]}]},{"@type":"ImageObject","inLanguage":"es","@id":"https:\/\/patriaparatodos.com.ve\/?p=542#primaryimage","url":"https:\/\/patriaparatodos.com.ve\/wp-content\/uploads\/2022\/08\/3.jpg","contentUrl":"https:\/\/patriaparatodos.com.ve\/wp-content\/uploads\/2022\/08\/3.jpg","width":889,"height":516},{"@type":"BreadcrumbList","@id":"https:\/\/patriaparatodos.com.ve\/?p=542#breadcrumb","itemListElement":[{"@type":"ListItem","position":1,"name":"Portada","item":"https:\/\/patriaparatodos.com.ve\/"},{"@type":"ListItem","position":2,"name":"\u00abQue la burgues\u00eda pretenda defender a la clase trabajadora es un mal chiste\u00bb"}]},{"@type":"WebSite","@id":"https:\/\/patriaparatodos.com.ve\/#website","url":"https:\/\/patriaparatodos.com.ve\/","name":"La Mecha Azul","description":"Por la \u00c9tica, Valor de la Palabra","publisher":{"@id":"https:\/\/patriaparatodos.com.ve\/#organization"},"potentialAction":[{"@type":"SearchAction","target":{"@type":"EntryPoint","urlTemplate":"https:\/\/patriaparatodos.com.ve\/?s={search_term_string}"},"query-input":"required name=search_term_string"}],"inLanguage":"es"},{"@type":"Organization","@id":"https:\/\/patriaparatodos.com.ve\/#organization","name":"La Mecha Azul","url":"https:\/\/patriaparatodos.com.ve\/","logo":{"@type":"ImageObject","inLanguage":"es","@id":"https:\/\/patriaparatodos.com.ve\/#\/schema\/logo\/image\/","url":"https:\/\/patriaparatodos.com.ve\/wp-content\/uploads\/2023\/02\/cropped-logo-La-mecha-Azul-n.png","contentUrl":"https:\/\/patriaparatodos.com.ve\/wp-content\/uploads\/2023\/02\/cropped-logo-La-mecha-Azul-n.png","width":5884,"height":3318,"caption":"La Mecha Azul"},"image":{"@id":"https:\/\/patriaparatodos.com.ve\/#\/schema\/logo\/image\/"}},{"@type":"Person","@id":"https:\/\/patriaparatodos.com.ve\/#\/schema\/person\/5f87d17351c27386e48e4f8927996b15","name":"admin","image":{"@type":"ImageObject","inLanguage":"es","@id":"https:\/\/patriaparatodos.com.ve\/#\/schema\/person\/image\/","url":"https:\/\/secure.gravatar.com\/avatar\/a29766c0fc2cc324b9ccbc693fd8f1dab0cb4ddfb34bbebb23c71d73ecfa35b7?s=96&d=mm&r=g","contentUrl":"https:\/\/secure.gravatar.com\/avatar\/a29766c0fc2cc324b9ccbc693fd8f1dab0cb4ddfb34bbebb23c71d73ecfa35b7?s=96&d=mm&r=g","caption":"admin"},"sameAs":["https:\/\/patriaparatodos.com.ve"],"url":"https:\/\/patriaparatodos.com.ve\/?author=1"}]}},"_links":{"self":[{"href":"https:\/\/patriaparatodos.com.ve\/index.php?rest_route=\/wp\/v2\/posts\/542","targetHints":{"allow":["GET"]}}],"collection":[{"href":"https:\/\/patriaparatodos.com.ve\/index.php?rest_route=\/wp\/v2\/posts"}],"about":[{"href":"https:\/\/patriaparatodos.com.ve\/index.php?rest_route=\/wp\/v2\/types\/post"}],"author":[{"embeddable":true,"href":"https:\/\/patriaparatodos.com.ve\/index.php?rest_route=\/wp\/v2\/users\/1"}],"replies":[{"embeddable":true,"href":"https:\/\/patriaparatodos.com.ve\/index.php?rest_route=%2Fwp%2Fv2%2Fcomments&post=542"}],"version-history":[{"count":2,"href":"https:\/\/patriaparatodos.com.ve\/index.php?rest_route=\/wp\/v2\/posts\/542\/revisions"}],"predecessor-version":[{"id":545,"href":"https:\/\/patriaparatodos.com.ve\/index.php?rest_route=\/wp\/v2\/posts\/542\/revisions\/545"}],"wp:featuredmedia":[{"embeddable":true,"href":"https:\/\/patriaparatodos.com.ve\/index.php?rest_route=\/wp\/v2\/media\/543"}],"wp:attachment":[{"href":"https:\/\/patriaparatodos.com.ve\/index.php?rest_route=%2Fwp%2Fv2%2Fmedia&parent=542"}],"wp:term":[{"taxonomy":"category","embeddable":true,"href":"https:\/\/patriaparatodos.com.ve\/index.php?rest_route=%2Fwp%2Fv2%2Fcategories&post=542"},{"taxonomy":"post_tag","embeddable":true,"href":"https:\/\/patriaparatodos.com.ve\/index.php?rest_route=%2Fwp%2Fv2%2Ftags&post=542"}],"curies":[{"name":"wp","href":"https:\/\/api.w.org\/{rel}","templated":true}]}}