{"id":546,"date":"2022-08-11T16:00:54","date_gmt":"2022-08-11T16:00:54","guid":{"rendered":"https:\/\/patriaparatodos.com.ve\/?p=546"},"modified":"2023-07-14T01:14:00","modified_gmt":"2023-07-14T01:14:00","slug":"an-instalo-grupo-de-amistad-parlamentaria-venezuela-noruega","status":"publish","type":"post","link":"https:\/\/patriaparatodos.com.ve\/?p=546","title":{"rendered":"AN instal\u00f3 Grupo de Amistad Parlamentaria Venezuela-Noruega"},"content":{"rendered":"<p><strong>Prensa PPT. \u2013<\/strong> El mi\u00e9rcoles, 3 de agosto, fue juramentado en el Sal\u00f3n de Los Escudos del Palacio Federal Legislativo el Grupo de Amistad Legislativo Venezuela-Noruega. Se hicieron presentes en el importante evento pol\u00edtico adem\u00e1s de las diputadas y diputados que integran el Grupo, entre estos, el director general del Diario La Jornada, Diputado a la Asamblea Nacional, Pablo Alvarado.<\/p>\n<p>El Grupo Parlamentario lo preside el Diputado General Rodr\u00edguez Cabello contando con la presencia de la 2da Vicepresidenta de la Asamblea Nacional, la joven Diputada, Vanesa Montero, quien abri\u00f3 el evento referenciando el papel clave que debe cumplir el Grupo de Amistad con Noruega, para llevar la verdad de Venezuela a ese pa\u00eds.<\/p>\n<div id='gallery-1' class='gallery galleryid-546 gallery-columns-1 gallery-size-full'><figure class='gallery-item'>\n\t\t\t<div class='gallery-icon landscape'>\n\t\t\t\t<a href='https:\/\/patriaparatodos.com.ve\/?attachment_id=547'><img fetchpriority=\"high\" decoding=\"async\" width=\"1024\" height=\"768\" src=\"https:\/\/patriaparatodos.com.ve\/wp-content\/uploads\/2022\/08\/photo_2022-08-03_19-31-43.jpg\" class=\"attachment-full size-full\" alt=\"\" srcset=\"https:\/\/patriaparatodos.com.ve\/wp-content\/uploads\/2022\/08\/photo_2022-08-03_19-31-43.jpg 1024w, https:\/\/patriaparatodos.com.ve\/wp-content\/uploads\/2022\/08\/photo_2022-08-03_19-31-43-300x225.jpg 300w, https:\/\/patriaparatodos.com.ve\/wp-content\/uploads\/2022\/08\/photo_2022-08-03_19-31-43-768x576.jpg 768w\" sizes=\"(max-width: 1024px) 100vw, 1024px\" \/><\/a>\n\t\t\t<\/div><\/figure><figure class='gallery-item'>\n\t\t\t<div class='gallery-icon landscape'>\n\t\t\t\t<a href='https:\/\/patriaparatodos.com.ve\/?attachment_id=549'><img decoding=\"async\" width=\"1024\" height=\"768\" src=\"https:\/\/patriaparatodos.com.ve\/wp-content\/uploads\/2022\/08\/photo_2022-08-03_19-31-48.jpg\" class=\"attachment-full size-full\" alt=\"\" srcset=\"https:\/\/patriaparatodos.com.ve\/wp-content\/uploads\/2022\/08\/photo_2022-08-03_19-31-48.jpg 1024w, https:\/\/patriaparatodos.com.ve\/wp-content\/uploads\/2022\/08\/photo_2022-08-03_19-31-48-300x225.jpg 300w, https:\/\/patriaparatodos.com.ve\/wp-content\/uploads\/2022\/08\/photo_2022-08-03_19-31-48-768x576.jpg 768w\" sizes=\"(max-width: 1024px) 100vw, 1024px\" \/><\/a>\n\t\t\t<\/div><\/figure>\n\t\t<\/div>\n\n<p>La joven integrante de la directiva de la Asamblea Nacional subrayo que Noruega, pertenecer a la geopol\u00edtica latinoamericana viene cumpliendo un llamativo papel como intermediario en el di\u00e1logo del Gobierno Nacional con las diversas oposiciones que existen en Venezuela. Dijo que era importante estudiar y conocer al pa\u00eds n\u00f3rdico, que salvo que es un productor de petr\u00f3leo, no hay mayores coincidencias con Venezuela.<\/p>\n<p>Tambi\u00e9n el Mayor General Diputado y presidente del Grupo, Rodr\u00edguez Cabello indic\u00f3 que el Grupo tiene como tarea lograr objetivos comunes, independientemente que en el Grupo coexisten diputados de la oposici\u00f3n. Todos juntos por una misma bandera siendo hoy D\u00eda Nacional de Nuestra Bandera. Amplio los objetivos del Grupo y la importancia de elaborar un plan de trabajo.<\/p>\n<p>En el hermoso sal\u00f3n protocolar se hicieron presentes como invitados he invitada:\u00a0 el Vice canciller de Europa, del Ministerio del Poder Popular para la Pol\u00edtica Exterior, Iv\u00e1n Gil; el embajador venezolano designado por el Presidente Nicol\u00e1s Maduro como su Representante en Noruega, Ram\u00f3n Gordil y la Diputada Ilenia Medina, Primera Vicepresidenta de la Comisi\u00f3n Permanente de Pol\u00edtica Exterior de la Asamblea Nacional.<\/p>\n","protected":false},"excerpt":{"rendered":"<p>Prensa PPT. \u2013 El mi\u00e9rcoles, 3 de agosto, fue juramentado en el Sal\u00f3n de Los Escudos del Palacio Federal Legislativo el Grupo de Amistad Legislativo Venezuela-Noruega. Se hicieron presentes en el importante evento pol\u00edtico adem\u00e1s de las diputadas y diputados que integran el Grupo, entre estos, el director general del Diario La Jornada, Diputado a [&hellip;]<\/p>\n","protected":false},"author":1,"featured_media":548,"comment_status":"closed","ping_status":"open","sticky":false,"template":"","format":"standard","meta":{"footnotes":""},"categories":[8],"tags":[],"class_list":["post-546","post","type-post","status-publish","format-standard","has-post-thumbnail","hentry","category-legisladores"],"yoast_head":"<!-- This site is optimized with the Yoast SEO plugin v23.3 - https:\/\/yoast.com\/wordpress\/plugins\/seo\/ -->\n<title>AN instal\u00f3 Grupo de Amistad Parlamentaria Venezuela-Noruega - La Mecha Azul<\/title>\n<meta name=\"robots\" content=\"index, follow, max-snippet:-1, max-image-preview:large, max-video-preview:-1\" \/>\n<link rel=\"canonical\" href=\"https:\/\/patriaparatodos.com.ve\/?p=546\" \/>\n<meta property=\"og:locale\" content=\"es_ES\" \/>\n<meta property=\"og:type\" content=\"article\" \/>\n<meta property=\"og:title\" content=\"AN instal\u00f3 Grupo de Amistad Parlamentaria Venezuela-Noruega - La Mecha Azul\" \/>\n<meta property=\"og:description\" content=\"Prensa PPT. \u2013 El mi\u00e9rcoles, 3 de agosto, fue juramentado en el Sal\u00f3n de Los Escudos del Palacio Federal Legislativo el Grupo de Amistad Legislativo Venezuela-Noruega. Se hicieron presentes en el importante evento pol\u00edtico adem\u00e1s de las diputadas y diputados que integran el Grupo, entre estos, el director general del Diario La Jornada, Diputado a [&hellip;]\" \/>\n<meta property=\"og:url\" content=\"https:\/\/patriaparatodos.com.ve\/?p=546\" \/>\n<meta property=\"og:site_name\" content=\"La Mecha Azul\" \/>\n<meta property=\"article:published_time\" content=\"2022-08-11T16:00:54+00:00\" \/>\n<meta property=\"article:modified_time\" content=\"2023-07-14T01:14:00+00:00\" \/>\n<meta property=\"og:image\" content=\"https:\/\/patriaparatodos.com.ve\/wp-content\/uploads\/2022\/08\/photo_2022-08-03_19-31-46.jpg\" \/>\n\t<meta property=\"og:image:width\" content=\"1024\" \/>\n\t<meta property=\"og:image:height\" content=\"768\" \/>\n\t<meta property=\"og:image:type\" content=\"image\/jpeg\" \/>\n<meta name=\"author\" content=\"admin\" \/>\n<meta name=\"twitter:card\" content=\"summary_large_image\" \/>\n<meta name=\"twitter:label1\" content=\"Escrito por\" \/>\n\t<meta name=\"twitter:data1\" content=\"admin\" \/>\n\t<meta name=\"twitter:label2\" content=\"Tiempo de lectura\" \/>\n\t<meta name=\"twitter:data2\" content=\"2 minutos\" \/>\n<script type=\"application\/ld+json\" class=\"yoast-schema-graph\">{\"@context\":\"https:\/\/schema.org\",\"@graph\":[{\"@type\":\"Article\",\"@id\":\"https:\/\/patriaparatodos.com.ve\/?p=546#article\",\"isPartOf\":{\"@id\":\"https:\/\/patriaparatodos.com.ve\/?p=546\"},\"author\":{\"name\":\"admin\",\"@id\":\"https:\/\/patriaparatodos.com.ve\/#\/schema\/person\/5f87d17351c27386e48e4f8927996b15\"},\"headline\":\"AN instal\u00f3 Grupo de Amistad Parlamentaria Venezuela-Noruega\",\"datePublished\":\"2022-08-11T16:00:54+00:00\",\"dateModified\":\"2023-07-14T01:14:00+00:00\",\"mainEntityOfPage\":{\"@id\":\"https:\/\/patriaparatodos.com.ve\/?p=546\"},\"wordCount\":328,\"publisher\":{\"@id\":\"https:\/\/patriaparatodos.com.ve\/#organization\"},\"image\":{\"@id\":\"https:\/\/patriaparatodos.com.ve\/?p=546#primaryimage\"},\"thumbnailUrl\":\"https:\/\/patriaparatodos.com.ve\/wp-content\/uploads\/2022\/08\/photo_2022-08-03_19-31-46.jpg\",\"articleSection\":[\"Legisladores\"],\"inLanguage\":\"es\"},{\"@type\":\"WebPage\",\"@id\":\"https:\/\/patriaparatodos.com.ve\/?p=546\",\"url\":\"https:\/\/patriaparatodos.com.ve\/?p=546\",\"name\":\"AN instal\u00f3 Grupo de Amistad Parlamentaria Venezuela-Noruega - La Mecha Azul\",\"isPartOf\":{\"@id\":\"https:\/\/patriaparatodos.com.ve\/#website\"},\"primaryImageOfPage\":{\"@id\":\"https:\/\/patriaparatodos.com.ve\/?p=546#primaryimage\"},\"image\":{\"@id\":\"https:\/\/patriaparatodos.com.ve\/?p=546#primaryimage\"},\"thumbnailUrl\":\"https:\/\/patriaparatodos.com.ve\/wp-content\/uploads\/2022\/08\/photo_2022-08-03_19-31-46.jpg\",\"datePublished\":\"2022-08-11T16:00:54+00:00\",\"dateModified\":\"2023-07-14T01:14:00+00:00\",\"breadcrumb\":{\"@id\":\"https:\/\/patriaparatodos.com.ve\/?p=546#breadcrumb\"},\"inLanguage\":\"es\",\"potentialAction\":[{\"@type\":\"ReadAction\",\"target\":[\"https:\/\/patriaparatodos.com.ve\/?p=546\"]}]},{\"@type\":\"ImageObject\",\"inLanguage\":\"es\",\"@id\":\"https:\/\/patriaparatodos.com.ve\/?p=546#primaryimage\",\"url\":\"https:\/\/patriaparatodos.com.ve\/wp-content\/uploads\/2022\/08\/photo_2022-08-03_19-31-46.jpg\",\"contentUrl\":\"https:\/\/patriaparatodos.com.ve\/wp-content\/uploads\/2022\/08\/photo_2022-08-03_19-31-46.jpg\",\"width\":1024,\"height\":768},{\"@type\":\"BreadcrumbList\",\"@id\":\"https:\/\/patriaparatodos.com.ve\/?p=546#breadcrumb\",\"itemListElement\":[{\"@type\":\"ListItem\",\"position\":1,\"name\":\"Portada\",\"item\":\"https:\/\/patriaparatodos.com.ve\/\"},{\"@type\":\"ListItem\",\"position\":2,\"name\":\"AN instal\u00f3 Grupo de Amistad Parlamentaria Venezuela-Noruega\"}]},{\"@type\":\"WebSite\",\"@id\":\"https:\/\/patriaparatodos.com.ve\/#website\",\"url\":\"https:\/\/patriaparatodos.com.ve\/\",\"name\":\"La Mecha Azul\",\"description\":\"Por la \u00c9tica, Valor de la Palabra\",\"publisher\":{\"@id\":\"https:\/\/patriaparatodos.com.ve\/#organization\"},\"potentialAction\":[{\"@type\":\"SearchAction\",\"target\":{\"@type\":\"EntryPoint\",\"urlTemplate\":\"https:\/\/patriaparatodos.com.ve\/?s={search_term_string}\"},\"query-input\":\"required name=search_term_string\"}],\"inLanguage\":\"es\"},{\"@type\":\"Organization\",\"@id\":\"https:\/\/patriaparatodos.com.ve\/#organization\",\"name\":\"La Mecha Azul\",\"url\":\"https:\/\/patriaparatodos.com.ve\/\",\"logo\":{\"@type\":\"ImageObject\",\"inLanguage\":\"es\",\"@id\":\"https:\/\/patriaparatodos.com.ve\/#\/schema\/logo\/image\/\",\"url\":\"https:\/\/patriaparatodos.com.ve\/wp-content\/uploads\/2023\/02\/cropped-logo-La-mecha-Azul-n.png\",\"contentUrl\":\"https:\/\/patriaparatodos.com.ve\/wp-content\/uploads\/2023\/02\/cropped-logo-La-mecha-Azul-n.png\",\"width\":5884,\"height\":3318,\"caption\":\"La Mecha Azul\"},\"image\":{\"@id\":\"https:\/\/patriaparatodos.com.ve\/#\/schema\/logo\/image\/\"}},{\"@type\":\"Person\",\"@id\":\"https:\/\/patriaparatodos.com.ve\/#\/schema\/person\/5f87d17351c27386e48e4f8927996b15\",\"name\":\"admin\",\"image\":{\"@type\":\"ImageObject\",\"inLanguage\":\"es\",\"@id\":\"https:\/\/patriaparatodos.com.ve\/#\/schema\/person\/image\/\",\"url\":\"https:\/\/secure.gravatar.com\/avatar\/a29766c0fc2cc324b9ccbc693fd8f1dab0cb4ddfb34bbebb23c71d73ecfa35b7?s=96&d=mm&r=g\",\"contentUrl\":\"https:\/\/secure.gravatar.com\/avatar\/a29766c0fc2cc324b9ccbc693fd8f1dab0cb4ddfb34bbebb23c71d73ecfa35b7?s=96&d=mm&r=g\",\"caption\":\"admin\"},\"sameAs\":[\"https:\/\/patriaparatodos.com.ve\"],\"url\":\"https:\/\/patriaparatodos.com.ve\/?author=1\"}]}<\/script>\n<!-- \/ Yoast SEO plugin. -->","yoast_head_json":{"title":"AN instal\u00f3 Grupo de Amistad Parlamentaria Venezuela-Noruega - La Mecha Azul","robots":{"index":"index","follow":"follow","max-snippet":"max-snippet:-1","max-image-preview":"max-image-preview:large","max-video-preview":"max-video-preview:-1"},"canonical":"https:\/\/patriaparatodos.com.ve\/?p=546","og_locale":"es_ES","og_type":"article","og_title":"AN instal\u00f3 Grupo de Amistad Parlamentaria Venezuela-Noruega - La Mecha Azul","og_description":"Prensa PPT. \u2013 El mi\u00e9rcoles, 3 de agosto, fue juramentado en el Sal\u00f3n de Los Escudos del Palacio Federal Legislativo el Grupo de Amistad Legislativo Venezuela-Noruega. Se hicieron presentes en el importante evento pol\u00edtico adem\u00e1s de las diputadas y diputados que integran el Grupo, entre estos, el director general del Diario La Jornada, Diputado a [&hellip;]","og_url":"https:\/\/patriaparatodos.com.ve\/?p=546","og_site_name":"La Mecha Azul","article_published_time":"2022-08-11T16:00:54+00:00","article_modified_time":"2023-07-14T01:14:00+00:00","og_image":[{"width":1024,"height":768,"url":"https:\/\/patriaparatodos.com.ve\/wp-content\/uploads\/2022\/08\/photo_2022-08-03_19-31-46.jpg","type":"image\/jpeg"}],"author":"admin","twitter_card":"summary_large_image","twitter_misc":{"Escrito por":"admin","Tiempo de lectura":"2 minutos"},"schema":{"@context":"https:\/\/schema.org","@graph":[{"@type":"Article","@id":"https:\/\/patriaparatodos.com.ve\/?p=546#article","isPartOf":{"@id":"https:\/\/patriaparatodos.com.ve\/?p=546"},"author":{"name":"admin","@id":"https:\/\/patriaparatodos.com.ve\/#\/schema\/person\/5f87d17351c27386e48e4f8927996b15"},"headline":"AN instal\u00f3 Grupo de Amistad Parlamentaria Venezuela-Noruega","datePublished":"2022-08-11T16:00:54+00:00","dateModified":"2023-07-14T01:14:00+00:00","mainEntityOfPage":{"@id":"https:\/\/patriaparatodos.com.ve\/?p=546"},"wordCount":328,"publisher":{"@id":"https:\/\/patriaparatodos.com.ve\/#organization"},"image":{"@id":"https:\/\/patriaparatodos.com.ve\/?p=546#primaryimage"},"thumbnailUrl":"https:\/\/patriaparatodos.com.ve\/wp-content\/uploads\/2022\/08\/photo_2022-08-03_19-31-46.jpg","articleSection":["Legisladores"],"inLanguage":"es"},{"@type":"WebPage","@id":"https:\/\/patriaparatodos.com.ve\/?p=546","url":"https:\/\/patriaparatodos.com.ve\/?p=546","name":"AN instal\u00f3 Grupo de Amistad Parlamentaria Venezuela-Noruega - La Mecha Azul","isPartOf":{"@id":"https:\/\/patriaparatodos.com.ve\/#website"},"primaryImageOfPage":{"@id":"https:\/\/patriaparatodos.com.ve\/?p=546#primaryimage"},"image":{"@id":"https:\/\/patriaparatodos.com.ve\/?p=546#primaryimage"},"thumbnailUrl":"https:\/\/patriaparatodos.com.ve\/wp-content\/uploads\/2022\/08\/photo_2022-08-03_19-31-46.jpg","datePublished":"2022-08-11T16:00:54+00:00","dateModified":"2023-07-14T01:14:00+00:00","breadcrumb":{"@id":"https:\/\/patriaparatodos.com.ve\/?p=546#breadcrumb"},"inLanguage":"es","potentialAction":[{"@type":"ReadAction","target":["https:\/\/patriaparatodos.com.ve\/?p=546"]}]},{"@type":"ImageObject","inLanguage":"es","@id":"https:\/\/patriaparatodos.com.ve\/?p=546#primaryimage","url":"https:\/\/patriaparatodos.com.ve\/wp-content\/uploads\/2022\/08\/photo_2022-08-03_19-31-46.jpg","contentUrl":"https:\/\/patriaparatodos.com.ve\/wp-content\/uploads\/2022\/08\/photo_2022-08-03_19-31-46.jpg","width":1024,"height":768},{"@type":"BreadcrumbList","@id":"https:\/\/patriaparatodos.com.ve\/?p=546#breadcrumb","itemListElement":[{"@type":"ListItem","position":1,"name":"Portada","item":"https:\/\/patriaparatodos.com.ve\/"},{"@type":"ListItem","position":2,"name":"AN instal\u00f3 Grupo de Amistad Parlamentaria Venezuela-Noruega"}]},{"@type":"WebSite","@id":"https:\/\/patriaparatodos.com.ve\/#website","url":"https:\/\/patriaparatodos.com.ve\/","name":"La Mecha Azul","description":"Por la \u00c9tica, Valor de la Palabra","publisher":{"@id":"https:\/\/patriaparatodos.com.ve\/#organization"},"potentialAction":[{"@type":"SearchAction","target":{"@type":"EntryPoint","urlTemplate":"https:\/\/patriaparatodos.com.ve\/?s={search_term_string}"},"query-input":"required name=search_term_string"}],"inLanguage":"es"},{"@type":"Organization","@id":"https:\/\/patriaparatodos.com.ve\/#organization","name":"La Mecha Azul","url":"https:\/\/patriaparatodos.com.ve\/","logo":{"@type":"ImageObject","inLanguage":"es","@id":"https:\/\/patriaparatodos.com.ve\/#\/schema\/logo\/image\/","url":"https:\/\/patriaparatodos.com.ve\/wp-content\/uploads\/2023\/02\/cropped-logo-La-mecha-Azul-n.png","contentUrl":"https:\/\/patriaparatodos.com.ve\/wp-content\/uploads\/2023\/02\/cropped-logo-La-mecha-Azul-n.png","width":5884,"height":3318,"caption":"La Mecha Azul"},"image":{"@id":"https:\/\/patriaparatodos.com.ve\/#\/schema\/logo\/image\/"}},{"@type":"Person","@id":"https:\/\/patriaparatodos.com.ve\/#\/schema\/person\/5f87d17351c27386e48e4f8927996b15","name":"admin","image":{"@type":"ImageObject","inLanguage":"es","@id":"https:\/\/patriaparatodos.com.ve\/#\/schema\/person\/image\/","url":"https:\/\/secure.gravatar.com\/avatar\/a29766c0fc2cc324b9ccbc693fd8f1dab0cb4ddfb34bbebb23c71d73ecfa35b7?s=96&d=mm&r=g","contentUrl":"https:\/\/secure.gravatar.com\/avatar\/a29766c0fc2cc324b9ccbc693fd8f1dab0cb4ddfb34bbebb23c71d73ecfa35b7?s=96&d=mm&r=g","caption":"admin"},"sameAs":["https:\/\/patriaparatodos.com.ve"],"url":"https:\/\/patriaparatodos.com.ve\/?author=1"}]}},"_links":{"self":[{"href":"https:\/\/patriaparatodos.com.ve\/index.php?rest_route=\/wp\/v2\/posts\/546","targetHints":{"allow":["GET"]}}],"collection":[{"href":"https:\/\/patriaparatodos.com.ve\/index.php?rest_route=\/wp\/v2\/posts"}],"about":[{"href":"https:\/\/patriaparatodos.com.ve\/index.php?rest_route=\/wp\/v2\/types\/post"}],"author":[{"embeddable":true,"href":"https:\/\/patriaparatodos.com.ve\/index.php?rest_route=\/wp\/v2\/users\/1"}],"replies":[{"embeddable":true,"href":"https:\/\/patriaparatodos.com.ve\/index.php?rest_route=%2Fwp%2Fv2%2Fcomments&post=546"}],"version-history":[{"count":1,"href":"https:\/\/patriaparatodos.com.ve\/index.php?rest_route=\/wp\/v2\/posts\/546\/revisions"}],"predecessor-version":[{"id":550,"href":"https:\/\/patriaparatodos.com.ve\/index.php?rest_route=\/wp\/v2\/posts\/546\/revisions\/550"}],"wp:featuredmedia":[{"embeddable":true,"href":"https:\/\/patriaparatodos.com.ve\/index.php?rest_route=\/wp\/v2\/media\/548"}],"wp:attachment":[{"href":"https:\/\/patriaparatodos.com.ve\/index.php?rest_route=%2Fwp%2Fv2%2Fmedia&parent=546"}],"wp:term":[{"taxonomy":"category","embeddable":true,"href":"https:\/\/patriaparatodos.com.ve\/index.php?rest_route=%2Fwp%2Fv2%2Fcategories&post=546"},{"taxonomy":"post_tag","embeddable":true,"href":"https:\/\/patriaparatodos.com.ve\/index.php?rest_route=%2Fwp%2Fv2%2Ftags&post=546"}],"curies":[{"name":"wp","href":"https:\/\/api.w.org\/{rel}","templated":true}]}}