{"id":551,"date":"2022-08-11T16:01:36","date_gmt":"2022-08-11T16:01:36","guid":{"rendered":"https:\/\/patriaparatodos.com.ve\/?p=551"},"modified":"2023-07-14T01:12:29","modified_gmt":"2023-07-14T01:12:29","slug":"an-aprobo-en-primera-discusion-ley-de-trabajadores-a-domicilio","status":"publish","type":"post","link":"https:\/\/patriaparatodos.com.ve\/?p=551","title":{"rendered":"AN aprob\u00f3 en primera discusi\u00f3n Ley de Trabajadores a Domicilio"},"content":{"rendered":"<p><strong>Prensa PPT.<\/strong> &#8211; Durante la sesi\u00f3n ordinaria de este martes la Asamblea Nacional (AN) aprob\u00f3 en primera discusi\u00f3n, y por unanimidad, el Proyecto de Ley Especial de Trabajadoras y Trabajadores a Domicilio, que tiene como objetivo garantizar los derechos laborales de los venezolanos que elaboran productos desde sus hogares.<\/p>\n<p>Al respecto, la integrante de la Comisi\u00f3n Permanente de Desarrollo Social Integral, diputada Gisela Tovar, indic\u00f3 que la propuesta est\u00e1 conformada por dos cap\u00edtulos y dos disposiciones generales. Dijo que fue redactado con la participaci\u00f3n del Poder Ejecutivo, quien dio su aporte para enriquecer el proyecto legislativo en esta primera etapa.<\/p>\n<p>A\u00f1adi\u00f3 que los trabajadores a domicilio tienen salarios bajos y no tienen contrato con patr\u00f3n alguno, lo que calific\u00f3 como una clara exclusi\u00f3n en sus derechos. En virtud de ello, agreg\u00f3 que se est\u00e1 impulsando la ley para visibilizar el trabajo, reivindicarlos y, de ser necesario, aplicar sanciones a quienes infrinjan la ley. Inst\u00f3 a las inspector\u00edas del trabajo a crear una instancia para atender estos casos con personal capacitado.<\/p>\n<p>Por su parte, la diputada Anyelith Tamayo indic\u00f3 que la ley permitir\u00e1 el levantamiento de un registro de estos trabajadores y garantizar\u00e1 aplicar el art\u00edculo 209 de la Ley Org\u00e1nica del Trabajo (LOTTT), el cual establece que este tipo de responsabilidad debe gozar de los derechos relativos a la seguridad social.<\/p>\n<p>Entre tanto, la diputada Bussy Galeano expres\u00f3 que la aprobaci\u00f3n en primera discusi\u00f3n de la norma forma parte del compromiso del Parlamento con la clase obrera, que contar\u00e1 con las herramientas legislativas para hacer justicia.<\/p>\n","protected":false},"excerpt":{"rendered":"<p>Prensa PPT. &#8211; Durante la sesi\u00f3n ordinaria de este martes la Asamblea Nacional (AN) aprob\u00f3 en primera discusi\u00f3n, y por unanimidad, el Proyecto de Ley Especial de Trabajadoras y Trabajadores a Domicilio, que tiene como objetivo garantizar los derechos laborales de los venezolanos que elaboran productos desde sus hogares. Al respecto, la integrante de la [&hellip;]<\/p>\n","protected":false},"author":1,"featured_media":552,"comment_status":"closed","ping_status":"open","sticky":false,"template":"","format":"standard","meta":{"footnotes":""},"categories":[8],"tags":[],"class_list":["post-551","post","type-post","status-publish","format-standard","has-post-thumbnail","hentry","category-legisladores"],"yoast_head":"<!-- This site is optimized with the Yoast SEO plugin v23.3 - https:\/\/yoast.com\/wordpress\/plugins\/seo\/ -->\n<title>AN aprob\u00f3 en primera discusi\u00f3n Ley de Trabajadores a Domicilio - La Mecha Azul<\/title>\n<meta name=\"robots\" content=\"index, follow, max-snippet:-1, max-image-preview:large, max-video-preview:-1\" \/>\n<link rel=\"canonical\" href=\"https:\/\/patriaparatodos.com.ve\/?p=551\" \/>\n<meta property=\"og:locale\" content=\"es_ES\" \/>\n<meta property=\"og:type\" content=\"article\" \/>\n<meta property=\"og:title\" content=\"AN aprob\u00f3 en primera discusi\u00f3n Ley de Trabajadores a Domicilio - La Mecha Azul\" \/>\n<meta property=\"og:description\" content=\"Prensa PPT. &#8211; Durante la sesi\u00f3n ordinaria de este martes la Asamblea Nacional (AN) aprob\u00f3 en primera discusi\u00f3n, y por unanimidad, el Proyecto de Ley Especial de Trabajadoras y Trabajadores a Domicilio, que tiene como objetivo garantizar los derechos laborales de los venezolanos que elaboran productos desde sus hogares. Al respecto, la integrante de la [&hellip;]\" \/>\n<meta property=\"og:url\" content=\"https:\/\/patriaparatodos.com.ve\/?p=551\" \/>\n<meta property=\"og:site_name\" content=\"La Mecha Azul\" \/>\n<meta property=\"article:published_time\" content=\"2022-08-11T16:01:36+00:00\" \/>\n<meta property=\"article:modified_time\" content=\"2023-07-14T01:12:29+00:00\" \/>\n<meta property=\"og:image\" content=\"https:\/\/patriaparatodos.com.ve\/wp-content\/uploads\/2022\/08\/an-aprueba-en-primera-discusion-ley-de-trabajadores-a-domicilio-20220809232933-1024x683-1.jpg\" \/>\n\t<meta property=\"og:image:width\" content=\"1024\" \/>\n\t<meta property=\"og:image:height\" content=\"683\" \/>\n\t<meta property=\"og:image:type\" content=\"image\/jpeg\" \/>\n<meta name=\"author\" content=\"admin\" \/>\n<meta name=\"twitter:card\" content=\"summary_large_image\" \/>\n<meta name=\"twitter:label1\" content=\"Escrito por\" \/>\n\t<meta name=\"twitter:data1\" content=\"admin\" \/>\n\t<meta name=\"twitter:label2\" content=\"Tiempo de lectura\" \/>\n\t<meta name=\"twitter:data2\" content=\"2 minutos\" \/>\n<script type=\"application\/ld+json\" class=\"yoast-schema-graph\">{\"@context\":\"https:\/\/schema.org\",\"@graph\":[{\"@type\":\"Article\",\"@id\":\"https:\/\/patriaparatodos.com.ve\/?p=551#article\",\"isPartOf\":{\"@id\":\"https:\/\/patriaparatodos.com.ve\/?p=551\"},\"author\":{\"name\":\"admin\",\"@id\":\"https:\/\/patriaparatodos.com.ve\/#\/schema\/person\/5f87d17351c27386e48e4f8927996b15\"},\"headline\":\"AN aprob\u00f3 en primera discusi\u00f3n Ley de Trabajadores a Domicilio\",\"datePublished\":\"2022-08-11T16:01:36+00:00\",\"dateModified\":\"2023-07-14T01:12:29+00:00\",\"mainEntityOfPage\":{\"@id\":\"https:\/\/patriaparatodos.com.ve\/?p=551\"},\"wordCount\":279,\"publisher\":{\"@id\":\"https:\/\/patriaparatodos.com.ve\/#organization\"},\"image\":{\"@id\":\"https:\/\/patriaparatodos.com.ve\/?p=551#primaryimage\"},\"thumbnailUrl\":\"https:\/\/patriaparatodos.com.ve\/wp-content\/uploads\/2022\/08\/an-aprueba-en-primera-discusion-ley-de-trabajadores-a-domicilio-20220809232933-1024x683-1.jpg\",\"articleSection\":[\"Legisladores\"],\"inLanguage\":\"es\"},{\"@type\":\"WebPage\",\"@id\":\"https:\/\/patriaparatodos.com.ve\/?p=551\",\"url\":\"https:\/\/patriaparatodos.com.ve\/?p=551\",\"name\":\"AN aprob\u00f3 en primera discusi\u00f3n Ley de Trabajadores a Domicilio - La Mecha Azul\",\"isPartOf\":{\"@id\":\"https:\/\/patriaparatodos.com.ve\/#website\"},\"primaryImageOfPage\":{\"@id\":\"https:\/\/patriaparatodos.com.ve\/?p=551#primaryimage\"},\"image\":{\"@id\":\"https:\/\/patriaparatodos.com.ve\/?p=551#primaryimage\"},\"thumbnailUrl\":\"https:\/\/patriaparatodos.com.ve\/wp-content\/uploads\/2022\/08\/an-aprueba-en-primera-discusion-ley-de-trabajadores-a-domicilio-20220809232933-1024x683-1.jpg\",\"datePublished\":\"2022-08-11T16:01:36+00:00\",\"dateModified\":\"2023-07-14T01:12:29+00:00\",\"breadcrumb\":{\"@id\":\"https:\/\/patriaparatodos.com.ve\/?p=551#breadcrumb\"},\"inLanguage\":\"es\",\"potentialAction\":[{\"@type\":\"ReadAction\",\"target\":[\"https:\/\/patriaparatodos.com.ve\/?p=551\"]}]},{\"@type\":\"ImageObject\",\"inLanguage\":\"es\",\"@id\":\"https:\/\/patriaparatodos.com.ve\/?p=551#primaryimage\",\"url\":\"https:\/\/patriaparatodos.com.ve\/wp-content\/uploads\/2022\/08\/an-aprueba-en-primera-discusion-ley-de-trabajadores-a-domicilio-20220809232933-1024x683-1.jpg\",\"contentUrl\":\"https:\/\/patriaparatodos.com.ve\/wp-content\/uploads\/2022\/08\/an-aprueba-en-primera-discusion-ley-de-trabajadores-a-domicilio-20220809232933-1024x683-1.jpg\",\"width\":1024,\"height\":683},{\"@type\":\"BreadcrumbList\",\"@id\":\"https:\/\/patriaparatodos.com.ve\/?p=551#breadcrumb\",\"itemListElement\":[{\"@type\":\"ListItem\",\"position\":1,\"name\":\"Portada\",\"item\":\"https:\/\/patriaparatodos.com.ve\/\"},{\"@type\":\"ListItem\",\"position\":2,\"name\":\"AN aprob\u00f3 en primera discusi\u00f3n Ley de Trabajadores a Domicilio\"}]},{\"@type\":\"WebSite\",\"@id\":\"https:\/\/patriaparatodos.com.ve\/#website\",\"url\":\"https:\/\/patriaparatodos.com.ve\/\",\"name\":\"La Mecha Azul\",\"description\":\"Por la \u00c9tica, Valor de la Palabra\",\"publisher\":{\"@id\":\"https:\/\/patriaparatodos.com.ve\/#organization\"},\"potentialAction\":[{\"@type\":\"SearchAction\",\"target\":{\"@type\":\"EntryPoint\",\"urlTemplate\":\"https:\/\/patriaparatodos.com.ve\/?s={search_term_string}\"},\"query-input\":\"required name=search_term_string\"}],\"inLanguage\":\"es\"},{\"@type\":\"Organization\",\"@id\":\"https:\/\/patriaparatodos.com.ve\/#organization\",\"name\":\"La Mecha Azul\",\"url\":\"https:\/\/patriaparatodos.com.ve\/\",\"logo\":{\"@type\":\"ImageObject\",\"inLanguage\":\"es\",\"@id\":\"https:\/\/patriaparatodos.com.ve\/#\/schema\/logo\/image\/\",\"url\":\"https:\/\/patriaparatodos.com.ve\/wp-content\/uploads\/2023\/02\/cropped-logo-La-mecha-Azul-n.png\",\"contentUrl\":\"https:\/\/patriaparatodos.com.ve\/wp-content\/uploads\/2023\/02\/cropped-logo-La-mecha-Azul-n.png\",\"width\":5884,\"height\":3318,\"caption\":\"La Mecha Azul\"},\"image\":{\"@id\":\"https:\/\/patriaparatodos.com.ve\/#\/schema\/logo\/image\/\"}},{\"@type\":\"Person\",\"@id\":\"https:\/\/patriaparatodos.com.ve\/#\/schema\/person\/5f87d17351c27386e48e4f8927996b15\",\"name\":\"admin\",\"image\":{\"@type\":\"ImageObject\",\"inLanguage\":\"es\",\"@id\":\"https:\/\/patriaparatodos.com.ve\/#\/schema\/person\/image\/\",\"url\":\"https:\/\/secure.gravatar.com\/avatar\/a29766c0fc2cc324b9ccbc693fd8f1dab0cb4ddfb34bbebb23c71d73ecfa35b7?s=96&d=mm&r=g\",\"contentUrl\":\"https:\/\/secure.gravatar.com\/avatar\/a29766c0fc2cc324b9ccbc693fd8f1dab0cb4ddfb34bbebb23c71d73ecfa35b7?s=96&d=mm&r=g\",\"caption\":\"admin\"},\"sameAs\":[\"https:\/\/patriaparatodos.com.ve\"],\"url\":\"https:\/\/patriaparatodos.com.ve\/?author=1\"}]}<\/script>\n<!-- \/ Yoast SEO plugin. -->","yoast_head_json":{"title":"AN aprob\u00f3 en primera discusi\u00f3n Ley de Trabajadores a Domicilio - La Mecha Azul","robots":{"index":"index","follow":"follow","max-snippet":"max-snippet:-1","max-image-preview":"max-image-preview:large","max-video-preview":"max-video-preview:-1"},"canonical":"https:\/\/patriaparatodos.com.ve\/?p=551","og_locale":"es_ES","og_type":"article","og_title":"AN aprob\u00f3 en primera discusi\u00f3n Ley de Trabajadores a Domicilio - La Mecha Azul","og_description":"Prensa PPT. &#8211; Durante la sesi\u00f3n ordinaria de este martes la Asamblea Nacional (AN) aprob\u00f3 en primera discusi\u00f3n, y por unanimidad, el Proyecto de Ley Especial de Trabajadoras y Trabajadores a Domicilio, que tiene como objetivo garantizar los derechos laborales de los venezolanos que elaboran productos desde sus hogares. Al respecto, la integrante de la [&hellip;]","og_url":"https:\/\/patriaparatodos.com.ve\/?p=551","og_site_name":"La Mecha Azul","article_published_time":"2022-08-11T16:01:36+00:00","article_modified_time":"2023-07-14T01:12:29+00:00","og_image":[{"width":1024,"height":683,"url":"https:\/\/patriaparatodos.com.ve\/wp-content\/uploads\/2022\/08\/an-aprueba-en-primera-discusion-ley-de-trabajadores-a-domicilio-20220809232933-1024x683-1.jpg","type":"image\/jpeg"}],"author":"admin","twitter_card":"summary_large_image","twitter_misc":{"Escrito por":"admin","Tiempo de lectura":"2 minutos"},"schema":{"@context":"https:\/\/schema.org","@graph":[{"@type":"Article","@id":"https:\/\/patriaparatodos.com.ve\/?p=551#article","isPartOf":{"@id":"https:\/\/patriaparatodos.com.ve\/?p=551"},"author":{"name":"admin","@id":"https:\/\/patriaparatodos.com.ve\/#\/schema\/person\/5f87d17351c27386e48e4f8927996b15"},"headline":"AN aprob\u00f3 en primera discusi\u00f3n Ley de Trabajadores a Domicilio","datePublished":"2022-08-11T16:01:36+00:00","dateModified":"2023-07-14T01:12:29+00:00","mainEntityOfPage":{"@id":"https:\/\/patriaparatodos.com.ve\/?p=551"},"wordCount":279,"publisher":{"@id":"https:\/\/patriaparatodos.com.ve\/#organization"},"image":{"@id":"https:\/\/patriaparatodos.com.ve\/?p=551#primaryimage"},"thumbnailUrl":"https:\/\/patriaparatodos.com.ve\/wp-content\/uploads\/2022\/08\/an-aprueba-en-primera-discusion-ley-de-trabajadores-a-domicilio-20220809232933-1024x683-1.jpg","articleSection":["Legisladores"],"inLanguage":"es"},{"@type":"WebPage","@id":"https:\/\/patriaparatodos.com.ve\/?p=551","url":"https:\/\/patriaparatodos.com.ve\/?p=551","name":"AN aprob\u00f3 en primera discusi\u00f3n Ley de Trabajadores a Domicilio - La Mecha Azul","isPartOf":{"@id":"https:\/\/patriaparatodos.com.ve\/#website"},"primaryImageOfPage":{"@id":"https:\/\/patriaparatodos.com.ve\/?p=551#primaryimage"},"image":{"@id":"https:\/\/patriaparatodos.com.ve\/?p=551#primaryimage"},"thumbnailUrl":"https:\/\/patriaparatodos.com.ve\/wp-content\/uploads\/2022\/08\/an-aprueba-en-primera-discusion-ley-de-trabajadores-a-domicilio-20220809232933-1024x683-1.jpg","datePublished":"2022-08-11T16:01:36+00:00","dateModified":"2023-07-14T01:12:29+00:00","breadcrumb":{"@id":"https:\/\/patriaparatodos.com.ve\/?p=551#breadcrumb"},"inLanguage":"es","potentialAction":[{"@type":"ReadAction","target":["https:\/\/patriaparatodos.com.ve\/?p=551"]}]},{"@type":"ImageObject","inLanguage":"es","@id":"https:\/\/patriaparatodos.com.ve\/?p=551#primaryimage","url":"https:\/\/patriaparatodos.com.ve\/wp-content\/uploads\/2022\/08\/an-aprueba-en-primera-discusion-ley-de-trabajadores-a-domicilio-20220809232933-1024x683-1.jpg","contentUrl":"https:\/\/patriaparatodos.com.ve\/wp-content\/uploads\/2022\/08\/an-aprueba-en-primera-discusion-ley-de-trabajadores-a-domicilio-20220809232933-1024x683-1.jpg","width":1024,"height":683},{"@type":"BreadcrumbList","@id":"https:\/\/patriaparatodos.com.ve\/?p=551#breadcrumb","itemListElement":[{"@type":"ListItem","position":1,"name":"Portada","item":"https:\/\/patriaparatodos.com.ve\/"},{"@type":"ListItem","position":2,"name":"AN aprob\u00f3 en primera discusi\u00f3n Ley de Trabajadores a Domicilio"}]},{"@type":"WebSite","@id":"https:\/\/patriaparatodos.com.ve\/#website","url":"https:\/\/patriaparatodos.com.ve\/","name":"La Mecha Azul","description":"Por la \u00c9tica, Valor de la Palabra","publisher":{"@id":"https:\/\/patriaparatodos.com.ve\/#organization"},"potentialAction":[{"@type":"SearchAction","target":{"@type":"EntryPoint","urlTemplate":"https:\/\/patriaparatodos.com.ve\/?s={search_term_string}"},"query-input":"required name=search_term_string"}],"inLanguage":"es"},{"@type":"Organization","@id":"https:\/\/patriaparatodos.com.ve\/#organization","name":"La Mecha Azul","url":"https:\/\/patriaparatodos.com.ve\/","logo":{"@type":"ImageObject","inLanguage":"es","@id":"https:\/\/patriaparatodos.com.ve\/#\/schema\/logo\/image\/","url":"https:\/\/patriaparatodos.com.ve\/wp-content\/uploads\/2023\/02\/cropped-logo-La-mecha-Azul-n.png","contentUrl":"https:\/\/patriaparatodos.com.ve\/wp-content\/uploads\/2023\/02\/cropped-logo-La-mecha-Azul-n.png","width":5884,"height":3318,"caption":"La Mecha Azul"},"image":{"@id":"https:\/\/patriaparatodos.com.ve\/#\/schema\/logo\/image\/"}},{"@type":"Person","@id":"https:\/\/patriaparatodos.com.ve\/#\/schema\/person\/5f87d17351c27386e48e4f8927996b15","name":"admin","image":{"@type":"ImageObject","inLanguage":"es","@id":"https:\/\/patriaparatodos.com.ve\/#\/schema\/person\/image\/","url":"https:\/\/secure.gravatar.com\/avatar\/a29766c0fc2cc324b9ccbc693fd8f1dab0cb4ddfb34bbebb23c71d73ecfa35b7?s=96&d=mm&r=g","contentUrl":"https:\/\/secure.gravatar.com\/avatar\/a29766c0fc2cc324b9ccbc693fd8f1dab0cb4ddfb34bbebb23c71d73ecfa35b7?s=96&d=mm&r=g","caption":"admin"},"sameAs":["https:\/\/patriaparatodos.com.ve"],"url":"https:\/\/patriaparatodos.com.ve\/?author=1"}]}},"_links":{"self":[{"href":"https:\/\/patriaparatodos.com.ve\/index.php?rest_route=\/wp\/v2\/posts\/551","targetHints":{"allow":["GET"]}}],"collection":[{"href":"https:\/\/patriaparatodos.com.ve\/index.php?rest_route=\/wp\/v2\/posts"}],"about":[{"href":"https:\/\/patriaparatodos.com.ve\/index.php?rest_route=\/wp\/v2\/types\/post"}],"author":[{"embeddable":true,"href":"https:\/\/patriaparatodos.com.ve\/index.php?rest_route=\/wp\/v2\/users\/1"}],"replies":[{"embeddable":true,"href":"https:\/\/patriaparatodos.com.ve\/index.php?rest_route=%2Fwp%2Fv2%2Fcomments&post=551"}],"version-history":[{"count":1,"href":"https:\/\/patriaparatodos.com.ve\/index.php?rest_route=\/wp\/v2\/posts\/551\/revisions"}],"predecessor-version":[{"id":553,"href":"https:\/\/patriaparatodos.com.ve\/index.php?rest_route=\/wp\/v2\/posts\/551\/revisions\/553"}],"wp:featuredmedia":[{"embeddable":true,"href":"https:\/\/patriaparatodos.com.ve\/index.php?rest_route=\/wp\/v2\/media\/552"}],"wp:attachment":[{"href":"https:\/\/patriaparatodos.com.ve\/index.php?rest_route=%2Fwp%2Fv2%2Fmedia&parent=551"}],"wp:term":[{"taxonomy":"category","embeddable":true,"href":"https:\/\/patriaparatodos.com.ve\/index.php?rest_route=%2Fwp%2Fv2%2Fcategories&post=551"},{"taxonomy":"post_tag","embeddable":true,"href":"https:\/\/patriaparatodos.com.ve\/index.php?rest_route=%2Fwp%2Fv2%2Ftags&post=551"}],"curies":[{"name":"wp","href":"https:\/\/api.w.org\/{rel}","templated":true}]}}