{"id":577,"date":"2022-08-12T01:13:46","date_gmt":"2022-08-12T01:13:46","guid":{"rendered":"https:\/\/patriaparatodos.com.ve\/?p=577"},"modified":"2023-07-14T01:12:58","modified_gmt":"2023-07-14T01:12:58","slug":"ppt-guarico-realizara-asamblea-regional","status":"publish","type":"post","link":"https:\/\/patriaparatodos.com.ve\/?p=577","title":{"rendered":"PPT Gu\u00e1rico realizar\u00e1 Asamblea Regional"},"content":{"rendered":"<p><strong>Prensa PPT. &#8211;<\/strong> En el marco de la refundaci\u00f3n del partido Patria Para Todos (PPT) este viernes 12 de agosto se realizar\u00e1 en la ciudad de Calabozo en el estado Gu\u00e1rico, la Asamblea Regional en la cual se debatir\u00e1n las nuevas estructuras municipales y regionales con el fin de adecuarse al congreso de la nueva \u00e9poca con miras de la preparaci\u00f3n de la gran Asamblea Nacional de Patria Para Todos.<\/p>\n<p>La actividad se realizar\u00e1 en el sal\u00f3n de eventos del San Marcos y contar\u00e1 con la presencia de la Junta Ad Hoc presidida por la diputada a la Asamblea Nacional Ilenia Medina, el diputado AN Jos\u00e9 Bracho y el diputado AN Hugbel Roa enlace regional del PSUV en el estado Gu\u00e1rico.<\/p>\n<p><img fetchpriority=\"high\" decoding=\"async\" class=\"alignnone wp-image-594 size-full\" src=\"https:\/\/patriaparatodos.com.ve\/wp-content\/uploads\/2022\/08\/invitacion-asamblea-PPT-2022-e1660269154272.jpg\" alt=\"\" width=\"500\" height=\"611\" srcset=\"https:\/\/patriaparatodos.com.ve\/wp-content\/uploads\/2022\/08\/invitacion-asamblea-PPT-2022-e1660269154272.jpg 500w, https:\/\/patriaparatodos.com.ve\/wp-content\/uploads\/2022\/08\/invitacion-asamblea-PPT-2022-e1660269154272-245x300.jpg 245w\" sizes=\"(max-width: 500px) 100vw, 500px\" \/><\/p>\n","protected":false},"excerpt":{"rendered":"<p>Prensa PPT. &#8211; En el marco de la refundaci\u00f3n del partido Patria Para Todos (PPT) este viernes 12 de agosto se realizar\u00e1 en la ciudad de Calabozo en el estado Gu\u00e1rico, la Asamblea Regional en la cual se debatir\u00e1n las nuevas estructuras municipales y regionales con el fin de adecuarse al congreso de la nueva [&hellip;]<\/p>\n","protected":false},"author":1,"featured_media":575,"comment_status":"closed","ping_status":"open","sticky":false,"template":"","format":"standard","meta":{"footnotes":""},"categories":[9],"tags":[],"class_list":["post-577","post","type-post","status-publish","format-standard","has-post-thumbnail","hentry","category-refundacion"],"yoast_head":"<!-- This site is optimized with the Yoast SEO plugin v23.3 - https:\/\/yoast.com\/wordpress\/plugins\/seo\/ -->\n<title>PPT Gu\u00e1rico realizar\u00e1 Asamblea Regional - La Mecha Azul<\/title>\n<meta name=\"robots\" content=\"index, follow, max-snippet:-1, max-image-preview:large, max-video-preview:-1\" \/>\n<link rel=\"canonical\" href=\"https:\/\/patriaparatodos.com.ve\/?p=577\" \/>\n<meta property=\"og:locale\" content=\"es_ES\" \/>\n<meta property=\"og:type\" content=\"article\" \/>\n<meta property=\"og:title\" content=\"PPT Gu\u00e1rico realizar\u00e1 Asamblea Regional - La Mecha Azul\" \/>\n<meta property=\"og:description\" content=\"Prensa PPT. &#8211; En el marco de la refundaci\u00f3n del partido Patria Para Todos (PPT) este viernes 12 de agosto se realizar\u00e1 en la ciudad de Calabozo en el estado Gu\u00e1rico, la Asamblea Regional en la cual se debatir\u00e1n las nuevas estructuras municipales y regionales con el fin de adecuarse al congreso de la nueva [&hellip;]\" \/>\n<meta property=\"og:url\" content=\"https:\/\/patriaparatodos.com.ve\/?p=577\" \/>\n<meta property=\"og:site_name\" content=\"La Mecha Azul\" \/>\n<meta property=\"article:published_time\" content=\"2022-08-12T01:13:46+00:00\" \/>\n<meta property=\"article:modified_time\" content=\"2023-07-14T01:12:58+00:00\" \/>\n<meta property=\"og:image\" content=\"https:\/\/patriaparatodos.com.ve\/wp-content\/uploads\/2022\/08\/junta-Ad-Hac.jpg\" \/>\n\t<meta property=\"og:image:width\" content=\"600\" \/>\n\t<meta property=\"og:image:height\" content=\"386\" \/>\n\t<meta property=\"og:image:type\" content=\"image\/jpeg\" \/>\n<meta name=\"author\" content=\"admin\" \/>\n<meta name=\"twitter:card\" content=\"summary_large_image\" \/>\n<meta name=\"twitter:label1\" content=\"Escrito por\" \/>\n\t<meta name=\"twitter:data1\" content=\"admin\" \/>\n\t<meta name=\"twitter:label2\" content=\"Tiempo de lectura\" \/>\n\t<meta name=\"twitter:data2\" content=\"1 minuto\" \/>\n<script type=\"application\/ld+json\" class=\"yoast-schema-graph\">{\"@context\":\"https:\/\/schema.org\",\"@graph\":[{\"@type\":\"Article\",\"@id\":\"https:\/\/patriaparatodos.com.ve\/?p=577#article\",\"isPartOf\":{\"@id\":\"https:\/\/patriaparatodos.com.ve\/?p=577\"},\"author\":{\"name\":\"admin\",\"@id\":\"https:\/\/patriaparatodos.com.ve\/#\/schema\/person\/5f87d17351c27386e48e4f8927996b15\"},\"headline\":\"PPT Gu\u00e1rico realizar\u00e1 Asamblea Regional\",\"datePublished\":\"2022-08-12T01:13:46+00:00\",\"dateModified\":\"2023-07-14T01:12:58+00:00\",\"mainEntityOfPage\":{\"@id\":\"https:\/\/patriaparatodos.com.ve\/?p=577\"},\"wordCount\":132,\"publisher\":{\"@id\":\"https:\/\/patriaparatodos.com.ve\/#organization\"},\"image\":{\"@id\":\"https:\/\/patriaparatodos.com.ve\/?p=577#primaryimage\"},\"thumbnailUrl\":\"https:\/\/patriaparatodos.com.ve\/wp-content\/uploads\/2022\/08\/junta-Ad-Hac.jpg\",\"articleSection\":[\"Refundaci\u00f3n\"],\"inLanguage\":\"es\"},{\"@type\":\"WebPage\",\"@id\":\"https:\/\/patriaparatodos.com.ve\/?p=577\",\"url\":\"https:\/\/patriaparatodos.com.ve\/?p=577\",\"name\":\"PPT Gu\u00e1rico realizar\u00e1 Asamblea Regional - La Mecha Azul\",\"isPartOf\":{\"@id\":\"https:\/\/patriaparatodos.com.ve\/#website\"},\"primaryImageOfPage\":{\"@id\":\"https:\/\/patriaparatodos.com.ve\/?p=577#primaryimage\"},\"image\":{\"@id\":\"https:\/\/patriaparatodos.com.ve\/?p=577#primaryimage\"},\"thumbnailUrl\":\"https:\/\/patriaparatodos.com.ve\/wp-content\/uploads\/2022\/08\/junta-Ad-Hac.jpg\",\"datePublished\":\"2022-08-12T01:13:46+00:00\",\"dateModified\":\"2023-07-14T01:12:58+00:00\",\"breadcrumb\":{\"@id\":\"https:\/\/patriaparatodos.com.ve\/?p=577#breadcrumb\"},\"inLanguage\":\"es\",\"potentialAction\":[{\"@type\":\"ReadAction\",\"target\":[\"https:\/\/patriaparatodos.com.ve\/?p=577\"]}]},{\"@type\":\"ImageObject\",\"inLanguage\":\"es\",\"@id\":\"https:\/\/patriaparatodos.com.ve\/?p=577#primaryimage\",\"url\":\"https:\/\/patriaparatodos.com.ve\/wp-content\/uploads\/2022\/08\/junta-Ad-Hac.jpg\",\"contentUrl\":\"https:\/\/patriaparatodos.com.ve\/wp-content\/uploads\/2022\/08\/junta-Ad-Hac.jpg\",\"width\":600,\"height\":386},{\"@type\":\"BreadcrumbList\",\"@id\":\"https:\/\/patriaparatodos.com.ve\/?p=577#breadcrumb\",\"itemListElement\":[{\"@type\":\"ListItem\",\"position\":1,\"name\":\"Portada\",\"item\":\"https:\/\/patriaparatodos.com.ve\/\"},{\"@type\":\"ListItem\",\"position\":2,\"name\":\"PPT Gu\u00e1rico realizar\u00e1 Asamblea Regional\"}]},{\"@type\":\"WebSite\",\"@id\":\"https:\/\/patriaparatodos.com.ve\/#website\",\"url\":\"https:\/\/patriaparatodos.com.ve\/\",\"name\":\"La Mecha Azul\",\"description\":\"Por la \u00c9tica, Valor de la Palabra\",\"publisher\":{\"@id\":\"https:\/\/patriaparatodos.com.ve\/#organization\"},\"potentialAction\":[{\"@type\":\"SearchAction\",\"target\":{\"@type\":\"EntryPoint\",\"urlTemplate\":\"https:\/\/patriaparatodos.com.ve\/?s={search_term_string}\"},\"query-input\":\"required name=search_term_string\"}],\"inLanguage\":\"es\"},{\"@type\":\"Organization\",\"@id\":\"https:\/\/patriaparatodos.com.ve\/#organization\",\"name\":\"La Mecha Azul\",\"url\":\"https:\/\/patriaparatodos.com.ve\/\",\"logo\":{\"@type\":\"ImageObject\",\"inLanguage\":\"es\",\"@id\":\"https:\/\/patriaparatodos.com.ve\/#\/schema\/logo\/image\/\",\"url\":\"https:\/\/patriaparatodos.com.ve\/wp-content\/uploads\/2023\/02\/cropped-logo-La-mecha-Azul-n.png\",\"contentUrl\":\"https:\/\/patriaparatodos.com.ve\/wp-content\/uploads\/2023\/02\/cropped-logo-La-mecha-Azul-n.png\",\"width\":5884,\"height\":3318,\"caption\":\"La Mecha Azul\"},\"image\":{\"@id\":\"https:\/\/patriaparatodos.com.ve\/#\/schema\/logo\/image\/\"}},{\"@type\":\"Person\",\"@id\":\"https:\/\/patriaparatodos.com.ve\/#\/schema\/person\/5f87d17351c27386e48e4f8927996b15\",\"name\":\"admin\",\"image\":{\"@type\":\"ImageObject\",\"inLanguage\":\"es\",\"@id\":\"https:\/\/patriaparatodos.com.ve\/#\/schema\/person\/image\/\",\"url\":\"https:\/\/secure.gravatar.com\/avatar\/a29766c0fc2cc324b9ccbc693fd8f1dab0cb4ddfb34bbebb23c71d73ecfa35b7?s=96&d=mm&r=g\",\"contentUrl\":\"https:\/\/secure.gravatar.com\/avatar\/a29766c0fc2cc324b9ccbc693fd8f1dab0cb4ddfb34bbebb23c71d73ecfa35b7?s=96&d=mm&r=g\",\"caption\":\"admin\"},\"sameAs\":[\"https:\/\/patriaparatodos.com.ve\"],\"url\":\"https:\/\/patriaparatodos.com.ve\/?author=1\"}]}<\/script>\n<!-- \/ Yoast SEO plugin. -->","yoast_head_json":{"title":"PPT Gu\u00e1rico realizar\u00e1 Asamblea Regional - La Mecha Azul","robots":{"index":"index","follow":"follow","max-snippet":"max-snippet:-1","max-image-preview":"max-image-preview:large","max-video-preview":"max-video-preview:-1"},"canonical":"https:\/\/patriaparatodos.com.ve\/?p=577","og_locale":"es_ES","og_type":"article","og_title":"PPT Gu\u00e1rico realizar\u00e1 Asamblea Regional - La Mecha Azul","og_description":"Prensa PPT. &#8211; En el marco de la refundaci\u00f3n del partido Patria Para Todos (PPT) este viernes 12 de agosto se realizar\u00e1 en la ciudad de Calabozo en el estado Gu\u00e1rico, la Asamblea Regional en la cual se debatir\u00e1n las nuevas estructuras municipales y regionales con el fin de adecuarse al congreso de la nueva [&hellip;]","og_url":"https:\/\/patriaparatodos.com.ve\/?p=577","og_site_name":"La Mecha Azul","article_published_time":"2022-08-12T01:13:46+00:00","article_modified_time":"2023-07-14T01:12:58+00:00","og_image":[{"width":600,"height":386,"url":"https:\/\/patriaparatodos.com.ve\/wp-content\/uploads\/2022\/08\/junta-Ad-Hac.jpg","type":"image\/jpeg"}],"author":"admin","twitter_card":"summary_large_image","twitter_misc":{"Escrito por":"admin","Tiempo de lectura":"1 minuto"},"schema":{"@context":"https:\/\/schema.org","@graph":[{"@type":"Article","@id":"https:\/\/patriaparatodos.com.ve\/?p=577#article","isPartOf":{"@id":"https:\/\/patriaparatodos.com.ve\/?p=577"},"author":{"name":"admin","@id":"https:\/\/patriaparatodos.com.ve\/#\/schema\/person\/5f87d17351c27386e48e4f8927996b15"},"headline":"PPT Gu\u00e1rico realizar\u00e1 Asamblea Regional","datePublished":"2022-08-12T01:13:46+00:00","dateModified":"2023-07-14T01:12:58+00:00","mainEntityOfPage":{"@id":"https:\/\/patriaparatodos.com.ve\/?p=577"},"wordCount":132,"publisher":{"@id":"https:\/\/patriaparatodos.com.ve\/#organization"},"image":{"@id":"https:\/\/patriaparatodos.com.ve\/?p=577#primaryimage"},"thumbnailUrl":"https:\/\/patriaparatodos.com.ve\/wp-content\/uploads\/2022\/08\/junta-Ad-Hac.jpg","articleSection":["Refundaci\u00f3n"],"inLanguage":"es"},{"@type":"WebPage","@id":"https:\/\/patriaparatodos.com.ve\/?p=577","url":"https:\/\/patriaparatodos.com.ve\/?p=577","name":"PPT Gu\u00e1rico realizar\u00e1 Asamblea Regional - La Mecha Azul","isPartOf":{"@id":"https:\/\/patriaparatodos.com.ve\/#website"},"primaryImageOfPage":{"@id":"https:\/\/patriaparatodos.com.ve\/?p=577#primaryimage"},"image":{"@id":"https:\/\/patriaparatodos.com.ve\/?p=577#primaryimage"},"thumbnailUrl":"https:\/\/patriaparatodos.com.ve\/wp-content\/uploads\/2022\/08\/junta-Ad-Hac.jpg","datePublished":"2022-08-12T01:13:46+00:00","dateModified":"2023-07-14T01:12:58+00:00","breadcrumb":{"@id":"https:\/\/patriaparatodos.com.ve\/?p=577#breadcrumb"},"inLanguage":"es","potentialAction":[{"@type":"ReadAction","target":["https:\/\/patriaparatodos.com.ve\/?p=577"]}]},{"@type":"ImageObject","inLanguage":"es","@id":"https:\/\/patriaparatodos.com.ve\/?p=577#primaryimage","url":"https:\/\/patriaparatodos.com.ve\/wp-content\/uploads\/2022\/08\/junta-Ad-Hac.jpg","contentUrl":"https:\/\/patriaparatodos.com.ve\/wp-content\/uploads\/2022\/08\/junta-Ad-Hac.jpg","width":600,"height":386},{"@type":"BreadcrumbList","@id":"https:\/\/patriaparatodos.com.ve\/?p=577#breadcrumb","itemListElement":[{"@type":"ListItem","position":1,"name":"Portada","item":"https:\/\/patriaparatodos.com.ve\/"},{"@type":"ListItem","position":2,"name":"PPT Gu\u00e1rico realizar\u00e1 Asamblea Regional"}]},{"@type":"WebSite","@id":"https:\/\/patriaparatodos.com.ve\/#website","url":"https:\/\/patriaparatodos.com.ve\/","name":"La Mecha Azul","description":"Por la \u00c9tica, Valor de la Palabra","publisher":{"@id":"https:\/\/patriaparatodos.com.ve\/#organization"},"potentialAction":[{"@type":"SearchAction","target":{"@type":"EntryPoint","urlTemplate":"https:\/\/patriaparatodos.com.ve\/?s={search_term_string}"},"query-input":"required name=search_term_string"}],"inLanguage":"es"},{"@type":"Organization","@id":"https:\/\/patriaparatodos.com.ve\/#organization","name":"La Mecha Azul","url":"https:\/\/patriaparatodos.com.ve\/","logo":{"@type":"ImageObject","inLanguage":"es","@id":"https:\/\/patriaparatodos.com.ve\/#\/schema\/logo\/image\/","url":"https:\/\/patriaparatodos.com.ve\/wp-content\/uploads\/2023\/02\/cropped-logo-La-mecha-Azul-n.png","contentUrl":"https:\/\/patriaparatodos.com.ve\/wp-content\/uploads\/2023\/02\/cropped-logo-La-mecha-Azul-n.png","width":5884,"height":3318,"caption":"La Mecha Azul"},"image":{"@id":"https:\/\/patriaparatodos.com.ve\/#\/schema\/logo\/image\/"}},{"@type":"Person","@id":"https:\/\/patriaparatodos.com.ve\/#\/schema\/person\/5f87d17351c27386e48e4f8927996b15","name":"admin","image":{"@type":"ImageObject","inLanguage":"es","@id":"https:\/\/patriaparatodos.com.ve\/#\/schema\/person\/image\/","url":"https:\/\/secure.gravatar.com\/avatar\/a29766c0fc2cc324b9ccbc693fd8f1dab0cb4ddfb34bbebb23c71d73ecfa35b7?s=96&d=mm&r=g","contentUrl":"https:\/\/secure.gravatar.com\/avatar\/a29766c0fc2cc324b9ccbc693fd8f1dab0cb4ddfb34bbebb23c71d73ecfa35b7?s=96&d=mm&r=g","caption":"admin"},"sameAs":["https:\/\/patriaparatodos.com.ve"],"url":"https:\/\/patriaparatodos.com.ve\/?author=1"}]}},"_links":{"self":[{"href":"https:\/\/patriaparatodos.com.ve\/index.php?rest_route=\/wp\/v2\/posts\/577","targetHints":{"allow":["GET"]}}],"collection":[{"href":"https:\/\/patriaparatodos.com.ve\/index.php?rest_route=\/wp\/v2\/posts"}],"about":[{"href":"https:\/\/patriaparatodos.com.ve\/index.php?rest_route=\/wp\/v2\/types\/post"}],"author":[{"embeddable":true,"href":"https:\/\/patriaparatodos.com.ve\/index.php?rest_route=\/wp\/v2\/users\/1"}],"replies":[{"embeddable":true,"href":"https:\/\/patriaparatodos.com.ve\/index.php?rest_route=%2Fwp%2Fv2%2Fcomments&post=577"}],"version-history":[{"count":5,"href":"https:\/\/patriaparatodos.com.ve\/index.php?rest_route=\/wp\/v2\/posts\/577\/revisions"}],"predecessor-version":[{"id":596,"href":"https:\/\/patriaparatodos.com.ve\/index.php?rest_route=\/wp\/v2\/posts\/577\/revisions\/596"}],"wp:featuredmedia":[{"embeddable":true,"href":"https:\/\/patriaparatodos.com.ve\/index.php?rest_route=\/wp\/v2\/media\/575"}],"wp:attachment":[{"href":"https:\/\/patriaparatodos.com.ve\/index.php?rest_route=%2Fwp%2Fv2%2Fmedia&parent=577"}],"wp:term":[{"taxonomy":"category","embeddable":true,"href":"https:\/\/patriaparatodos.com.ve\/index.php?rest_route=%2Fwp%2Fv2%2Fcategories&post=577"},{"taxonomy":"post_tag","embeddable":true,"href":"https:\/\/patriaparatodos.com.ve\/index.php?rest_route=%2Fwp%2Fv2%2Ftags&post=577"}],"curies":[{"name":"wp","href":"https:\/\/api.w.org\/{rel}","templated":true}]}}