{"id":756,"date":"2023-06-18T00:20:35","date_gmt":"2023-06-18T00:20:35","guid":{"rendered":"https:\/\/patriaparatodos.com.ve\/?p=756"},"modified":"2023-07-13T12:43:01","modified_gmt":"2023-07-13T12:43:01","slug":"ilenia-medina-felicita-iniciativa-de-petro-por-cumbre-sobre-venezuela","status":"publish","type":"post","link":"https:\/\/patriaparatodos.com.ve\/?p=756","title":{"rendered":"Ilenia Medina felicita iniciativa de Petro por Cumbre sobre Venezuela"},"content":{"rendered":"<p><strong>***Contra el Bloqueo y la Corrupci\u00f3n, m\u00e1s Control de Gesti\u00f3n. Patria Para Todos se activa con sus Diputados en el Parlamento Nacional para conocer y apoyar sector telecomunicaciones***<\/strong><\/p>\n<p><strong>(Prensa PPT-Caracas, 24 de abril de 2023)<\/strong> Como cada lunes, desde la Oficina Parlamentaria de PPT, se present\u00f3 en Rueda de Prensa un balance de las informaciones m\u00e1s destacadas y las propuestas formuladas por la tolda azul. Su Secretaria General Ilenia Medina inici\u00f3 sus declaraciones recordando lo prioritario de los servicios p\u00fablicos para el partido que dirige, de all\u00ed que han creado un m\u00e9todo para hacerle seguimiento al estatus y la situaci\u00f3n de los servicios p\u00fablicos en el pa\u00eds.<\/p>\n<p><strong>A dos a\u00f1os de la partida de Arist\u00f3bulo Ist\u00fariz<\/strong>.- PPT se suma a los actos conmemorativos por el cambio de paisaje del Negro Arist\u00f3bulo Ist\u00fariz el pr\u00f3ximo 27 de abril, por su papel relevante en el proceso revolucionario y en la militancia de Patria Para Todos, con su presencia en las horas m\u00e1s oscuras que vivi\u00f3 Venezuela en abril de 2002 se hizo relevante con su valent\u00eda y presencia en el Palacio de Miraflores al recuperar el poder leg\u00edtimo dado por el pueblo al Comandante Ch\u00e1vez.<\/p>\n<p><strong>Invitaci\u00f3n al M\/G Jes\u00fas Aldana a la AN<\/strong>.- PPT a trav\u00e9s del Dip. Jos\u00e9 Bracho, miembro de la Comisi\u00f3n Permanente de Administraci\u00f3n y Servicios de la Asamblea Nacional, plantear\u00e1 que sea invitado el Presidente de la Cantv, M\/G Jes\u00fas Aldana, para conocer los avances de la principal empresa prestadora de servicios de telecomunicaciones del pa\u00eds, encargada de garantizar este servicio, conocer las debilidades del sector para acompa\u00f1ar y apoyar en solventar los aspectos negativos que inciden en sus operaciones desde la perspectiva del control de la gesti\u00f3n que es una de las funciones del parlamento nacional.<\/p>\n<p><strong>Cruzada contra la Corrupci\u00f3n<\/strong>.- La Dip. Ilenia Medina consider\u00f3 acertada la decisi\u00f3n del Presidente de la Rep\u00fablica de iniciar las investigaciones y la lucha anticorrupci\u00f3n, la cual denomin\u00f3 Cruzada contra la Corrupci\u00f3n para\u00a0 hacerle frente a quienes pretendieron enriquecerse vali\u00e9ndose de las formas alternativas aplicadas para\u00a0 que la econom\u00eda venezolana se mantuviera en funcionamiento evitando agresiones gringas y europeas derivadas de las Medidas Coercitivas Unilaterales y el bloqueo.<\/p>\n<p>PPT con sus trabajadores en distintos sectores acompa\u00f1\u00f3 las alertas ante hechos irregulares, sin ser amarillistas, procurando la investigaci\u00f3n y soluci\u00f3n de estas situaciones, por eso\u00a0 entendimos a la perfecci\u00f3n el prop\u00f3sito de la Cruzada contra la Corrupci\u00f3n, ahora bien, lamentablemente ha ocurrido un hecho muy doloroso y que genera preocupaci\u00f3n: el fallecimiento de Leoner Azuaje, privado de libertad por hechos de corrupci\u00f3n en Cartones de Venezuela, situaci\u00f3n que pudiera empa\u00f1ar la cruzada y aun cuando ya el Fiscal General de la Rep\u00fablica de forma inmediata pidi\u00f3 su investigaci\u00f3n, los \u00f3rganos de seguridad son los garantes de la protecci\u00f3n de quienes permanecen bajo su resguardo.<\/p>\n<p>Ilenia Medina acot\u00f3 que PPT se hace eco de los planteamientos que han hechos los trabajadores de Cartones de Venezuela, quienes se\u00f1alaron que la administraci\u00f3n de este joven arroj\u00f3 como resultados ser una de las empresas que hab\u00eda producido dividendos para el pa\u00eds, por eso pedimos que se investigue hasta las \u00faltimas consecuencias el deceso de Azuaje. Todo lo que deba ser investigado es necesario hacerlo, hacer justicia con m\u00e1s justicia; por eso alert\u00e1bamos sobre la Ley de Extinci\u00f3n de Dominio, modelo emanado de Naciones Unidas ya aplicado en otros pa\u00edses, pero que debe reflejar los principios constitucionales venezolanos del debido proceso y la presunci\u00f3n de la inocencia.<\/p>\n<p><strong>Visita de Canciller de Rusia<\/strong>.- Sergey Lavrov en su visita a Venezuela,\u00a0 reconoce el papel de Venezuela en la consolidaci\u00f3n de un mundo miltipolar, su lucha contra el hegem\u00f3n impuesto por Estados Unidos y la Uni\u00f3n Europea. La consolidaci\u00f3n de un trabajo conjunto entre ambos pa\u00edses en materia econ\u00f3mica y tecnol\u00f3gica.<\/p>\n<p><strong>Cumbre sobre Venezuela en Bogot\u00e1<\/strong>.- Ilenia Medina se pronunci\u00f3 en torno a la Conferencia Internacional sobre el Proceso Pol\u00edtico en Venezuela, organizada por el Presidente de Colombia Gustavo Petro, que recibir\u00e1 este 25 de abril a diversos gobiernos, destacando a Estados Unidos, Canad\u00e1 y la Uni\u00f3n Europea, quienes son los autores de los ataques contra Venezuela. PPT le da un espaldarazo a esta postura del Presidente Colombiano por su valent\u00eda, reciedumbre y deseos por construir la paz en su pa\u00eds y el nuestro.<\/p>\n<p>Consider\u00f3 que esa cumbre debe abordar dos temas primordialmente: primero, que Estados Unidos levante las sanciones y suspenda la brutal agresi\u00f3n contra Venezuela que se hizo p\u00fablica desde el 9 de marzo de 2015; y segundo, discutir sobre el modelo electoral venezolano, que bien dec\u00eda Jimmy Carter, es el m\u00e1s seguro del mundo, el que garantiza que se respete la voluntad del pueblo: \u00a1mucho tienen que aprender los gringos de la democracia venezolana! Lo interesante de este encuentro es que el Presidente Petro apoye el levantamiento de las sanciones y la agresi\u00f3n contra Venezuela y la regi\u00f3n.<\/p>\n<p>PPT est\u00e1 preparando una carta dirigida al Presidente Colombiano, comunicaci\u00f3n que recoge la expresi\u00f3n de la dirigencia y militancia\u00a0 del partido sobre el trabajo que viene adelantando y para respaldar la paz y el derecho del pueblo latinoamericano a mantener su propio modelo econ\u00f3mico y pol\u00edtico \u00a1\u00c9ste Coronel s\u00ed tiene qui\u00e9n le escriba!<\/p>\n<p><strong>Fundos Zamoranos<\/strong>.- Destac\u00f3 que el s\u00e1bado 22 de abril, Carlos Mart\u00ednez e Ilenia Medina en su condici\u00f3n de Secretario de Organizaci\u00f3n y Secretaria General de PPT, junto al Secretariado Regional del estado Aragua se hicieron presentes en la Asamblea de los Fundos Zamoranos efectuada en el Municipio Revenga de la entidad central, con participaci\u00f3n de delegados de todo el pa\u00eds, quienes debatieron sobre la garant\u00eda de la soberan\u00eda alimentaria que vienen desarrollando ellos en sus predios.<\/p>\n<p>Como peque\u00f1os y medianos productores, hombres y mujeres del campo, PPT suma sus esfuerzos en la lucha que est\u00e1n dando por una Venezuela \u00e9tica, soberana, segura y productiva con el liderazgo de Rosario, \u00c1ngel Gil, Emma Ortega, con destacada participaci\u00f3n dentro de este debate y su liderazgo para defender el proyecto de Bol\u00edvar, Zamora, Alfredo Maneiro y Ch\u00e1vez, recogidas por el Presidente Nicol\u00e1s Maduro a trav\u00e9s de la Gran Misi\u00f3n Agrovenezuela. PPT se plantea un proyecto de Ley para el sector agroalimentario.<\/p>\n<p><strong>Primero de Mayo<\/strong>.- Al cierre de sus declaraciones, Ilenia Medina rese\u00f1\u00f3 que PPT se prepara para celebrar el D\u00eda Internacional de la Trabajadora y el Trabajador, en movilizaci\u00f3n nacional que reivindica a hombres y mujeres que trabajan y luchan por construir una Patria Para Todos.<\/p>\n","protected":false},"excerpt":{"rendered":"<p>***Contra el Bloqueo y la Corrupci\u00f3n, m\u00e1s Control de Gesti\u00f3n. Patria Para Todos se activa con sus Diputados en el Parlamento Nacional para conocer y apoyar sector telecomunicaciones*** (Prensa PPT-Caracas, 24 de abril de 2023) Como cada lunes, desde la Oficina Parlamentaria de PPT, se present\u00f3 en Rueda de Prensa un balance de las informaciones [&hellip;]<\/p>\n","protected":false},"author":1,"featured_media":740,"comment_status":"closed","ping_status":"open","sticky":false,"template":"","format":"standard","meta":{"footnotes":""},"categories":[7],"tags":[],"class_list":["post-756","post","type-post","status-publish","format-standard","has-post-thumbnail","hentry","category-notas-de-prensa"],"yoast_head":"<!-- This site is optimized with the Yoast SEO plugin v23.3 - https:\/\/yoast.com\/wordpress\/plugins\/seo\/ -->\n<title>Ilenia Medina felicita iniciativa de Petro por Cumbre sobre Venezuela - La Mecha Azul<\/title>\n<meta name=\"robots\" content=\"index, follow, max-snippet:-1, max-image-preview:large, max-video-preview:-1\" \/>\n<link rel=\"canonical\" href=\"https:\/\/patriaparatodos.com.ve\/?p=756\" \/>\n<meta property=\"og:locale\" content=\"es_ES\" \/>\n<meta property=\"og:type\" content=\"article\" \/>\n<meta property=\"og:title\" content=\"Ilenia Medina felicita iniciativa de Petro por Cumbre sobre Venezuela - La Mecha Azul\" \/>\n<meta property=\"og:description\" content=\"***Contra el Bloqueo y la Corrupci\u00f3n, m\u00e1s Control de Gesti\u00f3n. Patria Para Todos se activa con sus Diputados en el Parlamento Nacional para conocer y apoyar sector telecomunicaciones*** (Prensa PPT-Caracas, 24 de abril de 2023) Como cada lunes, desde la Oficina Parlamentaria de PPT, se present\u00f3 en Rueda de Prensa un balance de las informaciones [&hellip;]\" \/>\n<meta property=\"og:url\" content=\"https:\/\/patriaparatodos.com.ve\/?p=756\" \/>\n<meta property=\"og:site_name\" content=\"La Mecha Azul\" \/>\n<meta property=\"article:published_time\" content=\"2023-06-18T00:20:35+00:00\" \/>\n<meta property=\"article:modified_time\" content=\"2023-07-13T12:43:01+00:00\" \/>\n<meta property=\"og:image\" content=\"https:\/\/patriaparatodos.com.ve\/wp-content\/uploads\/2023\/06\/3-e1687047625841.jpg\" \/>\n\t<meta property=\"og:image:width\" content=\"992\" \/>\n\t<meta property=\"og:image:height\" content=\"600\" \/>\n\t<meta property=\"og:image:type\" content=\"image\/jpeg\" \/>\n<meta name=\"author\" content=\"admin\" \/>\n<meta name=\"twitter:card\" content=\"summary_large_image\" \/>\n<meta name=\"twitter:label1\" content=\"Escrito por\" \/>\n\t<meta name=\"twitter:data1\" content=\"admin\" \/>\n\t<meta name=\"twitter:label2\" content=\"Tiempo de lectura\" \/>\n\t<meta name=\"twitter:data2\" content=\"6 minutos\" \/>\n<script type=\"application\/ld+json\" class=\"yoast-schema-graph\">{\"@context\":\"https:\/\/schema.org\",\"@graph\":[{\"@type\":\"Article\",\"@id\":\"https:\/\/patriaparatodos.com.ve\/?p=756#article\",\"isPartOf\":{\"@id\":\"https:\/\/patriaparatodos.com.ve\/?p=756\"},\"author\":{\"name\":\"admin\",\"@id\":\"https:\/\/patriaparatodos.com.ve\/#\/schema\/person\/5f87d17351c27386e48e4f8927996b15\"},\"headline\":\"Ilenia Medina felicita iniciativa de Petro por Cumbre sobre Venezuela\",\"datePublished\":\"2023-06-18T00:20:35+00:00\",\"dateModified\":\"2023-07-13T12:43:01+00:00\",\"mainEntityOfPage\":{\"@id\":\"https:\/\/patriaparatodos.com.ve\/?p=756\"},\"wordCount\":1164,\"publisher\":{\"@id\":\"https:\/\/patriaparatodos.com.ve\/#organization\"},\"image\":{\"@id\":\"https:\/\/patriaparatodos.com.ve\/?p=756#primaryimage\"},\"thumbnailUrl\":\"https:\/\/patriaparatodos.com.ve\/wp-content\/uploads\/2023\/06\/3-e1687047625841.jpg\",\"articleSection\":[\"Notas de Prensa\"],\"inLanguage\":\"es\"},{\"@type\":\"WebPage\",\"@id\":\"https:\/\/patriaparatodos.com.ve\/?p=756\",\"url\":\"https:\/\/patriaparatodos.com.ve\/?p=756\",\"name\":\"Ilenia Medina felicita iniciativa de Petro por Cumbre sobre Venezuela - La Mecha Azul\",\"isPartOf\":{\"@id\":\"https:\/\/patriaparatodos.com.ve\/#website\"},\"primaryImageOfPage\":{\"@id\":\"https:\/\/patriaparatodos.com.ve\/?p=756#primaryimage\"},\"image\":{\"@id\":\"https:\/\/patriaparatodos.com.ve\/?p=756#primaryimage\"},\"thumbnailUrl\":\"https:\/\/patriaparatodos.com.ve\/wp-content\/uploads\/2023\/06\/3-e1687047625841.jpg\",\"datePublished\":\"2023-06-18T00:20:35+00:00\",\"dateModified\":\"2023-07-13T12:43:01+00:00\",\"breadcrumb\":{\"@id\":\"https:\/\/patriaparatodos.com.ve\/?p=756#breadcrumb\"},\"inLanguage\":\"es\",\"potentialAction\":[{\"@type\":\"ReadAction\",\"target\":[\"https:\/\/patriaparatodos.com.ve\/?p=756\"]}]},{\"@type\":\"ImageObject\",\"inLanguage\":\"es\",\"@id\":\"https:\/\/patriaparatodos.com.ve\/?p=756#primaryimage\",\"url\":\"https:\/\/patriaparatodos.com.ve\/wp-content\/uploads\/2023\/06\/3-e1687047625841.jpg\",\"contentUrl\":\"https:\/\/patriaparatodos.com.ve\/wp-content\/uploads\/2023\/06\/3-e1687047625841.jpg\",\"width\":992,\"height\":600},{\"@type\":\"BreadcrumbList\",\"@id\":\"https:\/\/patriaparatodos.com.ve\/?p=756#breadcrumb\",\"itemListElement\":[{\"@type\":\"ListItem\",\"position\":1,\"name\":\"Portada\",\"item\":\"https:\/\/patriaparatodos.com.ve\/\"},{\"@type\":\"ListItem\",\"position\":2,\"name\":\"Ilenia Medina felicita iniciativa de Petro por Cumbre sobre Venezuela\"}]},{\"@type\":\"WebSite\",\"@id\":\"https:\/\/patriaparatodos.com.ve\/#website\",\"url\":\"https:\/\/patriaparatodos.com.ve\/\",\"name\":\"La Mecha Azul\",\"description\":\"Por la \u00c9tica, Valor de la Palabra\",\"publisher\":{\"@id\":\"https:\/\/patriaparatodos.com.ve\/#organization\"},\"potentialAction\":[{\"@type\":\"SearchAction\",\"target\":{\"@type\":\"EntryPoint\",\"urlTemplate\":\"https:\/\/patriaparatodos.com.ve\/?s={search_term_string}\"},\"query-input\":\"required name=search_term_string\"}],\"inLanguage\":\"es\"},{\"@type\":\"Organization\",\"@id\":\"https:\/\/patriaparatodos.com.ve\/#organization\",\"name\":\"La Mecha Azul\",\"url\":\"https:\/\/patriaparatodos.com.ve\/\",\"logo\":{\"@type\":\"ImageObject\",\"inLanguage\":\"es\",\"@id\":\"https:\/\/patriaparatodos.com.ve\/#\/schema\/logo\/image\/\",\"url\":\"https:\/\/patriaparatodos.com.ve\/wp-content\/uploads\/2023\/02\/cropped-logo-La-mecha-Azul-n.png\",\"contentUrl\":\"https:\/\/patriaparatodos.com.ve\/wp-content\/uploads\/2023\/02\/cropped-logo-La-mecha-Azul-n.png\",\"width\":5884,\"height\":3318,\"caption\":\"La Mecha Azul\"},\"image\":{\"@id\":\"https:\/\/patriaparatodos.com.ve\/#\/schema\/logo\/image\/\"}},{\"@type\":\"Person\",\"@id\":\"https:\/\/patriaparatodos.com.ve\/#\/schema\/person\/5f87d17351c27386e48e4f8927996b15\",\"name\":\"admin\",\"image\":{\"@type\":\"ImageObject\",\"inLanguage\":\"es\",\"@id\":\"https:\/\/patriaparatodos.com.ve\/#\/schema\/person\/image\/\",\"url\":\"https:\/\/secure.gravatar.com\/avatar\/a29766c0fc2cc324b9ccbc693fd8f1dab0cb4ddfb34bbebb23c71d73ecfa35b7?s=96&d=mm&r=g\",\"contentUrl\":\"https:\/\/secure.gravatar.com\/avatar\/a29766c0fc2cc324b9ccbc693fd8f1dab0cb4ddfb34bbebb23c71d73ecfa35b7?s=96&d=mm&r=g\",\"caption\":\"admin\"},\"sameAs\":[\"https:\/\/patriaparatodos.com.ve\"],\"url\":\"https:\/\/patriaparatodos.com.ve\/?author=1\"}]}<\/script>\n<!-- \/ Yoast SEO plugin. -->","yoast_head_json":{"title":"Ilenia Medina felicita iniciativa de Petro por Cumbre sobre Venezuela - La Mecha Azul","robots":{"index":"index","follow":"follow","max-snippet":"max-snippet:-1","max-image-preview":"max-image-preview:large","max-video-preview":"max-video-preview:-1"},"canonical":"https:\/\/patriaparatodos.com.ve\/?p=756","og_locale":"es_ES","og_type":"article","og_title":"Ilenia Medina felicita iniciativa de Petro por Cumbre sobre Venezuela - La Mecha Azul","og_description":"***Contra el Bloqueo y la Corrupci\u00f3n, m\u00e1s Control de Gesti\u00f3n. Patria Para Todos se activa con sus Diputados en el Parlamento Nacional para conocer y apoyar sector telecomunicaciones*** (Prensa PPT-Caracas, 24 de abril de 2023) Como cada lunes, desde la Oficina Parlamentaria de PPT, se present\u00f3 en Rueda de Prensa un balance de las informaciones [&hellip;]","og_url":"https:\/\/patriaparatodos.com.ve\/?p=756","og_site_name":"La Mecha Azul","article_published_time":"2023-06-18T00:20:35+00:00","article_modified_time":"2023-07-13T12:43:01+00:00","og_image":[{"width":992,"height":600,"url":"https:\/\/patriaparatodos.com.ve\/wp-content\/uploads\/2023\/06\/3-e1687047625841.jpg","type":"image\/jpeg"}],"author":"admin","twitter_card":"summary_large_image","twitter_misc":{"Escrito por":"admin","Tiempo de lectura":"6 minutos"},"schema":{"@context":"https:\/\/schema.org","@graph":[{"@type":"Article","@id":"https:\/\/patriaparatodos.com.ve\/?p=756#article","isPartOf":{"@id":"https:\/\/patriaparatodos.com.ve\/?p=756"},"author":{"name":"admin","@id":"https:\/\/patriaparatodos.com.ve\/#\/schema\/person\/5f87d17351c27386e48e4f8927996b15"},"headline":"Ilenia Medina felicita iniciativa de Petro por Cumbre sobre Venezuela","datePublished":"2023-06-18T00:20:35+00:00","dateModified":"2023-07-13T12:43:01+00:00","mainEntityOfPage":{"@id":"https:\/\/patriaparatodos.com.ve\/?p=756"},"wordCount":1164,"publisher":{"@id":"https:\/\/patriaparatodos.com.ve\/#organization"},"image":{"@id":"https:\/\/patriaparatodos.com.ve\/?p=756#primaryimage"},"thumbnailUrl":"https:\/\/patriaparatodos.com.ve\/wp-content\/uploads\/2023\/06\/3-e1687047625841.jpg","articleSection":["Notas de Prensa"],"inLanguage":"es"},{"@type":"WebPage","@id":"https:\/\/patriaparatodos.com.ve\/?p=756","url":"https:\/\/patriaparatodos.com.ve\/?p=756","name":"Ilenia Medina felicita iniciativa de Petro por Cumbre sobre Venezuela - La Mecha Azul","isPartOf":{"@id":"https:\/\/patriaparatodos.com.ve\/#website"},"primaryImageOfPage":{"@id":"https:\/\/patriaparatodos.com.ve\/?p=756#primaryimage"},"image":{"@id":"https:\/\/patriaparatodos.com.ve\/?p=756#primaryimage"},"thumbnailUrl":"https:\/\/patriaparatodos.com.ve\/wp-content\/uploads\/2023\/06\/3-e1687047625841.jpg","datePublished":"2023-06-18T00:20:35+00:00","dateModified":"2023-07-13T12:43:01+00:00","breadcrumb":{"@id":"https:\/\/patriaparatodos.com.ve\/?p=756#breadcrumb"},"inLanguage":"es","potentialAction":[{"@type":"ReadAction","target":["https:\/\/patriaparatodos.com.ve\/?p=756"]}]},{"@type":"ImageObject","inLanguage":"es","@id":"https:\/\/patriaparatodos.com.ve\/?p=756#primaryimage","url":"https:\/\/patriaparatodos.com.ve\/wp-content\/uploads\/2023\/06\/3-e1687047625841.jpg","contentUrl":"https:\/\/patriaparatodos.com.ve\/wp-content\/uploads\/2023\/06\/3-e1687047625841.jpg","width":992,"height":600},{"@type":"BreadcrumbList","@id":"https:\/\/patriaparatodos.com.ve\/?p=756#breadcrumb","itemListElement":[{"@type":"ListItem","position":1,"name":"Portada","item":"https:\/\/patriaparatodos.com.ve\/"},{"@type":"ListItem","position":2,"name":"Ilenia Medina felicita iniciativa de Petro por Cumbre sobre Venezuela"}]},{"@type":"WebSite","@id":"https:\/\/patriaparatodos.com.ve\/#website","url":"https:\/\/patriaparatodos.com.ve\/","name":"La Mecha Azul","description":"Por la \u00c9tica, Valor de la Palabra","publisher":{"@id":"https:\/\/patriaparatodos.com.ve\/#organization"},"potentialAction":[{"@type":"SearchAction","target":{"@type":"EntryPoint","urlTemplate":"https:\/\/patriaparatodos.com.ve\/?s={search_term_string}"},"query-input":"required name=search_term_string"}],"inLanguage":"es"},{"@type":"Organization","@id":"https:\/\/patriaparatodos.com.ve\/#organization","name":"La Mecha Azul","url":"https:\/\/patriaparatodos.com.ve\/","logo":{"@type":"ImageObject","inLanguage":"es","@id":"https:\/\/patriaparatodos.com.ve\/#\/schema\/logo\/image\/","url":"https:\/\/patriaparatodos.com.ve\/wp-content\/uploads\/2023\/02\/cropped-logo-La-mecha-Azul-n.png","contentUrl":"https:\/\/patriaparatodos.com.ve\/wp-content\/uploads\/2023\/02\/cropped-logo-La-mecha-Azul-n.png","width":5884,"height":3318,"caption":"La Mecha Azul"},"image":{"@id":"https:\/\/patriaparatodos.com.ve\/#\/schema\/logo\/image\/"}},{"@type":"Person","@id":"https:\/\/patriaparatodos.com.ve\/#\/schema\/person\/5f87d17351c27386e48e4f8927996b15","name":"admin","image":{"@type":"ImageObject","inLanguage":"es","@id":"https:\/\/patriaparatodos.com.ve\/#\/schema\/person\/image\/","url":"https:\/\/secure.gravatar.com\/avatar\/a29766c0fc2cc324b9ccbc693fd8f1dab0cb4ddfb34bbebb23c71d73ecfa35b7?s=96&d=mm&r=g","contentUrl":"https:\/\/secure.gravatar.com\/avatar\/a29766c0fc2cc324b9ccbc693fd8f1dab0cb4ddfb34bbebb23c71d73ecfa35b7?s=96&d=mm&r=g","caption":"admin"},"sameAs":["https:\/\/patriaparatodos.com.ve"],"url":"https:\/\/patriaparatodos.com.ve\/?author=1"}]}},"_links":{"self":[{"href":"https:\/\/patriaparatodos.com.ve\/index.php?rest_route=\/wp\/v2\/posts\/756","targetHints":{"allow":["GET"]}}],"collection":[{"href":"https:\/\/patriaparatodos.com.ve\/index.php?rest_route=\/wp\/v2\/posts"}],"about":[{"href":"https:\/\/patriaparatodos.com.ve\/index.php?rest_route=\/wp\/v2\/types\/post"}],"author":[{"embeddable":true,"href":"https:\/\/patriaparatodos.com.ve\/index.php?rest_route=\/wp\/v2\/users\/1"}],"replies":[{"embeddable":true,"href":"https:\/\/patriaparatodos.com.ve\/index.php?rest_route=%2Fwp%2Fv2%2Fcomments&post=756"}],"version-history":[{"count":1,"href":"https:\/\/patriaparatodos.com.ve\/index.php?rest_route=\/wp\/v2\/posts\/756\/revisions"}],"predecessor-version":[{"id":758,"href":"https:\/\/patriaparatodos.com.ve\/index.php?rest_route=\/wp\/v2\/posts\/756\/revisions\/758"}],"wp:featuredmedia":[{"embeddable":true,"href":"https:\/\/patriaparatodos.com.ve\/index.php?rest_route=\/wp\/v2\/media\/740"}],"wp:attachment":[{"href":"https:\/\/patriaparatodos.com.ve\/index.php?rest_route=%2Fwp%2Fv2%2Fmedia&parent=756"}],"wp:term":[{"taxonomy":"category","embeddable":true,"href":"https:\/\/patriaparatodos.com.ve\/index.php?rest_route=%2Fwp%2Fv2%2Fcategories&post=756"},{"taxonomy":"post_tag","embeddable":true,"href":"https:\/\/patriaparatodos.com.ve\/index.php?rest_route=%2Fwp%2Fv2%2Ftags&post=756"}],"curies":[{"name":"wp","href":"https:\/\/api.w.org\/{rel}","templated":true}]}}