{"id":759,"date":"2023-06-18T00:22:17","date_gmt":"2023-06-18T00:22:17","guid":{"rendered":"https:\/\/patriaparatodos.com.ve\/?p=759"},"modified":"2023-07-13T12:42:53","modified_gmt":"2023-07-13T12:42:53","slug":"ilenia-medina-ppt-exige-garantias-electorales-para-comunidad-ucevista-y-celebra-renuncia-de-la-rectora-cecilia-garcia-arocha","status":"publish","type":"post","link":"https:\/\/patriaparatodos.com.ve\/?p=759","title":{"rendered":"Ilenia Medina: PPT exige garant\u00edas electorales para comunidad ucevista y celebra renuncia de la Rectora Cecilia Garc\u00eda-Arocha"},"content":{"rendered":"<p><strong>(Prensa PPT-Caracas, 29 de mayo de 2023)<\/strong> En la conmemoraci\u00f3n del D\u00eda del Adulto Mayor, la Diputada Ilenia Medina felicit\u00f3 a este colectivo que se constituye en la memoria viva de nuestro pa\u00eds, los primeros que salen a defender la Revoluci\u00f3n Bolivariana y los m\u00e1s fieles a las causas justas. Igualmente se refiri\u00f3 a la \u00e9tica en la pol\u00edtica, en particular referido a la libertad de expresi\u00f3n y la responsabilidad ulterior que emana del ejercicio de este derecho.<\/p>\n<p>Se\u00f1al\u00f3 que ella y el Diputado Lu\u00eds Blanca fueron atacados mediante una cuenta Twitter, donde se les pretende relacionar con supuestos hechos irregulares, invit\u00e1ndose a quien redact\u00f3 el mensaje a que presente las pruebas de lo que indica en los correspondientes \u00f3rganos jurisdiccionales, \u201cporque la dignidad y la honra de las personas no puede ser mancillada, dado que si bien los pol\u00edticos en toda democracia son sujetos de se\u00f1alamientos, lo que no puede ocurrir es la alevos\u00eda, la descalificaci\u00f3n sin fundamentos, y aqu\u00ed se cometieron todos los delitos contra la dignidad y la honradez, adem\u00e1s de misoginia y odio\u201d, se\u00f1al\u00f3 Medina.<\/p>\n<p>La \u00e9tica ha sido una bandera del partido desde sus or\u00edgenes, inclusive est\u00e1 presente en el lema de su \u00f3rgano divulgativo, La Mecha Azul: por la \u00e9tica y el valor de la palabra; porque adem\u00e1s del orden individual, este tipo de conductas le hacen un da\u00f1o enorme a la convivencia social, ante las redes antes la gente no se permitir\u00eda adjetivarse sin pruebas, por eso sostendremos una reuni\u00f3n con funcionarios del Ministerio P\u00fablico para iniciar una investigaci\u00f3n; si este personaje no presenta pruebas, se solicitar\u00e1 la apertura del correspondiente expediente, \u00a1si viven fuera del pa\u00eds alg\u00fan d\u00eda volver\u00e1, adem\u00e1s tendr\u00e1 que recurrir a las Embajadas y Consulados en alg\u00fan momento para renovar sus documentos de identidad!<\/p>\n<p>Cada uno debe ser cuidadoso de lo que se\u00f1ala y PPT no lo dice ahora, siempre lo ha se\u00f1alado, \u00a1cuando hacemos acusaciones o pedimos investigaciones no lo hacemos jam\u00e1s personalizando los se\u00f1alamientos! Porque a quien le corresponde verificar si esas acusaciones son ciertas es al Ministerio P\u00fablico, por eso consideramos que debemos volver a alzar las banderas de la \u00e9tica.<\/p>\n<p>\u201cEl segundo tema tiene que ver con los resultados bochornosos de las elecciones en la Universidad Central de Venezuela\u201d, manifest\u00f3 Medina, \u201cel \u00fanico hecho positivo de esto es que la se\u00f1ora Garc\u00eda-Arocha renunci\u00f3 en vivo y en directo, todos lo recogieron, o sea que tiene apenas un mes por delante para recoger sus barcos y para poner en orden su administraci\u00f3n, su gesti\u00f3n, como todo aquel que va a salir, que organiza y entrega. Celebramos que ella haya dicho \u2018nadie me est\u00e1 obligando, yo me voy\u2019, es decir, desde ese momento corre el tiempo para que salga de la universidad voluntariamente y eso es positivo, porque nadie la oblig\u00f3.\u201d<\/p>\n<p>Igualmente consider\u00f3 que el proceso electoral debe ser revisado exhaustivamente, llam\u00e1ndole la atenci\u00f3n que un miembro de esa Comisi\u00f3n Electoral que hab\u00eda renunciado dos a\u00f1os antes por los hechos irregulares (Miguel Grillo), inform\u00f3, identific\u00f3 y se\u00f1al\u00f3 cu\u00e1les eran las graves irregularidades que se hab\u00edan cometido en este proceso electoral y seguramente en el anterior, pero de cualquier manera hizo referencia a este proceso electoral, esperamos que haga lo que corresponde que en este caso es acudir al Ministerio P\u00fablico.<\/p>\n<p>La Comisi\u00f3n Electoral deber\u00eda informar y adecuar sus conductas a las garant\u00edas que deben otorgarle a la comunidad universitaria que asisti\u00f3 masivamente a lo que hubiera podido ser una fiesta pero se convirti\u00f3 en un fraude. Estuvimos all\u00ed desde temprano y nos sorprendi\u00f3 los niveles de indignaci\u00f3n por la burla, porque fuimos a sacar a la UCV de las sombras, pero eso no ocurri\u00f3. Entendemos que \u201csi se corrobora lo que denuncia el Profesor Grillo, algo m\u00e1s debe ocurrir con esa Comisi\u00f3n, porque est\u00e1n violando los derechos electorales que tenemos los miembros de la comunidad ucevista. Me parece importante la renuncia que hizo la Rectora, abiertamente, s\u00fabitamente, voluntaria y sin presi\u00f3n, ella misma lo se\u00f1al\u00f3; tambi\u00e9n que el tiempo para hacer las elecciones debe ser una vez que se haga transparente lo que ocurri\u00f3, crear un mecanismo m\u00e1s seguro y m\u00e1s confiable.\u201d<\/p>\n<p>\u201cNosotros ya sab\u00edamos que muchos de los estudiantes, inclusive egresados, no pod\u00edan votar en los lugares donde estudiaron, o sea que los de Lara no pod\u00edan votar en Lara sino que deb\u00edan trasladarse y aun as\u00ed lo aceptaron, eso es una violaci\u00f3n del debido proceso, del derecho y entonces sorprende que un factor pol\u00edtico que tantas garant\u00edas exige al CNE, no sea capaz de organizar un proceso electoral que el universo electoral es aproximadamente 180 mil electores. Debo decir que en las elecciones pasadas yo no pude votar porque me hab\u00edan desaparecido de la n\u00f3mina de estudiantes y egresados: yo denunci\u00e9 a los medios de comunicaci\u00f3n y ahora estoy incluida en la n\u00f3mina\u201d, indic\u00f3 Medina.<\/p>\n<p>\u201cHablando del compromiso de la comunidad universitaria con la UCV, los trabajadores de las empresas p\u00fablicas del Estado est\u00e1n mostrando su disposici\u00f3n a defender las empresas, a que el esfuerzo de todos de verdad no sea para unos poquitos que desfalcaron al pa\u00eds y ayudar al Presidente de la Rep\u00fablica en esa campa\u00f1a contra la corrupci\u00f3n. El presidente es una sola persona, pero la idea es que los trabajadores que est\u00e1n en el lugar hagan posible una Constituyente.\u201d<\/p>\n<p>En esta ocasi\u00f3n present\u00f3 el segundo documento destinado a la Constituyente que se est\u00e1 promoviendo para la CVG, tambi\u00e9n los trabajadores de PDVSA est\u00e1n preparando su propio manifiesto vinculado al partido y a otros movimientos, de manera de ayudar en este esfuerzo enorme que est\u00e1 haciendo el Presidente, porque ven que adem\u00e1s de las decisiones que se han adoptado, el avance es sumamente lento tanto en PDVSA como en la CVG: \u201chay preguntas que se hacen los trabajadores sobre lo que sigue ocurriendo en algunas empresas de la CVG y en algunas filiales de PDVSA, que en su momento ellos lo van a decir, porque para eso se est\u00e1 creando la Comisi\u00f3n Promotora Nacional que va a representar a todas aquellas empresas que pretendan sumarse a este esfuerzo colectivo para defender la Rep\u00fablica, defender el esfuerzo del Presidente Nicol\u00e1s Maduro Moros y defender a los trabajadores como sujeto hist\u00f3rico.\u201d<\/p>\n<p>Tambi\u00e9n manifest\u00f3 su benepl\u00e1cito por la visita del Presidente Nicol\u00e1s Maduro Moros a la ciudad de Brasilia, que implica su participaci\u00f3n en el relanzamiento de UNASUR y una reuni\u00f3n bilateral muy estrecha con el Presidente Lula. \u201cNada que se pueda hacerse en Am\u00e9rica Latina es posible sin M\u00e9xico, sin Venezuela, sin Brasil, sin Argentina. Evidentemente es UNASUR en este caso. Y hay un retiro, nosotros dir\u00edamos encerrona, donde est\u00e1n s\u00f3lo los Jefes de Estado hablando de la situaci\u00f3n nacional, regional e internacional, una iniciativa de Lula que ya ha recorrido el mundo, se ha reunido con la Uni\u00f3n Europea, Rusia, China y sabe por qu\u00e9 rumbo vamos\u201d, manifest\u00f3 Ilenia Medina.<\/p>\n<p>Manifest\u00f3 conformidad con el planteamiento sobre los di\u00e1logos de M\u00e9xico del Presidente de la Rep\u00fablica y el Presidente de la Asamblea Nacional: \u00a1si no nos entregan el dinero no hay di\u00e1logo!, \u00a1si no liberan a Alex Saab no hay nada que conversar!, \u00a1si no levantan las Medidas Coercitivas Unilaterales criminales no hay anda para qu\u00e9 reunirse! \u201cEn el planteamiento que hac\u00edamos esta ma\u00f1ana dec\u00edamos que la Junta Directiva de la UCV se parece mucho al gobierno de Estados Unidos y la Uni\u00f3n Europea, que parecen momias ambulantes que se est\u00e1n enredando en sus vendas llenas de sangre y cr\u00edmenes, as\u00ed como est\u00e1 la se\u00f1ora enredada en su trampa, est\u00e1 Biden que se est\u00e1 quedando sin energ\u00eda, sin municiones, se est\u00e1 quedando sin nada y Am\u00e9rica Latina se est\u00e1 levantando.\u201d<\/p>\n<p>Finalmente le escuchamos algo medianamente importante al Secretario General de Naciones Unidas cuando se\u00f1ala que se elimine, que se modifique el sistema Breton Woods, que est\u00e1 vinculado a c\u00f3mo mediatizar las relaciones de soberan\u00eda de los pa\u00edses del sur con el sistema financiero internacional, ll\u00e1mese Fondo Monetario Internacional, el Banco Mundial, \u201clas agencias calificadoras de riesgo que no existen pero son los primeros hampones de los recursos financieros de los pa\u00edses, y evidentemente las cosas est\u00e1n cambiando, por eso la importancia de esa Constituyente de los Trabajadores, que vamos a estar en pie de lucha para defender la soberan\u00eda productiva de Venezuela, la transparencia en la gesti\u00f3n p\u00fablica y los derechos leg\u00edtimos de los Trabajadores.\u201d<\/p>\n","protected":false},"excerpt":{"rendered":"<p>(Prensa PPT-Caracas, 29 de mayo de 2023) En la conmemoraci\u00f3n del D\u00eda del Adulto Mayor, la Diputada Ilenia Medina felicit\u00f3 a este colectivo que se constituye en la memoria viva de nuestro pa\u00eds, los primeros que salen a defender la Revoluci\u00f3n Bolivariana y los m\u00e1s fieles a las causas justas. Igualmente se refiri\u00f3 a la [&hellip;]<\/p>\n","protected":false},"author":1,"featured_media":741,"comment_status":"closed","ping_status":"open","sticky":false,"template":"","format":"standard","meta":{"footnotes":""},"categories":[7],"tags":[],"class_list":["post-759","post","type-post","status-publish","format-standard","has-post-thumbnail","hentry","category-notas-de-prensa"],"yoast_head":"<!-- This site is optimized with the Yoast SEO plugin v23.3 - https:\/\/yoast.com\/wordpress\/plugins\/seo\/ -->\n<title>Ilenia Medina: PPT exige garant\u00edas electorales para comunidad ucevista y celebra renuncia de la Rectora Cecilia Garc\u00eda-Arocha - La Mecha Azul<\/title>\n<meta name=\"robots\" content=\"index, follow, max-snippet:-1, max-image-preview:large, max-video-preview:-1\" \/>\n<link rel=\"canonical\" href=\"https:\/\/patriaparatodos.com.ve\/?p=759\" \/>\n<meta property=\"og:locale\" content=\"es_ES\" \/>\n<meta property=\"og:type\" content=\"article\" \/>\n<meta property=\"og:title\" content=\"Ilenia Medina: PPT exige garant\u00edas electorales para comunidad ucevista y celebra renuncia de la Rectora Cecilia Garc\u00eda-Arocha - La Mecha Azul\" \/>\n<meta property=\"og:description\" content=\"(Prensa PPT-Caracas, 29 de mayo de 2023) En la conmemoraci\u00f3n del D\u00eda del Adulto Mayor, la Diputada Ilenia Medina felicit\u00f3 a este colectivo que se constituye en la memoria viva de nuestro pa\u00eds, los primeros que salen a defender la Revoluci\u00f3n Bolivariana y los m\u00e1s fieles a las causas justas. Igualmente se refiri\u00f3 a la [&hellip;]\" \/>\n<meta property=\"og:url\" content=\"https:\/\/patriaparatodos.com.ve\/?p=759\" \/>\n<meta property=\"og:site_name\" content=\"La Mecha Azul\" \/>\n<meta property=\"article:published_time\" content=\"2023-06-18T00:22:17+00:00\" \/>\n<meta property=\"article:modified_time\" content=\"2023-07-13T12:42:53+00:00\" \/>\n<meta property=\"og:image\" content=\"https:\/\/patriaparatodos.com.ve\/wp-content\/uploads\/2023\/06\/4.jpg\" \/>\n\t<meta property=\"og:image:width\" content=\"800\" \/>\n\t<meta property=\"og:image:height\" content=\"454\" \/>\n\t<meta property=\"og:image:type\" content=\"image\/jpeg\" \/>\n<meta name=\"author\" content=\"admin\" \/>\n<meta name=\"twitter:card\" content=\"summary_large_image\" \/>\n<meta name=\"twitter:label1\" content=\"Escrito por\" \/>\n\t<meta name=\"twitter:data1\" content=\"admin\" \/>\n\t<meta name=\"twitter:label2\" content=\"Tiempo de lectura\" \/>\n\t<meta name=\"twitter:data2\" content=\"8 minutos\" \/>\n<script type=\"application\/ld+json\" class=\"yoast-schema-graph\">{\"@context\":\"https:\/\/schema.org\",\"@graph\":[{\"@type\":\"Article\",\"@id\":\"https:\/\/patriaparatodos.com.ve\/?p=759#article\",\"isPartOf\":{\"@id\":\"https:\/\/patriaparatodos.com.ve\/?p=759\"},\"author\":{\"name\":\"admin\",\"@id\":\"https:\/\/patriaparatodos.com.ve\/#\/schema\/person\/5f87d17351c27386e48e4f8927996b15\"},\"headline\":\"Ilenia Medina: PPT exige garant\u00edas electorales para comunidad ucevista y celebra renuncia de la Rectora Cecilia Garc\u00eda-Arocha\",\"datePublished\":\"2023-06-18T00:22:17+00:00\",\"dateModified\":\"2023-07-13T12:42:53+00:00\",\"mainEntityOfPage\":{\"@id\":\"https:\/\/patriaparatodos.com.ve\/?p=759\"},\"wordCount\":1519,\"publisher\":{\"@id\":\"https:\/\/patriaparatodos.com.ve\/#organization\"},\"image\":{\"@id\":\"https:\/\/patriaparatodos.com.ve\/?p=759#primaryimage\"},\"thumbnailUrl\":\"https:\/\/patriaparatodos.com.ve\/wp-content\/uploads\/2023\/06\/4.jpg\",\"articleSection\":[\"Notas de Prensa\"],\"inLanguage\":\"es\"},{\"@type\":\"WebPage\",\"@id\":\"https:\/\/patriaparatodos.com.ve\/?p=759\",\"url\":\"https:\/\/patriaparatodos.com.ve\/?p=759\",\"name\":\"Ilenia Medina: PPT exige garant\u00edas electorales para comunidad ucevista y celebra renuncia de la Rectora Cecilia Garc\u00eda-Arocha - La Mecha Azul\",\"isPartOf\":{\"@id\":\"https:\/\/patriaparatodos.com.ve\/#website\"},\"primaryImageOfPage\":{\"@id\":\"https:\/\/patriaparatodos.com.ve\/?p=759#primaryimage\"},\"image\":{\"@id\":\"https:\/\/patriaparatodos.com.ve\/?p=759#primaryimage\"},\"thumbnailUrl\":\"https:\/\/patriaparatodos.com.ve\/wp-content\/uploads\/2023\/06\/4.jpg\",\"datePublished\":\"2023-06-18T00:22:17+00:00\",\"dateModified\":\"2023-07-13T12:42:53+00:00\",\"breadcrumb\":{\"@id\":\"https:\/\/patriaparatodos.com.ve\/?p=759#breadcrumb\"},\"inLanguage\":\"es\",\"potentialAction\":[{\"@type\":\"ReadAction\",\"target\":[\"https:\/\/patriaparatodos.com.ve\/?p=759\"]}]},{\"@type\":\"ImageObject\",\"inLanguage\":\"es\",\"@id\":\"https:\/\/patriaparatodos.com.ve\/?p=759#primaryimage\",\"url\":\"https:\/\/patriaparatodos.com.ve\/wp-content\/uploads\/2023\/06\/4.jpg\",\"contentUrl\":\"https:\/\/patriaparatodos.com.ve\/wp-content\/uploads\/2023\/06\/4.jpg\",\"width\":800,\"height\":454},{\"@type\":\"BreadcrumbList\",\"@id\":\"https:\/\/patriaparatodos.com.ve\/?p=759#breadcrumb\",\"itemListElement\":[{\"@type\":\"ListItem\",\"position\":1,\"name\":\"Portada\",\"item\":\"https:\/\/patriaparatodos.com.ve\/\"},{\"@type\":\"ListItem\",\"position\":2,\"name\":\"Ilenia Medina: PPT exige garant\u00edas electorales para comunidad ucevista y celebra renuncia de la Rectora Cecilia Garc\u00eda-Arocha\"}]},{\"@type\":\"WebSite\",\"@id\":\"https:\/\/patriaparatodos.com.ve\/#website\",\"url\":\"https:\/\/patriaparatodos.com.ve\/\",\"name\":\"La Mecha Azul\",\"description\":\"Por la \u00c9tica, Valor de la Palabra\",\"publisher\":{\"@id\":\"https:\/\/patriaparatodos.com.ve\/#organization\"},\"potentialAction\":[{\"@type\":\"SearchAction\",\"target\":{\"@type\":\"EntryPoint\",\"urlTemplate\":\"https:\/\/patriaparatodos.com.ve\/?s={search_term_string}\"},\"query-input\":\"required name=search_term_string\"}],\"inLanguage\":\"es\"},{\"@type\":\"Organization\",\"@id\":\"https:\/\/patriaparatodos.com.ve\/#organization\",\"name\":\"La Mecha Azul\",\"url\":\"https:\/\/patriaparatodos.com.ve\/\",\"logo\":{\"@type\":\"ImageObject\",\"inLanguage\":\"es\",\"@id\":\"https:\/\/patriaparatodos.com.ve\/#\/schema\/logo\/image\/\",\"url\":\"https:\/\/patriaparatodos.com.ve\/wp-content\/uploads\/2023\/02\/cropped-logo-La-mecha-Azul-n.png\",\"contentUrl\":\"https:\/\/patriaparatodos.com.ve\/wp-content\/uploads\/2023\/02\/cropped-logo-La-mecha-Azul-n.png\",\"width\":5884,\"height\":3318,\"caption\":\"La Mecha Azul\"},\"image\":{\"@id\":\"https:\/\/patriaparatodos.com.ve\/#\/schema\/logo\/image\/\"}},{\"@type\":\"Person\",\"@id\":\"https:\/\/patriaparatodos.com.ve\/#\/schema\/person\/5f87d17351c27386e48e4f8927996b15\",\"name\":\"admin\",\"image\":{\"@type\":\"ImageObject\",\"inLanguage\":\"es\",\"@id\":\"https:\/\/patriaparatodos.com.ve\/#\/schema\/person\/image\/\",\"url\":\"https:\/\/secure.gravatar.com\/avatar\/a29766c0fc2cc324b9ccbc693fd8f1dab0cb4ddfb34bbebb23c71d73ecfa35b7?s=96&d=mm&r=g\",\"contentUrl\":\"https:\/\/secure.gravatar.com\/avatar\/a29766c0fc2cc324b9ccbc693fd8f1dab0cb4ddfb34bbebb23c71d73ecfa35b7?s=96&d=mm&r=g\",\"caption\":\"admin\"},\"sameAs\":[\"https:\/\/patriaparatodos.com.ve\"],\"url\":\"https:\/\/patriaparatodos.com.ve\/?author=1\"}]}<\/script>\n<!-- \/ Yoast SEO plugin. -->","yoast_head_json":{"title":"Ilenia Medina: PPT exige garant\u00edas electorales para comunidad ucevista y celebra renuncia de la Rectora Cecilia Garc\u00eda-Arocha - La Mecha Azul","robots":{"index":"index","follow":"follow","max-snippet":"max-snippet:-1","max-image-preview":"max-image-preview:large","max-video-preview":"max-video-preview:-1"},"canonical":"https:\/\/patriaparatodos.com.ve\/?p=759","og_locale":"es_ES","og_type":"article","og_title":"Ilenia Medina: PPT exige garant\u00edas electorales para comunidad ucevista y celebra renuncia de la Rectora Cecilia Garc\u00eda-Arocha - La Mecha Azul","og_description":"(Prensa PPT-Caracas, 29 de mayo de 2023) En la conmemoraci\u00f3n del D\u00eda del Adulto Mayor, la Diputada Ilenia Medina felicit\u00f3 a este colectivo que se constituye en la memoria viva de nuestro pa\u00eds, los primeros que salen a defender la Revoluci\u00f3n Bolivariana y los m\u00e1s fieles a las causas justas. Igualmente se refiri\u00f3 a la [&hellip;]","og_url":"https:\/\/patriaparatodos.com.ve\/?p=759","og_site_name":"La Mecha Azul","article_published_time":"2023-06-18T00:22:17+00:00","article_modified_time":"2023-07-13T12:42:53+00:00","og_image":[{"width":800,"height":454,"url":"https:\/\/patriaparatodos.com.ve\/wp-content\/uploads\/2023\/06\/4.jpg","type":"image\/jpeg"}],"author":"admin","twitter_card":"summary_large_image","twitter_misc":{"Escrito por":"admin","Tiempo de lectura":"8 minutos"},"schema":{"@context":"https:\/\/schema.org","@graph":[{"@type":"Article","@id":"https:\/\/patriaparatodos.com.ve\/?p=759#article","isPartOf":{"@id":"https:\/\/patriaparatodos.com.ve\/?p=759"},"author":{"name":"admin","@id":"https:\/\/patriaparatodos.com.ve\/#\/schema\/person\/5f87d17351c27386e48e4f8927996b15"},"headline":"Ilenia Medina: PPT exige garant\u00edas electorales para comunidad ucevista y celebra renuncia de la Rectora Cecilia Garc\u00eda-Arocha","datePublished":"2023-06-18T00:22:17+00:00","dateModified":"2023-07-13T12:42:53+00:00","mainEntityOfPage":{"@id":"https:\/\/patriaparatodos.com.ve\/?p=759"},"wordCount":1519,"publisher":{"@id":"https:\/\/patriaparatodos.com.ve\/#organization"},"image":{"@id":"https:\/\/patriaparatodos.com.ve\/?p=759#primaryimage"},"thumbnailUrl":"https:\/\/patriaparatodos.com.ve\/wp-content\/uploads\/2023\/06\/4.jpg","articleSection":["Notas de Prensa"],"inLanguage":"es"},{"@type":"WebPage","@id":"https:\/\/patriaparatodos.com.ve\/?p=759","url":"https:\/\/patriaparatodos.com.ve\/?p=759","name":"Ilenia Medina: PPT exige garant\u00edas electorales para comunidad ucevista y celebra renuncia de la Rectora Cecilia Garc\u00eda-Arocha - La Mecha Azul","isPartOf":{"@id":"https:\/\/patriaparatodos.com.ve\/#website"},"primaryImageOfPage":{"@id":"https:\/\/patriaparatodos.com.ve\/?p=759#primaryimage"},"image":{"@id":"https:\/\/patriaparatodos.com.ve\/?p=759#primaryimage"},"thumbnailUrl":"https:\/\/patriaparatodos.com.ve\/wp-content\/uploads\/2023\/06\/4.jpg","datePublished":"2023-06-18T00:22:17+00:00","dateModified":"2023-07-13T12:42:53+00:00","breadcrumb":{"@id":"https:\/\/patriaparatodos.com.ve\/?p=759#breadcrumb"},"inLanguage":"es","potentialAction":[{"@type":"ReadAction","target":["https:\/\/patriaparatodos.com.ve\/?p=759"]}]},{"@type":"ImageObject","inLanguage":"es","@id":"https:\/\/patriaparatodos.com.ve\/?p=759#primaryimage","url":"https:\/\/patriaparatodos.com.ve\/wp-content\/uploads\/2023\/06\/4.jpg","contentUrl":"https:\/\/patriaparatodos.com.ve\/wp-content\/uploads\/2023\/06\/4.jpg","width":800,"height":454},{"@type":"BreadcrumbList","@id":"https:\/\/patriaparatodos.com.ve\/?p=759#breadcrumb","itemListElement":[{"@type":"ListItem","position":1,"name":"Portada","item":"https:\/\/patriaparatodos.com.ve\/"},{"@type":"ListItem","position":2,"name":"Ilenia Medina: PPT exige garant\u00edas electorales para comunidad ucevista y celebra renuncia de la Rectora Cecilia Garc\u00eda-Arocha"}]},{"@type":"WebSite","@id":"https:\/\/patriaparatodos.com.ve\/#website","url":"https:\/\/patriaparatodos.com.ve\/","name":"La Mecha Azul","description":"Por la \u00c9tica, Valor de la Palabra","publisher":{"@id":"https:\/\/patriaparatodos.com.ve\/#organization"},"potentialAction":[{"@type":"SearchAction","target":{"@type":"EntryPoint","urlTemplate":"https:\/\/patriaparatodos.com.ve\/?s={search_term_string}"},"query-input":"required name=search_term_string"}],"inLanguage":"es"},{"@type":"Organization","@id":"https:\/\/patriaparatodos.com.ve\/#organization","name":"La Mecha Azul","url":"https:\/\/patriaparatodos.com.ve\/","logo":{"@type":"ImageObject","inLanguage":"es","@id":"https:\/\/patriaparatodos.com.ve\/#\/schema\/logo\/image\/","url":"https:\/\/patriaparatodos.com.ve\/wp-content\/uploads\/2023\/02\/cropped-logo-La-mecha-Azul-n.png","contentUrl":"https:\/\/patriaparatodos.com.ve\/wp-content\/uploads\/2023\/02\/cropped-logo-La-mecha-Azul-n.png","width":5884,"height":3318,"caption":"La Mecha Azul"},"image":{"@id":"https:\/\/patriaparatodos.com.ve\/#\/schema\/logo\/image\/"}},{"@type":"Person","@id":"https:\/\/patriaparatodos.com.ve\/#\/schema\/person\/5f87d17351c27386e48e4f8927996b15","name":"admin","image":{"@type":"ImageObject","inLanguage":"es","@id":"https:\/\/patriaparatodos.com.ve\/#\/schema\/person\/image\/","url":"https:\/\/secure.gravatar.com\/avatar\/a29766c0fc2cc324b9ccbc693fd8f1dab0cb4ddfb34bbebb23c71d73ecfa35b7?s=96&d=mm&r=g","contentUrl":"https:\/\/secure.gravatar.com\/avatar\/a29766c0fc2cc324b9ccbc693fd8f1dab0cb4ddfb34bbebb23c71d73ecfa35b7?s=96&d=mm&r=g","caption":"admin"},"sameAs":["https:\/\/patriaparatodos.com.ve"],"url":"https:\/\/patriaparatodos.com.ve\/?author=1"}]}},"_links":{"self":[{"href":"https:\/\/patriaparatodos.com.ve\/index.php?rest_route=\/wp\/v2\/posts\/759","targetHints":{"allow":["GET"]}}],"collection":[{"href":"https:\/\/patriaparatodos.com.ve\/index.php?rest_route=\/wp\/v2\/posts"}],"about":[{"href":"https:\/\/patriaparatodos.com.ve\/index.php?rest_route=\/wp\/v2\/types\/post"}],"author":[{"embeddable":true,"href":"https:\/\/patriaparatodos.com.ve\/index.php?rest_route=\/wp\/v2\/users\/1"}],"replies":[{"embeddable":true,"href":"https:\/\/patriaparatodos.com.ve\/index.php?rest_route=%2Fwp%2Fv2%2Fcomments&post=759"}],"version-history":[{"count":1,"href":"https:\/\/patriaparatodos.com.ve\/index.php?rest_route=\/wp\/v2\/posts\/759\/revisions"}],"predecessor-version":[{"id":761,"href":"https:\/\/patriaparatodos.com.ve\/index.php?rest_route=\/wp\/v2\/posts\/759\/revisions\/761"}],"wp:featuredmedia":[{"embeddable":true,"href":"https:\/\/patriaparatodos.com.ve\/index.php?rest_route=\/wp\/v2\/media\/741"}],"wp:attachment":[{"href":"https:\/\/patriaparatodos.com.ve\/index.php?rest_route=%2Fwp%2Fv2%2Fmedia&parent=759"}],"wp:term":[{"taxonomy":"category","embeddable":true,"href":"https:\/\/patriaparatodos.com.ve\/index.php?rest_route=%2Fwp%2Fv2%2Fcategories&post=759"},{"taxonomy":"post_tag","embeddable":true,"href":"https:\/\/patriaparatodos.com.ve\/index.php?rest_route=%2Fwp%2Fv2%2Ftags&post=759"}],"curies":[{"name":"wp","href":"https:\/\/api.w.org\/{rel}","templated":true}]}}