{"id":762,"date":"2023-06-18T00:23:37","date_gmt":"2023-06-18T00:23:37","guid":{"rendered":"https:\/\/patriaparatodos.com.ve\/?p=762"},"modified":"2023-07-13T12:42:43","modified_gmt":"2023-07-13T12:42:43","slug":"ilenia-medina-ppt-apoya-diplomacia-bolivariana-de-paz-del-presidente-maduro","status":"publish","type":"post","link":"https:\/\/patriaparatodos.com.ve\/?p=762","title":{"rendered":"Ilenia Medina: PPT apoya  Diplomacia Bolivariana de Paz del Presidente Maduro"},"content":{"rendered":"<p><strong>(Prensa PPT-Caracas, 5 de junio de 2023)<\/strong> Una vez finalizada la deliberaci\u00f3n con los equipos regionales que PPT desarrolla cada semana previo a la declaraci\u00f3n a los medios de comunicaci\u00f3n, la Diputada Ilenia Medina comenz\u00f3 su alocuci\u00f3n recordando los 193 a\u00f1os del martirio del Abel de Am\u00e9rica, porque \u201cel vil asesinato del Gran Mariscal de Ayacucho todav\u00eda consterna a nuestros pueblos de Ecuador, de Per\u00fa , donde lograron tener una relaci\u00f3n directa con el universal cuman\u00e9s Antonio Jos\u00e9 de Sucre\u201d; tambi\u00e9n record\u00f3 que en 1973 Naciones Unidas decret\u00f3 el D\u00eda del Medio Ambiente, vinculado a los modelos de desarrollo.<\/p>\n<p>Record\u00f3 el llamado del pueblo ucevista a las elecciones generales que se tiene previsto para este viernes 9 de junio, \u201cla primera universidad creada en Venezuela, lamentablemente en los \u00faltimos a\u00f1os ha sido mal dirigida, controladas por autoridades que desconocen la historia de Venezuela, no les importa el papel que les corresponde de formar a nuestros j\u00f3venes para que construyan su vida y futuro vinculado a la construcci\u00f3n de la Patria. Vemos a la Universidad Central de Venezuela de espaldas al pa\u00eds y por ello es tan importante, no solamente el trabajo que efectu\u00f3 el gobierno nacional para rescatar las instalaciones hist\u00f3ricas, con premios reconocidos a nivel internacional, sino tambi\u00e9n la Universidad como instrumento de creaci\u00f3n de Patria, creaci\u00f3n de futuro para nuestro pa\u00eds.\u201d<\/p>\n<p>Por ello invit\u00f3 a profesores, estudiantes, trabajadores, empleados y egresados de la UCV a buscarse en el Registro Electoral para que la comunidad universitaria verifique su cualidad de votante, \u201cya vivimos una experiencia hace dos semanas que fue terrible, donde bochornosamente el mundo conoci\u00f3 el plan macabro que hab\u00eda por parte junta directiva de la universidad para impedir que estas elecciones tuvieran \u00e9xito: gracias a la disposici\u00f3n de los estudiantes, los profesores, egresados y jubilados, se insisti\u00f3 para repetir las elecciones y por ello es muy necesario que todos entren en el registro para garantizar que su nombre est\u00e9 all\u00ed. En segundo lugar, informarle a los ucevistas de Anzo\u00e1tegui, Lara, Bol\u00edvar y Amazonas, que deben venir a votar a Caracas y existe un mecanismos que garantizar\u00e1 su movilidad para que rescatemos la Universidad Central de Venezuela: en PPT hay un grupo de ucevitas que estamos contribuyendo en que las elecciones se garanticen.\u201d<\/p>\n<p>Tambi\u00e9n aplaudi\u00f3 la feria de oportunidades de estudios universitarios, \u201cdonde los j\u00f3venes se ven reflejados de acuerdo a su vocaci\u00f3n y tienen todas las posibilidades (como siempre ha ocurrido en Revoluci\u00f3n, pero ahora m\u00e1s que nunca), de que la profesi\u00f3n a la que han decidido estudiar, puedan tener acceso, por lo tanto hacer seguimiento a esa feria que se efectu\u00f3 recientemente en\u00a0 La Carlota con el Gobernador H\u00e9ctor Rodr\u00edguez Castro prestando esos espacios para hacer posible que los j\u00f3venes del \u00e1rea central pudieran tener certeza que tienen derecho al estudio de calidad, lo que no ocurre en el resto de Am\u00e9rica Latina y s\u00ed ocurre en Venezuela, por eso le decimos a los j\u00f3venes venezolanos, hombres y mujeres, que es ac\u00e1 en la Patria de Bol\u00edvar, en su propia Patria que pueden estudiar sin ning\u00fan peligro ni inconveniente. El derecho a migrar, como lo pudimos comprobar, es una falsedad, lo importante es el derecho a tener Patria, as\u00ed que bienvenidos todos los j\u00f3venes que est\u00e1n regresando a nuestra Rep\u00fablica.\u201d<\/p>\n<p>Otro tema de especial importancia son los Servicios P\u00fablicos en general, para lo cual desatac\u00f3 la labor del Diputado Jos\u00e9 Bracho con la propuesta de solicitar al Presidente de la Rep\u00fablica que as\u00ed como fue atendida la Ciudad Universitaria de Caracas, se incorpore el Conjunto Parque Central a la Misi\u00f3n Venezuela Bella, lo cual es sumamente importante por todo lo que representa como \u00edcono de la vanguardia arquitect\u00f3nica. \u201cLos residentes de Parque Central tienen toda la disposici\u00f3n de ayudar y cooperar, no solamente con el Gobierno de Distrito Capital que ha hecho cosas importantes, pero es importante acelerar el paso y la v\u00eda es mediante esta Misi\u00f3n que ha demostrado la calidad en este trabajo que ha venido desarrollando en todo el territorio nacional.\u201d<\/p>\n<p>Con relaci\u00f3n al seguimiento a las ondas tropicales como consecuencia de la afectaci\u00f3n por el cambio clim\u00e1tico, hasta el momento han ocurrido tres y el INAMEH garantiza informaci\u00f3n en tiempo real para que el pueblo venezolano y el Estado puedan asistir ante cualquier situaci\u00f3n complicada que se pueda presentar. Tambi\u00e9n el a\u00f1o pasado PPT hab\u00eda propuesto que en este orden de ideas se considerara el impacto en los cultivos de peque\u00f1os y medianos productores, por ello el Movimiento de Productores por la Patria est\u00e1 organizando un plan de acci\u00f3n para presentarlo ante el Presidente de la Rep\u00fablica, para que el Banco Bicentenario y Pequiven consoliden una pol\u00edtica de contingencia para atender cr\u00e9ditos financieros y programas para el suministro de fertilizantes, espec\u00edficamente en materia de soberan\u00eda alimentaria.<\/p>\n<p>Finalmente se refiri\u00f3 a la exitosa gira del Presidente Nicol\u00e1s Maduro por Brasil, Turqu\u00eda Arabia Saudita. En el gigante del sur logr\u00f3 participar en el reimpulso de UNASUR, donde acertadamente coment\u00f3 que el mundo se dirige hacia un nuevo orden internacional y Am\u00e9rica Latina no puede quedar por fuera, teniendo una esencial importancia el Consenso de Brasilia, la creaci\u00f3n del Grupo de Contacto para hacerle seguimiento y evaluaci\u00f3n a los proyecto de integraci\u00f3n que se hab\u00edan desarrollado desde 2008 para que sea posible avanzar.\u00a0 El fortalecimiento de ALBA y UNASUR, programas \u00fanicos en el mundo, son esenciales para que el Proyecto Bolivariano avance y ahora con el retorno de los pa\u00edses del antiguo Grupo de Lima, se reactiva la integraci\u00f3n, de la que Venezuela nunca estuvo aislada sino que se abre paso hacia un Mundo Multipolar con Turqu\u00eda y Arabia Saudita en materia de geopol\u00edtica internacional y producci\u00f3n petrolera.<\/p>\n","protected":false},"excerpt":{"rendered":"<p>(Prensa PPT-Caracas, 5 de junio de 2023) Una vez finalizada la deliberaci\u00f3n con los equipos regionales que PPT desarrolla cada semana previo a la declaraci\u00f3n a los medios de comunicaci\u00f3n, la Diputada Ilenia Medina comenz\u00f3 su alocuci\u00f3n recordando los 193 a\u00f1os del martirio del Abel de Am\u00e9rica, porque \u201cel vil asesinato del Gran Mariscal de [&hellip;]<\/p>\n","protected":false},"author":1,"featured_media":742,"comment_status":"closed","ping_status":"open","sticky":false,"template":"","format":"standard","meta":{"footnotes":""},"categories":[7],"tags":[],"class_list":["post-762","post","type-post","status-publish","format-standard","has-post-thumbnail","hentry","category-notas-de-prensa"],"yoast_head":"<!-- This site is optimized with the Yoast SEO plugin v23.3 - https:\/\/yoast.com\/wordpress\/plugins\/seo\/ -->\n<title>Ilenia Medina: PPT apoya Diplomacia Bolivariana de Paz del Presidente Maduro - La Mecha Azul<\/title>\n<meta name=\"robots\" content=\"index, follow, max-snippet:-1, max-image-preview:large, max-video-preview:-1\" \/>\n<link rel=\"canonical\" href=\"https:\/\/patriaparatodos.com.ve\/?p=762\" \/>\n<meta property=\"og:locale\" content=\"es_ES\" \/>\n<meta property=\"og:type\" content=\"article\" \/>\n<meta property=\"og:title\" content=\"Ilenia Medina: PPT apoya Diplomacia Bolivariana de Paz del Presidente Maduro - La Mecha Azul\" \/>\n<meta property=\"og:description\" content=\"(Prensa PPT-Caracas, 5 de junio de 2023) Una vez finalizada la deliberaci\u00f3n con los equipos regionales que PPT desarrolla cada semana previo a la declaraci\u00f3n a los medios de comunicaci\u00f3n, la Diputada Ilenia Medina comenz\u00f3 su alocuci\u00f3n recordando los 193 a\u00f1os del martirio del Abel de Am\u00e9rica, porque \u201cel vil asesinato del Gran Mariscal de [&hellip;]\" \/>\n<meta property=\"og:url\" content=\"https:\/\/patriaparatodos.com.ve\/?p=762\" \/>\n<meta property=\"og:site_name\" content=\"La Mecha Azul\" \/>\n<meta property=\"article:published_time\" content=\"2023-06-18T00:23:37+00:00\" \/>\n<meta property=\"article:modified_time\" content=\"2023-07-13T12:42:43+00:00\" \/>\n<meta property=\"og:image\" content=\"https:\/\/patriaparatodos.com.ve\/wp-content\/uploads\/2023\/06\/5.jpg\" \/>\n\t<meta property=\"og:image:width\" content=\"800\" \/>\n\t<meta property=\"og:image:height\" content=\"450\" \/>\n\t<meta property=\"og:image:type\" content=\"image\/jpeg\" \/>\n<meta name=\"author\" content=\"admin\" \/>\n<meta name=\"twitter:card\" content=\"summary_large_image\" \/>\n<meta name=\"twitter:label1\" content=\"Escrito por\" \/>\n\t<meta name=\"twitter:data1\" content=\"admin\" \/>\n\t<meta name=\"twitter:label2\" content=\"Tiempo de lectura\" \/>\n\t<meta name=\"twitter:data2\" content=\"5 minutos\" \/>\n<script type=\"application\/ld+json\" class=\"yoast-schema-graph\">{\"@context\":\"https:\/\/schema.org\",\"@graph\":[{\"@type\":\"Article\",\"@id\":\"https:\/\/patriaparatodos.com.ve\/?p=762#article\",\"isPartOf\":{\"@id\":\"https:\/\/patriaparatodos.com.ve\/?p=762\"},\"author\":{\"name\":\"admin\",\"@id\":\"https:\/\/patriaparatodos.com.ve\/#\/schema\/person\/5f87d17351c27386e48e4f8927996b15\"},\"headline\":\"Ilenia Medina: PPT apoya Diplomacia Bolivariana de Paz del Presidente Maduro\",\"datePublished\":\"2023-06-18T00:23:37+00:00\",\"dateModified\":\"2023-07-13T12:42:43+00:00\",\"mainEntityOfPage\":{\"@id\":\"https:\/\/patriaparatodos.com.ve\/?p=762\"},\"wordCount\":1021,\"publisher\":{\"@id\":\"https:\/\/patriaparatodos.com.ve\/#organization\"},\"image\":{\"@id\":\"https:\/\/patriaparatodos.com.ve\/?p=762#primaryimage\"},\"thumbnailUrl\":\"https:\/\/patriaparatodos.com.ve\/wp-content\/uploads\/2023\/06\/5.jpg\",\"articleSection\":[\"Notas de Prensa\"],\"inLanguage\":\"es\"},{\"@type\":\"WebPage\",\"@id\":\"https:\/\/patriaparatodos.com.ve\/?p=762\",\"url\":\"https:\/\/patriaparatodos.com.ve\/?p=762\",\"name\":\"Ilenia Medina: PPT apoya Diplomacia Bolivariana de Paz del Presidente Maduro - La Mecha Azul\",\"isPartOf\":{\"@id\":\"https:\/\/patriaparatodos.com.ve\/#website\"},\"primaryImageOfPage\":{\"@id\":\"https:\/\/patriaparatodos.com.ve\/?p=762#primaryimage\"},\"image\":{\"@id\":\"https:\/\/patriaparatodos.com.ve\/?p=762#primaryimage\"},\"thumbnailUrl\":\"https:\/\/patriaparatodos.com.ve\/wp-content\/uploads\/2023\/06\/5.jpg\",\"datePublished\":\"2023-06-18T00:23:37+00:00\",\"dateModified\":\"2023-07-13T12:42:43+00:00\",\"breadcrumb\":{\"@id\":\"https:\/\/patriaparatodos.com.ve\/?p=762#breadcrumb\"},\"inLanguage\":\"es\",\"potentialAction\":[{\"@type\":\"ReadAction\",\"target\":[\"https:\/\/patriaparatodos.com.ve\/?p=762\"]}]},{\"@type\":\"ImageObject\",\"inLanguage\":\"es\",\"@id\":\"https:\/\/patriaparatodos.com.ve\/?p=762#primaryimage\",\"url\":\"https:\/\/patriaparatodos.com.ve\/wp-content\/uploads\/2023\/06\/5.jpg\",\"contentUrl\":\"https:\/\/patriaparatodos.com.ve\/wp-content\/uploads\/2023\/06\/5.jpg\",\"width\":800,\"height\":450},{\"@type\":\"BreadcrumbList\",\"@id\":\"https:\/\/patriaparatodos.com.ve\/?p=762#breadcrumb\",\"itemListElement\":[{\"@type\":\"ListItem\",\"position\":1,\"name\":\"Portada\",\"item\":\"https:\/\/patriaparatodos.com.ve\/\"},{\"@type\":\"ListItem\",\"position\":2,\"name\":\"Ilenia Medina: PPT apoya Diplomacia Bolivariana de Paz del Presidente Maduro\"}]},{\"@type\":\"WebSite\",\"@id\":\"https:\/\/patriaparatodos.com.ve\/#website\",\"url\":\"https:\/\/patriaparatodos.com.ve\/\",\"name\":\"La Mecha Azul\",\"description\":\"Por la \u00c9tica, Valor de la Palabra\",\"publisher\":{\"@id\":\"https:\/\/patriaparatodos.com.ve\/#organization\"},\"potentialAction\":[{\"@type\":\"SearchAction\",\"target\":{\"@type\":\"EntryPoint\",\"urlTemplate\":\"https:\/\/patriaparatodos.com.ve\/?s={search_term_string}\"},\"query-input\":\"required name=search_term_string\"}],\"inLanguage\":\"es\"},{\"@type\":\"Organization\",\"@id\":\"https:\/\/patriaparatodos.com.ve\/#organization\",\"name\":\"La Mecha Azul\",\"url\":\"https:\/\/patriaparatodos.com.ve\/\",\"logo\":{\"@type\":\"ImageObject\",\"inLanguage\":\"es\",\"@id\":\"https:\/\/patriaparatodos.com.ve\/#\/schema\/logo\/image\/\",\"url\":\"https:\/\/patriaparatodos.com.ve\/wp-content\/uploads\/2023\/02\/cropped-logo-La-mecha-Azul-n.png\",\"contentUrl\":\"https:\/\/patriaparatodos.com.ve\/wp-content\/uploads\/2023\/02\/cropped-logo-La-mecha-Azul-n.png\",\"width\":5884,\"height\":3318,\"caption\":\"La Mecha Azul\"},\"image\":{\"@id\":\"https:\/\/patriaparatodos.com.ve\/#\/schema\/logo\/image\/\"}},{\"@type\":\"Person\",\"@id\":\"https:\/\/patriaparatodos.com.ve\/#\/schema\/person\/5f87d17351c27386e48e4f8927996b15\",\"name\":\"admin\",\"image\":{\"@type\":\"ImageObject\",\"inLanguage\":\"es\",\"@id\":\"https:\/\/patriaparatodos.com.ve\/#\/schema\/person\/image\/\",\"url\":\"https:\/\/secure.gravatar.com\/avatar\/a29766c0fc2cc324b9ccbc693fd8f1dab0cb4ddfb34bbebb23c71d73ecfa35b7?s=96&d=mm&r=g\",\"contentUrl\":\"https:\/\/secure.gravatar.com\/avatar\/a29766c0fc2cc324b9ccbc693fd8f1dab0cb4ddfb34bbebb23c71d73ecfa35b7?s=96&d=mm&r=g\",\"caption\":\"admin\"},\"sameAs\":[\"https:\/\/patriaparatodos.com.ve\"],\"url\":\"https:\/\/patriaparatodos.com.ve\/?author=1\"}]}<\/script>\n<!-- \/ Yoast SEO plugin. -->","yoast_head_json":{"title":"Ilenia Medina: PPT apoya Diplomacia Bolivariana de Paz del Presidente Maduro - La Mecha Azul","robots":{"index":"index","follow":"follow","max-snippet":"max-snippet:-1","max-image-preview":"max-image-preview:large","max-video-preview":"max-video-preview:-1"},"canonical":"https:\/\/patriaparatodos.com.ve\/?p=762","og_locale":"es_ES","og_type":"article","og_title":"Ilenia Medina: PPT apoya Diplomacia Bolivariana de Paz del Presidente Maduro - La Mecha Azul","og_description":"(Prensa PPT-Caracas, 5 de junio de 2023) Una vez finalizada la deliberaci\u00f3n con los equipos regionales que PPT desarrolla cada semana previo a la declaraci\u00f3n a los medios de comunicaci\u00f3n, la Diputada Ilenia Medina comenz\u00f3 su alocuci\u00f3n recordando los 193 a\u00f1os del martirio del Abel de Am\u00e9rica, porque \u201cel vil asesinato del Gran Mariscal de [&hellip;]","og_url":"https:\/\/patriaparatodos.com.ve\/?p=762","og_site_name":"La Mecha Azul","article_published_time":"2023-06-18T00:23:37+00:00","article_modified_time":"2023-07-13T12:42:43+00:00","og_image":[{"width":800,"height":450,"url":"https:\/\/patriaparatodos.com.ve\/wp-content\/uploads\/2023\/06\/5.jpg","type":"image\/jpeg"}],"author":"admin","twitter_card":"summary_large_image","twitter_misc":{"Escrito por":"admin","Tiempo de lectura":"5 minutos"},"schema":{"@context":"https:\/\/schema.org","@graph":[{"@type":"Article","@id":"https:\/\/patriaparatodos.com.ve\/?p=762#article","isPartOf":{"@id":"https:\/\/patriaparatodos.com.ve\/?p=762"},"author":{"name":"admin","@id":"https:\/\/patriaparatodos.com.ve\/#\/schema\/person\/5f87d17351c27386e48e4f8927996b15"},"headline":"Ilenia Medina: PPT apoya Diplomacia Bolivariana de Paz del Presidente Maduro","datePublished":"2023-06-18T00:23:37+00:00","dateModified":"2023-07-13T12:42:43+00:00","mainEntityOfPage":{"@id":"https:\/\/patriaparatodos.com.ve\/?p=762"},"wordCount":1021,"publisher":{"@id":"https:\/\/patriaparatodos.com.ve\/#organization"},"image":{"@id":"https:\/\/patriaparatodos.com.ve\/?p=762#primaryimage"},"thumbnailUrl":"https:\/\/patriaparatodos.com.ve\/wp-content\/uploads\/2023\/06\/5.jpg","articleSection":["Notas de Prensa"],"inLanguage":"es"},{"@type":"WebPage","@id":"https:\/\/patriaparatodos.com.ve\/?p=762","url":"https:\/\/patriaparatodos.com.ve\/?p=762","name":"Ilenia Medina: PPT apoya Diplomacia Bolivariana de Paz del Presidente Maduro - La Mecha Azul","isPartOf":{"@id":"https:\/\/patriaparatodos.com.ve\/#website"},"primaryImageOfPage":{"@id":"https:\/\/patriaparatodos.com.ve\/?p=762#primaryimage"},"image":{"@id":"https:\/\/patriaparatodos.com.ve\/?p=762#primaryimage"},"thumbnailUrl":"https:\/\/patriaparatodos.com.ve\/wp-content\/uploads\/2023\/06\/5.jpg","datePublished":"2023-06-18T00:23:37+00:00","dateModified":"2023-07-13T12:42:43+00:00","breadcrumb":{"@id":"https:\/\/patriaparatodos.com.ve\/?p=762#breadcrumb"},"inLanguage":"es","potentialAction":[{"@type":"ReadAction","target":["https:\/\/patriaparatodos.com.ve\/?p=762"]}]},{"@type":"ImageObject","inLanguage":"es","@id":"https:\/\/patriaparatodos.com.ve\/?p=762#primaryimage","url":"https:\/\/patriaparatodos.com.ve\/wp-content\/uploads\/2023\/06\/5.jpg","contentUrl":"https:\/\/patriaparatodos.com.ve\/wp-content\/uploads\/2023\/06\/5.jpg","width":800,"height":450},{"@type":"BreadcrumbList","@id":"https:\/\/patriaparatodos.com.ve\/?p=762#breadcrumb","itemListElement":[{"@type":"ListItem","position":1,"name":"Portada","item":"https:\/\/patriaparatodos.com.ve\/"},{"@type":"ListItem","position":2,"name":"Ilenia Medina: PPT apoya Diplomacia Bolivariana de Paz del Presidente Maduro"}]},{"@type":"WebSite","@id":"https:\/\/patriaparatodos.com.ve\/#website","url":"https:\/\/patriaparatodos.com.ve\/","name":"La Mecha Azul","description":"Por la \u00c9tica, Valor de la Palabra","publisher":{"@id":"https:\/\/patriaparatodos.com.ve\/#organization"},"potentialAction":[{"@type":"SearchAction","target":{"@type":"EntryPoint","urlTemplate":"https:\/\/patriaparatodos.com.ve\/?s={search_term_string}"},"query-input":"required name=search_term_string"}],"inLanguage":"es"},{"@type":"Organization","@id":"https:\/\/patriaparatodos.com.ve\/#organization","name":"La Mecha Azul","url":"https:\/\/patriaparatodos.com.ve\/","logo":{"@type":"ImageObject","inLanguage":"es","@id":"https:\/\/patriaparatodos.com.ve\/#\/schema\/logo\/image\/","url":"https:\/\/patriaparatodos.com.ve\/wp-content\/uploads\/2023\/02\/cropped-logo-La-mecha-Azul-n.png","contentUrl":"https:\/\/patriaparatodos.com.ve\/wp-content\/uploads\/2023\/02\/cropped-logo-La-mecha-Azul-n.png","width":5884,"height":3318,"caption":"La Mecha Azul"},"image":{"@id":"https:\/\/patriaparatodos.com.ve\/#\/schema\/logo\/image\/"}},{"@type":"Person","@id":"https:\/\/patriaparatodos.com.ve\/#\/schema\/person\/5f87d17351c27386e48e4f8927996b15","name":"admin","image":{"@type":"ImageObject","inLanguage":"es","@id":"https:\/\/patriaparatodos.com.ve\/#\/schema\/person\/image\/","url":"https:\/\/secure.gravatar.com\/avatar\/a29766c0fc2cc324b9ccbc693fd8f1dab0cb4ddfb34bbebb23c71d73ecfa35b7?s=96&d=mm&r=g","contentUrl":"https:\/\/secure.gravatar.com\/avatar\/a29766c0fc2cc324b9ccbc693fd8f1dab0cb4ddfb34bbebb23c71d73ecfa35b7?s=96&d=mm&r=g","caption":"admin"},"sameAs":["https:\/\/patriaparatodos.com.ve"],"url":"https:\/\/patriaparatodos.com.ve\/?author=1"}]}},"_links":{"self":[{"href":"https:\/\/patriaparatodos.com.ve\/index.php?rest_route=\/wp\/v2\/posts\/762","targetHints":{"allow":["GET"]}}],"collection":[{"href":"https:\/\/patriaparatodos.com.ve\/index.php?rest_route=\/wp\/v2\/posts"}],"about":[{"href":"https:\/\/patriaparatodos.com.ve\/index.php?rest_route=\/wp\/v2\/types\/post"}],"author":[{"embeddable":true,"href":"https:\/\/patriaparatodos.com.ve\/index.php?rest_route=\/wp\/v2\/users\/1"}],"replies":[{"embeddable":true,"href":"https:\/\/patriaparatodos.com.ve\/index.php?rest_route=%2Fwp%2Fv2%2Fcomments&post=762"}],"version-history":[{"count":1,"href":"https:\/\/patriaparatodos.com.ve\/index.php?rest_route=\/wp\/v2\/posts\/762\/revisions"}],"predecessor-version":[{"id":764,"href":"https:\/\/patriaparatodos.com.ve\/index.php?rest_route=\/wp\/v2\/posts\/762\/revisions\/764"}],"wp:featuredmedia":[{"embeddable":true,"href":"https:\/\/patriaparatodos.com.ve\/index.php?rest_route=\/wp\/v2\/media\/742"}],"wp:attachment":[{"href":"https:\/\/patriaparatodos.com.ve\/index.php?rest_route=%2Fwp%2Fv2%2Fmedia&parent=762"}],"wp:term":[{"taxonomy":"category","embeddable":true,"href":"https:\/\/patriaparatodos.com.ve\/index.php?rest_route=%2Fwp%2Fv2%2Fcategories&post=762"},{"taxonomy":"post_tag","embeddable":true,"href":"https:\/\/patriaparatodos.com.ve\/index.php?rest_route=%2Fwp%2Fv2%2Ftags&post=762"}],"curies":[{"name":"wp","href":"https:\/\/api.w.org\/{rel}","templated":true}]}}