{"id":765,"date":"2023-06-18T00:24:50","date_gmt":"2023-06-18T00:24:50","guid":{"rendered":"https:\/\/patriaparatodos.com.ve\/?p=765"},"modified":"2023-07-13T12:42:34","modified_gmt":"2023-07-13T12:42:34","slug":"ilenia-medina-fiscal-de-la-cpi-debe-juzgar-a-donald-trump-o-renunciar","status":"publish","type":"post","link":"https:\/\/patriaparatodos.com.ve\/?p=765","title":{"rendered":"Ilenia Medina: Fiscal de la CPI debe juzgar a Donald Trump o renunciar"},"content":{"rendered":"<p><strong>(Prensa PPT-Caracas, 12 de junio de 2023)<\/strong> La Secretaria General de Patria Para Todos comenz\u00f3 su alocuci\u00f3n de este lunes, recordando la celebraci\u00f3n de los 95 a\u00f1os del natalicio del Comandante Ernesto \u201cChe\u201d Guevara, \u201crecordando siempre en el PPT las ense\u00f1anza del Che que todo cuadro revolucionario debe tener presente, aquella famosa frase cuando dec\u00eda que la revoluci\u00f3n no se lleva en la boca para vivir de ella, sino que se lleva en el coraz\u00f3n para morir por ella\u201d, por eso el partido tendr\u00e1 una jornada de reflexi\u00f3n con la juventud con relaci\u00f3n a \u00a0la significaci\u00f3n del Che para\u00a0 la juventud venezolana, latinoamericana y del mundo.<\/p>\n<p>Con relaci\u00f3n a la \u00e9tica que caracterizaba al Che y que PPT siempre ha defendido, Medina denuncia que \u201chay una campa\u00f1a contra el partido, que en 25 a\u00f1os de lucha nadie puede registrar algo negativo en contra de nuestra organizaci\u00f3n, somos seres humanos como todos pero procuramos desde la filosof\u00eda de la praxis que nos ense\u00f1\u00f3 Alfredo Maneiro, mantenernos en esa ruta; por eso hemos venido observando desde hace dos meses, que en Tik Tok apareci\u00f3 una imagen tratando de lanzar una matriz contra la militancia del partido\u201d.<\/p>\n<p>\u201cPosteriormente observamos una campa\u00f1a de vilipendio montada por un mercenario de las redes,\u00a0 contra la honra y la dignidad de un diputado de PPT, Luis Blanca, y mi persona, a quien vamos a denunciar ante la Fiscal\u00eda, habiendo localizado sus datos personales. Esta semana presentan\u00a0 tambi\u00e9n por Tik Tok una actuaci\u00f3n de violencia contra una familia,\u00a0 de una Concejala, supuestamente militante de PPT. Esta Concejala de Lara Nunca ha sido militante de PPT. Lo extra\u00f1o es que se\u00f1ala a PPT falsamente pero no se refiere a la militancia de las otras personas. Se ubic\u00f3 a la supuesta v\u00edctima del ataque de la Concejala para aclarar la situaci\u00f3n, para atender su caso, y se neg\u00f3 a aceptarla. Esa actitud corrobora nuestras apreciaciones sobre la campa\u00f1a malsana que opositores y traidores de este proceso pretenden da\u00f1ar los a\u00f1os de conducta revolucionaria de PPT\u201d, enfatiz\u00f3 la Secretaria General de Patria Para Todos, Diputada Ilenia Medina.<\/p>\n<p>Con relaci\u00f3n a las elecciones UCV, \u00a0indic\u00f3 que\u00a0 \u201cya se ha dado a conocer por la Comisi\u00f3n Electoral los candidatos que han sido favorecidos, en todo caso nos parece importante que se haya logrado, a pesar del empe\u00f1o de un sector acad\u00e9mico vinculado a la se\u00f1ora, hasta julio Rectora, seg\u00fan ella misma lo se\u00f1al\u00f3, se logr\u00f3 hacer las elecciones por el esfuerzo de la comunidad ucevista. Nos parece muy importante que se haya logrado. \u00a1El chavismo volvi\u00f3 a los espacios pol\u00edticos de la UCV! Nos parece important\u00edsimo, y no va a salir de all\u00ed, va a estar, como debe ser. \u00a1Que se retome la Democracia en la UCV! Lamentablemente quienes levantaban su voz, daban su opini\u00f3n o realizaban actividades en nombre del chavismo eran perseguidos y tem\u00edan incluso por la estabilidad laboral: \u00a1Eso debe acabarse! Creo que a la oposici\u00f3n en la universidad, que fueron quienes manejaron la Comisi\u00f3n Electoral, les falt\u00f3 much\u00edsima eficiencia y much\u00edsima calidad: los que somos parte de la Facultad de Ciencias Econ\u00f3micas y Sociales tuvimos que hacer horas y horas de cola para poder votar. Falta de eficiencia. En todo caso festejamos que se haya realizado el proceso electoral y los candidatos de la oposici\u00f3n que se vieron favorecidos tienen que volver a una segunda vuelta electoral y nos parece muy importante que la universidad se haya sumado al proceso democr\u00e1tico.\u201d<\/p>\n<p>Con relaci\u00f3n a las ondas tropicales, la Diputada Ilenia Medina enfatiz\u00f3 necesidad de proteger las \u00e1reas de cultivo agroalimentarias, porque son elementales, esenciales, estrat\u00e9gicas para garantizar la soberan\u00eda alimentaria. As\u00ed como el gobierno se ha preparado con mucha eficacia para reducir los efectos de las lluvias en zonas urbanas, tambi\u00e9n es necesario garantizar que el esfuerzo para la producci\u00f3n agroalimentaria no se pierda. Entendemos que los gobiernos municipales deben organizarse para garantizar la soberan\u00eda alimentaria con altos niveles de eficiencia, por eso la alerta de PPT, que est\u00e1 trabajando en un Proyecto de Ley que tiene esa orientaci\u00f3n.<\/p>\n<p>Haciendo seguimiento a la problem\u00e1tica que aqueja a Venezuela como consecuencia de las Medidas Coercitivas Unilaterales, PPT reconoce que el sector petrolero es uno de los que m\u00e1s se ha visto afectado, por ello la preocupaci\u00f3n por las colas para surtir combustible. De all\u00ed la importancia de la informaci\u00f3n suministrada por el Ministro y Presidente de PDVSA Pedro Tellechea, quien reconoce el esfuerzo de los trabajadores petroleros para hacer las reparaciones y en los casos que fueron posibles sustituir los repuestos tanto en El Palito como en Amuay para no paralizar el suministro de combustible. Todo ello gracias al compromiso patri\u00f3tico del pueblo trabajador.<\/p>\n<p>Con relaci\u00f3n a la visita de Estado del Presidente de Ir\u00e1n, PPT expresa su absoluto respaldo, por el compromiso y solidaridad mostrada a favor de Venezuela en horas aciagas. Aquellos 2 barcos surcando el Atl\u00e1ntico, en el a\u00f1o 2020, desafiando al hegem\u00f3n asesino para ayudar a nuestro Gobierno y nuestro pueblo, es digno de un reconocimiento que marcar\u00e1 para siempre la historia de la dignidad de los pueblos. Una epopeya hermosa. Hoy recibimos con los brazos abiertos al Presidente Ebrahim Raisol-Sadati de la Rep\u00fablica Isl\u00e1mica de Ir\u00e1n, quien es merecedor de la m\u00e1s cordial bienvenida a la Patria de Bol\u00edvar, a su comitiva, su se\u00f1ora esposa y entendiendo que Ir\u00e1n es un modelo de resistencia activa, con un sistema tecnol\u00f3gico de los m\u00e1s importantes en el mundo.<\/p>\n<p>Tambi\u00e9n en el orden internacional, la Diputada Ilenia Medina salud\u00f3 la visita realizada a Venezuela por el Fiscal General Karim Khan, de la Corte Penal Internacional.<\/p>\n<p>\u201cUna visita autorizada por el Presidente Nicol\u00e1s Maduro Moros, porque aqu\u00ed ninguna instituci\u00f3n internacional puede visitar el pa\u00eds si no es aprobado por quien tiene todas las competencias para hacerlo que es el Presidente Nicol\u00e1s Maduro Moros\u201d. Se hizo un segundo acuerdo para garantizar la cooperaci\u00f3n t\u00e9cnica en el marco del Estatuto de Roma, del cual Venezuela es parte, adem\u00e1s que la Constituci\u00f3n de la Rep\u00fablica Bolivariana de Venezuela ya en 1999 fue una de las primeras en incluir la imprescriptibilidad de los delitos de lesa humanidad y los delitos en materia de Derechos Humanos. \u201cPor lo tanto celebramos la armon\u00eda entre ambos altos ciudadanos, pero queremos hacer como partido la siguiente precisi\u00f3n: en la Corte Penal Internacional existen dos investigaciones, Venezuela I y Venezuela II\u201d, destac\u00f3 Medina.<\/p>\n<p>Venezuela I responde al plan de Almagro y Estados Unidos con sus ONG que llevaron un falso informe, plagado de descalificaciones, y con ese falso informe el Grupo de Lima se prest\u00f3 para consignarlo ante la Corte Penal Internacional: ya varios pa\u00edses se han desmarcado de ello. Tambi\u00e9n hay una segunda investigaci\u00f3n, la que solicit\u00f3 el Presidente Nicol\u00e1s Maduro Moros por los delitos de lesa humanidad cometidos contra Venezuela por el gobierno norteamericano, \u00a1pero ayer conoci\u00f3 el mundo que uno de los altos funcionarios de Estados Unidos, el ex presidente Donald Trump, reconoce que estaba llevando a Venezuela al colapso para apoderarse de su petr\u00f3leo! \u00a1Confes\u00f3 el crimen de agresi\u00f3n, delito de lesa humanidad y genocidio que establece el Estatuto de Roma de la Corte Penal Internacional! Es sumamente importante que Karim Khan no haga la vita a un lado ante esa confesi\u00f3n, acompa\u00f1ada por la de otros funcionarios que declaran c\u00f3mo han atentado contra Venezuela utilizando a esa oposici\u00f3n que ahora quiere participar en procesos electorales, \u00a1esa gente no puede participar en elecciones! \u00a1Ser\u00eda sadomasoquismo! Mar\u00eda Corina Machado, Juan Guaid\u00f3, no pueden participar. La oposici\u00f3n tiene las puertas abiertas para medirse en elecciones, \u00a1pero quienes creen en la Democracia, no quienes han cometido delitos de lesa humanidad pidiendo el asesinato del Presidente, rob\u00e1ndose los recursos y entregando el Esequibo!<\/p>\n<p>Ser\u00eda importante que Karim Khan se pronuncie sobre estos hechos, que act\u00fae de oficio con relaci\u00f3n a los cr\u00edmenes contra Venezuela y adem\u00e1s por la exacerbaci\u00f3n de la xenofobia contra los migrantes venezolanos en el extranjero, de la cual tiene una enorme culpa Julio Borges.\u00a0 \u00a1Hay que hacer una investigaci\u00f3n exhaustiva de la responsabilidad de uno por uno! \u00a1Y como est\u00e1n en el exterior se los pueden llevar r\u00e1pidamente en el marco de la cooperaci\u00f3n jur\u00eddica! Porque si estuvieran en Venezuela corresponde otra jurisdicci\u00f3n que es la venezolana, pero como est\u00e1n en el exterior, cualquiera los agarra y los entrega a la Corte Penal Internacional. Si Karim Kahn no es capaz de hacer esto, PPT le recomienda que renuncie.<\/p>\n","protected":false},"excerpt":{"rendered":"<p>(Prensa PPT-Caracas, 12 de junio de 2023) La Secretaria General de Patria Para Todos comenz\u00f3 su alocuci\u00f3n de este lunes, recordando la celebraci\u00f3n de los 95 a\u00f1os del natalicio del Comandante Ernesto \u201cChe\u201d Guevara, \u201crecordando siempre en el PPT las ense\u00f1anza del Che que todo cuadro revolucionario debe tener presente, aquella famosa frase cuando dec\u00eda [&hellip;]<\/p>\n","protected":false},"author":1,"featured_media":743,"comment_status":"closed","ping_status":"open","sticky":false,"template":"","format":"standard","meta":{"footnotes":""},"categories":[7],"tags":[],"class_list":["post-765","post","type-post","status-publish","format-standard","has-post-thumbnail","hentry","category-notas-de-prensa"],"yoast_head":"<!-- This site is optimized with the Yoast SEO plugin v23.3 - https:\/\/yoast.com\/wordpress\/plugins\/seo\/ -->\n<title>Ilenia Medina: Fiscal de la CPI debe juzgar a Donald Trump o renunciar - La Mecha Azul<\/title>\n<meta name=\"robots\" content=\"index, follow, max-snippet:-1, max-image-preview:large, max-video-preview:-1\" \/>\n<link rel=\"canonical\" href=\"https:\/\/patriaparatodos.com.ve\/?p=765\" \/>\n<meta property=\"og:locale\" content=\"es_ES\" \/>\n<meta property=\"og:type\" content=\"article\" \/>\n<meta property=\"og:title\" content=\"Ilenia Medina: Fiscal de la CPI debe juzgar a Donald Trump o renunciar - La Mecha Azul\" \/>\n<meta property=\"og:description\" content=\"(Prensa PPT-Caracas, 12 de junio de 2023) La Secretaria General de Patria Para Todos comenz\u00f3 su alocuci\u00f3n de este lunes, recordando la celebraci\u00f3n de los 95 a\u00f1os del natalicio del Comandante Ernesto \u201cChe\u201d Guevara, \u201crecordando siempre en el PPT las ense\u00f1anza del Che que todo cuadro revolucionario debe tener presente, aquella famosa frase cuando dec\u00eda [&hellip;]\" \/>\n<meta property=\"og:url\" content=\"https:\/\/patriaparatodos.com.ve\/?p=765\" \/>\n<meta property=\"og:site_name\" content=\"La Mecha Azul\" \/>\n<meta property=\"article:published_time\" content=\"2023-06-18T00:24:50+00:00\" \/>\n<meta property=\"article:modified_time\" content=\"2023-07-13T12:42:34+00:00\" \/>\n<meta property=\"og:image\" content=\"https:\/\/patriaparatodos.com.ve\/wp-content\/uploads\/2023\/06\/6.jpg\" \/>\n\t<meta property=\"og:image:width\" content=\"704\" \/>\n\t<meta property=\"og:image:height\" content=\"378\" \/>\n\t<meta property=\"og:image:type\" content=\"image\/jpeg\" \/>\n<meta name=\"author\" content=\"admin\" \/>\n<meta name=\"twitter:card\" content=\"summary_large_image\" \/>\n<meta name=\"twitter:label1\" content=\"Escrito por\" \/>\n\t<meta name=\"twitter:data1\" content=\"admin\" \/>\n\t<meta name=\"twitter:label2\" content=\"Tiempo de lectura\" \/>\n\t<meta name=\"twitter:data2\" content=\"7 minutos\" \/>\n<script type=\"application\/ld+json\" class=\"yoast-schema-graph\">{\"@context\":\"https:\/\/schema.org\",\"@graph\":[{\"@type\":\"Article\",\"@id\":\"https:\/\/patriaparatodos.com.ve\/?p=765#article\",\"isPartOf\":{\"@id\":\"https:\/\/patriaparatodos.com.ve\/?p=765\"},\"author\":{\"name\":\"admin\",\"@id\":\"https:\/\/patriaparatodos.com.ve\/#\/schema\/person\/5f87d17351c27386e48e4f8927996b15\"},\"headline\":\"Ilenia Medina: Fiscal de la CPI debe juzgar a Donald Trump o renunciar\",\"datePublished\":\"2023-06-18T00:24:50+00:00\",\"dateModified\":\"2023-07-13T12:42:34+00:00\",\"mainEntityOfPage\":{\"@id\":\"https:\/\/patriaparatodos.com.ve\/?p=765\"},\"wordCount\":1509,\"publisher\":{\"@id\":\"https:\/\/patriaparatodos.com.ve\/#organization\"},\"image\":{\"@id\":\"https:\/\/patriaparatodos.com.ve\/?p=765#primaryimage\"},\"thumbnailUrl\":\"https:\/\/patriaparatodos.com.ve\/wp-content\/uploads\/2023\/06\/6.jpg\",\"articleSection\":[\"Notas de Prensa\"],\"inLanguage\":\"es\"},{\"@type\":\"WebPage\",\"@id\":\"https:\/\/patriaparatodos.com.ve\/?p=765\",\"url\":\"https:\/\/patriaparatodos.com.ve\/?p=765\",\"name\":\"Ilenia Medina: Fiscal de la CPI debe juzgar a Donald Trump o renunciar - La Mecha Azul\",\"isPartOf\":{\"@id\":\"https:\/\/patriaparatodos.com.ve\/#website\"},\"primaryImageOfPage\":{\"@id\":\"https:\/\/patriaparatodos.com.ve\/?p=765#primaryimage\"},\"image\":{\"@id\":\"https:\/\/patriaparatodos.com.ve\/?p=765#primaryimage\"},\"thumbnailUrl\":\"https:\/\/patriaparatodos.com.ve\/wp-content\/uploads\/2023\/06\/6.jpg\",\"datePublished\":\"2023-06-18T00:24:50+00:00\",\"dateModified\":\"2023-07-13T12:42:34+00:00\",\"breadcrumb\":{\"@id\":\"https:\/\/patriaparatodos.com.ve\/?p=765#breadcrumb\"},\"inLanguage\":\"es\",\"potentialAction\":[{\"@type\":\"ReadAction\",\"target\":[\"https:\/\/patriaparatodos.com.ve\/?p=765\"]}]},{\"@type\":\"ImageObject\",\"inLanguage\":\"es\",\"@id\":\"https:\/\/patriaparatodos.com.ve\/?p=765#primaryimage\",\"url\":\"https:\/\/patriaparatodos.com.ve\/wp-content\/uploads\/2023\/06\/6.jpg\",\"contentUrl\":\"https:\/\/patriaparatodos.com.ve\/wp-content\/uploads\/2023\/06\/6.jpg\",\"width\":704,\"height\":378},{\"@type\":\"BreadcrumbList\",\"@id\":\"https:\/\/patriaparatodos.com.ve\/?p=765#breadcrumb\",\"itemListElement\":[{\"@type\":\"ListItem\",\"position\":1,\"name\":\"Portada\",\"item\":\"https:\/\/patriaparatodos.com.ve\/\"},{\"@type\":\"ListItem\",\"position\":2,\"name\":\"Ilenia Medina: Fiscal de la CPI debe juzgar a Donald Trump o renunciar\"}]},{\"@type\":\"WebSite\",\"@id\":\"https:\/\/patriaparatodos.com.ve\/#website\",\"url\":\"https:\/\/patriaparatodos.com.ve\/\",\"name\":\"La Mecha Azul\",\"description\":\"Por la \u00c9tica, Valor de la Palabra\",\"publisher\":{\"@id\":\"https:\/\/patriaparatodos.com.ve\/#organization\"},\"potentialAction\":[{\"@type\":\"SearchAction\",\"target\":{\"@type\":\"EntryPoint\",\"urlTemplate\":\"https:\/\/patriaparatodos.com.ve\/?s={search_term_string}\"},\"query-input\":\"required name=search_term_string\"}],\"inLanguage\":\"es\"},{\"@type\":\"Organization\",\"@id\":\"https:\/\/patriaparatodos.com.ve\/#organization\",\"name\":\"La Mecha Azul\",\"url\":\"https:\/\/patriaparatodos.com.ve\/\",\"logo\":{\"@type\":\"ImageObject\",\"inLanguage\":\"es\",\"@id\":\"https:\/\/patriaparatodos.com.ve\/#\/schema\/logo\/image\/\",\"url\":\"https:\/\/patriaparatodos.com.ve\/wp-content\/uploads\/2023\/02\/cropped-logo-La-mecha-Azul-n.png\",\"contentUrl\":\"https:\/\/patriaparatodos.com.ve\/wp-content\/uploads\/2023\/02\/cropped-logo-La-mecha-Azul-n.png\",\"width\":5884,\"height\":3318,\"caption\":\"La Mecha Azul\"},\"image\":{\"@id\":\"https:\/\/patriaparatodos.com.ve\/#\/schema\/logo\/image\/\"}},{\"@type\":\"Person\",\"@id\":\"https:\/\/patriaparatodos.com.ve\/#\/schema\/person\/5f87d17351c27386e48e4f8927996b15\",\"name\":\"admin\",\"image\":{\"@type\":\"ImageObject\",\"inLanguage\":\"es\",\"@id\":\"https:\/\/patriaparatodos.com.ve\/#\/schema\/person\/image\/\",\"url\":\"https:\/\/secure.gravatar.com\/avatar\/a29766c0fc2cc324b9ccbc693fd8f1dab0cb4ddfb34bbebb23c71d73ecfa35b7?s=96&d=mm&r=g\",\"contentUrl\":\"https:\/\/secure.gravatar.com\/avatar\/a29766c0fc2cc324b9ccbc693fd8f1dab0cb4ddfb34bbebb23c71d73ecfa35b7?s=96&d=mm&r=g\",\"caption\":\"admin\"},\"sameAs\":[\"https:\/\/patriaparatodos.com.ve\"],\"url\":\"https:\/\/patriaparatodos.com.ve\/?author=1\"}]}<\/script>\n<!-- \/ Yoast SEO plugin. -->","yoast_head_json":{"title":"Ilenia Medina: Fiscal de la CPI debe juzgar a Donald Trump o renunciar - La Mecha Azul","robots":{"index":"index","follow":"follow","max-snippet":"max-snippet:-1","max-image-preview":"max-image-preview:large","max-video-preview":"max-video-preview:-1"},"canonical":"https:\/\/patriaparatodos.com.ve\/?p=765","og_locale":"es_ES","og_type":"article","og_title":"Ilenia Medina: Fiscal de la CPI debe juzgar a Donald Trump o renunciar - La Mecha Azul","og_description":"(Prensa PPT-Caracas, 12 de junio de 2023) La Secretaria General de Patria Para Todos comenz\u00f3 su alocuci\u00f3n de este lunes, recordando la celebraci\u00f3n de los 95 a\u00f1os del natalicio del Comandante Ernesto \u201cChe\u201d Guevara, \u201crecordando siempre en el PPT las ense\u00f1anza del Che que todo cuadro revolucionario debe tener presente, aquella famosa frase cuando dec\u00eda [&hellip;]","og_url":"https:\/\/patriaparatodos.com.ve\/?p=765","og_site_name":"La Mecha Azul","article_published_time":"2023-06-18T00:24:50+00:00","article_modified_time":"2023-07-13T12:42:34+00:00","og_image":[{"width":704,"height":378,"url":"https:\/\/patriaparatodos.com.ve\/wp-content\/uploads\/2023\/06\/6.jpg","type":"image\/jpeg"}],"author":"admin","twitter_card":"summary_large_image","twitter_misc":{"Escrito por":"admin","Tiempo de lectura":"7 minutos"},"schema":{"@context":"https:\/\/schema.org","@graph":[{"@type":"Article","@id":"https:\/\/patriaparatodos.com.ve\/?p=765#article","isPartOf":{"@id":"https:\/\/patriaparatodos.com.ve\/?p=765"},"author":{"name":"admin","@id":"https:\/\/patriaparatodos.com.ve\/#\/schema\/person\/5f87d17351c27386e48e4f8927996b15"},"headline":"Ilenia Medina: Fiscal de la CPI debe juzgar a Donald Trump o renunciar","datePublished":"2023-06-18T00:24:50+00:00","dateModified":"2023-07-13T12:42:34+00:00","mainEntityOfPage":{"@id":"https:\/\/patriaparatodos.com.ve\/?p=765"},"wordCount":1509,"publisher":{"@id":"https:\/\/patriaparatodos.com.ve\/#organization"},"image":{"@id":"https:\/\/patriaparatodos.com.ve\/?p=765#primaryimage"},"thumbnailUrl":"https:\/\/patriaparatodos.com.ve\/wp-content\/uploads\/2023\/06\/6.jpg","articleSection":["Notas de Prensa"],"inLanguage":"es"},{"@type":"WebPage","@id":"https:\/\/patriaparatodos.com.ve\/?p=765","url":"https:\/\/patriaparatodos.com.ve\/?p=765","name":"Ilenia Medina: Fiscal de la CPI debe juzgar a Donald Trump o renunciar - La Mecha Azul","isPartOf":{"@id":"https:\/\/patriaparatodos.com.ve\/#website"},"primaryImageOfPage":{"@id":"https:\/\/patriaparatodos.com.ve\/?p=765#primaryimage"},"image":{"@id":"https:\/\/patriaparatodos.com.ve\/?p=765#primaryimage"},"thumbnailUrl":"https:\/\/patriaparatodos.com.ve\/wp-content\/uploads\/2023\/06\/6.jpg","datePublished":"2023-06-18T00:24:50+00:00","dateModified":"2023-07-13T12:42:34+00:00","breadcrumb":{"@id":"https:\/\/patriaparatodos.com.ve\/?p=765#breadcrumb"},"inLanguage":"es","potentialAction":[{"@type":"ReadAction","target":["https:\/\/patriaparatodos.com.ve\/?p=765"]}]},{"@type":"ImageObject","inLanguage":"es","@id":"https:\/\/patriaparatodos.com.ve\/?p=765#primaryimage","url":"https:\/\/patriaparatodos.com.ve\/wp-content\/uploads\/2023\/06\/6.jpg","contentUrl":"https:\/\/patriaparatodos.com.ve\/wp-content\/uploads\/2023\/06\/6.jpg","width":704,"height":378},{"@type":"BreadcrumbList","@id":"https:\/\/patriaparatodos.com.ve\/?p=765#breadcrumb","itemListElement":[{"@type":"ListItem","position":1,"name":"Portada","item":"https:\/\/patriaparatodos.com.ve\/"},{"@type":"ListItem","position":2,"name":"Ilenia Medina: Fiscal de la CPI debe juzgar a Donald Trump o renunciar"}]},{"@type":"WebSite","@id":"https:\/\/patriaparatodos.com.ve\/#website","url":"https:\/\/patriaparatodos.com.ve\/","name":"La Mecha Azul","description":"Por la \u00c9tica, Valor de la Palabra","publisher":{"@id":"https:\/\/patriaparatodos.com.ve\/#organization"},"potentialAction":[{"@type":"SearchAction","target":{"@type":"EntryPoint","urlTemplate":"https:\/\/patriaparatodos.com.ve\/?s={search_term_string}"},"query-input":"required name=search_term_string"}],"inLanguage":"es"},{"@type":"Organization","@id":"https:\/\/patriaparatodos.com.ve\/#organization","name":"La Mecha Azul","url":"https:\/\/patriaparatodos.com.ve\/","logo":{"@type":"ImageObject","inLanguage":"es","@id":"https:\/\/patriaparatodos.com.ve\/#\/schema\/logo\/image\/","url":"https:\/\/patriaparatodos.com.ve\/wp-content\/uploads\/2023\/02\/cropped-logo-La-mecha-Azul-n.png","contentUrl":"https:\/\/patriaparatodos.com.ve\/wp-content\/uploads\/2023\/02\/cropped-logo-La-mecha-Azul-n.png","width":5884,"height":3318,"caption":"La Mecha Azul"},"image":{"@id":"https:\/\/patriaparatodos.com.ve\/#\/schema\/logo\/image\/"}},{"@type":"Person","@id":"https:\/\/patriaparatodos.com.ve\/#\/schema\/person\/5f87d17351c27386e48e4f8927996b15","name":"admin","image":{"@type":"ImageObject","inLanguage":"es","@id":"https:\/\/patriaparatodos.com.ve\/#\/schema\/person\/image\/","url":"https:\/\/secure.gravatar.com\/avatar\/a29766c0fc2cc324b9ccbc693fd8f1dab0cb4ddfb34bbebb23c71d73ecfa35b7?s=96&d=mm&r=g","contentUrl":"https:\/\/secure.gravatar.com\/avatar\/a29766c0fc2cc324b9ccbc693fd8f1dab0cb4ddfb34bbebb23c71d73ecfa35b7?s=96&d=mm&r=g","caption":"admin"},"sameAs":["https:\/\/patriaparatodos.com.ve"],"url":"https:\/\/patriaparatodos.com.ve\/?author=1"}]}},"_links":{"self":[{"href":"https:\/\/patriaparatodos.com.ve\/index.php?rest_route=\/wp\/v2\/posts\/765","targetHints":{"allow":["GET"]}}],"collection":[{"href":"https:\/\/patriaparatodos.com.ve\/index.php?rest_route=\/wp\/v2\/posts"}],"about":[{"href":"https:\/\/patriaparatodos.com.ve\/index.php?rest_route=\/wp\/v2\/types\/post"}],"author":[{"embeddable":true,"href":"https:\/\/patriaparatodos.com.ve\/index.php?rest_route=\/wp\/v2\/users\/1"}],"replies":[{"embeddable":true,"href":"https:\/\/patriaparatodos.com.ve\/index.php?rest_route=%2Fwp%2Fv2%2Fcomments&post=765"}],"version-history":[{"count":1,"href":"https:\/\/patriaparatodos.com.ve\/index.php?rest_route=\/wp\/v2\/posts\/765\/revisions"}],"predecessor-version":[{"id":767,"href":"https:\/\/patriaparatodos.com.ve\/index.php?rest_route=\/wp\/v2\/posts\/765\/revisions\/767"}],"wp:featuredmedia":[{"embeddable":true,"href":"https:\/\/patriaparatodos.com.ve\/index.php?rest_route=\/wp\/v2\/media\/743"}],"wp:attachment":[{"href":"https:\/\/patriaparatodos.com.ve\/index.php?rest_route=%2Fwp%2Fv2%2Fmedia&parent=765"}],"wp:term":[{"taxonomy":"category","embeddable":true,"href":"https:\/\/patriaparatodos.com.ve\/index.php?rest_route=%2Fwp%2Fv2%2Fcategories&post=765"},{"taxonomy":"post_tag","embeddable":true,"href":"https:\/\/patriaparatodos.com.ve\/index.php?rest_route=%2Fwp%2Fv2%2Ftags&post=765"}],"curies":[{"name":"wp","href":"https:\/\/api.w.org\/{rel}","templated":true}]}}