{"id":768,"date":"2023-06-18T00:27:33","date_gmt":"2023-06-18T00:27:33","guid":{"rendered":"https:\/\/patriaparatodos.com.ve\/?p=768"},"modified":"2023-07-14T01:08:55","modified_gmt":"2023-07-14T01:08:55","slug":"an-evaluara-renuncia-de-rectores-del-cne-para-iniciar-comite-de-postulaciones","status":"publish","type":"post","link":"https:\/\/patriaparatodos.com.ve\/?p=768","title":{"rendered":"AN evaluar\u00e1 renuncia de rectores del CNE para iniciar Comit\u00e9 de Postulaciones"},"content":{"rendered":"<p><strong>Caracas, 15 de junio de 2023\u00a0 VTV<\/strong><\/p>\n<p>La diputada a la Asamblea Nacional (AN), Ilenia Medina, durante una entrevista en el programa Al Aire que transmite Venezolana de Televisi\u00f3n (VTV), se\u00f1al\u00f3 que este 15 de junio se realizar\u00e1 el procedimiento para la aceptaci\u00f3n de la renuncia de los rectores del Consejo Nacional Electoral (CNE), a fin de evaluar e iniciar el Comit\u00e9 de Postulaciones, como lo establece la Constituci\u00f3n, as\u00ed como la Ley de Procesos Electorales.<\/p>\n<p>\u201cDesde la Asamblea Nacional tenemos que hacer la evaluaci\u00f3n, para iniciar el proceso que establece la Constituci\u00f3n de la Rep\u00fablica Bolivariana de Venezuela, as\u00ed como la Ley de Procesos Electorales, por lo que no existir\u00e1 un vac\u00edo de ese poder\u201d, sostuvo la diputada.<\/p>\n<p>Indic\u00f3 que la renuncia de los rectores del CNE, no afectar\u00e1 a las elecciones presidenciales y todo marchar\u00e1 de acuerdo a lo establecido en la norma Constitucional.<\/p>\n<blockquote class=\"twitter-tweet\" data-width=\"550\" data-dnt=\"true\">\n<p lang=\"es\" dir=\"ltr\"><a href=\"https:\/\/twitter.com\/hashtag\/EnVideo?src=hash&amp;ref_src=twsrc%5Etfw\">#EnVideo<\/a>\ud83d\udcf9| Diputada de la AN, <a href=\"https:\/\/twitter.com\/PPTIleniMedina?ref_src=twsrc%5Etfw\">@PPTIleniMedina<\/a> indic\u00f3 que los integrantes del CNE han mostrado mucha seriedad en su trabajo, por lo que insta a esperar por la declaraci\u00f3n de ese organismo; destac\u00f3 que la AN iniciar\u00e1 el Comit\u00e9 Preliminar de Postulaci\u00f3n, de acuerdo a la\u2026 <a href=\"https:\/\/t.co\/dsjO1BDa11\">pic.twitter.com\/dsjO1BDa11<\/a><\/p>\n<p>&mdash; VTV CANAL 8 (@VTVcanal8) <a href=\"https:\/\/twitter.com\/VTVcanal8\/status\/1669313307272986624?ref_src=twsrc%5Etfw\">June 15, 2023<\/a><\/p><\/blockquote>\n<p><script async src=\"https:\/\/platform.twitter.com\/widgets.js\" charset=\"utf-8\"><\/script><\/p>\n<p>\u201cNo afecta esta decisi\u00f3n, puesto que las elecciones son para el pr\u00f3ximo a\u00f1o, por lo que se ajusta a los tiempos que tenemos, para tomar las medidas, hacer las postulaciones que correspondan y cumplir con el proceso que contempla la Constituci\u00f3n venezolana\u201d, a\u00f1adi\u00f3.<\/p>\n<p>Agreg\u00f3 que durante la sesi\u00f3n de la AN, escuchar\u00e1n las razones del porqu\u00e9 los rectores del CNE tomaron esa decisi\u00f3n, \u201ces el papel de la Asamblea, justamente, atender ese planteamiento e inmediatamente iniciar el Comit\u00e9 de Postulaciones\u201d.<\/p>\n<p>En otro contexto, Medina se mostr\u00f3 en desacuerdo con la privatizaci\u00f3n de las elecciones de la Universidad Central de Venezuela (UCV), recalc\u00f3 lo absurdo que le pareci\u00f3 el tiempo de espera para realizar su derecho al voto.<\/p>\n","protected":false},"excerpt":{"rendered":"<p>Caracas, 15 de junio de 2023\u00a0 VTV La diputada a la Asamblea Nacional (AN), Ilenia Medina, durante una entrevista en el programa Al Aire que transmite Venezolana de Televisi\u00f3n (VTV), se\u00f1al\u00f3 que este 15 de junio se realizar\u00e1 el procedimiento para la aceptaci\u00f3n de la renuncia de los rectores del Consejo Nacional Electoral (CNE), a [&hellip;]<\/p>\n","protected":false},"author":1,"featured_media":746,"comment_status":"closed","ping_status":"open","sticky":false,"template":"","format":"standard","meta":{"footnotes":""},"categories":[8],"tags":[],"class_list":["post-768","post","type-post","status-publish","format-standard","has-post-thumbnail","hentry","category-legisladores"],"yoast_head":"<!-- This site is optimized with the Yoast SEO plugin v23.3 - https:\/\/yoast.com\/wordpress\/plugins\/seo\/ -->\n<title>AN evaluar\u00e1 renuncia de rectores del CNE para iniciar Comit\u00e9 de Postulaciones - La Mecha Azul<\/title>\n<meta name=\"robots\" content=\"index, follow, max-snippet:-1, max-image-preview:large, max-video-preview:-1\" \/>\n<link rel=\"canonical\" href=\"https:\/\/patriaparatodos.com.ve\/?p=768\" \/>\n<meta property=\"og:locale\" content=\"es_ES\" \/>\n<meta property=\"og:type\" content=\"article\" \/>\n<meta property=\"og:title\" content=\"AN evaluar\u00e1 renuncia de rectores del CNE para iniciar Comit\u00e9 de Postulaciones - La Mecha Azul\" \/>\n<meta property=\"og:description\" content=\"Caracas, 15 de junio de 2023\u00a0 VTV La diputada a la Asamblea Nacional (AN), Ilenia Medina, durante una entrevista en el programa Al Aire que transmite Venezolana de Televisi\u00f3n (VTV), se\u00f1al\u00f3 que este 15 de junio se realizar\u00e1 el procedimiento para la aceptaci\u00f3n de la renuncia de los rectores del Consejo Nacional Electoral (CNE), a [&hellip;]\" \/>\n<meta property=\"og:url\" content=\"https:\/\/patriaparatodos.com.ve\/?p=768\" \/>\n<meta property=\"og:site_name\" content=\"La Mecha Azul\" \/>\n<meta property=\"article:published_time\" content=\"2023-06-18T00:27:33+00:00\" \/>\n<meta property=\"article:modified_time\" content=\"2023-07-14T01:08:55+00:00\" \/>\n<meta property=\"og:image\" content=\"https:\/\/patriaparatodos.com.ve\/wp-content\/uploads\/2023\/06\/ILENIA.png\" \/>\n\t<meta property=\"og:image:width\" content=\"800\" \/>\n\t<meta property=\"og:image:height\" content=\"445\" \/>\n\t<meta property=\"og:image:type\" content=\"image\/png\" \/>\n<meta name=\"author\" content=\"admin\" \/>\n<meta name=\"twitter:card\" content=\"summary_large_image\" \/>\n<meta name=\"twitter:label1\" content=\"Escrito por\" \/>\n\t<meta name=\"twitter:data1\" content=\"admin\" \/>\n\t<meta name=\"twitter:label2\" content=\"Tiempo de lectura\" \/>\n\t<meta name=\"twitter:data2\" content=\"1 minuto\" \/>\n<script type=\"application\/ld+json\" class=\"yoast-schema-graph\">{\"@context\":\"https:\/\/schema.org\",\"@graph\":[{\"@type\":\"Article\",\"@id\":\"https:\/\/patriaparatodos.com.ve\/?p=768#article\",\"isPartOf\":{\"@id\":\"https:\/\/patriaparatodos.com.ve\/?p=768\"},\"author\":{\"name\":\"admin\",\"@id\":\"https:\/\/patriaparatodos.com.ve\/#\/schema\/person\/5f87d17351c27386e48e4f8927996b15\"},\"headline\":\"AN evaluar\u00e1 renuncia de rectores del CNE para iniciar Comit\u00e9 de Postulaciones\",\"datePublished\":\"2023-06-18T00:27:33+00:00\",\"dateModified\":\"2023-07-14T01:08:55+00:00\",\"mainEntityOfPage\":{\"@id\":\"https:\/\/patriaparatodos.com.ve\/?p=768\"},\"wordCount\":295,\"publisher\":{\"@id\":\"https:\/\/patriaparatodos.com.ve\/#organization\"},\"image\":{\"@id\":\"https:\/\/patriaparatodos.com.ve\/?p=768#primaryimage\"},\"thumbnailUrl\":\"https:\/\/patriaparatodos.com.ve\/wp-content\/uploads\/2023\/06\/ILENIA.png\",\"articleSection\":[\"Legisladores\"],\"inLanguage\":\"es\"},{\"@type\":\"WebPage\",\"@id\":\"https:\/\/patriaparatodos.com.ve\/?p=768\",\"url\":\"https:\/\/patriaparatodos.com.ve\/?p=768\",\"name\":\"AN evaluar\u00e1 renuncia de rectores del CNE para iniciar Comit\u00e9 de Postulaciones - La Mecha Azul\",\"isPartOf\":{\"@id\":\"https:\/\/patriaparatodos.com.ve\/#website\"},\"primaryImageOfPage\":{\"@id\":\"https:\/\/patriaparatodos.com.ve\/?p=768#primaryimage\"},\"image\":{\"@id\":\"https:\/\/patriaparatodos.com.ve\/?p=768#primaryimage\"},\"thumbnailUrl\":\"https:\/\/patriaparatodos.com.ve\/wp-content\/uploads\/2023\/06\/ILENIA.png\",\"datePublished\":\"2023-06-18T00:27:33+00:00\",\"dateModified\":\"2023-07-14T01:08:55+00:00\",\"breadcrumb\":{\"@id\":\"https:\/\/patriaparatodos.com.ve\/?p=768#breadcrumb\"},\"inLanguage\":\"es\",\"potentialAction\":[{\"@type\":\"ReadAction\",\"target\":[\"https:\/\/patriaparatodos.com.ve\/?p=768\"]}]},{\"@type\":\"ImageObject\",\"inLanguage\":\"es\",\"@id\":\"https:\/\/patriaparatodos.com.ve\/?p=768#primaryimage\",\"url\":\"https:\/\/patriaparatodos.com.ve\/wp-content\/uploads\/2023\/06\/ILENIA.png\",\"contentUrl\":\"https:\/\/patriaparatodos.com.ve\/wp-content\/uploads\/2023\/06\/ILENIA.png\",\"width\":800,\"height\":445},{\"@type\":\"BreadcrumbList\",\"@id\":\"https:\/\/patriaparatodos.com.ve\/?p=768#breadcrumb\",\"itemListElement\":[{\"@type\":\"ListItem\",\"position\":1,\"name\":\"Portada\",\"item\":\"https:\/\/patriaparatodos.com.ve\/\"},{\"@type\":\"ListItem\",\"position\":2,\"name\":\"AN evaluar\u00e1 renuncia de rectores del CNE para iniciar Comit\u00e9 de Postulaciones\"}]},{\"@type\":\"WebSite\",\"@id\":\"https:\/\/patriaparatodos.com.ve\/#website\",\"url\":\"https:\/\/patriaparatodos.com.ve\/\",\"name\":\"La Mecha Azul\",\"description\":\"Por la \u00c9tica, Valor de la Palabra\",\"publisher\":{\"@id\":\"https:\/\/patriaparatodos.com.ve\/#organization\"},\"potentialAction\":[{\"@type\":\"SearchAction\",\"target\":{\"@type\":\"EntryPoint\",\"urlTemplate\":\"https:\/\/patriaparatodos.com.ve\/?s={search_term_string}\"},\"query-input\":\"required name=search_term_string\"}],\"inLanguage\":\"es\"},{\"@type\":\"Organization\",\"@id\":\"https:\/\/patriaparatodos.com.ve\/#organization\",\"name\":\"La Mecha Azul\",\"url\":\"https:\/\/patriaparatodos.com.ve\/\",\"logo\":{\"@type\":\"ImageObject\",\"inLanguage\":\"es\",\"@id\":\"https:\/\/patriaparatodos.com.ve\/#\/schema\/logo\/image\/\",\"url\":\"https:\/\/patriaparatodos.com.ve\/wp-content\/uploads\/2023\/02\/cropped-logo-La-mecha-Azul-n.png\",\"contentUrl\":\"https:\/\/patriaparatodos.com.ve\/wp-content\/uploads\/2023\/02\/cropped-logo-La-mecha-Azul-n.png\",\"width\":5884,\"height\":3318,\"caption\":\"La Mecha Azul\"},\"image\":{\"@id\":\"https:\/\/patriaparatodos.com.ve\/#\/schema\/logo\/image\/\"}},{\"@type\":\"Person\",\"@id\":\"https:\/\/patriaparatodos.com.ve\/#\/schema\/person\/5f87d17351c27386e48e4f8927996b15\",\"name\":\"admin\",\"image\":{\"@type\":\"ImageObject\",\"inLanguage\":\"es\",\"@id\":\"https:\/\/patriaparatodos.com.ve\/#\/schema\/person\/image\/\",\"url\":\"https:\/\/secure.gravatar.com\/avatar\/a29766c0fc2cc324b9ccbc693fd8f1dab0cb4ddfb34bbebb23c71d73ecfa35b7?s=96&d=mm&r=g\",\"contentUrl\":\"https:\/\/secure.gravatar.com\/avatar\/a29766c0fc2cc324b9ccbc693fd8f1dab0cb4ddfb34bbebb23c71d73ecfa35b7?s=96&d=mm&r=g\",\"caption\":\"admin\"},\"sameAs\":[\"https:\/\/patriaparatodos.com.ve\"],\"url\":\"https:\/\/patriaparatodos.com.ve\/?author=1\"}]}<\/script>\n<!-- \/ Yoast SEO plugin. -->","yoast_head_json":{"title":"AN evaluar\u00e1 renuncia de rectores del CNE para iniciar Comit\u00e9 de Postulaciones - La Mecha Azul","robots":{"index":"index","follow":"follow","max-snippet":"max-snippet:-1","max-image-preview":"max-image-preview:large","max-video-preview":"max-video-preview:-1"},"canonical":"https:\/\/patriaparatodos.com.ve\/?p=768","og_locale":"es_ES","og_type":"article","og_title":"AN evaluar\u00e1 renuncia de rectores del CNE para iniciar Comit\u00e9 de Postulaciones - La Mecha Azul","og_description":"Caracas, 15 de junio de 2023\u00a0 VTV La diputada a la Asamblea Nacional (AN), Ilenia Medina, durante una entrevista en el programa Al Aire que transmite Venezolana de Televisi\u00f3n (VTV), se\u00f1al\u00f3 que este 15 de junio se realizar\u00e1 el procedimiento para la aceptaci\u00f3n de la renuncia de los rectores del Consejo Nacional Electoral (CNE), a [&hellip;]","og_url":"https:\/\/patriaparatodos.com.ve\/?p=768","og_site_name":"La Mecha Azul","article_published_time":"2023-06-18T00:27:33+00:00","article_modified_time":"2023-07-14T01:08:55+00:00","og_image":[{"width":800,"height":445,"url":"https:\/\/patriaparatodos.com.ve\/wp-content\/uploads\/2023\/06\/ILENIA.png","type":"image\/png"}],"author":"admin","twitter_card":"summary_large_image","twitter_misc":{"Escrito por":"admin","Tiempo de lectura":"1 minuto"},"schema":{"@context":"https:\/\/schema.org","@graph":[{"@type":"Article","@id":"https:\/\/patriaparatodos.com.ve\/?p=768#article","isPartOf":{"@id":"https:\/\/patriaparatodos.com.ve\/?p=768"},"author":{"name":"admin","@id":"https:\/\/patriaparatodos.com.ve\/#\/schema\/person\/5f87d17351c27386e48e4f8927996b15"},"headline":"AN evaluar\u00e1 renuncia de rectores del CNE para iniciar Comit\u00e9 de Postulaciones","datePublished":"2023-06-18T00:27:33+00:00","dateModified":"2023-07-14T01:08:55+00:00","mainEntityOfPage":{"@id":"https:\/\/patriaparatodos.com.ve\/?p=768"},"wordCount":295,"publisher":{"@id":"https:\/\/patriaparatodos.com.ve\/#organization"},"image":{"@id":"https:\/\/patriaparatodos.com.ve\/?p=768#primaryimage"},"thumbnailUrl":"https:\/\/patriaparatodos.com.ve\/wp-content\/uploads\/2023\/06\/ILENIA.png","articleSection":["Legisladores"],"inLanguage":"es"},{"@type":"WebPage","@id":"https:\/\/patriaparatodos.com.ve\/?p=768","url":"https:\/\/patriaparatodos.com.ve\/?p=768","name":"AN evaluar\u00e1 renuncia de rectores del CNE para iniciar Comit\u00e9 de Postulaciones - La Mecha Azul","isPartOf":{"@id":"https:\/\/patriaparatodos.com.ve\/#website"},"primaryImageOfPage":{"@id":"https:\/\/patriaparatodos.com.ve\/?p=768#primaryimage"},"image":{"@id":"https:\/\/patriaparatodos.com.ve\/?p=768#primaryimage"},"thumbnailUrl":"https:\/\/patriaparatodos.com.ve\/wp-content\/uploads\/2023\/06\/ILENIA.png","datePublished":"2023-06-18T00:27:33+00:00","dateModified":"2023-07-14T01:08:55+00:00","breadcrumb":{"@id":"https:\/\/patriaparatodos.com.ve\/?p=768#breadcrumb"},"inLanguage":"es","potentialAction":[{"@type":"ReadAction","target":["https:\/\/patriaparatodos.com.ve\/?p=768"]}]},{"@type":"ImageObject","inLanguage":"es","@id":"https:\/\/patriaparatodos.com.ve\/?p=768#primaryimage","url":"https:\/\/patriaparatodos.com.ve\/wp-content\/uploads\/2023\/06\/ILENIA.png","contentUrl":"https:\/\/patriaparatodos.com.ve\/wp-content\/uploads\/2023\/06\/ILENIA.png","width":800,"height":445},{"@type":"BreadcrumbList","@id":"https:\/\/patriaparatodos.com.ve\/?p=768#breadcrumb","itemListElement":[{"@type":"ListItem","position":1,"name":"Portada","item":"https:\/\/patriaparatodos.com.ve\/"},{"@type":"ListItem","position":2,"name":"AN evaluar\u00e1 renuncia de rectores del CNE para iniciar Comit\u00e9 de Postulaciones"}]},{"@type":"WebSite","@id":"https:\/\/patriaparatodos.com.ve\/#website","url":"https:\/\/patriaparatodos.com.ve\/","name":"La Mecha Azul","description":"Por la \u00c9tica, Valor de la Palabra","publisher":{"@id":"https:\/\/patriaparatodos.com.ve\/#organization"},"potentialAction":[{"@type":"SearchAction","target":{"@type":"EntryPoint","urlTemplate":"https:\/\/patriaparatodos.com.ve\/?s={search_term_string}"},"query-input":"required name=search_term_string"}],"inLanguage":"es"},{"@type":"Organization","@id":"https:\/\/patriaparatodos.com.ve\/#organization","name":"La Mecha Azul","url":"https:\/\/patriaparatodos.com.ve\/","logo":{"@type":"ImageObject","inLanguage":"es","@id":"https:\/\/patriaparatodos.com.ve\/#\/schema\/logo\/image\/","url":"https:\/\/patriaparatodos.com.ve\/wp-content\/uploads\/2023\/02\/cropped-logo-La-mecha-Azul-n.png","contentUrl":"https:\/\/patriaparatodos.com.ve\/wp-content\/uploads\/2023\/02\/cropped-logo-La-mecha-Azul-n.png","width":5884,"height":3318,"caption":"La Mecha Azul"},"image":{"@id":"https:\/\/patriaparatodos.com.ve\/#\/schema\/logo\/image\/"}},{"@type":"Person","@id":"https:\/\/patriaparatodos.com.ve\/#\/schema\/person\/5f87d17351c27386e48e4f8927996b15","name":"admin","image":{"@type":"ImageObject","inLanguage":"es","@id":"https:\/\/patriaparatodos.com.ve\/#\/schema\/person\/image\/","url":"https:\/\/secure.gravatar.com\/avatar\/a29766c0fc2cc324b9ccbc693fd8f1dab0cb4ddfb34bbebb23c71d73ecfa35b7?s=96&d=mm&r=g","contentUrl":"https:\/\/secure.gravatar.com\/avatar\/a29766c0fc2cc324b9ccbc693fd8f1dab0cb4ddfb34bbebb23c71d73ecfa35b7?s=96&d=mm&r=g","caption":"admin"},"sameAs":["https:\/\/patriaparatodos.com.ve"],"url":"https:\/\/patriaparatodos.com.ve\/?author=1"}]}},"_links":{"self":[{"href":"https:\/\/patriaparatodos.com.ve\/index.php?rest_route=\/wp\/v2\/posts\/768","targetHints":{"allow":["GET"]}}],"collection":[{"href":"https:\/\/patriaparatodos.com.ve\/index.php?rest_route=\/wp\/v2\/posts"}],"about":[{"href":"https:\/\/patriaparatodos.com.ve\/index.php?rest_route=\/wp\/v2\/types\/post"}],"author":[{"embeddable":true,"href":"https:\/\/patriaparatodos.com.ve\/index.php?rest_route=\/wp\/v2\/users\/1"}],"replies":[{"embeddable":true,"href":"https:\/\/patriaparatodos.com.ve\/index.php?rest_route=%2Fwp%2Fv2%2Fcomments&post=768"}],"version-history":[{"count":3,"href":"https:\/\/patriaparatodos.com.ve\/index.php?rest_route=\/wp\/v2\/posts\/768\/revisions"}],"predecessor-version":[{"id":776,"href":"https:\/\/patriaparatodos.com.ve\/index.php?rest_route=\/wp\/v2\/posts\/768\/revisions\/776"}],"wp:featuredmedia":[{"embeddable":true,"href":"https:\/\/patriaparatodos.com.ve\/index.php?rest_route=\/wp\/v2\/media\/746"}],"wp:attachment":[{"href":"https:\/\/patriaparatodos.com.ve\/index.php?rest_route=%2Fwp%2Fv2%2Fmedia&parent=768"}],"wp:term":[{"taxonomy":"category","embeddable":true,"href":"https:\/\/patriaparatodos.com.ve\/index.php?rest_route=%2Fwp%2Fv2%2Fcategories&post=768"},{"taxonomy":"post_tag","embeddable":true,"href":"https:\/\/patriaparatodos.com.ve\/index.php?rest_route=%2Fwp%2Fv2%2Ftags&post=768"}],"curies":[{"name":"wp","href":"https:\/\/api.w.org\/{rel}","templated":true}]}}