{"id":771,"date":"2023-06-18T00:29:05","date_gmt":"2023-06-18T00:29:05","guid":{"rendered":"https:\/\/patriaparatodos.com.ve\/?p=771"},"modified":"2023-07-14T01:05:45","modified_gmt":"2023-07-14T01:05:45","slug":"an-solicita-inmediata-liberacion-del-diplomatico-alex-saab","status":"publish","type":"post","link":"https:\/\/patriaparatodos.com.ve\/?p=771","title":{"rendered":"AN solicita inmediata liberaci\u00f3n del diplom\u00e1tico Alex Saab"},"content":{"rendered":"<p><strong>Prensa Asamblea Nacional<\/strong><\/p>\n<p>Durante la sesi\u00f3n ordinaria de este jueves, el Parlamento Nacional aprob\u00f3 un acuerdo en el que solicita al Gobierno de Estados Unidos la inmediata liberaci\u00f3n del diplom\u00e1tico venezolano Alex Saab, quien permanece secuestrado en ese pa\u00eds desde hace tres a\u00f1os.<\/p>\n<p>El acuerdo fue presentado por la diputada Ilenia Medina (PPT\/Nacional), quien acus\u00f3 a EE.UU de violar la Convenci\u00f3n de Viena sobre Relaciones Diplom\u00e1ticas, as\u00ed como desconocer descaradamente el texto de la Carta de las Naciones Unidas, que establece los principios inalienables de autodeterminaci\u00f3n, soberan\u00eda e igualdad de jurisdicci\u00f3n de los Estados.<\/p>\n<p><img fetchpriority=\"high\" decoding=\"async\" class=\"aligncenter wp-image-744 size-full\" src=\"https:\/\/patriaparatodos.com.ve\/wp-content\/uploads\/2023\/06\/an-solicita-inmediata-liberacion-del-diplomatico-alex-saab-20230615181738.png\" alt=\"\" width=\"800\" height=\"449\" srcset=\"https:\/\/patriaparatodos.com.ve\/wp-content\/uploads\/2023\/06\/an-solicita-inmediata-liberacion-del-diplomatico-alex-saab-20230615181738.png 800w, https:\/\/patriaparatodos.com.ve\/wp-content\/uploads\/2023\/06\/an-solicita-inmediata-liberacion-del-diplomatico-alex-saab-20230615181738-300x168.png 300w, https:\/\/patriaparatodos.com.ve\/wp-content\/uploads\/2023\/06\/an-solicita-inmediata-liberacion-del-diplomatico-alex-saab-20230615181738-768x431.png 768w\" sizes=\"(max-width: 800px) 100vw, 800px\" \/><\/p>\n<p>Medina hizo un llamado a respaldar la decisi\u00f3n de la Sala Constitucional del Tribunal Supremo de Justicia (TSJ), emitida el 12 de mayo de 2023, que solicita la liberaci\u00f3n del diplom\u00e1tico venezolano a las autoridades estadounidenses.<\/p>\n<p>Exhort\u00f3 a los pa\u00edses del mundo, y sus representaciones diplom\u00e1ticas, a mantener una lucha colectiva eficaz para no dejar en orfandad a los diplom\u00e1ticos a nivel mundial. \u201c\u2026tenemos en nuestros hombros la defensa de la soberan\u00eda del pueblo, y cuando se violenta a un pueblo se violenta a todos\u201d, sentenci\u00f3.<\/p>\n<p>Agreg\u00f3 que recientemente se cumplieron 62 a\u00f1os de la creaci\u00f3n de la Convenci\u00f3n de Viena, proclamada en Austria despu\u00e9s de la Segunda Guerra Mundial; una de cuyas misiones fundamentales, por cierto, es proteger a los altos funcionarios de un pa\u00eds, incluso a los no diplom\u00e1ticos, porque son los representantes del Jefe de Estado ante los pa\u00edses.<\/p>\n<p>Insisti\u00f3 en la necesidad de realizar, en Austria, un amplio debate sobre el significado de este crimen de lesa humanidad que, sin duda, violenta los principios del Derecho Internacional Humanitario.<\/p>\n<p>El presidente de la AN, diputado Jorge Rodr\u00edguez (PSUV\/Dtto. Capital), se\u00f1al\u00f3 que todos deben, bajo una sola voz, exigir la libertad para un hombre que no hizo otra cosa m\u00e1s que ayudar a los venezolanos en el momento m\u00e1s dif\u00edcil de su historia republicana.<\/p>\n<p>Explic\u00f3 que se trata de la agresi\u00f3n m\u00e1s grave que Venezuela haya sufrido desde el hegem\u00f3n del norte, y todo esto en medio de una pavorosa pandemia y de severas medidas coercitivas, producto del bloqueo estadounidense.<\/p>\n<p>Rodr\u00edguez concluy\u00f3 al se\u00f1alar que los actos de solidaridad no son insuficientes, \u201ctodas las expresiones deben ser realizadas con una sola garganta; gritar a los cuatro vientos FreeAlexSaab, libertad para nuestro diplom\u00e1tico encarcelado.<\/p>\n<p>En un derecho de palabra, uno de los 5 h\u00e9roes cubanos, Ren\u00e9 Gonz\u00e1lez, narr\u00f3 las circunstancias de su secuestro e hizo hincapi\u00e9 en los crueles tratos vividos en las mazmorras de las c\u00e1rceles norteamericanas. \u201cSe debe mover el planeta para liberar a Alex Saab\u201d, precis\u00f3.<\/p>\n<p>Estuvieron presentes en esta sesi\u00f3n, Camila Fabri de Saab, esposa de Alex Saab, acompa\u00f1ada de sus hijos, adem\u00e1s de los integrantes de la agrupaci\u00f3n cubana \u201cBuena Fe\u201d, Israel Rojas, Noel Mart\u00ednez y Marcelino Garc\u00eda.<\/p>\n<p>Para sumarse a los actos de solidaridad con el movimiento FreeAlexSaab, tambi\u00e9n estuvieron presentes en la sesi\u00f3n representantes de Argentina, Brasil, Cuba, T\u00fanez, El Salvador, Canad\u00e1, Espa\u00f1a, Estados Unidos, Nigeria, Reino Unido y Uruguay.<\/p>\n","protected":false},"excerpt":{"rendered":"<p>Prensa Asamblea Nacional Durante la sesi\u00f3n ordinaria de este jueves, el Parlamento Nacional aprob\u00f3 un acuerdo en el que solicita al Gobierno de Estados Unidos la inmediata liberaci\u00f3n del diplom\u00e1tico venezolano Alex Saab, quien permanece secuestrado en ese pa\u00eds desde hace tres a\u00f1os. El acuerdo fue presentado por la diputada Ilenia Medina (PPT\/Nacional), quien acus\u00f3 [&hellip;]<\/p>\n","protected":false},"author":1,"featured_media":745,"comment_status":"closed","ping_status":"open","sticky":false,"template":"","format":"standard","meta":{"footnotes":""},"categories":[8],"tags":[],"class_list":["post-771","post","type-post","status-publish","format-standard","has-post-thumbnail","hentry","category-legisladores"],"yoast_head":"<!-- This site is optimized with the Yoast SEO plugin v23.3 - https:\/\/yoast.com\/wordpress\/plugins\/seo\/ -->\n<title>AN solicita inmediata liberaci\u00f3n del diplom\u00e1tico Alex Saab - La Mecha Azul<\/title>\n<meta name=\"robots\" content=\"index, follow, max-snippet:-1, max-image-preview:large, max-video-preview:-1\" \/>\n<link rel=\"canonical\" href=\"https:\/\/patriaparatodos.com.ve\/?p=771\" \/>\n<meta property=\"og:locale\" content=\"es_ES\" \/>\n<meta property=\"og:type\" content=\"article\" \/>\n<meta property=\"og:title\" content=\"AN solicita inmediata liberaci\u00f3n del diplom\u00e1tico Alex Saab - La Mecha Azul\" \/>\n<meta property=\"og:description\" content=\"Prensa Asamblea Nacional Durante la sesi\u00f3n ordinaria de este jueves, el Parlamento Nacional aprob\u00f3 un acuerdo en el que solicita al Gobierno de Estados Unidos la inmediata liberaci\u00f3n del diplom\u00e1tico venezolano Alex Saab, quien permanece secuestrado en ese pa\u00eds desde hace tres a\u00f1os. El acuerdo fue presentado por la diputada Ilenia Medina (PPT\/Nacional), quien acus\u00f3 [&hellip;]\" \/>\n<meta property=\"og:url\" content=\"https:\/\/patriaparatodos.com.ve\/?p=771\" \/>\n<meta property=\"og:site_name\" content=\"La Mecha Azul\" \/>\n<meta property=\"article:published_time\" content=\"2023-06-18T00:29:05+00:00\" \/>\n<meta property=\"article:modified_time\" content=\"2023-07-14T01:05:45+00:00\" \/>\n<meta property=\"og:image\" content=\"https:\/\/patriaparatodos.com.ve\/wp-content\/uploads\/2023\/06\/an-solicita-inmediata-liberacion-del-diplomatico-alex-saab-20230615234445.jpg\" \/>\n\t<meta property=\"og:image:width\" content=\"800\" \/>\n\t<meta property=\"og:image:height\" content=\"533\" \/>\n\t<meta property=\"og:image:type\" content=\"image\/jpeg\" \/>\n<meta name=\"author\" content=\"admin\" \/>\n<meta name=\"twitter:card\" content=\"summary_large_image\" \/>\n<meta name=\"twitter:label1\" content=\"Escrito por\" \/>\n\t<meta name=\"twitter:data1\" content=\"admin\" \/>\n\t<meta name=\"twitter:label2\" content=\"Tiempo de lectura\" \/>\n\t<meta name=\"twitter:data2\" content=\"3 minutos\" \/>\n<script type=\"application\/ld+json\" class=\"yoast-schema-graph\">{\"@context\":\"https:\/\/schema.org\",\"@graph\":[{\"@type\":\"Article\",\"@id\":\"https:\/\/patriaparatodos.com.ve\/?p=771#article\",\"isPartOf\":{\"@id\":\"https:\/\/patriaparatodos.com.ve\/?p=771\"},\"author\":{\"name\":\"admin\",\"@id\":\"https:\/\/patriaparatodos.com.ve\/#\/schema\/person\/5f87d17351c27386e48e4f8927996b15\"},\"headline\":\"AN solicita inmediata liberaci\u00f3n del diplom\u00e1tico Alex Saab\",\"datePublished\":\"2023-06-18T00:29:05+00:00\",\"dateModified\":\"2023-07-14T01:05:45+00:00\",\"mainEntityOfPage\":{\"@id\":\"https:\/\/patriaparatodos.com.ve\/?p=771\"},\"wordCount\":549,\"publisher\":{\"@id\":\"https:\/\/patriaparatodos.com.ve\/#organization\"},\"image\":{\"@id\":\"https:\/\/patriaparatodos.com.ve\/?p=771#primaryimage\"},\"thumbnailUrl\":\"https:\/\/patriaparatodos.com.ve\/wp-content\/uploads\/2023\/06\/an-solicita-inmediata-liberacion-del-diplomatico-alex-saab-20230615234445.jpg\",\"articleSection\":[\"Legisladores\"],\"inLanguage\":\"es\"},{\"@type\":\"WebPage\",\"@id\":\"https:\/\/patriaparatodos.com.ve\/?p=771\",\"url\":\"https:\/\/patriaparatodos.com.ve\/?p=771\",\"name\":\"AN solicita inmediata liberaci\u00f3n del diplom\u00e1tico Alex Saab - La Mecha Azul\",\"isPartOf\":{\"@id\":\"https:\/\/patriaparatodos.com.ve\/#website\"},\"primaryImageOfPage\":{\"@id\":\"https:\/\/patriaparatodos.com.ve\/?p=771#primaryimage\"},\"image\":{\"@id\":\"https:\/\/patriaparatodos.com.ve\/?p=771#primaryimage\"},\"thumbnailUrl\":\"https:\/\/patriaparatodos.com.ve\/wp-content\/uploads\/2023\/06\/an-solicita-inmediata-liberacion-del-diplomatico-alex-saab-20230615234445.jpg\",\"datePublished\":\"2023-06-18T00:29:05+00:00\",\"dateModified\":\"2023-07-14T01:05:45+00:00\",\"breadcrumb\":{\"@id\":\"https:\/\/patriaparatodos.com.ve\/?p=771#breadcrumb\"},\"inLanguage\":\"es\",\"potentialAction\":[{\"@type\":\"ReadAction\",\"target\":[\"https:\/\/patriaparatodos.com.ve\/?p=771\"]}]},{\"@type\":\"ImageObject\",\"inLanguage\":\"es\",\"@id\":\"https:\/\/patriaparatodos.com.ve\/?p=771#primaryimage\",\"url\":\"https:\/\/patriaparatodos.com.ve\/wp-content\/uploads\/2023\/06\/an-solicita-inmediata-liberacion-del-diplomatico-alex-saab-20230615234445.jpg\",\"contentUrl\":\"https:\/\/patriaparatodos.com.ve\/wp-content\/uploads\/2023\/06\/an-solicita-inmediata-liberacion-del-diplomatico-alex-saab-20230615234445.jpg\",\"width\":800,\"height\":533},{\"@type\":\"BreadcrumbList\",\"@id\":\"https:\/\/patriaparatodos.com.ve\/?p=771#breadcrumb\",\"itemListElement\":[{\"@type\":\"ListItem\",\"position\":1,\"name\":\"Portada\",\"item\":\"https:\/\/patriaparatodos.com.ve\/\"},{\"@type\":\"ListItem\",\"position\":2,\"name\":\"AN solicita inmediata liberaci\u00f3n del diplom\u00e1tico Alex Saab\"}]},{\"@type\":\"WebSite\",\"@id\":\"https:\/\/patriaparatodos.com.ve\/#website\",\"url\":\"https:\/\/patriaparatodos.com.ve\/\",\"name\":\"La Mecha Azul\",\"description\":\"Por la \u00c9tica, Valor de la Palabra\",\"publisher\":{\"@id\":\"https:\/\/patriaparatodos.com.ve\/#organization\"},\"potentialAction\":[{\"@type\":\"SearchAction\",\"target\":{\"@type\":\"EntryPoint\",\"urlTemplate\":\"https:\/\/patriaparatodos.com.ve\/?s={search_term_string}\"},\"query-input\":\"required name=search_term_string\"}],\"inLanguage\":\"es\"},{\"@type\":\"Organization\",\"@id\":\"https:\/\/patriaparatodos.com.ve\/#organization\",\"name\":\"La Mecha Azul\",\"url\":\"https:\/\/patriaparatodos.com.ve\/\",\"logo\":{\"@type\":\"ImageObject\",\"inLanguage\":\"es\",\"@id\":\"https:\/\/patriaparatodos.com.ve\/#\/schema\/logo\/image\/\",\"url\":\"https:\/\/patriaparatodos.com.ve\/wp-content\/uploads\/2023\/02\/cropped-logo-La-mecha-Azul-n.png\",\"contentUrl\":\"https:\/\/patriaparatodos.com.ve\/wp-content\/uploads\/2023\/02\/cropped-logo-La-mecha-Azul-n.png\",\"width\":5884,\"height\":3318,\"caption\":\"La Mecha Azul\"},\"image\":{\"@id\":\"https:\/\/patriaparatodos.com.ve\/#\/schema\/logo\/image\/\"}},{\"@type\":\"Person\",\"@id\":\"https:\/\/patriaparatodos.com.ve\/#\/schema\/person\/5f87d17351c27386e48e4f8927996b15\",\"name\":\"admin\",\"image\":{\"@type\":\"ImageObject\",\"inLanguage\":\"es\",\"@id\":\"https:\/\/patriaparatodos.com.ve\/#\/schema\/person\/image\/\",\"url\":\"https:\/\/secure.gravatar.com\/avatar\/a29766c0fc2cc324b9ccbc693fd8f1dab0cb4ddfb34bbebb23c71d73ecfa35b7?s=96&d=mm&r=g\",\"contentUrl\":\"https:\/\/secure.gravatar.com\/avatar\/a29766c0fc2cc324b9ccbc693fd8f1dab0cb4ddfb34bbebb23c71d73ecfa35b7?s=96&d=mm&r=g\",\"caption\":\"admin\"},\"sameAs\":[\"https:\/\/patriaparatodos.com.ve\"],\"url\":\"https:\/\/patriaparatodos.com.ve\/?author=1\"}]}<\/script>\n<!-- \/ Yoast SEO plugin. -->","yoast_head_json":{"title":"AN solicita inmediata liberaci\u00f3n del diplom\u00e1tico Alex Saab - La Mecha Azul","robots":{"index":"index","follow":"follow","max-snippet":"max-snippet:-1","max-image-preview":"max-image-preview:large","max-video-preview":"max-video-preview:-1"},"canonical":"https:\/\/patriaparatodos.com.ve\/?p=771","og_locale":"es_ES","og_type":"article","og_title":"AN solicita inmediata liberaci\u00f3n del diplom\u00e1tico Alex Saab - La Mecha Azul","og_description":"Prensa Asamblea Nacional Durante la sesi\u00f3n ordinaria de este jueves, el Parlamento Nacional aprob\u00f3 un acuerdo en el que solicita al Gobierno de Estados Unidos la inmediata liberaci\u00f3n del diplom\u00e1tico venezolano Alex Saab, quien permanece secuestrado en ese pa\u00eds desde hace tres a\u00f1os. El acuerdo fue presentado por la diputada Ilenia Medina (PPT\/Nacional), quien acus\u00f3 [&hellip;]","og_url":"https:\/\/patriaparatodos.com.ve\/?p=771","og_site_name":"La Mecha Azul","article_published_time":"2023-06-18T00:29:05+00:00","article_modified_time":"2023-07-14T01:05:45+00:00","og_image":[{"width":800,"height":533,"url":"https:\/\/patriaparatodos.com.ve\/wp-content\/uploads\/2023\/06\/an-solicita-inmediata-liberacion-del-diplomatico-alex-saab-20230615234445.jpg","type":"image\/jpeg"}],"author":"admin","twitter_card":"summary_large_image","twitter_misc":{"Escrito por":"admin","Tiempo de lectura":"3 minutos"},"schema":{"@context":"https:\/\/schema.org","@graph":[{"@type":"Article","@id":"https:\/\/patriaparatodos.com.ve\/?p=771#article","isPartOf":{"@id":"https:\/\/patriaparatodos.com.ve\/?p=771"},"author":{"name":"admin","@id":"https:\/\/patriaparatodos.com.ve\/#\/schema\/person\/5f87d17351c27386e48e4f8927996b15"},"headline":"AN solicita inmediata liberaci\u00f3n del diplom\u00e1tico Alex Saab","datePublished":"2023-06-18T00:29:05+00:00","dateModified":"2023-07-14T01:05:45+00:00","mainEntityOfPage":{"@id":"https:\/\/patriaparatodos.com.ve\/?p=771"},"wordCount":549,"publisher":{"@id":"https:\/\/patriaparatodos.com.ve\/#organization"},"image":{"@id":"https:\/\/patriaparatodos.com.ve\/?p=771#primaryimage"},"thumbnailUrl":"https:\/\/patriaparatodos.com.ve\/wp-content\/uploads\/2023\/06\/an-solicita-inmediata-liberacion-del-diplomatico-alex-saab-20230615234445.jpg","articleSection":["Legisladores"],"inLanguage":"es"},{"@type":"WebPage","@id":"https:\/\/patriaparatodos.com.ve\/?p=771","url":"https:\/\/patriaparatodos.com.ve\/?p=771","name":"AN solicita inmediata liberaci\u00f3n del diplom\u00e1tico Alex Saab - La Mecha Azul","isPartOf":{"@id":"https:\/\/patriaparatodos.com.ve\/#website"},"primaryImageOfPage":{"@id":"https:\/\/patriaparatodos.com.ve\/?p=771#primaryimage"},"image":{"@id":"https:\/\/patriaparatodos.com.ve\/?p=771#primaryimage"},"thumbnailUrl":"https:\/\/patriaparatodos.com.ve\/wp-content\/uploads\/2023\/06\/an-solicita-inmediata-liberacion-del-diplomatico-alex-saab-20230615234445.jpg","datePublished":"2023-06-18T00:29:05+00:00","dateModified":"2023-07-14T01:05:45+00:00","breadcrumb":{"@id":"https:\/\/patriaparatodos.com.ve\/?p=771#breadcrumb"},"inLanguage":"es","potentialAction":[{"@type":"ReadAction","target":["https:\/\/patriaparatodos.com.ve\/?p=771"]}]},{"@type":"ImageObject","inLanguage":"es","@id":"https:\/\/patriaparatodos.com.ve\/?p=771#primaryimage","url":"https:\/\/patriaparatodos.com.ve\/wp-content\/uploads\/2023\/06\/an-solicita-inmediata-liberacion-del-diplomatico-alex-saab-20230615234445.jpg","contentUrl":"https:\/\/patriaparatodos.com.ve\/wp-content\/uploads\/2023\/06\/an-solicita-inmediata-liberacion-del-diplomatico-alex-saab-20230615234445.jpg","width":800,"height":533},{"@type":"BreadcrumbList","@id":"https:\/\/patriaparatodos.com.ve\/?p=771#breadcrumb","itemListElement":[{"@type":"ListItem","position":1,"name":"Portada","item":"https:\/\/patriaparatodos.com.ve\/"},{"@type":"ListItem","position":2,"name":"AN solicita inmediata liberaci\u00f3n del diplom\u00e1tico Alex Saab"}]},{"@type":"WebSite","@id":"https:\/\/patriaparatodos.com.ve\/#website","url":"https:\/\/patriaparatodos.com.ve\/","name":"La Mecha Azul","description":"Por la \u00c9tica, Valor de la Palabra","publisher":{"@id":"https:\/\/patriaparatodos.com.ve\/#organization"},"potentialAction":[{"@type":"SearchAction","target":{"@type":"EntryPoint","urlTemplate":"https:\/\/patriaparatodos.com.ve\/?s={search_term_string}"},"query-input":"required name=search_term_string"}],"inLanguage":"es"},{"@type":"Organization","@id":"https:\/\/patriaparatodos.com.ve\/#organization","name":"La Mecha Azul","url":"https:\/\/patriaparatodos.com.ve\/","logo":{"@type":"ImageObject","inLanguage":"es","@id":"https:\/\/patriaparatodos.com.ve\/#\/schema\/logo\/image\/","url":"https:\/\/patriaparatodos.com.ve\/wp-content\/uploads\/2023\/02\/cropped-logo-La-mecha-Azul-n.png","contentUrl":"https:\/\/patriaparatodos.com.ve\/wp-content\/uploads\/2023\/02\/cropped-logo-La-mecha-Azul-n.png","width":5884,"height":3318,"caption":"La Mecha Azul"},"image":{"@id":"https:\/\/patriaparatodos.com.ve\/#\/schema\/logo\/image\/"}},{"@type":"Person","@id":"https:\/\/patriaparatodos.com.ve\/#\/schema\/person\/5f87d17351c27386e48e4f8927996b15","name":"admin","image":{"@type":"ImageObject","inLanguage":"es","@id":"https:\/\/patriaparatodos.com.ve\/#\/schema\/person\/image\/","url":"https:\/\/secure.gravatar.com\/avatar\/a29766c0fc2cc324b9ccbc693fd8f1dab0cb4ddfb34bbebb23c71d73ecfa35b7?s=96&d=mm&r=g","contentUrl":"https:\/\/secure.gravatar.com\/avatar\/a29766c0fc2cc324b9ccbc693fd8f1dab0cb4ddfb34bbebb23c71d73ecfa35b7?s=96&d=mm&r=g","caption":"admin"},"sameAs":["https:\/\/patriaparatodos.com.ve"],"url":"https:\/\/patriaparatodos.com.ve\/?author=1"}]}},"_links":{"self":[{"href":"https:\/\/patriaparatodos.com.ve\/index.php?rest_route=\/wp\/v2\/posts\/771","targetHints":{"allow":["GET"]}}],"collection":[{"href":"https:\/\/patriaparatodos.com.ve\/index.php?rest_route=\/wp\/v2\/posts"}],"about":[{"href":"https:\/\/patriaparatodos.com.ve\/index.php?rest_route=\/wp\/v2\/types\/post"}],"author":[{"embeddable":true,"href":"https:\/\/patriaparatodos.com.ve\/index.php?rest_route=\/wp\/v2\/users\/1"}],"replies":[{"embeddable":true,"href":"https:\/\/patriaparatodos.com.ve\/index.php?rest_route=%2Fwp%2Fv2%2Fcomments&post=771"}],"version-history":[{"count":2,"href":"https:\/\/patriaparatodos.com.ve\/index.php?rest_route=\/wp\/v2\/posts\/771\/revisions"}],"predecessor-version":[{"id":774,"href":"https:\/\/patriaparatodos.com.ve\/index.php?rest_route=\/wp\/v2\/posts\/771\/revisions\/774"}],"wp:featuredmedia":[{"embeddable":true,"href":"https:\/\/patriaparatodos.com.ve\/index.php?rest_route=\/wp\/v2\/media\/745"}],"wp:attachment":[{"href":"https:\/\/patriaparatodos.com.ve\/index.php?rest_route=%2Fwp%2Fv2%2Fmedia&parent=771"}],"wp:term":[{"taxonomy":"category","embeddable":true,"href":"https:\/\/patriaparatodos.com.ve\/index.php?rest_route=%2Fwp%2Fv2%2Fcategories&post=771"},{"taxonomy":"post_tag","embeddable":true,"href":"https:\/\/patriaparatodos.com.ve\/index.php?rest_route=%2Fwp%2Fv2%2Ftags&post=771"}],"curies":[{"name":"wp","href":"https:\/\/api.w.org\/{rel}","templated":true}]}}