{"id":811,"date":"2023-06-20T17:39:51","date_gmt":"2023-06-20T17:39:51","guid":{"rendered":"https:\/\/patriaparatodos.com.ve\/?p=811"},"modified":"2023-07-13T12:42:04","modified_gmt":"2023-07-13T12:42:04","slug":"jose-bracho-al-productor-agroalimentario-hay-que-protegerlo-atenderlo-y-supervisarlo","status":"publish","type":"post","link":"https:\/\/patriaparatodos.com.ve\/?p=811","title":{"rendered":"Jos\u00e9 Bracho: Al productor agroalimentario hay que protegerlo, atenderlo y supervisarlo"},"content":{"rendered":"<p>(Prensa PPT-Caracas, 19 de junio de 2023) En su condici\u00f3n de integrante del Secretariado Nacional de PPT, el Dip. Jos\u00e9 Bracho ejerci\u00f3 la vocer\u00eda del partido para declarar a los medios en Rueda de Prensa. Comenz\u00f3 su alocuci\u00f3n recordando la pasada celebraci\u00f3n del D\u00eda del Padre con la correspondiente felicitaci\u00f3n.<\/p>\n<p>Los servicios p\u00fablicos fueron el tema central de la declaraci\u00f3n, reiterando que las Medidas Coercitivas Unilaterales tienen una enorme incidencia en su afectaci\u00f3n, \u201ctema que nos une, que nos transversaliza, que nos toca, que nos llama la atenci\u00f3n y que nos ocupa como partido de la vanguardia revolucionaria y que hemos venido desarrollando propuestas que nos permitan avanzar y despejar los escollos que sabemos que tienen diferentes factores, uno de ellos son las sanciones, tambi\u00e9n hay factores clim\u00e1ticos, de gerencia, de mantenimiento, de parada y algunos se han venido superando\u201d, se\u00f1al\u00f3 Bracho.<\/p>\n<p>El combustible es uno de los que m\u00e1s preocupa (gasolina, gasoil y gas dom\u00e9stico) en el monitoreo que est\u00e1 desarrollando PPT. El agua potable en su condici\u00f3n de Derecho Humano, si bien es el principal rubro que se debe garantizar para sostener la vida misma, en d\u00edas recientes ha pasado a segundo lugar; mientras que la electricidad se mantiene atendida por Corpoelec y si bien es esencial, se considera est\u00e1 orient\u00e1ndose hacia su regularizaci\u00f3n.<\/p>\n<p>En virtud de ello, el Dip. Jos\u00e9 Bracho en su condici\u00f3n de integrante de la Comisi\u00f3n Permanente de Administraci\u00f3n y Servicios de la Asamblea Nacional, manifest\u00f3 que propondr\u00e1 ante este espacio de debate \u201cconvocar a que se desplace e inclusive realice sesiones extraordinarias en las plantas donde son procesados y desde donde se distribuyen estos servicios \u00a0para evaluar la real situaci\u00f3n de estas plantas, como por ejemplo Jos\u00e9 y Amuay en el caso del combustible, para darle la tranquilidad necesaria al pueblo haci\u00e9ndole frente a los factores desestabilizadores que pretenden generar zozobra.\u201d<\/p>\n<p>En este sentido, salud\u00f3 la actuaci\u00f3n de Hidrocapital al informar con antelaci\u00f3n las labores de mantenimiento que este lunes se realizaron en el Sistema Tuy II, \u201cesta tiene que ser la ventana de comunicaci\u00f3n con el usuario, las empresas tienen que informar de manera oportuna cualquier paralizaci\u00f3n para que el usuario tome la precauci\u00f3n y tome las medidas pertinentes. Este es el ejemplo que tiene que tomar Corpoelec.\u201d<\/p>\n<p>Ha sido noticia que supuestos agricultores de Trujillo, M\u00e9rida y Portuguesa hab\u00edan desechado cosechas: \u201cestamos en sinton\u00eda con las acciones del Fiscal General pero lo invitamos inclusive a ir m\u00e1s all\u00e1, porque en muchos casos esta pr\u00e1ctica conocida en la IV Rep\u00fablica era aplicada para desestabilizar, \u00a1compraban cosechas y despu\u00e9s hac\u00edan el acto de botarlos! Desde PPT preguntamos, \u00bfqu\u00e9 productor que haya sentido su cultivo va a botar el producto de meses de trabajo? Cuando decimos que estamos en sinton\u00eda con la intervenci\u00f3n de la Fiscal\u00eda, tambi\u00e9n hacemos un llamado de atenci\u00f3n porque detr\u00e1s de todo esto hay factores que buscan perturbar la paz.\u201d<\/p>\n<p>En PPT que una de sus m\u00e1ximas es el Socialismo \u00c9tico y Productivo, defendemos al productor. Hay que atenderlo y supervisarlo, porque se alega que no ten\u00edan el combustible necesario, entonces nos preguntamos, \u00bfno hay un censo de todos los productores?, \u00bfqui\u00e9n apoya y supervisa a los productores?, \u00bfqu\u00e9 informaci\u00f3n maneja el ministerio del \u00e1rea? Le damos el abrazo al Fiscal General pero tambi\u00e9n estamos atentos porque puede haber all\u00ed algunos factores de perturbaci\u00f3n, pero tambi\u00e9n nos solidarizamos con quienes est\u00e1n dedic\u00e1ndose a producir nuestros alimentos y tienen que ser atendidos, \u00bfC\u00f3mo es posible que haya una producci\u00f3n y no haya una estad\u00edstica al respecto? Es importante hacerle seguimiento y los equipos pol\u00edticos de PPT se movilizar\u00e1n para hacer un trabajo de inteligencia social para conocer la realidad de los hechos, \u00a1porque botar la comida es pecado! Coloque su producci\u00f3n en los mercados municipales, p\u00f3ngase en contacto con los Consejos Comunales, reg\u00e1lela a instituciones sociales, pero no bote la comida.<\/p>\n<p>PPT se solidariza con la renuncia de los Rectores del CNE, respetando su decisi\u00f3n y saludando la Comisi\u00f3n designada por la Asamblea Nacional para la escogencia del nuevo Consejo Nacional Electoral, en el entendido que los comicios tienen una importancia clave en una Democracia Participativa y Protag\u00f3nica como corresponde con el modelo electoral venezolano, reconocido internacionalmente como el m\u00e1s transparente, perfecto y eficiente.<\/p>\n<p>La solidaridad de PPT con los pueblos ind\u00edgenas se expres\u00f3 nuevamente con los Yukpa, que en vida del Cacique Sabino lo acompa\u00f1\u00f3 y hacemos el llamado al pleno respeto de los derechos de estos hermanos que en su condici\u00f3n de habitantes originarios de nuestro territorio son tan venezolanos como cualquiera otro y merecen el reconocimiento oficial de las tierras que ancestralmente les pertenecen, por lo que deben ser defendidos de todo aquel que pretenda usurpar sus espacios.<\/p>\n<p>Al cierre record\u00f3 la figura de Alex Saab, injustamente secuestrado, en violaci\u00f3n de toda la tradici\u00f3n diplom\u00e1tica y el derecho internacional, por el imperialismo yanqui por su heroica gesta de defender al pueblo venezolano de las agresiones; hechos con los que cobra una enorme importancia el planteamiento de la Vicepresidenta Delcy Rodr\u00edguez de la desdolarizaci\u00f3n y descolonizaci\u00f3n del comercio internacional, porque no es correcto que en un mundo civilizado se utilice como divisa de intercambio comercial el signo monetario de un criminal imperio que le niega al mundo el derecho a la paz y hasta la vida misma.<\/p>\n","protected":false},"excerpt":{"rendered":"<p>(Prensa PPT-Caracas, 19 de junio de 2023) En su condici\u00f3n de integrante del Secretariado Nacional de PPT, el Dip. Jos\u00e9 Bracho ejerci\u00f3 la vocer\u00eda del partido para declarar a los medios en Rueda de Prensa. Comenz\u00f3 su alocuci\u00f3n recordando la pasada celebraci\u00f3n del D\u00eda del Padre con la correspondiente felicitaci\u00f3n. Los servicios p\u00fablicos fueron el [&hellip;]<\/p>\n","protected":false},"author":3,"featured_media":812,"comment_status":"closed","ping_status":"open","sticky":false,"template":"","format":"standard","meta":{"footnotes":""},"categories":[7],"tags":[],"class_list":["post-811","post","type-post","status-publish","format-standard","has-post-thumbnail","hentry","category-notas-de-prensa"],"yoast_head":"<!-- This site is optimized with the Yoast SEO plugin v23.3 - https:\/\/yoast.com\/wordpress\/plugins\/seo\/ -->\n<title>Jos\u00e9 Bracho: Al productor agroalimentario hay que protegerlo, atenderlo y supervisarlo - La Mecha Azul<\/title>\n<meta name=\"description\" content=\"Los servicios p\u00fablicos fueron el tema central de la declaraci\u00f3n, reiterando que las Medidas Coercitivas Unilaterales\" \/>\n<meta name=\"robots\" content=\"index, follow, max-snippet:-1, max-image-preview:large, max-video-preview:-1\" \/>\n<link rel=\"canonical\" href=\"https:\/\/patriaparatodos.com.ve\/?p=811\" \/>\n<meta property=\"og:locale\" content=\"es_ES\" \/>\n<meta property=\"og:type\" content=\"article\" \/>\n<meta property=\"og:title\" content=\"Jos\u00e9 Bracho: Al productor agroalimentario hay que protegerlo, atenderlo y supervisarlo - La Mecha Azul\" \/>\n<meta property=\"og:description\" content=\"Los servicios p\u00fablicos fueron el tema central de la declaraci\u00f3n, reiterando que las Medidas Coercitivas Unilaterales\" \/>\n<meta property=\"og:url\" content=\"https:\/\/patriaparatodos.com.ve\/?p=811\" \/>\n<meta property=\"og:site_name\" content=\"La Mecha Azul\" \/>\n<meta property=\"article:published_time\" content=\"2023-06-20T17:39:51+00:00\" \/>\n<meta property=\"article:modified_time\" content=\"2023-07-13T12:42:04+00:00\" \/>\n<meta property=\"og:image\" content=\"https:\/\/patriaparatodos.com.ve\/wp-content\/uploads\/2023\/06\/foto-principal-e1687282724454.jpg\" \/>\n\t<meta property=\"og:image:width\" content=\"900\" \/>\n\t<meta property=\"og:image:height\" content=\"506\" \/>\n\t<meta property=\"og:image:type\" content=\"image\/jpeg\" \/>\n<meta name=\"author\" content=\"Ana Gonzalez\" \/>\n<meta name=\"twitter:card\" content=\"summary_large_image\" \/>\n<meta name=\"twitter:label1\" content=\"Escrito por\" \/>\n\t<meta name=\"twitter:data1\" content=\"Ana Gonzalez\" \/>\n\t<meta name=\"twitter:label2\" content=\"Tiempo de lectura\" \/>\n\t<meta name=\"twitter:data2\" content=\"5 minutos\" \/>\n<script type=\"application\/ld+json\" class=\"yoast-schema-graph\">{\"@context\":\"https:\/\/schema.org\",\"@graph\":[{\"@type\":\"Article\",\"@id\":\"https:\/\/patriaparatodos.com.ve\/?p=811#article\",\"isPartOf\":{\"@id\":\"https:\/\/patriaparatodos.com.ve\/?p=811\"},\"author\":{\"name\":\"Ana Gonzalez\",\"@id\":\"https:\/\/patriaparatodos.com.ve\/#\/schema\/person\/fa39a49638b83519fd822cacb44f5844\"},\"headline\":\"Jos\u00e9 Bracho: Al productor agroalimentario hay que protegerlo, atenderlo y supervisarlo\",\"datePublished\":\"2023-06-20T17:39:51+00:00\",\"dateModified\":\"2023-07-13T12:42:04+00:00\",\"mainEntityOfPage\":{\"@id\":\"https:\/\/patriaparatodos.com.ve\/?p=811\"},\"wordCount\":959,\"publisher\":{\"@id\":\"https:\/\/patriaparatodos.com.ve\/#organization\"},\"image\":{\"@id\":\"https:\/\/patriaparatodos.com.ve\/?p=811#primaryimage\"},\"thumbnailUrl\":\"https:\/\/patriaparatodos.com.ve\/wp-content\/uploads\/2023\/06\/foto-principal-e1687282724454.jpg\",\"articleSection\":[\"Notas de Prensa\"],\"inLanguage\":\"es\"},{\"@type\":\"WebPage\",\"@id\":\"https:\/\/patriaparatodos.com.ve\/?p=811\",\"url\":\"https:\/\/patriaparatodos.com.ve\/?p=811\",\"name\":\"Jos\u00e9 Bracho: Al productor agroalimentario hay que protegerlo, atenderlo y supervisarlo - La Mecha Azul\",\"isPartOf\":{\"@id\":\"https:\/\/patriaparatodos.com.ve\/#website\"},\"primaryImageOfPage\":{\"@id\":\"https:\/\/patriaparatodos.com.ve\/?p=811#primaryimage\"},\"image\":{\"@id\":\"https:\/\/patriaparatodos.com.ve\/?p=811#primaryimage\"},\"thumbnailUrl\":\"https:\/\/patriaparatodos.com.ve\/wp-content\/uploads\/2023\/06\/foto-principal-e1687282724454.jpg\",\"datePublished\":\"2023-06-20T17:39:51+00:00\",\"dateModified\":\"2023-07-13T12:42:04+00:00\",\"description\":\"Los servicios p\u00fablicos fueron el tema central de la declaraci\u00f3n, reiterando que las Medidas Coercitivas Unilaterales\",\"breadcrumb\":{\"@id\":\"https:\/\/patriaparatodos.com.ve\/?p=811#breadcrumb\"},\"inLanguage\":\"es\",\"potentialAction\":[{\"@type\":\"ReadAction\",\"target\":[\"https:\/\/patriaparatodos.com.ve\/?p=811\"]}]},{\"@type\":\"ImageObject\",\"inLanguage\":\"es\",\"@id\":\"https:\/\/patriaparatodos.com.ve\/?p=811#primaryimage\",\"url\":\"https:\/\/patriaparatodos.com.ve\/wp-content\/uploads\/2023\/06\/foto-principal-e1687282724454.jpg\",\"contentUrl\":\"https:\/\/patriaparatodos.com.ve\/wp-content\/uploads\/2023\/06\/foto-principal-e1687282724454.jpg\",\"width\":900,\"height\":506},{\"@type\":\"BreadcrumbList\",\"@id\":\"https:\/\/patriaparatodos.com.ve\/?p=811#breadcrumb\",\"itemListElement\":[{\"@type\":\"ListItem\",\"position\":1,\"name\":\"Portada\",\"item\":\"https:\/\/patriaparatodos.com.ve\/\"},{\"@type\":\"ListItem\",\"position\":2,\"name\":\"Jos\u00e9 Bracho: Al productor agroalimentario hay que protegerlo, atenderlo y supervisarlo\"}]},{\"@type\":\"WebSite\",\"@id\":\"https:\/\/patriaparatodos.com.ve\/#website\",\"url\":\"https:\/\/patriaparatodos.com.ve\/\",\"name\":\"La Mecha Azul\",\"description\":\"Por la \u00c9tica, Valor de la Palabra\",\"publisher\":{\"@id\":\"https:\/\/patriaparatodos.com.ve\/#organization\"},\"potentialAction\":[{\"@type\":\"SearchAction\",\"target\":{\"@type\":\"EntryPoint\",\"urlTemplate\":\"https:\/\/patriaparatodos.com.ve\/?s={search_term_string}\"},\"query-input\":\"required name=search_term_string\"}],\"inLanguage\":\"es\"},{\"@type\":\"Organization\",\"@id\":\"https:\/\/patriaparatodos.com.ve\/#organization\",\"name\":\"La Mecha Azul\",\"url\":\"https:\/\/patriaparatodos.com.ve\/\",\"logo\":{\"@type\":\"ImageObject\",\"inLanguage\":\"es\",\"@id\":\"https:\/\/patriaparatodos.com.ve\/#\/schema\/logo\/image\/\",\"url\":\"https:\/\/patriaparatodos.com.ve\/wp-content\/uploads\/2023\/02\/cropped-logo-La-mecha-Azul-n.png\",\"contentUrl\":\"https:\/\/patriaparatodos.com.ve\/wp-content\/uploads\/2023\/02\/cropped-logo-La-mecha-Azul-n.png\",\"width\":5884,\"height\":3318,\"caption\":\"La Mecha Azul\"},\"image\":{\"@id\":\"https:\/\/patriaparatodos.com.ve\/#\/schema\/logo\/image\/\"}},{\"@type\":\"Person\",\"@id\":\"https:\/\/patriaparatodos.com.ve\/#\/schema\/person\/fa39a49638b83519fd822cacb44f5844\",\"name\":\"Ana Gonzalez\",\"image\":{\"@type\":\"ImageObject\",\"inLanguage\":\"es\",\"@id\":\"https:\/\/patriaparatodos.com.ve\/#\/schema\/person\/image\/\",\"url\":\"https:\/\/secure.gravatar.com\/avatar\/ef0a71a129594a408c20318531deb64b0ee4a6d35f0864a2e33aea8b4d3481be?s=96&d=mm&r=g\",\"contentUrl\":\"https:\/\/secure.gravatar.com\/avatar\/ef0a71a129594a408c20318531deb64b0ee4a6d35f0864a2e33aea8b4d3481be?s=96&d=mm&r=g\",\"caption\":\"Ana Gonzalez\"},\"url\":\"https:\/\/patriaparatodos.com.ve\/?author=3\"}]}<\/script>\n<!-- \/ Yoast SEO plugin. -->","yoast_head_json":{"title":"Jos\u00e9 Bracho: Al productor agroalimentario hay que protegerlo, atenderlo y supervisarlo - La Mecha Azul","description":"Los servicios p\u00fablicos fueron el tema central de la declaraci\u00f3n, reiterando que las Medidas Coercitivas Unilaterales","robots":{"index":"index","follow":"follow","max-snippet":"max-snippet:-1","max-image-preview":"max-image-preview:large","max-video-preview":"max-video-preview:-1"},"canonical":"https:\/\/patriaparatodos.com.ve\/?p=811","og_locale":"es_ES","og_type":"article","og_title":"Jos\u00e9 Bracho: Al productor agroalimentario hay que protegerlo, atenderlo y supervisarlo - La Mecha Azul","og_description":"Los servicios p\u00fablicos fueron el tema central de la declaraci\u00f3n, reiterando que las Medidas Coercitivas Unilaterales","og_url":"https:\/\/patriaparatodos.com.ve\/?p=811","og_site_name":"La Mecha Azul","article_published_time":"2023-06-20T17:39:51+00:00","article_modified_time":"2023-07-13T12:42:04+00:00","og_image":[{"width":900,"height":506,"url":"https:\/\/patriaparatodos.com.ve\/wp-content\/uploads\/2023\/06\/foto-principal-e1687282724454.jpg","type":"image\/jpeg"}],"author":"Ana Gonzalez","twitter_card":"summary_large_image","twitter_misc":{"Escrito por":"Ana Gonzalez","Tiempo de lectura":"5 minutos"},"schema":{"@context":"https:\/\/schema.org","@graph":[{"@type":"Article","@id":"https:\/\/patriaparatodos.com.ve\/?p=811#article","isPartOf":{"@id":"https:\/\/patriaparatodos.com.ve\/?p=811"},"author":{"name":"Ana Gonzalez","@id":"https:\/\/patriaparatodos.com.ve\/#\/schema\/person\/fa39a49638b83519fd822cacb44f5844"},"headline":"Jos\u00e9 Bracho: Al productor agroalimentario hay que protegerlo, atenderlo y supervisarlo","datePublished":"2023-06-20T17:39:51+00:00","dateModified":"2023-07-13T12:42:04+00:00","mainEntityOfPage":{"@id":"https:\/\/patriaparatodos.com.ve\/?p=811"},"wordCount":959,"publisher":{"@id":"https:\/\/patriaparatodos.com.ve\/#organization"},"image":{"@id":"https:\/\/patriaparatodos.com.ve\/?p=811#primaryimage"},"thumbnailUrl":"https:\/\/patriaparatodos.com.ve\/wp-content\/uploads\/2023\/06\/foto-principal-e1687282724454.jpg","articleSection":["Notas de Prensa"],"inLanguage":"es"},{"@type":"WebPage","@id":"https:\/\/patriaparatodos.com.ve\/?p=811","url":"https:\/\/patriaparatodos.com.ve\/?p=811","name":"Jos\u00e9 Bracho: Al productor agroalimentario hay que protegerlo, atenderlo y supervisarlo - La Mecha Azul","isPartOf":{"@id":"https:\/\/patriaparatodos.com.ve\/#website"},"primaryImageOfPage":{"@id":"https:\/\/patriaparatodos.com.ve\/?p=811#primaryimage"},"image":{"@id":"https:\/\/patriaparatodos.com.ve\/?p=811#primaryimage"},"thumbnailUrl":"https:\/\/patriaparatodos.com.ve\/wp-content\/uploads\/2023\/06\/foto-principal-e1687282724454.jpg","datePublished":"2023-06-20T17:39:51+00:00","dateModified":"2023-07-13T12:42:04+00:00","description":"Los servicios p\u00fablicos fueron el tema central de la declaraci\u00f3n, reiterando que las Medidas Coercitivas Unilaterales","breadcrumb":{"@id":"https:\/\/patriaparatodos.com.ve\/?p=811#breadcrumb"},"inLanguage":"es","potentialAction":[{"@type":"ReadAction","target":["https:\/\/patriaparatodos.com.ve\/?p=811"]}]},{"@type":"ImageObject","inLanguage":"es","@id":"https:\/\/patriaparatodos.com.ve\/?p=811#primaryimage","url":"https:\/\/patriaparatodos.com.ve\/wp-content\/uploads\/2023\/06\/foto-principal-e1687282724454.jpg","contentUrl":"https:\/\/patriaparatodos.com.ve\/wp-content\/uploads\/2023\/06\/foto-principal-e1687282724454.jpg","width":900,"height":506},{"@type":"BreadcrumbList","@id":"https:\/\/patriaparatodos.com.ve\/?p=811#breadcrumb","itemListElement":[{"@type":"ListItem","position":1,"name":"Portada","item":"https:\/\/patriaparatodos.com.ve\/"},{"@type":"ListItem","position":2,"name":"Jos\u00e9 Bracho: Al productor agroalimentario hay que protegerlo, atenderlo y supervisarlo"}]},{"@type":"WebSite","@id":"https:\/\/patriaparatodos.com.ve\/#website","url":"https:\/\/patriaparatodos.com.ve\/","name":"La Mecha Azul","description":"Por la \u00c9tica, Valor de la Palabra","publisher":{"@id":"https:\/\/patriaparatodos.com.ve\/#organization"},"potentialAction":[{"@type":"SearchAction","target":{"@type":"EntryPoint","urlTemplate":"https:\/\/patriaparatodos.com.ve\/?s={search_term_string}"},"query-input":"required name=search_term_string"}],"inLanguage":"es"},{"@type":"Organization","@id":"https:\/\/patriaparatodos.com.ve\/#organization","name":"La Mecha Azul","url":"https:\/\/patriaparatodos.com.ve\/","logo":{"@type":"ImageObject","inLanguage":"es","@id":"https:\/\/patriaparatodos.com.ve\/#\/schema\/logo\/image\/","url":"https:\/\/patriaparatodos.com.ve\/wp-content\/uploads\/2023\/02\/cropped-logo-La-mecha-Azul-n.png","contentUrl":"https:\/\/patriaparatodos.com.ve\/wp-content\/uploads\/2023\/02\/cropped-logo-La-mecha-Azul-n.png","width":5884,"height":3318,"caption":"La Mecha Azul"},"image":{"@id":"https:\/\/patriaparatodos.com.ve\/#\/schema\/logo\/image\/"}},{"@type":"Person","@id":"https:\/\/patriaparatodos.com.ve\/#\/schema\/person\/fa39a49638b83519fd822cacb44f5844","name":"Ana Gonzalez","image":{"@type":"ImageObject","inLanguage":"es","@id":"https:\/\/patriaparatodos.com.ve\/#\/schema\/person\/image\/","url":"https:\/\/secure.gravatar.com\/avatar\/ef0a71a129594a408c20318531deb64b0ee4a6d35f0864a2e33aea8b4d3481be?s=96&d=mm&r=g","contentUrl":"https:\/\/secure.gravatar.com\/avatar\/ef0a71a129594a408c20318531deb64b0ee4a6d35f0864a2e33aea8b4d3481be?s=96&d=mm&r=g","caption":"Ana Gonzalez"},"url":"https:\/\/patriaparatodos.com.ve\/?author=3"}]}},"_links":{"self":[{"href":"https:\/\/patriaparatodos.com.ve\/index.php?rest_route=\/wp\/v2\/posts\/811","targetHints":{"allow":["GET"]}}],"collection":[{"href":"https:\/\/patriaparatodos.com.ve\/index.php?rest_route=\/wp\/v2\/posts"}],"about":[{"href":"https:\/\/patriaparatodos.com.ve\/index.php?rest_route=\/wp\/v2\/types\/post"}],"author":[{"embeddable":true,"href":"https:\/\/patriaparatodos.com.ve\/index.php?rest_route=\/wp\/v2\/users\/3"}],"replies":[{"embeddable":true,"href":"https:\/\/patriaparatodos.com.ve\/index.php?rest_route=%2Fwp%2Fv2%2Fcomments&post=811"}],"version-history":[{"count":1,"href":"https:\/\/patriaparatodos.com.ve\/index.php?rest_route=\/wp\/v2\/posts\/811\/revisions"}],"predecessor-version":[{"id":813,"href":"https:\/\/patriaparatodos.com.ve\/index.php?rest_route=\/wp\/v2\/posts\/811\/revisions\/813"}],"wp:featuredmedia":[{"embeddable":true,"href":"https:\/\/patriaparatodos.com.ve\/index.php?rest_route=\/wp\/v2\/media\/812"}],"wp:attachment":[{"href":"https:\/\/patriaparatodos.com.ve\/index.php?rest_route=%2Fwp%2Fv2%2Fmedia&parent=811"}],"wp:term":[{"taxonomy":"category","embeddable":true,"href":"https:\/\/patriaparatodos.com.ve\/index.php?rest_route=%2Fwp%2Fv2%2Fcategories&post=811"},{"taxonomy":"post_tag","embeddable":true,"href":"https:\/\/patriaparatodos.com.ve\/index.php?rest_route=%2Fwp%2Fv2%2Ftags&post=811"}],"curies":[{"name":"wp","href":"https:\/\/api.w.org\/{rel}","templated":true}]}}