{"id":889,"date":"2023-07-11T22:18:44","date_gmt":"2023-07-11T22:18:44","guid":{"rendered":"https:\/\/patriaparatodos.com.ve\/?p=889"},"modified":"2023-07-13T12:41:43","modified_gmt":"2023-07-13T12:41:43","slug":"rueda-de-prensa-nacional-de-ppt","status":"publish","type":"post","link":"https:\/\/patriaparatodos.com.ve\/?p=889","title":{"rendered":"Carlos Mart\u00ednez: Mar\u00eda Corina Machado se meti\u00f3 autogol en 2014"},"content":{"rendered":"<div class=\"content-inner\" dir=\"auto\">\n<div class=\"text-content clearfix with-meta with-outgoing-icon\" dir=\"auto\"><strong>\u00a0El Secretario Nacional de Organizaci\u00f3n<\/strong> <strong>Califico de show medi\u00e1tico reclamo de MCM sobre inhabilitaci\u00f3n decidida en 2015, seg\u00fan norma de sanci\u00f3n del puntofijismo.<\/strong><\/p>\n<div class=\"MessageOutgoingStatus\">\n<div class=\"Transition\">\n<div><\/div>\n<div class=\"Transition_slide Transition_slide-active\">(Prensa PPT-Caracas, 3 de julio de 2023) En la acostumbrada , comenz\u00f3 felicitando a los distintos atletas de la delegaci\u00f3n de Venezuela por la conquista de 158 medallas en los Juegos Centroamericanos y del Caribe 2023, lo cual representa un logro hist\u00f3rico que en medio de las medidas coercitivas y la realidad nacional, dejan en evidencia el esfuerzo del Gobierno Bolivariano y nuestros atletas por poner en lo alto el nombre de nuestra Patria.<\/div>\n<\/div>\n<\/div>\n<\/div>\n<\/div>\n<p>Por otra parte, destac\u00f3 que este 10 de julio estar\u00eda Argelia Laya de aniversario n\u00famero 97, qui\u00e9n fuera fiel exponente de lucha revolucionaria y rebelde, como referente de nuestro Movimiento de Mujeres del GPPSB. A su vez le dio la bienvenida a la designaci\u00f3n por parte del Papa Francisco como Cardenal a Diego Padr\u00f3n qui\u00e9n fuera Obispo de Cuman\u00e1 y se convierte en una ventana para mantener la paz y la espiritualidad del pueblo cat\u00f3lico venezolano en general. E igualmente con la misma amplitud, de acuerdo a nuestra Constituci\u00f3n y las Leyes, saludamos el Encuentro de Religiones Ancestrales realizado el 8 de julio. As\u00ed mismo solicit\u00f3 al Ministerio P\u00fablico una investigaci\u00f3n exhaustiva en torno al asesinato perpetrado contra el reconocido luchador social William Amaya en el estado Bol\u00edvar, expresando las debidas condolencias a los familiares de la v\u00edctima.<\/p>\n<p><strong>Respaldo al Presidente Nicol\u00e1s Maduro.-<\/strong> Manifest\u00f3 el Secretario Nacional de Patria Para Todos, que su partido respalda plenamente al Presidente Nicol\u00e1s Maduro,\u00a0 quien ha venido alertando sobre la pretensi\u00f3n de la oposici\u00f3n malhechora, entreguista y traidora de la patria\u00a0 de meter al pueblo venezolano en una espiral de violencia.\u00a0 Los hechos est\u00e1n a la vista: los inhabilitados como el caso de la mit\u00f3mana Mar\u00eda Corina Machado, junto a otros en su misma condici\u00f3n, planificaron la escogencia de candidaturas a trav\u00e9s de elecciones primarias, a sabiendas de que no pod\u00edan participar en las pr\u00f3ximas elecciones presidenciales.<\/p>\n<p>\u00bfPor qu\u00e9 lo afirmamos categ\u00f3ricamente? Porque esta mit\u00f3mana pretende decir que ha sido inhabilitada por el Presidente Maduro, lo que es totalmente falso. En 2015, cuando la Asamblea Nacional la destituyo por desconocer las normas constitucionales, de las cuales ella sab\u00eda, que al recibir honores, cargos o regalos de gobiernos extranjeros, deb\u00eda recibir autorizaci\u00f3n,\u00a0 y no como lo hizo cuando acept\u00f3 estar en su intervenci\u00f3n como Embajadora Alterna de Panam\u00e1 ante la OEA, de manera ilegal y ap\u00e1trida.<\/p>\n<p>Adem\u00e1s que al momento que le correspond\u00eda presentar la actualizaci\u00f3n anual de la Declaraci\u00f3n jurada de Patrimonio ante la Contralor\u00eda General de la Rep\u00fablica, donde ten\u00eda que especificar los beneficios recibidos en ese momento, cometi\u00f3 errores y omisiones; no los declar\u00f3 y en consecuencia al no presentarlo en el momento correspondiente, quedaba autom\u00e1ticamente inhabilitada por 12 meses, y de acuerdo al art\u00edculo 44 de la Ley Anticorrupci\u00f3n, al no declararlo nunca, ella misma\u00a0 se inhabilit\u00f3 por 15 a\u00f1os, <em>SE METI\u00d3 UN AUTOGOL<\/em>, pero ella lo sab\u00eda y por eso siempre se opuso a que la oposici\u00f3n participara en elecciones, al igual que Leopoldo L\u00f3pez que se fug\u00f3 del pa\u00eds y de Henrique Capriles, inhabilitado por corrupci\u00f3n. Y a pesar de todo ni la AN de Guaido le quiso resarcir su error hist\u00f3rico. \u00a1Por algo ser\u00eda, dado que la conocen m\u00e1s que ning\u00fan otro! \u00a1As\u00ed ser\u00e1!<\/p>\n<p><strong>Democracia no es Impunidad.- <\/strong>Mar\u00eda Corina Machado se labr\u00f3 su futuro y no acepta que otro opositor le impida que sea candidata, adem\u00e1s que no tiene condici\u00f3n de serlo<em>. \u00a1La democracia no es impunidad!<\/em> Es bueno resaltar que ante el llamado de las primarias con caracter\u00edsticas de promoci\u00f3n insurreccional, ayer, domingo 9 de julio, venci\u00f3 el plazo para que desde el exterior se inscribieran los venezolanos en las primarias. Desde del PPT damos nuestras condolencias, porque de los 8 millones de migrantes que dicen ellos est\u00e1n en el exterior, s\u00f3lo se inscribieron aproximadamente unas 200 mil personas, por eso prorrogaron las inscripciones hoy lunes 10 de julio.<\/p>\n<p>Destac\u00f3 Carlos Mart\u00ednez, Secretario Nacional de Organizaci\u00f3n de PPT, que entre otros atenuantes,\u00a0 est\u00e1 la pretensi\u00f3n de la venta de Citgo por parte de la fulana plataforma unitaria representada por Guaido en EEUU y en Venezuela por Mar\u00eda Cocina Machado, lo que es un vulgar robo entreg\u00e1rsela a quienes la han\u00a0 usufrutuado como\u00a0 tambi\u00e9n hicieron con Monomeros, causando cr\u00edmenes de lesa humanidad contra el humilde pueblo de Venezuela, que deja de percibir los beneficios de los ingresos que produce nuestra filial: \u00abtodo el pa\u00eds debe rechazar esa burla contra la Patria de Bol\u00edvar, por lo cual deben ser juzgados\u00bb. Desde el PPT\u00a0 rechazamos la injerencia del gobierno Norteamericano y de la Uni\u00f3n Europea y de todo aquel que pretenda actos de injerencia contra Venezuela, as\u00ed como los pronunciamientos en desconocimiento de la Constituci\u00f3n y las leyes de la Rep\u00fablica Bolivariana, ya que nosotros por esencia constitucional somos un territorio de paz y entre todos debemos garantizarla en la Rep\u00fablica.<\/p>\n<p>El PPT agradece\u00a0 al Movimiento de los No alineados, a los pa\u00edses del CARICOM, China y recientemente a Barbados que exigen eliminar las medidas coercitivas unilaterales contra Cuba,\u00a0 Nicaragua y Venezuela, donde en nuestro caso es un hecho real,\u00a0 toda la calamidad causada por esos candidatos inhabilitados, quienes hoy pretenden presentarse al ruedo electoral como que no hubiesen roto un plato.<\/p>\n<p><strong>PPT cuestiona informe de Alto Comisionado de DDHH.- <\/strong>Manifest\u00f3 el Dip. Carlos Mart\u00ednez el rechazo a este documento que pretende enlodar el nombre de Venezuela, siguen siendo c\u00f3mplices de las agresiones de EEUU contra Venezuela, en cuyas oficinas dentro de nuestro territorio solamente se re\u00fanen con ONG financiadas por EEUU, es decir, los c\u00f3mplices del colapso contra el pueblo venezolano. Este mi\u00e9rcoles, vamos a incluir como propuesta en la agenda del Secretariado del PPT el planteamiento de nuestra Secretaria General, Dip. Ilenia Medina, para procurar un encuentro con los integrantes de la oficina del Alto Comisionado de los DDHH en Venezuela en la sede del PNUD. Cabe la siguiente pregunta: \u00bfPorque no se pronuncian sobre la confesi\u00f3n de Trump sobre el delito de Lesa Humanidad contra el Pueblo de Venezuela?<\/p>\n<p><strong>Rechazo absoluto a pretensiones imperiales de expoliaci\u00f3n.- <\/strong>El Secretario Nacional de Organizaci\u00f3n, ante una interrogante period\u00edstica sobre la posici\u00f3n del PPT ante la pretensi\u00f3n de Inglaterra mantener la tutela del oro venezolano y que expectativa tiene el PPT de la recuperaci\u00f3n econ\u00f3mica, el Diputado respondi\u00f3 enf\u00e1ticamente, la posici\u00f3n del partido ante esa raza anglosajona y su expresi\u00f3n como clase pol\u00edtica imperial, es invariable y sin titubeos, siempre ser\u00e1 en contra del saqueo, el robo y el defalco que se hace contra nuestra Patria: \u00a1Nos definimos antiimperialistas y por la autodeterminaci\u00f3n e independencia de los pa\u00edses soberanos como el nuestro!<\/p>\n<p>Con relaci\u00f3n a la expectativa de la recuperaci\u00f3n econ\u00f3mica del pa\u00eds, por supuesto que confiamos y la pol\u00edtica instrumentada por el Presidente Maduro ha sido correcta a tal punto que tuvo que ponerse la frente contra la corrupci\u00f3n de quienes defalcaron a la naci\u00f3n que era nuestras posibilidades a comienzos de este a\u00f1o, y en la actualidad, pensamos que sigue siendo el objetivo pero hacemos un llamado al Presidente para instrumentar la Constituyente de los Trabajadores en la CVG y en PDVSA para coadyuvar con la Junta Interventora desde las bases laborales que con conocimiento de experiencia t\u00e9cnica y de los procesos industriales, son los trabajadores los sujetos que pueden contribuir para avanzar m\u00e1s r\u00e1pido en la recuperaci\u00f3n econ\u00f3mica del pa\u00eds, m\u00e1s a\u00fan con las relaciones con el Movimiento de Pa\u00edses No Alineados y Caricom, adem\u00e1s de China, Rusia y m\u00e1s cercano con Colombia y Brasil en las posibilidades de ingresar en el Brics.<\/p>\n<p><strong>Socializaci\u00f3n de la Ley de Consejos Comunales.- <\/strong>Finalmente Carlos Mart\u00ednez expres\u00f3 que a nivel nacional, los legisladores del PPT y del GPPSB est\u00e1n difundiendo y socializando la Ley de los Consejos Comunales reci\u00e9n reformada y al mismo tiempo manifest\u00f3 que debemos colocar en el centro del debate en los espacios del Poder Popular la aplicaci\u00f3n de los Consejos Locales de Planificaci\u00f3n P\u00fablica que son en esencia los Gobiernos Populares, dado que en la plenaria municipal todos los voceros sociales, incluidos los comunales escogidos, pueden construir y debatir la planificaci\u00f3n y la priorizaci\u00f3n de la Ejecuci\u00f3n del Presupuesto Participativo, lo que reanimar\u00eda las fuerzas revolucionarias por la profundizaci\u00f3n de la Democracia y en consecuencia por la construcci\u00f3n de la Transici\u00f3n al Socialismo por una Patria \u00c9tica, Productiva, Segura y Soberana.<\/p>\n","protected":false},"excerpt":{"rendered":"<p>\u00a0El Secretario Nacional de Organizaci\u00f3n Califico de show medi\u00e1tico reclamo de MCM sobre inhabilitaci\u00f3n decidida en 2015, seg\u00fan norma de sanci\u00f3n del puntofijismo. (Prensa PPT-Caracas, 3 de julio de 2023) En la acostumbrada , comenz\u00f3 felicitando a los distintos atletas de la delegaci\u00f3n de Venezuela por la conquista de 158 medallas en los Juegos Centroamericanos [&hellip;]<\/p>\n","protected":false},"author":3,"featured_media":890,"comment_status":"closed","ping_status":"open","sticky":false,"template":"","format":"standard","meta":{"footnotes":""},"categories":[7],"tags":[],"class_list":["post-889","post","type-post","status-publish","format-standard","has-post-thumbnail","hentry","category-notas-de-prensa"],"yoast_head":"<!-- This site is optimized with the Yoast SEO plugin v23.3 - https:\/\/yoast.com\/wordpress\/plugins\/seo\/ -->\n<title>Carlos Mart\u00ednez: Mar\u00eda Corina Machado se meti\u00f3 autogol en 2014 - La Mecha Azul<\/title>\n<meta name=\"description\" content=\"Rueda de Prensa Nacional, el vocero de esta semana, Secretario Nacional de Organizaci\u00f3n PPT, Dip. Carlos Mart\u00ednez\" \/>\n<meta name=\"robots\" content=\"index, follow, max-snippet:-1, max-image-preview:large, max-video-preview:-1\" \/>\n<link rel=\"canonical\" href=\"https:\/\/patriaparatodos.com.ve\/?p=889\" \/>\n<meta property=\"og:locale\" content=\"es_ES\" \/>\n<meta property=\"og:type\" content=\"article\" \/>\n<meta property=\"og:title\" content=\"Carlos Mart\u00ednez: Mar\u00eda Corina Machado se meti\u00f3 autogol en 2014 - La Mecha Azul\" \/>\n<meta property=\"og:description\" content=\"Rueda de Prensa Nacional, el vocero de esta semana, Secretario Nacional de Organizaci\u00f3n PPT, Dip. Carlos Mart\u00ednez\" \/>\n<meta property=\"og:url\" content=\"https:\/\/patriaparatodos.com.ve\/?p=889\" \/>\n<meta property=\"og:site_name\" content=\"La Mecha Azul\" \/>\n<meta property=\"article:published_time\" content=\"2023-07-11T22:18:44+00:00\" \/>\n<meta property=\"article:modified_time\" content=\"2023-07-13T12:41:43+00:00\" \/>\n<meta property=\"og:image\" content=\"https:\/\/patriaparatodos.com.ve\/wp-content\/uploads\/2023\/07\/0-e1689113816759.jpg\" \/>\n\t<meta property=\"og:image:width\" content=\"796\" \/>\n\t<meta property=\"og:image:height\" content=\"418\" \/>\n\t<meta property=\"og:image:type\" content=\"image\/jpeg\" \/>\n<meta name=\"author\" content=\"Ana Gonzalez\" \/>\n<meta name=\"twitter:card\" content=\"summary_large_image\" \/>\n<meta name=\"twitter:label1\" content=\"Escrito por\" \/>\n\t<meta name=\"twitter:data1\" content=\"Ana Gonzalez\" \/>\n\t<meta name=\"twitter:label2\" content=\"Tiempo de lectura\" \/>\n\t<meta name=\"twitter:data2\" content=\"7 minutos\" \/>\n<script type=\"application\/ld+json\" class=\"yoast-schema-graph\">{\"@context\":\"https:\/\/schema.org\",\"@graph\":[{\"@type\":\"Article\",\"@id\":\"https:\/\/patriaparatodos.com.ve\/?p=889#article\",\"isPartOf\":{\"@id\":\"https:\/\/patriaparatodos.com.ve\/?p=889\"},\"author\":{\"name\":\"Ana Gonzalez\",\"@id\":\"https:\/\/patriaparatodos.com.ve\/#\/schema\/person\/fa39a49638b83519fd822cacb44f5844\"},\"headline\":\"Carlos Mart\u00ednez: Mar\u00eda Corina Machado se meti\u00f3 autogol en 2014\",\"datePublished\":\"2023-07-11T22:18:44+00:00\",\"dateModified\":\"2023-07-13T12:41:43+00:00\",\"mainEntityOfPage\":{\"@id\":\"https:\/\/patriaparatodos.com.ve\/?p=889\"},\"wordCount\":1521,\"publisher\":{\"@id\":\"https:\/\/patriaparatodos.com.ve\/#organization\"},\"image\":{\"@id\":\"https:\/\/patriaparatodos.com.ve\/?p=889#primaryimage\"},\"thumbnailUrl\":\"https:\/\/patriaparatodos.com.ve\/wp-content\/uploads\/2023\/07\/0-e1689113816759.jpg\",\"articleSection\":[\"Notas de Prensa\"],\"inLanguage\":\"es\"},{\"@type\":\"WebPage\",\"@id\":\"https:\/\/patriaparatodos.com.ve\/?p=889\",\"url\":\"https:\/\/patriaparatodos.com.ve\/?p=889\",\"name\":\"Carlos Mart\u00ednez: Mar\u00eda Corina Machado se meti\u00f3 autogol en 2014 - La Mecha Azul\",\"isPartOf\":{\"@id\":\"https:\/\/patriaparatodos.com.ve\/#website\"},\"primaryImageOfPage\":{\"@id\":\"https:\/\/patriaparatodos.com.ve\/?p=889#primaryimage\"},\"image\":{\"@id\":\"https:\/\/patriaparatodos.com.ve\/?p=889#primaryimage\"},\"thumbnailUrl\":\"https:\/\/patriaparatodos.com.ve\/wp-content\/uploads\/2023\/07\/0-e1689113816759.jpg\",\"datePublished\":\"2023-07-11T22:18:44+00:00\",\"dateModified\":\"2023-07-13T12:41:43+00:00\",\"description\":\"Rueda de Prensa Nacional, el vocero de esta semana, Secretario Nacional de Organizaci\u00f3n PPT, Dip. Carlos Mart\u00ednez\",\"breadcrumb\":{\"@id\":\"https:\/\/patriaparatodos.com.ve\/?p=889#breadcrumb\"},\"inLanguage\":\"es\",\"potentialAction\":[{\"@type\":\"ReadAction\",\"target\":[\"https:\/\/patriaparatodos.com.ve\/?p=889\"]}]},{\"@type\":\"ImageObject\",\"inLanguage\":\"es\",\"@id\":\"https:\/\/patriaparatodos.com.ve\/?p=889#primaryimage\",\"url\":\"https:\/\/patriaparatodos.com.ve\/wp-content\/uploads\/2023\/07\/0-e1689113816759.jpg\",\"contentUrl\":\"https:\/\/patriaparatodos.com.ve\/wp-content\/uploads\/2023\/07\/0-e1689113816759.jpg\",\"width\":796,\"height\":418},{\"@type\":\"BreadcrumbList\",\"@id\":\"https:\/\/patriaparatodos.com.ve\/?p=889#breadcrumb\",\"itemListElement\":[{\"@type\":\"ListItem\",\"position\":1,\"name\":\"Portada\",\"item\":\"https:\/\/patriaparatodos.com.ve\/\"},{\"@type\":\"ListItem\",\"position\":2,\"name\":\"Carlos Mart\u00ednez: Mar\u00eda Corina Machado se meti\u00f3 autogol en 2014\"}]},{\"@type\":\"WebSite\",\"@id\":\"https:\/\/patriaparatodos.com.ve\/#website\",\"url\":\"https:\/\/patriaparatodos.com.ve\/\",\"name\":\"La Mecha Azul\",\"description\":\"Por la \u00c9tica, Valor de la Palabra\",\"publisher\":{\"@id\":\"https:\/\/patriaparatodos.com.ve\/#organization\"},\"potentialAction\":[{\"@type\":\"SearchAction\",\"target\":{\"@type\":\"EntryPoint\",\"urlTemplate\":\"https:\/\/patriaparatodos.com.ve\/?s={search_term_string}\"},\"query-input\":\"required name=search_term_string\"}],\"inLanguage\":\"es\"},{\"@type\":\"Organization\",\"@id\":\"https:\/\/patriaparatodos.com.ve\/#organization\",\"name\":\"La Mecha Azul\",\"url\":\"https:\/\/patriaparatodos.com.ve\/\",\"logo\":{\"@type\":\"ImageObject\",\"inLanguage\":\"es\",\"@id\":\"https:\/\/patriaparatodos.com.ve\/#\/schema\/logo\/image\/\",\"url\":\"https:\/\/patriaparatodos.com.ve\/wp-content\/uploads\/2023\/02\/cropped-logo-La-mecha-Azul-n.png\",\"contentUrl\":\"https:\/\/patriaparatodos.com.ve\/wp-content\/uploads\/2023\/02\/cropped-logo-La-mecha-Azul-n.png\",\"width\":5884,\"height\":3318,\"caption\":\"La Mecha Azul\"},\"image\":{\"@id\":\"https:\/\/patriaparatodos.com.ve\/#\/schema\/logo\/image\/\"}},{\"@type\":\"Person\",\"@id\":\"https:\/\/patriaparatodos.com.ve\/#\/schema\/person\/fa39a49638b83519fd822cacb44f5844\",\"name\":\"Ana Gonzalez\",\"image\":{\"@type\":\"ImageObject\",\"inLanguage\":\"es\",\"@id\":\"https:\/\/patriaparatodos.com.ve\/#\/schema\/person\/image\/\",\"url\":\"https:\/\/secure.gravatar.com\/avatar\/ef0a71a129594a408c20318531deb64b0ee4a6d35f0864a2e33aea8b4d3481be?s=96&d=mm&r=g\",\"contentUrl\":\"https:\/\/secure.gravatar.com\/avatar\/ef0a71a129594a408c20318531deb64b0ee4a6d35f0864a2e33aea8b4d3481be?s=96&d=mm&r=g\",\"caption\":\"Ana Gonzalez\"},\"url\":\"https:\/\/patriaparatodos.com.ve\/?author=3\"}]}<\/script>\n<!-- \/ Yoast SEO plugin. -->","yoast_head_json":{"title":"Carlos Mart\u00ednez: Mar\u00eda Corina Machado se meti\u00f3 autogol en 2014 - La Mecha Azul","description":"Rueda de Prensa Nacional, el vocero de esta semana, Secretario Nacional de Organizaci\u00f3n PPT, Dip. Carlos Mart\u00ednez","robots":{"index":"index","follow":"follow","max-snippet":"max-snippet:-1","max-image-preview":"max-image-preview:large","max-video-preview":"max-video-preview:-1"},"canonical":"https:\/\/patriaparatodos.com.ve\/?p=889","og_locale":"es_ES","og_type":"article","og_title":"Carlos Mart\u00ednez: Mar\u00eda Corina Machado se meti\u00f3 autogol en 2014 - La Mecha Azul","og_description":"Rueda de Prensa Nacional, el vocero de esta semana, Secretario Nacional de Organizaci\u00f3n PPT, Dip. Carlos Mart\u00ednez","og_url":"https:\/\/patriaparatodos.com.ve\/?p=889","og_site_name":"La Mecha Azul","article_published_time":"2023-07-11T22:18:44+00:00","article_modified_time":"2023-07-13T12:41:43+00:00","og_image":[{"width":796,"height":418,"url":"https:\/\/patriaparatodos.com.ve\/wp-content\/uploads\/2023\/07\/0-e1689113816759.jpg","type":"image\/jpeg"}],"author":"Ana Gonzalez","twitter_card":"summary_large_image","twitter_misc":{"Escrito por":"Ana Gonzalez","Tiempo de lectura":"7 minutos"},"schema":{"@context":"https:\/\/schema.org","@graph":[{"@type":"Article","@id":"https:\/\/patriaparatodos.com.ve\/?p=889#article","isPartOf":{"@id":"https:\/\/patriaparatodos.com.ve\/?p=889"},"author":{"name":"Ana Gonzalez","@id":"https:\/\/patriaparatodos.com.ve\/#\/schema\/person\/fa39a49638b83519fd822cacb44f5844"},"headline":"Carlos Mart\u00ednez: Mar\u00eda Corina Machado se meti\u00f3 autogol en 2014","datePublished":"2023-07-11T22:18:44+00:00","dateModified":"2023-07-13T12:41:43+00:00","mainEntityOfPage":{"@id":"https:\/\/patriaparatodos.com.ve\/?p=889"},"wordCount":1521,"publisher":{"@id":"https:\/\/patriaparatodos.com.ve\/#organization"},"image":{"@id":"https:\/\/patriaparatodos.com.ve\/?p=889#primaryimage"},"thumbnailUrl":"https:\/\/patriaparatodos.com.ve\/wp-content\/uploads\/2023\/07\/0-e1689113816759.jpg","articleSection":["Notas de Prensa"],"inLanguage":"es"},{"@type":"WebPage","@id":"https:\/\/patriaparatodos.com.ve\/?p=889","url":"https:\/\/patriaparatodos.com.ve\/?p=889","name":"Carlos Mart\u00ednez: Mar\u00eda Corina Machado se meti\u00f3 autogol en 2014 - La Mecha Azul","isPartOf":{"@id":"https:\/\/patriaparatodos.com.ve\/#website"},"primaryImageOfPage":{"@id":"https:\/\/patriaparatodos.com.ve\/?p=889#primaryimage"},"image":{"@id":"https:\/\/patriaparatodos.com.ve\/?p=889#primaryimage"},"thumbnailUrl":"https:\/\/patriaparatodos.com.ve\/wp-content\/uploads\/2023\/07\/0-e1689113816759.jpg","datePublished":"2023-07-11T22:18:44+00:00","dateModified":"2023-07-13T12:41:43+00:00","description":"Rueda de Prensa Nacional, el vocero de esta semana, Secretario Nacional de Organizaci\u00f3n PPT, Dip. Carlos Mart\u00ednez","breadcrumb":{"@id":"https:\/\/patriaparatodos.com.ve\/?p=889#breadcrumb"},"inLanguage":"es","potentialAction":[{"@type":"ReadAction","target":["https:\/\/patriaparatodos.com.ve\/?p=889"]}]},{"@type":"ImageObject","inLanguage":"es","@id":"https:\/\/patriaparatodos.com.ve\/?p=889#primaryimage","url":"https:\/\/patriaparatodos.com.ve\/wp-content\/uploads\/2023\/07\/0-e1689113816759.jpg","contentUrl":"https:\/\/patriaparatodos.com.ve\/wp-content\/uploads\/2023\/07\/0-e1689113816759.jpg","width":796,"height":418},{"@type":"BreadcrumbList","@id":"https:\/\/patriaparatodos.com.ve\/?p=889#breadcrumb","itemListElement":[{"@type":"ListItem","position":1,"name":"Portada","item":"https:\/\/patriaparatodos.com.ve\/"},{"@type":"ListItem","position":2,"name":"Carlos Mart\u00ednez: Mar\u00eda Corina Machado se meti\u00f3 autogol en 2014"}]},{"@type":"WebSite","@id":"https:\/\/patriaparatodos.com.ve\/#website","url":"https:\/\/patriaparatodos.com.ve\/","name":"La Mecha Azul","description":"Por la \u00c9tica, Valor de la Palabra","publisher":{"@id":"https:\/\/patriaparatodos.com.ve\/#organization"},"potentialAction":[{"@type":"SearchAction","target":{"@type":"EntryPoint","urlTemplate":"https:\/\/patriaparatodos.com.ve\/?s={search_term_string}"},"query-input":"required name=search_term_string"}],"inLanguage":"es"},{"@type":"Organization","@id":"https:\/\/patriaparatodos.com.ve\/#organization","name":"La Mecha Azul","url":"https:\/\/patriaparatodos.com.ve\/","logo":{"@type":"ImageObject","inLanguage":"es","@id":"https:\/\/patriaparatodos.com.ve\/#\/schema\/logo\/image\/","url":"https:\/\/patriaparatodos.com.ve\/wp-content\/uploads\/2023\/02\/cropped-logo-La-mecha-Azul-n.png","contentUrl":"https:\/\/patriaparatodos.com.ve\/wp-content\/uploads\/2023\/02\/cropped-logo-La-mecha-Azul-n.png","width":5884,"height":3318,"caption":"La Mecha Azul"},"image":{"@id":"https:\/\/patriaparatodos.com.ve\/#\/schema\/logo\/image\/"}},{"@type":"Person","@id":"https:\/\/patriaparatodos.com.ve\/#\/schema\/person\/fa39a49638b83519fd822cacb44f5844","name":"Ana Gonzalez","image":{"@type":"ImageObject","inLanguage":"es","@id":"https:\/\/patriaparatodos.com.ve\/#\/schema\/person\/image\/","url":"https:\/\/secure.gravatar.com\/avatar\/ef0a71a129594a408c20318531deb64b0ee4a6d35f0864a2e33aea8b4d3481be?s=96&d=mm&r=g","contentUrl":"https:\/\/secure.gravatar.com\/avatar\/ef0a71a129594a408c20318531deb64b0ee4a6d35f0864a2e33aea8b4d3481be?s=96&d=mm&r=g","caption":"Ana Gonzalez"},"url":"https:\/\/patriaparatodos.com.ve\/?author=3"}]}},"_links":{"self":[{"href":"https:\/\/patriaparatodos.com.ve\/index.php?rest_route=\/wp\/v2\/posts\/889","targetHints":{"allow":["GET"]}}],"collection":[{"href":"https:\/\/patriaparatodos.com.ve\/index.php?rest_route=\/wp\/v2\/posts"}],"about":[{"href":"https:\/\/patriaparatodos.com.ve\/index.php?rest_route=\/wp\/v2\/types\/post"}],"author":[{"embeddable":true,"href":"https:\/\/patriaparatodos.com.ve\/index.php?rest_route=\/wp\/v2\/users\/3"}],"replies":[{"embeddable":true,"href":"https:\/\/patriaparatodos.com.ve\/index.php?rest_route=%2Fwp%2Fv2%2Fcomments&post=889"}],"version-history":[{"count":3,"href":"https:\/\/patriaparatodos.com.ve\/index.php?rest_route=\/wp\/v2\/posts\/889\/revisions"}],"predecessor-version":[{"id":893,"href":"https:\/\/patriaparatodos.com.ve\/index.php?rest_route=\/wp\/v2\/posts\/889\/revisions\/893"}],"wp:featuredmedia":[{"embeddable":true,"href":"https:\/\/patriaparatodos.com.ve\/index.php?rest_route=\/wp\/v2\/media\/890"}],"wp:attachment":[{"href":"https:\/\/patriaparatodos.com.ve\/index.php?rest_route=%2Fwp%2Fv2%2Fmedia&parent=889"}],"wp:term":[{"taxonomy":"category","embeddable":true,"href":"https:\/\/patriaparatodos.com.ve\/index.php?rest_route=%2Fwp%2Fv2%2Fcategories&post=889"},{"taxonomy":"post_tag","embeddable":true,"href":"https:\/\/patriaparatodos.com.ve\/index.php?rest_route=%2Fwp%2Fv2%2Ftags&post=889"}],"curies":[{"name":"wp","href":"https:\/\/api.w.org\/{rel}","templated":true}]}}